{"id":6176,"date":"2010-11-22T08:00:18","date_gmt":"2010-11-22T14:00:18","guid":{"rendered":"http:\/\/quechilero.com\/blog\/?p=6176"},"modified":"2010-11-22T08:00:18","modified_gmt":"2010-11-22T14:00:18","slug":"la-oracion-ha-de-ser-humilde","status":"publish","type":"post","link":"https:\/\/quechilero.com\/blog\/2010\/11\/22\/la-oracion-ha-de-ser-humilde\/","title":{"rendered":"La oraci\u00f3n ha de ser humilde"},"content":{"rendered":"<p>Tal vez en alguna ocasi\u00f3n hemos visto un pajarito durmiendo en una rama o en un hilo, sin que se caiga, y nos hemos preguntado \u00bfc\u00f3mo es que consigue hacerlo si est\u00e1 dormido?<\/p>\n<p>Si nosotros intent\u00e1ramos dormir as\u00ed, en cuanto nos durmi\u00e9ramos nos caer\u00edamos con graves consecuencias. Seg\u00fan algunos expertos, el secreto est\u00e1 en los tendones de las piernas del pajarito. Ellos est\u00e1n hechos de tal forma que, cuando la rodilla est\u00e1 doblada, la pata agarra firmemente cualquier cosa. Los patas no se soltar\u00e1n de la rama hasta que \u00e9l desdoble la rodilla para volar. La rodilla doblada es lo que da al pajarito la fuerza para sostenerse de cualquier cosa. \u00bfNo es eso una maravilla?<\/p>\n<p>Es de admirar el dise\u00f1o incre\u00edble que el Se\u00f1or hizo para crear a los p\u00e1jaros. Pues sucede que en nuestras vidas sucede algo muy semejante, pero en un sentido espiritual. Cuando nuestra \u00abrama\u00bb en la vida se quiere romper, cuando nos vemos amenazados por sufrir una ca\u00edda, sea peque\u00f1a o grande, cuando nos parece que todo est\u00e1 amenazado con caerse, la mayor seguridad nos viene de tener la rodilla doblada, es decir, doblada en oraci\u00f3n. Nuestra firmeza ha de estar en nuestra oraci\u00f3n.<\/p>\n<p><strong><em>Pbro. Jos\u00e9 Mart\u00ednez Col\u00edn<\/em><\/strong><\/p>\n","protected":false},"excerpt":{"rendered":"<p>Tal vez en alguna ocasi\u00f3n hemos visto un pajarito durmiendo en una rama o en un hilo, sin que se caiga, y nos hemos preguntado \u00bfc\u00f3mo es que consigue hacerlo si est\u00e1 dormido? Si nosotros intent\u00e1ramos dormir as\u00ed, en cuanto nos durmi\u00e9ramos nos caer\u00edamos con graves consecuencias. Seg\u00fan algunos expertos, el secreto est\u00e1 en los &#8230; <a title=\"La oraci\u00f3n ha de ser humilde\" class=\"read-more\" href=\"https:\/\/quechilero.com\/blog\/2010\/11\/22\/la-oracion-ha-de-ser-humilde\/\" aria-label=\"Leer m\u00e1s sobre La oraci\u00f3n ha de ser humilde\">Leer m\u00e1s<\/a><\/p>\n","protected":false},"author":1,"featured_media":0,"comment_status":"open","ping_status":"open","sticky":false,"template":"","format":"standard","meta":{"advanced_seo_description":"","jetpack_seo_html_title":"","jetpack_seo_noindex":false,"jetpack_seo_schema_type":"","episode_type":"","audio_file":"","podmotor_file_id":"","podmotor_episode_id":"","cover_image":"","cover_image_id":"","duration":"","filesize":"","filesize_raw":"","date_recorded":"","explicit":"","block":"","_jetpack_newsletter_access":"","_jetpack_dont_email_post_to_subs":false,"_jetpack_newsletter_tier_id":0,"_jetpack_memberships_contains_paywalled_content":false,"_jetpack_feature_clip_id":0,"_jetpack_memberships_contains_paid_content":false,"footnotes":"","jetpack_publicize_message":"","jetpack_publicize_feature_enabled":true,"jetpack_social_post_already_shared":false,"jetpack_social_options":{"image_generator_settings":{"template":"highway","default_image_id":0,"font":"","enabled":false},"version":2},"jetpack_post_was_ever_published":false},"categories":[2],"tags":[7,86,24],"series":[],"class_list":["post-6176","post","type-post","status-publish","format-standard","hentry","category-limones","tag-diseno","tag-oracion","tag-vida"],"episode_featured_image":false,"episode_player_image":"https:\/\/i0.wp.com\/quechilero.com\/blog\/imagenes\/podcast.png?fit=1831%2C1831&ssl=1","download_link":"","player_link":"","audio_player":false,"episode_data":{"playerMode":"dark","subscribeUrls":{"amazon":{"key":"amazon","url":"","label":"Amazon","class":"amazon","icon":"amazon.png"},"apple_podcasts":{"key":"apple_podcasts","url":"","label":"Apple Podcasts","class":"apple_podcasts","icon":"apple-podcasts.png"},"castbox":{"key":"castbox","url":"","label":"CastBox","class":"castbox","icon":"castbox.png"},"deezer":{"key":"deezer","url":"","label":"Deezer","class":"deezer","icon":"deezer.png"},"google_podcasts":{"key":"google_podcasts","url":"","label":"Google Podcasts","class":"google_podcasts","icon":"google-podcasts.png"},"listen_notes":{"key":"listen_notes","url":"","label":"Listen Notes","class":"listen_notes","icon":"listen-notes.png"},"pandora":{"key":"pandora","url":"","label":"Pandora","class":"pandora","icon":"pandora.png"},"podbean":{"key":"podbean","url":"","label":"Podbean","class":"podbean","icon":"podbean.png"},"podcast_republic":{"key":"podcast_republic","url":"","label":"Podcast Republic","class":"podcast_republic","icon":"podcast-republic.png"},"rss":{"key":"rss","url":"","label":"RSS","class":"rss","icon":"rss.png"},"spotify":{"key":"spotify","url":"","label":"Spotify","class":"spotify","icon":"spotify.png"},"stitcher":{"key":"stitcher","url":"","label":"Stitcher","class":"stitcher","icon":"stitcher.png"},"tunein":{"key":"tunein","url":"","label":"TuneIn","class":"tunein","icon":"tunein.png"},"youtube":{"key":"youtube","url":"","label":"YouTube","class":"youtube","icon":"youtube.png"},"iheartradio":{"key":"iheartradio","url":"","label":"iHeartRadio","class":"iheartradio","icon":"iheartradio.png"},"ivoox":{"key":"ivoox","url":"","label":"iVoox","class":"ivoox","icon":"ivoox.png"}},"rssFeedUrl":"https:\/\/quechilero.com\/blog\/feed\/podcast\/si-la-vida-nos-da-limones","embedCode":"<blockquote class=\"wp-embedded-content\" data-secret=\"qbkSGKMpdF\"><a href=\"https:\/\/quechilero.com\/blog\/2010\/11\/22\/la-oracion-ha-de-ser-humilde\/\">La oraci\u00f3n ha de ser humilde<\/a><\/blockquote><iframe sandbox=\"allow-scripts\" security=\"restricted\" src=\"https:\/\/quechilero.com\/blog\/2010\/11\/22\/la-oracion-ha-de-ser-humilde\/embed\/#?secret=qbkSGKMpdF\" width=\"500\" height=\"350\" title=\"\u00abLa oraci\u00f3n ha de ser humilde\u00bb \u2014 Si la Vida nos da Limones...\" data-secret=\"qbkSGKMpdF\" frameborder=\"0\" marginwidth=\"0\" marginheight=\"0\" scrolling=\"no\" class=\"wp-embedded-content\"><\/iframe><script>\n\/*! This file is auto-generated *\/\n!function(d,l){\"use strict\";l.querySelector&&d.addEventListener&&\"undefined\"!=typeof URL&&(d.wp=d.wp||{},d.wp.receiveEmbedMessage||(d.wp.receiveEmbedMessage=function(e){var t=e.data;if((t||t.secret||t.message||t.value)&&!\/[^a-zA-Z0-9]\/.test(t.secret)){for(var s,r,n,a=l.querySelectorAll('iframe[data-secret=\"'+t.secret+'\"]'),o=l.querySelectorAll('blockquote[data-secret=\"'+t.secret+'\"]'),c=new RegExp(\"^https?:$\",\"i\"),i=0;i<o.length;i++)o[i].style.display=\"none\";for(i=0;i<a.length;i++)s=a[i],e.source===s.contentWindow&&(s.removeAttribute(\"style\"),\"height\"===t.message?(1e3<(r=parseInt(t.value,10))?r=1e3:~~r<200&&(r=200),s.height=r):\"link\"===t.message&&(r=new URL(s.getAttribute(\"src\")),n=new URL(t.value),c.test(n.protocol))&&n.host===r.host&&l.activeElement===s&&(d.top.location.href=t.value))}},d.addEventListener(\"message\",d.wp.receiveEmbedMessage,!1),l.addEventListener(\"DOMContentLoaded\",function(){for(var e,t,s=l.querySelectorAll(\"iframe.wp-embedded-content\"),r=0;r<s.length;r++)(t=(e=s[r]).getAttribute(\"data-secret\"))||(t=Math.random().toString(36).substring(2,12),e.src+=\"#?secret=\"+t,e.setAttribute(\"data-secret\",t)),e.contentWindow.postMessage({message:\"ready\",secret:t},\"*\")},!1)))}(window,document);\n\/\/# sourceURL=https:\/\/quechilero.com\/blog\/wp-includes\/js\/wp-embed.min.js\n<\/script>\n"},"jetpack_publicize_connections":[],"jetpack_shortlink":"https:\/\/wp.me\/pDKli-1BC","jetpack_sharing_enabled":true,"jetpack-related-posts":[{"id":47,"url":"https:\/\/quechilero.com\/blog\/2006\/07\/27\/mira-el-pajarito\/","url_meta":{"origin":6176,"position":0},"title":"Mira el Pajarito","author":"Pepe Barrascout Ortiz","date":"27 julio 2006","format":false,"excerpt":"Acaso no decimos eso cada vez que tomamos una foto, tal vez este fue el origen de esta popular frase :)","rel":"","context":"En \u00abLimones\u00bb","block_context":{"text":"Limones","link":"https:\/\/quechilero.com\/blog\/category\/limones\/"},"img":{"alt_text":"camara","src":"https:\/\/i0.wp.com\/static.flickr.com\/47\/193068589_27e644be24_o.jpg?resize=350%2C200","width":350,"height":200},"classes":[]},{"id":16038,"url":"https:\/\/quechilero.com\/blog\/2013\/02\/21\/el-pajarito-canadiense\/","url_meta":{"origin":6176,"position":1},"title":"El pajarito canadiense","author":"Pepe Barrascout Ortiz","date":"21 febrero 2013","format":false,"excerpt":"Un pajarito canadiense decidi\u00f3 que era un problema demasiado grande viajar al sur para el invierno. Se dijo: \"Puedo desafiar al invierno. Muchos otros animales lo hacen. No puede ser tan dif\u00edcil\". Cuando todas las dem\u00e1s aves emprendieron en bandadas el viaje hacia la asoleada Am\u00e9rica del Sur, este pajarito\u2026","rel":"","context":"En \u00abLimones\u00bb","block_context":{"text":"Limones","link":"https:\/\/quechilero.com\/blog\/category\/limones\/"},"img":{"alt_text":"","src":"","width":0,"height":0},"classes":[]},{"id":19533,"url":"https:\/\/quechilero.com\/blog\/2014\/10\/19\/siempre-puedes-estar-orando\/","url_meta":{"origin":6176,"position":2},"title":"Siempre puedes estar orando","author":"Pepe Barrascout Ortiz","date":"19 octubre 2014","format":false,"excerpt":"No hace falta que te eches de rodillas al suelo para poder orar. Pues de hecho, en todo lo que haces deber\u00edas orar y tener \"puestos los ojos en Jes\u00fas, el autor y consumador de nuestra fe.\" (Heb. 12:2) Orar es como respirar, como respirar constantemente el Esp\u00edritu Santo. \u00a1Mantente\u2026","rel":"","context":"En \u00abLimones\u00bb","block_context":{"text":"Limones","link":"https:\/\/quechilero.com\/blog\/category\/limones\/"},"img":{"alt_text":"","src":"","width":0,"height":0},"classes":[]},{"id":5019,"url":"https:\/\/quechilero.com\/blog\/2010\/07\/07\/visitante-nocturno\/","url_meta":{"origin":6176,"position":3},"title":"Visitante nocturno","author":"Pepe Barrascout Ortiz","date":"7 julio 2010","format":false,"excerpt":"Muchas veces lo hab\u00eda escuchado y una vez, entre las sombras vi el aleteo, cuando pas\u00f3 volando entre las ramas de uno de los \u00e1rboles. Pero fue hasta ahora, que nuestro visitante nocturno, baj\u00f3 hasta el arbusto de loroco y tom\u00f3 posesi\u00f3n del lugar, observando todo a su alrededor, en\u2026","rel":"","context":"En \u00abLimones\u00bb","block_context":{"text":"Limones","link":"https:\/\/quechilero.com\/blog\/category\/limones\/"},"img":{"alt_text":"","src":"","width":0,"height":0},"classes":[]},{"id":345,"url":"https:\/\/quechilero.com\/blog\/2006\/12\/09\/la-aguja-de-oro\/","url_meta":{"origin":6176,"position":4},"title":"La Aguja de Oro","author":"Pepe Barrascout Ortiz","date":"9 diciembre 2006","format":false,"excerpt":"Hab\u00eda una se\u00f1ora que desconfiaba mucho de todas las personas. Siempre estaba culp\u00e1ndolas por cualquier cosa, as\u00ed que ella viv\u00eda sola, pero ten\u00eda de ayudante a una muchachita. Una de las cosas que m\u00e1s quer\u00eda esa se\u00f1ora era una aguja de oro con que cos\u00eda todas las tardes, hasta que\u2026","rel":"","context":"En \u00abLimones\u00bb","block_context":{"text":"Limones","link":"https:\/\/quechilero.com\/blog\/category\/limones\/"},"img":{"alt_text":"","src":"","width":0,"height":0},"classes":[]},{"id":16836,"url":"https:\/\/quechilero.com\/blog\/2013\/07\/21\/los-patos-muertos-no-aletean\/","url_meta":{"origin":6176,"position":5},"title":"Los patos muertos no aletean","author":"Pepe Barrascout Ortiz","date":"21 julio 2013","format":false,"excerpt":"Hace muchos a\u00f1os, un hombre rico fue a cazar patos con un empleado llamado Sam. Llevaron consigo un caballo y un carruaje, y por el camino se le sali\u00f3 un aro a una de las ruedas. Mientras Sam lo martillaba para ponerlo de nuevo en su lugar, accidentalmente se golpe\u00f3\u2026","rel":"","context":"En \u00abLimones\u00bb","block_context":{"text":"Limones","link":"https:\/\/quechilero.com\/blog\/category\/limones\/"},"img":{"alt_text":"","src":"","width":0,"height":0},"classes":[]}],"jetpack_featured_media_url":"","_links":{"self":[{"href":"https:\/\/quechilero.com\/blog\/wp-json\/wp\/v2\/posts\/6176","targetHints":{"allow":["GET"]}}],"collection":[{"href":"https:\/\/quechilero.com\/blog\/wp-json\/wp\/v2\/posts"}],"about":[{"href":"https:\/\/quechilero.com\/blog\/wp-json\/wp\/v2\/types\/post"}],"author":[{"embeddable":true,"href":"https:\/\/quechilero.com\/blog\/wp-json\/wp\/v2\/users\/1"}],"replies":[{"embeddable":true,"href":"https:\/\/quechilero.com\/blog\/wp-json\/wp\/v2\/comments?post=6176"}],"version-history":[{"count":0,"href":"https:\/\/quechilero.com\/blog\/wp-json\/wp\/v2\/posts\/6176\/revisions"}],"wp:attachment":[{"href":"https:\/\/quechilero.com\/blog\/wp-json\/wp\/v2\/media?parent=6176"}],"wp:term":[{"taxonomy":"category","embeddable":true,"href":"https:\/\/quechilero.com\/blog\/wp-json\/wp\/v2\/categories?post=6176"},{"taxonomy":"post_tag","embeddable":true,"href":"https:\/\/quechilero.com\/blog\/wp-json\/wp\/v2\/tags?post=6176"},{"taxonomy":"series","embeddable":true,"href":"https:\/\/quechilero.com\/blog\/wp-json\/wp\/v2\/series?post=6176"}],"curies":[{"name":"wp","href":"https:\/\/api.w.org\/{rel}","templated":true}]}}