{"id":5981,"date":"2010-12-27T08:00:32","date_gmt":"2010-12-27T14:00:32","guid":{"rendered":"http:\/\/quechilero.com\/blog\/?p=5981"},"modified":"2010-12-27T08:00:32","modified_gmt":"2010-12-27T14:00:32","slug":"quien-recibe-las-gracias","status":"publish","type":"post","link":"https:\/\/quechilero.com\/blog\/2010\/12\/27\/quien-recibe-las-gracias\/","title":{"rendered":"\u00bfQui\u00e9n recibe las gracias?"},"content":{"rendered":"<p>Seg\u00fan un art\u00edculo de una revista norteamericana, una mujer residente de Costa Mesa, California, encontr\u00f3 un peque\u00f1o paquete en el escal\u00f3n de la puerta que conten\u00eda las llaves de un auto y una nota que dec\u00eda: <em>\u00abEste regalo es para ti porque te amo.\u00bb<\/em> Adem\u00e1s inclu\u00eda un vers\u00edculo de la Escritura y estaba firmada: <em>\u00abUn \u00e1ngel del Se\u00f1or\u00bb<\/em>. En la entrada de su casa hab\u00eda un auto \u00faltimo modelo, justo lo que necesitaba para reemplazar su auto ya viejo, el cual funcionaba mal.<\/p>\n<p>La mujer estaba tan agradecida que colg\u00f3 un cartel en la puerta de su garaje que dec\u00eda: <em>\u00abGRACIAS DIOS.\u00bb<\/em> Un ni\u00f1o vecino le pregunt\u00f3: <em>\u00ab\u00bfDej\u00f3 caer Dios el auto desde el cielo?\u00bb<\/em> La revista no inform\u00f3 cu\u00e1l fue su respuesta, pero seguramente que ella no cre\u00eda que el auto hab\u00eda ca\u00eddo del cielo. Ella simplemente deseaba comunicar su agradecimiento a su amigo an\u00f3nimo, quien a lo mejor pasaba por all\u00ed. Pero su cartel tambi\u00e9n estaba haciendo una importante declaraci\u00f3n: toda buena d\u00e1diva viene finalmente de Dios.<\/p>\n<p>David reconoci\u00f3 esta verdad cuando \u00e9l y su pueblo celebraban las enormes ofrendas que se hab\u00edan dado para la construcci\u00f3n del templo. Ellos pudieron haberse dado palmaditas de felicitaci\u00f3n en las espaldas e intercambiar mutuas alabanzas por la generosidad del otro. Pero no lo hicieron as\u00ed. David mostr\u00f3 sabidur\u00eda y madurez como l\u00edder de Israel al agradecerle a Dios todas sus bendiciones. \u00c9l sab\u00eda que cuando un regalo viene de manos humanas, es el Se\u00f1or quien merece la alabanza.<\/p>\n","protected":false},"excerpt":{"rendered":"<p>Seg\u00fan un art\u00edculo de una revista norteamericana, una mujer residente de Costa Mesa, California, encontr\u00f3 un peque\u00f1o paquete en el escal\u00f3n de la puerta que conten\u00eda las llaves de un auto y una nota que dec\u00eda: \u00abEste regalo es para ti porque te amo.\u00bb Adem\u00e1s inclu\u00eda un vers\u00edculo de la Escritura y estaba firmada: \u00abUn &#8230; <a title=\"\u00bfQui\u00e9n recibe las gracias?\" class=\"read-more\" href=\"https:\/\/quechilero.com\/blog\/2010\/12\/27\/quien-recibe-las-gracias\/\" aria-label=\"Leer m\u00e1s sobre \u00bfQui\u00e9n recibe las gracias?\">Leer m\u00e1s<\/a><\/p>\n","protected":false},"author":1,"featured_media":0,"comment_status":"open","ping_status":"open","sticky":false,"template":"","format":"standard","meta":{"advanced_seo_description":"","jetpack_seo_html_title":"","jetpack_seo_noindex":false,"jetpack_seo_schema_type":"","episode_type":"","audio_file":"","podmotor_file_id":"","podmotor_episode_id":"","cover_image":"","cover_image_id":"","duration":"","filesize":"","filesize_raw":"","date_recorded":"","explicit":"","block":"","_jetpack_newsletter_access":"","_jetpack_dont_email_post_to_subs":false,"_jetpack_newsletter_tier_id":0,"_jetpack_memberships_contains_paywalled_content":false,"_jetpack_feature_clip_id":0,"_jetpack_memberships_contains_paid_content":false,"footnotes":"","jetpack_publicize_message":"","jetpack_publicize_feature_enabled":true,"jetpack_social_post_already_shared":false,"jetpack_social_options":{"image_generator_settings":{"template":"highway","default_image_id":0,"font":"","enabled":false},"version":2},"jetpack_post_was_ever_published":false},"categories":[2],"tags":[11,51,66,20,22,41],"series":[],"class_list":["post-5981","post","type-post","status-publish","format-standard","hentry","category-limones","tag-amigo","tag-dios","tag-lider","tag-mujer","tag-respuesta","tag-verdad"],"episode_featured_image":false,"episode_player_image":"https:\/\/i0.wp.com\/quechilero.com\/blog\/imagenes\/podcast.png?fit=1831%2C1831&ssl=1","download_link":"","player_link":"","audio_player":false,"episode_data":{"playerMode":"dark","subscribeUrls":{"amazon":{"key":"amazon","url":"","label":"Amazon","class":"amazon","icon":"amazon.png"},"apple_podcasts":{"key":"apple_podcasts","url":"","label":"Apple Podcasts","class":"apple_podcasts","icon":"apple-podcasts.png"},"castbox":{"key":"castbox","url":"","label":"CastBox","class":"castbox","icon":"castbox.png"},"deezer":{"key":"deezer","url":"","label":"Deezer","class":"deezer","icon":"deezer.png"},"google_podcasts":{"key":"google_podcasts","url":"","label":"Google Podcasts","class":"google_podcasts","icon":"google-podcasts.png"},"listen_notes":{"key":"listen_notes","url":"","label":"Listen Notes","class":"listen_notes","icon":"listen-notes.png"},"pandora":{"key":"pandora","url":"","label":"Pandora","class":"pandora","icon":"pandora.png"},"podbean":{"key":"podbean","url":"","label":"Podbean","class":"podbean","icon":"podbean.png"},"podcast_republic":{"key":"podcast_republic","url":"","label":"Podcast Republic","class":"podcast_republic","icon":"podcast-republic.png"},"rss":{"key":"rss","url":"","label":"RSS","class":"rss","icon":"rss.png"},"spotify":{"key":"spotify","url":"","label":"Spotify","class":"spotify","icon":"spotify.png"},"stitcher":{"key":"stitcher","url":"","label":"Stitcher","class":"stitcher","icon":"stitcher.png"},"tunein":{"key":"tunein","url":"","label":"TuneIn","class":"tunein","icon":"tunein.png"},"youtube":{"key":"youtube","url":"","label":"YouTube","class":"youtube","icon":"youtube.png"},"iheartradio":{"key":"iheartradio","url":"","label":"iHeartRadio","class":"iheartradio","icon":"iheartradio.png"},"ivoox":{"key":"ivoox","url":"","label":"iVoox","class":"ivoox","icon":"ivoox.png"}},"rssFeedUrl":"https:\/\/quechilero.com\/blog\/feed\/podcast\/si-la-vida-nos-da-limones","embedCode":"<blockquote class=\"wp-embedded-content\" data-secret=\"wNseshGJYT\"><a href=\"https:\/\/quechilero.com\/blog\/2010\/12\/27\/quien-recibe-las-gracias\/\">\u00bfQui\u00e9n recibe las gracias?<\/a><\/blockquote><iframe sandbox=\"allow-scripts\" security=\"restricted\" src=\"https:\/\/quechilero.com\/blog\/2010\/12\/27\/quien-recibe-las-gracias\/embed\/#?secret=wNseshGJYT\" width=\"500\" height=\"350\" title=\"\u00ab\u00bfQui\u00e9n recibe las gracias?\u00bb \u2014 Si la Vida nos da Limones...\" data-secret=\"wNseshGJYT\" frameborder=\"0\" marginwidth=\"0\" marginheight=\"0\" scrolling=\"no\" class=\"wp-embedded-content\"><\/iframe><script>\n\/*! This file is auto-generated *\/\n!function(d,l){\"use strict\";l.querySelector&&d.addEventListener&&\"undefined\"!=typeof URL&&(d.wp=d.wp||{},d.wp.receiveEmbedMessage||(d.wp.receiveEmbedMessage=function(e){var t=e.data;if((t||t.secret||t.message||t.value)&&!\/[^a-zA-Z0-9]\/.test(t.secret)){for(var s,r,n,a=l.querySelectorAll('iframe[data-secret=\"'+t.secret+'\"]'),o=l.querySelectorAll('blockquote[data-secret=\"'+t.secret+'\"]'),c=new RegExp(\"^https?:$\",\"i\"),i=0;i<o.length;i++)o[i].style.display=\"none\";for(i=0;i<a.length;i++)s=a[i],e.source===s.contentWindow&&(s.removeAttribute(\"style\"),\"height\"===t.message?(1e3<(r=parseInt(t.value,10))?r=1e3:~~r<200&&(r=200),s.height=r):\"link\"===t.message&&(r=new URL(s.getAttribute(\"src\")),n=new URL(t.value),c.test(n.protocol))&&n.host===r.host&&l.activeElement===s&&(d.top.location.href=t.value))}},d.addEventListener(\"message\",d.wp.receiveEmbedMessage,!1),l.addEventListener(\"DOMContentLoaded\",function(){for(var e,t,s=l.querySelectorAll(\"iframe.wp-embedded-content\"),r=0;r<s.length;r++)(t=(e=s[r]).getAttribute(\"data-secret\"))||(t=Math.random().toString(36).substring(2,12),e.src+=\"#?secret=\"+t,e.setAttribute(\"data-secret\",t)),e.contentWindow.postMessage({message:\"ready\",secret:t},\"*\")},!1)))}(window,document);\n\/\/# sourceURL=https:\/\/quechilero.com\/blog\/wp-includes\/js\/wp-embed.min.js\n<\/script>\n"},"jetpack_publicize_connections":[],"jetpack_shortlink":"https:\/\/wp.me\/pDKli-1yt","jetpack_sharing_enabled":true,"jetpack-related-posts":[{"id":20100,"url":"https:\/\/quechilero.com\/blog\/2015\/05\/09\/accion-de-gracias-2\/","url_meta":{"origin":5981,"position":0},"title":"Acci\u00f3n de Gracias","author":"Pepe Barrascout Ortiz","date":"9 mayo 2015","format":false,"excerpt":"Estaba leyendo esta semana acerca de esta mujer que, como toda buena madre de familia, andaba a la carrera tratando de lograr todas las metas diarias que se hab\u00eda trazado y, encima de todo, ten\u00eda una cita m\u00e9dica con el especialista, a la que estaba llegando tarde; en medio de\u2026","rel":"","context":"En \u00abLimones\u00bb","block_context":{"text":"Limones","link":"https:\/\/quechilero.com\/blog\/category\/limones\/"},"img":{"alt_text":"","src":"","width":0,"height":0},"classes":[]},{"id":21209,"url":"https:\/\/quechilero.com\/blog\/2015\/06\/13\/el-cerdo-y-la-cerda\/","url_meta":{"origin":5981,"position":1},"title":"El cerdo y la cerda","author":"Pepe Barrascout Ortiz","date":"13 junio 2015","format":false,"excerpt":"Hab\u00eda una vez un hombre que ten\u00eda una caba\u00f1a en las monta\u00f1as y un Porsche para llegar all\u00ed. Cada s\u00e1bado por la ma\u00f1ana, el hombre conduc\u00eda hasta su caba\u00f1a por un peligroso camino lleno de curvas cerradas, abismos sin vallas protectoras y enga\u00f1osos virajes. Pero a este hombre no le\u2026","rel":"","context":"En \u00abLimones\u00bb","block_context":{"text":"Limones","link":"https:\/\/quechilero.com\/blog\/category\/limones\/"},"img":{"alt_text":"","src":"","width":0,"height":0},"classes":[]},{"id":17309,"url":"https:\/\/quechilero.com\/blog\/2013\/10\/07\/el-auto-robado\/","url_meta":{"origin":5981,"position":2},"title":"El auto robado","author":"Pepe Barrascout Ortiz","date":"7 octubre 2013","format":false,"excerpt":"El sem\u00e1foro se puso amarillo justo cuando \u00e9l iba a cruzar en su autom\u00f3vil y, como era de esperar, hizo lo correcto: se detuvo en la l\u00ednea de paso para los peatones, a pesar de que podr\u00eda haber rebasado la luz roja, acelerando a trav\u00e9s de la intersecci\u00f3n. La mujer\u2026","rel":"","context":"En \u00abLimones\u00bb","block_context":{"text":"Limones","link":"https:\/\/quechilero.com\/blog\/category\/limones\/"},"img":{"alt_text":"","src":"","width":0,"height":0},"classes":[]},{"id":614,"url":"https:\/\/quechilero.com\/blog\/2007\/08\/15\/trata-a-los-demas-como-hermanos\/","url_meta":{"origin":5981,"position":3},"title":"Trata a los dem\u00e1s como hermanos","author":"Pepe Barrascout Ortiz","date":"15 agosto 2007","format":false,"excerpt":"Hace poco conduc\u00eda mi auto y, al llegar a una intersecci\u00f3n, un auto que iba adelante tuvo que frenar de pronto pues otro auto no hizo del todo el alto. El del primer auto empez\u00f3 a sonar la bocina del auto y a gritar por la ventana; cuando el conductor\u2026","rel":"","context":"En \u00abLimones\u00bb","block_context":{"text":"Limones","link":"https:\/\/quechilero.com\/blog\/category\/limones\/"},"img":{"alt_text":"","src":"","width":0,"height":0},"classes":[]},{"id":14521,"url":"https:\/\/quechilero.com\/blog\/2012\/09\/14\/libre\/","url_meta":{"origin":5981,"position":4},"title":"Libre","author":"Pepe Barrascout Ortiz","date":"14 septiembre 2012","format":false,"excerpt":"Hubo un tiempo en mi vida en que si me preguntabas: \"\u00bfQu\u00e9 fue lo \u00faltimo que hiciste mal?\", pod\u00eda haberte detallado el preciso instante en que lo hab\u00eda hecho y cu\u00e1nto tiempo estuve pagando por ello. Me apenaba por cada m\u00ednimo error que comet\u00eda y con gran desesperaci\u00f3n intentaba no\u2026","rel":"","context":"En \u00abLimones\u00bb","block_context":{"text":"Limones","link":"https:\/\/quechilero.com\/blog\/category\/limones\/"},"img":{"alt_text":"","src":"","width":0,"height":0},"classes":[]},{"id":2007,"url":"https:\/\/quechilero.com\/blog\/2008\/12\/13\/el-semaforo\/","url_meta":{"origin":5981,"position":5},"title":"El sem\u00e1foro","author":"Pepe Barrascout Ortiz","date":"13 diciembre 2008","format":false,"excerpt":"Leyendo Blogs de Guatemala, encontr\u00e9 un texto que public\u00f3 el blog \"Aprendiendo de la vida\", escrito por Sergio, trata de una situaci\u00f3n tan cotidiana que se ha vuelto tan com\u00fan y corriente, que ya pasa desapercibida, es sobre una peque\u00f1a conversaci\u00f3n o m\u00e1s bien un mon\u00f3logo. Despu\u00e9s de solicitar la\u2026","rel":"","context":"En \u00abLimones\u00bb","block_context":{"text":"Limones","link":"https:\/\/quechilero.com\/blog\/category\/limones\/"},"img":{"alt_text":"","src":"","width":0,"height":0},"classes":[]}],"jetpack_featured_media_url":"","_links":{"self":[{"href":"https:\/\/quechilero.com\/blog\/wp-json\/wp\/v2\/posts\/5981","targetHints":{"allow":["GET"]}}],"collection":[{"href":"https:\/\/quechilero.com\/blog\/wp-json\/wp\/v2\/posts"}],"about":[{"href":"https:\/\/quechilero.com\/blog\/wp-json\/wp\/v2\/types\/post"}],"author":[{"embeddable":true,"href":"https:\/\/quechilero.com\/blog\/wp-json\/wp\/v2\/users\/1"}],"replies":[{"embeddable":true,"href":"https:\/\/quechilero.com\/blog\/wp-json\/wp\/v2\/comments?post=5981"}],"version-history":[{"count":0,"href":"https:\/\/quechilero.com\/blog\/wp-json\/wp\/v2\/posts\/5981\/revisions"}],"wp:attachment":[{"href":"https:\/\/quechilero.com\/blog\/wp-json\/wp\/v2\/media?parent=5981"}],"wp:term":[{"taxonomy":"category","embeddable":true,"href":"https:\/\/quechilero.com\/blog\/wp-json\/wp\/v2\/categories?post=5981"},{"taxonomy":"post_tag","embeddable":true,"href":"https:\/\/quechilero.com\/blog\/wp-json\/wp\/v2\/tags?post=5981"},{"taxonomy":"series","embeddable":true,"href":"https:\/\/quechilero.com\/blog\/wp-json\/wp\/v2\/series?post=5981"}],"curies":[{"name":"wp","href":"https:\/\/api.w.org\/{rel}","templated":true}]}}