{"id":5979,"date":"2010-12-20T08:00:52","date_gmt":"2010-12-20T14:00:52","guid":{"rendered":"http:\/\/quechilero.com\/blog\/?p=5979"},"modified":"2010-12-20T08:00:52","modified_gmt":"2010-12-20T14:00:52","slug":"reflexion-navidena","status":"publish","type":"post","link":"https:\/\/quechilero.com\/blog\/2010\/12\/20\/reflexion-navidena\/","title":{"rendered":"Reflexi\u00f3n Navide\u00f1a"},"content":{"rendered":"<div>\n<p>Creo que muy pocos, ojal\u00e1 fueran muchos, tienen presente lo que realmente significa la Navidad. Toda esa gente que se preocupa s\u00f3lo por ver qu\u00e9 regala, qu\u00e9 compra, c\u00f3mo organizar posadas, pero no las posadas tradicionales, sino en las que s\u00f3lo se piensa en la fiesta, en la diversi\u00f3n, olvidando el significado de lo que es una verdadera posada de Navidad.<\/p>\n<p>Los peque\u00f1os esperan la Navidad no por el nacimiento del Ni\u00f1o Jes\u00fas, sino por los regalos que esperan de Santa Claus, pues para pocos es el Ni\u00f1o Jes\u00fas.<\/p>\n<p>Los j\u00f3venes esperan el d\u00eda de terminar ex\u00e1menes para preparar lo que llaman posadas, obteniendo el dinero de los padres para gastarlo en fiestas en sus casas a todo lo que da, diversi\u00f3n, m\u00fasica, bebidas de toda clase, y aparte llenando las discotecas.<\/p>\n<p>Los adultos, padres de familia y hombres de negocios, llega el mes de diciembre y se preparan en grande para hacer sus fiestas de negocios, en donde celebran algo que no saben lo que significa, s\u00f3lo se juntan y organizan todo para pasar un buen rato agradable y divertido.<\/p>\n<p>Y qu\u00e9 puedo decir de nosotras las madres de familia de los j\u00f3venes, nos olvidamos de hacerles ver a nuestros hijos peque\u00f1os, adolescentes y j\u00f3venes, lo que es celebrar una verdadera e importante Navidad, por pensar s\u00f3lo en gastar dinero en la compra de regalos para los ahijados, los padrinos, las comadres y los compadres, y correr todos los d\u00edas desde que empieza el mes de diciembre o antes, porque no nos alcanza el tiempo para comprar y repartir todos esos regalos.<\/p>\n<p>Yo creo que la tierra sin Jes\u00fas ser\u00eda un verdadero infierno; y que la tierra con Jes\u00fas es un Cielo anticipado.<\/p>\n<p>\u00c9l es la verdadera y \u00fanica fuente de alegr\u00eda. Meditemos en el fondo de nuestro coraz\u00f3n de qu\u00e9 es lo que realmente debemos celebrar y vivir en el tiempo de Navidad.<\/p>\n<p>\u00bfA qu\u00e9 hora nos damos tiempo de reflexionar sobre el Nacimiento de Jes\u00fas con nuestros hijos y sobre lo que vamos a regalar a quien en realidad se debe festejar?<\/p>\n<p>\u00a1Jes\u00fas se da a nosotros en la medida en que nosotros nos damos a \u00c9l y a los dem\u00e1s!<\/p>\n<\/div>\n","protected":false},"excerpt":{"rendered":"<p>Creo que muy pocos, ojal\u00e1 fueran muchos, tienen presente lo que realmente significa la Navidad. Toda esa gente que se preocupa s\u00f3lo por ver qu\u00e9 regala, qu\u00e9 compra, c\u00f3mo organizar posadas, pero no las posadas tradicionales, sino en las que s\u00f3lo se piensa en la fiesta, en la diversi\u00f3n, olvidando el significado de lo que &#8230; <a title=\"Reflexi\u00f3n Navide\u00f1a\" class=\"read-more\" href=\"https:\/\/quechilero.com\/blog\/2010\/12\/20\/reflexion-navidena\/\" aria-label=\"Leer m\u00e1s sobre Reflexi\u00f3n Navide\u00f1a\">Leer m\u00e1s<\/a><\/p>\n","protected":false},"author":1,"featured_media":0,"comment_status":"open","ping_status":"open","sticky":false,"template":"","format":"standard","meta":{"advanced_seo_description":"","jetpack_seo_html_title":"","jetpack_seo_noindex":false,"jetpack_seo_schema_type":"","episode_type":"","audio_file":"","podmotor_file_id":"","podmotor_episode_id":"","cover_image":"","cover_image_id":"","duration":"","filesize":"","filesize_raw":"","date_recorded":"","explicit":"","block":"","_jetpack_newsletter_access":"","_jetpack_dont_email_post_to_subs":false,"_jetpack_newsletter_tier_id":0,"_jetpack_memberships_contains_paywalled_content":false,"_jetpack_feature_clip_id":0,"_jetpack_memberships_contains_paid_content":false,"footnotes":"","jetpack_publicize_message":"","jetpack_publicize_feature_enabled":true,"jetpack_social_post_already_shared":false,"jetpack_social_options":{"image_generator_settings":{"template":"highway","default_image_id":0,"font":"","enabled":false},"version":2},"jetpack_post_was_ever_published":false},"categories":[2],"tags":[87,26,18,74,39,5,41,24],"series":[],"class_list":["post-5979","post","type-post","status-publish","format-standard","hentry","category-limones","tag-alegria","tag-dinero","tag-hombre","tag-jesus","tag-madre","tag-tiempo","tag-verdad","tag-vida"],"episode_featured_image":false,"episode_player_image":"https:\/\/i0.wp.com\/quechilero.com\/blog\/imagenes\/podcast.png?fit=1831%2C1831&ssl=1","download_link":"","player_link":"","audio_player":false,"episode_data":{"playerMode":"dark","subscribeUrls":{"amazon":{"key":"amazon","url":"","label":"Amazon","class":"amazon","icon":"amazon.png"},"apple_podcasts":{"key":"apple_podcasts","url":"","label":"Apple Podcasts","class":"apple_podcasts","icon":"apple-podcasts.png"},"castbox":{"key":"castbox","url":"","label":"CastBox","class":"castbox","icon":"castbox.png"},"deezer":{"key":"deezer","url":"","label":"Deezer","class":"deezer","icon":"deezer.png"},"google_podcasts":{"key":"google_podcasts","url":"","label":"Google Podcasts","class":"google_podcasts","icon":"google-podcasts.png"},"listen_notes":{"key":"listen_notes","url":"","label":"Listen Notes","class":"listen_notes","icon":"listen-notes.png"},"pandora":{"key":"pandora","url":"","label":"Pandora","class":"pandora","icon":"pandora.png"},"podbean":{"key":"podbean","url":"","label":"Podbean","class":"podbean","icon":"podbean.png"},"podcast_republic":{"key":"podcast_republic","url":"","label":"Podcast Republic","class":"podcast_republic","icon":"podcast-republic.png"},"rss":{"key":"rss","url":"","label":"RSS","class":"rss","icon":"rss.png"},"spotify":{"key":"spotify","url":"","label":"Spotify","class":"spotify","icon":"spotify.png"},"stitcher":{"key":"stitcher","url":"","label":"Stitcher","class":"stitcher","icon":"stitcher.png"},"tunein":{"key":"tunein","url":"","label":"TuneIn","class":"tunein","icon":"tunein.png"},"youtube":{"key":"youtube","url":"","label":"YouTube","class":"youtube","icon":"youtube.png"},"iheartradio":{"key":"iheartradio","url":"","label":"iHeartRadio","class":"iheartradio","icon":"iheartradio.png"},"ivoox":{"key":"ivoox","url":"","label":"iVoox","class":"ivoox","icon":"ivoox.png"}},"rssFeedUrl":"https:\/\/quechilero.com\/blog\/feed\/podcast\/si-la-vida-nos-da-limones","embedCode":"<blockquote class=\"wp-embedded-content\" data-secret=\"xweHK26J7j\"><a href=\"https:\/\/quechilero.com\/blog\/2010\/12\/20\/reflexion-navidena\/\">Reflexi\u00f3n Navide\u00f1a<\/a><\/blockquote><iframe sandbox=\"allow-scripts\" security=\"restricted\" src=\"https:\/\/quechilero.com\/blog\/2010\/12\/20\/reflexion-navidena\/embed\/#?secret=xweHK26J7j\" width=\"500\" height=\"350\" title=\"\u00abReflexi\u00f3n Navide\u00f1a\u00bb \u2014 Si la Vida nos da Limones...\" data-secret=\"xweHK26J7j\" frameborder=\"0\" marginwidth=\"0\" marginheight=\"0\" scrolling=\"no\" class=\"wp-embedded-content\"><\/iframe><script>\n\/*! This file is auto-generated *\/\n!function(d,l){\"use strict\";l.querySelector&&d.addEventListener&&\"undefined\"!=typeof URL&&(d.wp=d.wp||{},d.wp.receiveEmbedMessage||(d.wp.receiveEmbedMessage=function(e){var t=e.data;if((t||t.secret||t.message||t.value)&&!\/[^a-zA-Z0-9]\/.test(t.secret)){for(var s,r,n,a=l.querySelectorAll('iframe[data-secret=\"'+t.secret+'\"]'),o=l.querySelectorAll('blockquote[data-secret=\"'+t.secret+'\"]'),c=new RegExp(\"^https?:$\",\"i\"),i=0;i<o.length;i++)o[i].style.display=\"none\";for(i=0;i<a.length;i++)s=a[i],e.source===s.contentWindow&&(s.removeAttribute(\"style\"),\"height\"===t.message?(1e3<(r=parseInt(t.value,10))?r=1e3:~~r<200&&(r=200),s.height=r):\"link\"===t.message&&(r=new URL(s.getAttribute(\"src\")),n=new URL(t.value),c.test(n.protocol))&&n.host===r.host&&l.activeElement===s&&(d.top.location.href=t.value))}},d.addEventListener(\"message\",d.wp.receiveEmbedMessage,!1),l.addEventListener(\"DOMContentLoaded\",function(){for(var e,t,s=l.querySelectorAll(\"iframe.wp-embedded-content\"),r=0;r<s.length;r++)(t=(e=s[r]).getAttribute(\"data-secret\"))||(t=Math.random().toString(36).substring(2,12),e.src+=\"#?secret=\"+t,e.setAttribute(\"data-secret\",t)),e.contentWindow.postMessage({message:\"ready\",secret:t},\"*\")},!1)))}(window,document);\n\/\/# sourceURL=https:\/\/quechilero.com\/blog\/wp-includes\/js\/wp-embed.min.js\n<\/script>\n"},"jetpack_publicize_connections":[],"jetpack_shortlink":"https:\/\/wp.me\/pDKli-1yr","jetpack_sharing_enabled":true,"jetpack-related-posts":[{"id":17609,"url":"https:\/\/quechilero.com\/blog\/2013\/12\/27\/dos-bebes-en-un-pesebre\/","url_meta":{"origin":5979,"position":0},"title":"Dos beb\u00e9s en un pesebre","author":"Pepe Barrascout Ortiz","date":"27 diciembre 2013","format":false,"excerpt":"En 1994, dos americanos respondieron una invitaci\u00f3n que les hiciera llegar el Departamento de Educaci\u00f3n de Rusia, para ense\u00f1ar moral y \u00e9tica en las escuelas p\u00fablicas, basada en principios b\u00edblicos. Deb\u00edan ense\u00f1ar en prisiones, negocios, el departamento de bomberos, de la polic\u00eda y en un gran orfanato. En el orfanato\u2026","rel":"","context":"En \u00abLimones\u00bb","block_context":{"text":"Limones","link":"https:\/\/quechilero.com\/blog\/category\/limones\/"},"img":{"alt_text":"","src":"","width":0,"height":0},"classes":[]},{"id":17608,"url":"https:\/\/quechilero.com\/blog\/2013\/12\/26\/con-quien-pasaras-las-fiestas\/","url_meta":{"origin":5979,"position":1},"title":"\u00bfCon qui\u00e9n pasar\u00e1s las fiestas?","author":"Pepe Barrascout Ortiz","date":"26 diciembre 2013","format":false,"excerpt":"Se acerca la Navidad y las preguntas obligadas comienzan a surgir: - \u00bfCon qui\u00e9n vas a pasar las fiestas? - \u00bfQu\u00e9 van a cenar en tu casa? - \u00bfD\u00f3nde vas a pasar el 24? \u00bfY el 25? Es ah\u00ed donde surgen las respuestas tambi\u00e9n obligadas: - Con mis padres, mis\u2026","rel":"","context":"En \u00abLimones\u00bb","block_context":{"text":"Limones","link":"https:\/\/quechilero.com\/blog\/category\/limones\/"},"img":{"alt_text":"","src":"","width":0,"height":0},"classes":[]},{"id":17121,"url":"https:\/\/quechilero.com\/blog\/2013\/12\/04\/pidiendo-posada\/","url_meta":{"origin":5979,"position":2},"title":"Pidiendo posada","author":"Pepe Barrascout Ortiz","date":"4 diciembre 2013","format":false,"excerpt":"Era Navidad y en el pueblo iban a hacer la representaci\u00f3n del Nacimiento de Jes\u00fas. Todos estaban muy entusiasmados, quer\u00edan que la obra fuera un \u00e9xito. Los ni\u00f1os la iban a representar, pero entre ellos hab\u00eda un ni\u00f1o con problemas; qui\u00e9n sabe por qu\u00e9 causa, era m\u00e1s lento en aprender\u2026","rel":"","context":"En \u00abLimones\u00bb","block_context":{"text":"Limones","link":"https:\/\/quechilero.com\/blog\/category\/limones\/"},"img":{"alt_text":"","src":"","width":0,"height":0},"classes":[]},{"id":17572,"url":"https:\/\/quechilero.com\/blog\/2013\/12\/09\/puedes-salvar-la-navidad-2\/","url_meta":{"origin":5979,"position":3},"title":"Puedes Salvar la Navidad","author":"Pepe Barrascout Ortiz","date":"9 diciembre 2013","format":false,"excerpt":"Estamos iniciando el mes de Navidad, bastante r\u00e1pido como todos los a\u00f1os. Sin embargo, ya en la calle se comienza a ver c\u00f3mo las personas empiezan a correr y a preocuparse por comprar regalos, salir a vacaciones, terminar las lecciones o ir a las fiestas de la \u00e9poca. Es raro\u2026","rel":"","context":"En \u00abLimones\u00bb","block_context":{"text":"Limones","link":"https:\/\/quechilero.com\/blog\/category\/limones\/"},"img":{"alt_text":"","src":"","width":0,"height":0},"classes":[]},{"id":380,"url":"https:\/\/quechilero.com\/blog\/2006\/12\/23\/puedes-salvar-la-navidad\/","url_meta":{"origin":5979,"position":4},"title":"Puedes salvar la Navidad","author":"Pepe Barrascout Ortiz","date":"23 diciembre 2006","format":false,"excerpt":"Estamos iniciando el mes de Navidad, bastante r\u00e1pido como todos los a\u00f1os. Sin embargo, ya en la calle se comienza a ver c\u00f3mo las personas empiezan a correr y a preocuparse por comprar regalos, salir a vacaciones, terminar las lecciones o ir a las fiestas de la \u00e9poca. Es raro\u2026","rel":"","context":"En \u00abLimones\u00bb","block_context":{"text":"Limones","link":"https:\/\/quechilero.com\/blog\/category\/limones\/"},"img":{"alt_text":"","src":"","width":0,"height":0},"classes":[]},{"id":17592,"url":"https:\/\/quechilero.com\/blog\/2013\/12\/20\/jesus-motivo-de-nuestra-celebracion\/","url_meta":{"origin":5979,"position":5},"title":"Jes\u00fas, motivo de nuestra celebraci\u00f3n","author":"Pepe Barrascout Ortiz","date":"20 diciembre 2013","format":false,"excerpt":"\u00bfQui\u00e9n ser\u00e1 m\u00e1s importante en esta Navidad? \u00bfJes\u00fas o el personaje que llaman Santa Claus? Santa vive en el Polo Norte; Jes\u00fas est\u00e1 en todas partes. Santa se pasea en trineo; Jes\u00fas camina entre nosotros y camina sobre las aguas. Santa viene una vez al a\u00f1o; Jes\u00fas siempre est\u00e1 a\u2026","rel":"","context":"En \u00abLimones\u00bb","block_context":{"text":"Limones","link":"https:\/\/quechilero.com\/blog\/category\/limones\/"},"img":{"alt_text":"","src":"","width":0,"height":0},"classes":[]}],"jetpack_featured_media_url":"","_links":{"self":[{"href":"https:\/\/quechilero.com\/blog\/wp-json\/wp\/v2\/posts\/5979","targetHints":{"allow":["GET"]}}],"collection":[{"href":"https:\/\/quechilero.com\/blog\/wp-json\/wp\/v2\/posts"}],"about":[{"href":"https:\/\/quechilero.com\/blog\/wp-json\/wp\/v2\/types\/post"}],"author":[{"embeddable":true,"href":"https:\/\/quechilero.com\/blog\/wp-json\/wp\/v2\/users\/1"}],"replies":[{"embeddable":true,"href":"https:\/\/quechilero.com\/blog\/wp-json\/wp\/v2\/comments?post=5979"}],"version-history":[{"count":0,"href":"https:\/\/quechilero.com\/blog\/wp-json\/wp\/v2\/posts\/5979\/revisions"}],"wp:attachment":[{"href":"https:\/\/quechilero.com\/blog\/wp-json\/wp\/v2\/media?parent=5979"}],"wp:term":[{"taxonomy":"category","embeddable":true,"href":"https:\/\/quechilero.com\/blog\/wp-json\/wp\/v2\/categories?post=5979"},{"taxonomy":"post_tag","embeddable":true,"href":"https:\/\/quechilero.com\/blog\/wp-json\/wp\/v2\/tags?post=5979"},{"taxonomy":"series","embeddable":true,"href":"https:\/\/quechilero.com\/blog\/wp-json\/wp\/v2\/series?post=5979"}],"curies":[{"name":"wp","href":"https:\/\/api.w.org\/{rel}","templated":true}]}}