{"id":5978,"date":"2010-02-10T08:00:26","date_gmt":"2010-02-10T14:00:26","guid":{"rendered":"http:\/\/quechilero.com\/blog\/?p=5978"},"modified":"2010-02-10T08:00:26","modified_gmt":"2010-02-10T14:00:26","slug":"la-jibia","status":"publish","type":"post","link":"https:\/\/quechilero.com\/blog\/2010\/02\/10\/la-jibia\/","title":{"rendered":"La Jibia"},"content":{"rendered":"<p>La jibia tiene ocho brazos que puede recoger sobre su boca, y al encogerse, \u00e9sta puede ser escondida bajo su cuerpo. Para protegerse m\u00e1s contra el peligro suelta un l\u00edquido negro como la tinta que sirve para ocultarla.<\/p>\n<p>Pero los pescadores al ver ponerse negra el agua tiran sus redes y las jibias son pescadas.<\/p>\n<p><strong><em>Tan Gai<\/em><\/strong><\/p>\n","protected":false},"excerpt":{"rendered":"<p>La jibia tiene ocho brazos que puede recoger sobre su boca, y al encogerse, \u00e9sta puede ser escondida bajo su cuerpo. Para protegerse m\u00e1s contra el peligro suelta un l\u00edquido negro como la tinta que sirve para ocultarla. Pero los pescadores al ver ponerse negra el agua tiran sus redes y las jibias son pescadas. &#8230; <a title=\"La Jibia\" class=\"read-more\" href=\"https:\/\/quechilero.com\/blog\/2010\/02\/10\/la-jibia\/\" aria-label=\"Leer m\u00e1s sobre La Jibia\">Leer m\u00e1s<\/a><\/p>\n","protected":false},"author":1,"featured_media":0,"comment_status":"open","ping_status":"open","sticky":false,"template":"","format":"standard","meta":{"advanced_seo_description":"","jetpack_seo_html_title":"","jetpack_seo_noindex":false,"jetpack_seo_schema_type":"","episode_type":"","audio_file":"","podmotor_file_id":"","podmotor_episode_id":"","cover_image":"","cover_image_id":"","duration":"","filesize":"","filesize_raw":"","date_recorded":"","explicit":"","block":"","_jetpack_newsletter_access":"","_jetpack_dont_email_post_to_subs":false,"_jetpack_newsletter_tier_id":0,"_jetpack_memberships_contains_paywalled_content":false,"_jetpack_feature_clip_id":0,"_jetpack_memberships_contains_paid_content":false,"footnotes":"","jetpack_publicize_message":"","jetpack_publicize_feature_enabled":true,"jetpack_social_post_already_shared":false,"jetpack_social_options":{"image_generator_settings":{"template":"highway","default_image_id":0,"font":"","enabled":false},"version":2},"jetpack_post_was_ever_published":false},"categories":[2],"tags":[],"series":[],"class_list":["post-5978","post","type-post","status-publish","format-standard","hentry","category-limones"],"episode_featured_image":false,"episode_player_image":"https:\/\/i0.wp.com\/quechilero.com\/blog\/imagenes\/podcast.png?fit=1831%2C1831&ssl=1","download_link":"","player_link":"","audio_player":false,"episode_data":{"playerMode":"dark","subscribeUrls":{"amazon":{"key":"amazon","url":"","label":"Amazon","class":"amazon","icon":"amazon.png"},"apple_podcasts":{"key":"apple_podcasts","url":"","label":"Apple Podcasts","class":"apple_podcasts","icon":"apple-podcasts.png"},"castbox":{"key":"castbox","url":"","label":"CastBox","class":"castbox","icon":"castbox.png"},"deezer":{"key":"deezer","url":"","label":"Deezer","class":"deezer","icon":"deezer.png"},"google_podcasts":{"key":"google_podcasts","url":"","label":"Google Podcasts","class":"google_podcasts","icon":"google-podcasts.png"},"listen_notes":{"key":"listen_notes","url":"","label":"Listen Notes","class":"listen_notes","icon":"listen-notes.png"},"pandora":{"key":"pandora","url":"","label":"Pandora","class":"pandora","icon":"pandora.png"},"podbean":{"key":"podbean","url":"","label":"Podbean","class":"podbean","icon":"podbean.png"},"podcast_republic":{"key":"podcast_republic","url":"","label":"Podcast Republic","class":"podcast_republic","icon":"podcast-republic.png"},"rss":{"key":"rss","url":"","label":"RSS","class":"rss","icon":"rss.png"},"spotify":{"key":"spotify","url":"","label":"Spotify","class":"spotify","icon":"spotify.png"},"stitcher":{"key":"stitcher","url":"","label":"Stitcher","class":"stitcher","icon":"stitcher.png"},"tunein":{"key":"tunein","url":"","label":"TuneIn","class":"tunein","icon":"tunein.png"},"youtube":{"key":"youtube","url":"","label":"YouTube","class":"youtube","icon":"youtube.png"},"iheartradio":{"key":"iheartradio","url":"","label":"iHeartRadio","class":"iheartradio","icon":"iheartradio.png"},"ivoox":{"key":"ivoox","url":"","label":"iVoox","class":"ivoox","icon":"ivoox.png"}},"rssFeedUrl":"https:\/\/quechilero.com\/blog\/feed\/podcast\/si-la-vida-nos-da-limones","embedCode":"<blockquote class=\"wp-embedded-content\" data-secret=\"cuQw7YDNfn\"><a href=\"https:\/\/quechilero.com\/blog\/2010\/02\/10\/la-jibia\/\">La Jibia<\/a><\/blockquote><iframe sandbox=\"allow-scripts\" security=\"restricted\" src=\"https:\/\/quechilero.com\/blog\/2010\/02\/10\/la-jibia\/embed\/#?secret=cuQw7YDNfn\" width=\"500\" height=\"350\" title=\"\u00abLa Jibia\u00bb \u2014 Si la Vida nos da Limones...\" data-secret=\"cuQw7YDNfn\" frameborder=\"0\" marginwidth=\"0\" marginheight=\"0\" scrolling=\"no\" class=\"wp-embedded-content\"><\/iframe><script>\n\/*! This file is auto-generated *\/\n!function(d,l){\"use strict\";l.querySelector&&d.addEventListener&&\"undefined\"!=typeof URL&&(d.wp=d.wp||{},d.wp.receiveEmbedMessage||(d.wp.receiveEmbedMessage=function(e){var t=e.data;if((t||t.secret||t.message||t.value)&&!\/[^a-zA-Z0-9]\/.test(t.secret)){for(var s,r,n,a=l.querySelectorAll('iframe[data-secret=\"'+t.secret+'\"]'),o=l.querySelectorAll('blockquote[data-secret=\"'+t.secret+'\"]'),c=new RegExp(\"^https?:$\",\"i\"),i=0;i<o.length;i++)o[i].style.display=\"none\";for(i=0;i<a.length;i++)s=a[i],e.source===s.contentWindow&&(s.removeAttribute(\"style\"),\"height\"===t.message?(1e3<(r=parseInt(t.value,10))?r=1e3:~~r<200&&(r=200),s.height=r):\"link\"===t.message&&(r=new URL(s.getAttribute(\"src\")),n=new URL(t.value),c.test(n.protocol))&&n.host===r.host&&l.activeElement===s&&(d.top.location.href=t.value))}},d.addEventListener(\"message\",d.wp.receiveEmbedMessage,!1),l.addEventListener(\"DOMContentLoaded\",function(){for(var e,t,s=l.querySelectorAll(\"iframe.wp-embedded-content\"),r=0;r<s.length;r++)(t=(e=s[r]).getAttribute(\"data-secret\"))||(t=Math.random().toString(36).substring(2,12),e.src+=\"#?secret=\"+t,e.setAttribute(\"data-secret\",t)),e.contentWindow.postMessage({message:\"ready\",secret:t},\"*\")},!1)))}(window,document);\n\/\/# sourceURL=https:\/\/quechilero.com\/blog\/wp-includes\/js\/wp-embed.min.js\n<\/script>\n"},"jetpack_publicize_connections":[],"jetpack_shortlink":"https:\/\/wp.me\/pDKli-1yq","jetpack_sharing_enabled":true,"jetpack-related-posts":[{"id":1042,"url":"https:\/\/quechilero.com\/blog\/2008\/08\/04\/el-libro-negro\/","url_meta":{"origin":5978,"position":0},"title":"El libro negro","author":"Pepe Barrascout Ortiz","date":"4 agosto 2008","format":false,"excerpt":"Una mujer en Bengala Occidental era objeto de gran curiosidad entre sus vecinas debido a un h\u00e1bito poco usual: cada vez que entraba en una tienda, un almac\u00e9n o un cine, sacaba un librito negro y anotaba algo en \u00e9l. Alguien, por fin, le pregunt\u00f3 un d\u00eda: - \"\u00bfLleva usted\u2026","rel":"","context":"En \u00abLimones\u00bb","block_context":{"text":"Limones","link":"https:\/\/quechilero.com\/blog\/category\/limones\/"},"img":{"alt_text":"","src":"","width":0,"height":0},"classes":[]},{"id":21359,"url":"https:\/\/quechilero.com\/blog\/2015\/07\/14\/el-globo-negro\/","url_meta":{"origin":5978,"position":1},"title":"El globo negro","author":"Pepe Barrascout Ortiz","date":"14 julio 2015","format":false,"excerpt":"Un ni\u00f1o negro contemplaba extasiado al vendedor de globos en una plaza. En un determinado momento, el vendedor solt\u00f3 un globo rojo, que se elev\u00f3 hacia el cielo, atrayendo la atenci\u00f3n de todos los ni\u00f1os de la plaza. Luego solt\u00f3 un globo azul; despu\u00e9s un globo amarillo; a continuaci\u00f3n un\u2026","rel":"","context":"En \u00abLimones\u00bb","block_context":{"text":"Limones","link":"https:\/\/quechilero.com\/blog\/category\/limones\/"},"img":{"alt_text":"","src":"","width":0,"height":0},"classes":[]},{"id":16918,"url":"https:\/\/quechilero.com\/blog\/2013\/08\/28\/el-punto-negro\/","url_meta":{"origin":5978,"position":2},"title":"El punto negro","author":"Pepe Barrascout Ortiz","date":"28 agosto 2013","format":false,"excerpt":"Cierto d\u00eda, un profesor entra al sal\u00f3n de clases y le dice a los alumnos, que se preparen para una prueba sorpresa. Todos se pusieron nerviosos, asustados por el examen que vendr\u00eda, mientras el profesor iba entregando la hoja del examen con la parte frontal para abajo, de modo que\u2026","rel":"","context":"En \u00abLimones\u00bb","block_context":{"text":"Limones","link":"https:\/\/quechilero.com\/blog\/category\/limones\/"},"img":{"alt_text":"","src":"","width":0,"height":0},"classes":[]},{"id":13343,"url":"https:\/\/quechilero.com\/blog\/2012\/05\/15\/la-montana-negra\/","url_meta":{"origin":5978,"position":3},"title":"La Monta\u00f1a Negra","author":"Pepe Barrascout Ortiz","date":"15 mayo 2012","format":false,"excerpt":"\"\u00a1Voy a irme a la Monta\u00f1a Negra!\", grit\u00f3 el peque\u00f1o Ricardo de cinco a\u00f1os. \"Muy bien, si eso es lo que quieres, adelante\", le respondi\u00f3 su madre abriendo la puerta y acompa\u00f1\u00e1ndolo hasta el p\u00f3rtico. Un manto de silencio cay\u00f3 sobre \u00e9l. Hac\u00eda rato que ya no hab\u00eda sol y\u2026","rel":"","context":"En \u00abLimones\u00bb","block_context":{"text":"Limones","link":"https:\/\/quechilero.com\/blog\/category\/limones\/"},"img":{"alt_text":"","src":"","width":0,"height":0},"classes":[]},{"id":17358,"url":"https:\/\/quechilero.com\/blog\/2013\/10\/28\/las-cajas-de-dios\/","url_meta":{"origin":5978,"position":4},"title":"Las cajas de Dios","author":"Pepe Barrascout Ortiz","date":"28 octubre 2013","format":false,"excerpt":"Tengo en mis manos dos cajas que Dios me ha dado para que sostenga. \u00c9l me dijo: \"Pon todas tus penas en la negra, y todas tus alegr\u00edas en la dorada.\". Yo escuch\u00e9 Sus palabras, y en ambas cajas guard\u00e9 mis alegr\u00edas y tristezas respectivamente. Pero la dorada se fue\u2026","rel":"","context":"En \u00abLimones\u00bb","block_context":{"text":"Limones","link":"https:\/\/quechilero.com\/blog\/category\/limones\/"},"img":{"alt_text":"","src":"","width":0,"height":0},"classes":[]},{"id":2679,"url":"https:\/\/quechilero.com\/blog\/2009\/06\/04\/paciencia-hermano\/","url_meta":{"origin":5978,"position":5},"title":"Paciencia, hermano","author":"Pepe Barrascout Ortiz","date":"4 junio 2009","format":false,"excerpt":"Un pastor apacentaba su reba\u00f1o en el campo cuando un forastero se acerc\u00f3 y le hizo varias preguntas sobre sus ovejas: cu\u00e1nto com\u00edan, cu\u00e1nto caminaban, cu\u00e1nta leche daban. A todas respond\u00eda el pastor: \"\u00bfSe refiere usted a las blancas o las negras?\". Siendo la misma respuesta para ambas, le pregunt\u00f3\u2026","rel":"","context":"En \u00abLimones\u00bb","block_context":{"text":"Limones","link":"https:\/\/quechilero.com\/blog\/category\/limones\/"},"img":{"alt_text":"","src":"","width":0,"height":0},"classes":[]}],"jetpack_featured_media_url":"","_links":{"self":[{"href":"https:\/\/quechilero.com\/blog\/wp-json\/wp\/v2\/posts\/5978","targetHints":{"allow":["GET"]}}],"collection":[{"href":"https:\/\/quechilero.com\/blog\/wp-json\/wp\/v2\/posts"}],"about":[{"href":"https:\/\/quechilero.com\/blog\/wp-json\/wp\/v2\/types\/post"}],"author":[{"embeddable":true,"href":"https:\/\/quechilero.com\/blog\/wp-json\/wp\/v2\/users\/1"}],"replies":[{"embeddable":true,"href":"https:\/\/quechilero.com\/blog\/wp-json\/wp\/v2\/comments?post=5978"}],"version-history":[{"count":0,"href":"https:\/\/quechilero.com\/blog\/wp-json\/wp\/v2\/posts\/5978\/revisions"}],"wp:attachment":[{"href":"https:\/\/quechilero.com\/blog\/wp-json\/wp\/v2\/media?parent=5978"}],"wp:term":[{"taxonomy":"category","embeddable":true,"href":"https:\/\/quechilero.com\/blog\/wp-json\/wp\/v2\/categories?post=5978"},{"taxonomy":"post_tag","embeddable":true,"href":"https:\/\/quechilero.com\/blog\/wp-json\/wp\/v2\/tags?post=5978"},{"taxonomy":"series","embeddable":true,"href":"https:\/\/quechilero.com\/blog\/wp-json\/wp\/v2\/series?post=5978"}],"curies":[{"name":"wp","href":"https:\/\/api.w.org\/{rel}","templated":true}]}}