{"id":5974,"date":"2010-11-12T08:00:16","date_gmt":"2010-11-12T14:00:16","guid":{"rendered":"http:\/\/quechilero.com\/blog\/?p=5974"},"modified":"2010-11-12T08:00:16","modified_gmt":"2010-11-12T14:00:16","slug":"de-las-resoluciones","status":"publish","type":"post","link":"https:\/\/quechilero.com\/blog\/2010\/11\/12\/de-las-resoluciones\/","title":{"rendered":"De las Resoluciones"},"content":{"rendered":"<p>Judith se considera llena de defectos, y decide mejorar. Mas no es su Leyenda Personal que se apure en este sentido; la Sociedad dice que existe un patr\u00f3n de crecimiento, que es preciso comprender.<\/p>\n<p>Al final del a\u00f1o, Judith hace una lista de decisiones para el a\u00f1o siguiente. Los primeros d\u00edas de enero son f\u00e1ciles; ella obedece la lista, da pasos que siempre aplaz\u00f3. En febrero, ya no tiene la misma disposici\u00f3n, y la lista comienza a fallar. Cuando marzo llega, Judith ya quebr\u00f3 todas las promesas hechas en A\u00f1o Nuevo; y se sentir\u00e1 peque\u00f1a, incapaz, y culpable hasta la \u00faltima semana del a\u00f1o. Cuando, al fin, esta semana llega, ella hace de nuevo las promesas, y el ritual se repite.<\/p>\n<p>No debemos intentar mejorar en aquello que los otros esperan de nosotros, Judith; pero s\u00ed descubrir qu\u00e9 esperamos de nosotros mismos. Ah\u00ed no es preciso prometer nada, porque cambiamos con placer y alegr\u00eda.<\/p>\n<p><strong><em>Del libro \u00abMaktub\u00bb, de Paulo Coelho<\/em><\/strong><\/p>\n","protected":false},"excerpt":{"rendered":"<p>Judith se considera llena de defectos, y decide mejorar. Mas no es su Leyenda Personal que se apure en este sentido; la Sociedad dice que existe un patr\u00f3n de crecimiento, que es preciso comprender. Al final del a\u00f1o, Judith hace una lista de decisiones para el a\u00f1o siguiente. Los primeros d\u00edas de enero son f\u00e1ciles; &#8230; <a title=\"De las Resoluciones\" class=\"read-more\" href=\"https:\/\/quechilero.com\/blog\/2010\/11\/12\/de-las-resoluciones\/\" aria-label=\"Leer m\u00e1s sobre De las Resoluciones\">Leer m\u00e1s<\/a><\/p>\n","protected":false},"author":1,"featured_media":0,"comment_status":"open","ping_status":"open","sticky":false,"template":"","format":"standard","meta":{"advanced_seo_description":"","jetpack_seo_html_title":"","jetpack_seo_noindex":false,"jetpack_seo_schema_type":"","episode_type":"","audio_file":"","podmotor_file_id":"","podmotor_episode_id":"","cover_image":"","cover_image_id":"","duration":"","filesize":"","filesize_raw":"","date_recorded":"","explicit":"","block":"","_jetpack_newsletter_access":"","_jetpack_dont_email_post_to_subs":false,"_jetpack_newsletter_tier_id":0,"_jetpack_memberships_contains_paywalled_content":false,"_jetpack_feature_clip_id":0,"_jetpack_memberships_contains_paid_content":false,"footnotes":"","jetpack_publicize_message":"","jetpack_publicize_feature_enabled":true,"jetpack_social_post_already_shared":false,"jetpack_social_options":{"image_generator_settings":{"template":"highway","default_image_id":0,"font":"","enabled":false},"version":2},"jetpack_post_was_ever_published":false},"categories":[2],"tags":[87,72,40],"series":[],"class_list":["post-5974","post","type-post","status-publish","format-standard","hentry","category-limones","tag-alegria","tag-libro","tag-paz"],"episode_featured_image":false,"episode_player_image":"https:\/\/i0.wp.com\/quechilero.com\/blog\/imagenes\/podcast.png?fit=1831%2C1831&ssl=1","download_link":"","player_link":"","audio_player":false,"episode_data":{"playerMode":"dark","subscribeUrls":{"amazon":{"key":"amazon","url":"","label":"Amazon","class":"amazon","icon":"amazon.png"},"apple_podcasts":{"key":"apple_podcasts","url":"","label":"Apple Podcasts","class":"apple_podcasts","icon":"apple-podcasts.png"},"castbox":{"key":"castbox","url":"","label":"CastBox","class":"castbox","icon":"castbox.png"},"deezer":{"key":"deezer","url":"","label":"Deezer","class":"deezer","icon":"deezer.png"},"google_podcasts":{"key":"google_podcasts","url":"","label":"Google Podcasts","class":"google_podcasts","icon":"google-podcasts.png"},"listen_notes":{"key":"listen_notes","url":"","label":"Listen Notes","class":"listen_notes","icon":"listen-notes.png"},"pandora":{"key":"pandora","url":"","label":"Pandora","class":"pandora","icon":"pandora.png"},"podbean":{"key":"podbean","url":"","label":"Podbean","class":"podbean","icon":"podbean.png"},"podcast_republic":{"key":"podcast_republic","url":"","label":"Podcast Republic","class":"podcast_republic","icon":"podcast-republic.png"},"rss":{"key":"rss","url":"","label":"RSS","class":"rss","icon":"rss.png"},"spotify":{"key":"spotify","url":"","label":"Spotify","class":"spotify","icon":"spotify.png"},"stitcher":{"key":"stitcher","url":"","label":"Stitcher","class":"stitcher","icon":"stitcher.png"},"tunein":{"key":"tunein","url":"","label":"TuneIn","class":"tunein","icon":"tunein.png"},"youtube":{"key":"youtube","url":"","label":"YouTube","class":"youtube","icon":"youtube.png"},"iheartradio":{"key":"iheartradio","url":"","label":"iHeartRadio","class":"iheartradio","icon":"iheartradio.png"},"ivoox":{"key":"ivoox","url":"","label":"iVoox","class":"ivoox","icon":"ivoox.png"}},"rssFeedUrl":"https:\/\/quechilero.com\/blog\/feed\/podcast\/si-la-vida-nos-da-limones","embedCode":"<blockquote class=\"wp-embedded-content\" data-secret=\"UVUp4vjwpH\"><a href=\"https:\/\/quechilero.com\/blog\/2010\/11\/12\/de-las-resoluciones\/\">De las Resoluciones<\/a><\/blockquote><iframe sandbox=\"allow-scripts\" security=\"restricted\" src=\"https:\/\/quechilero.com\/blog\/2010\/11\/12\/de-las-resoluciones\/embed\/#?secret=UVUp4vjwpH\" width=\"500\" height=\"350\" title=\"\u00abDe las Resoluciones\u00bb \u2014 Si la Vida nos da Limones...\" data-secret=\"UVUp4vjwpH\" frameborder=\"0\" marginwidth=\"0\" marginheight=\"0\" scrolling=\"no\" class=\"wp-embedded-content\"><\/iframe><script>\n\/*! This file is auto-generated *\/\n!function(d,l){\"use strict\";l.querySelector&&d.addEventListener&&\"undefined\"!=typeof URL&&(d.wp=d.wp||{},d.wp.receiveEmbedMessage||(d.wp.receiveEmbedMessage=function(e){var t=e.data;if((t||t.secret||t.message||t.value)&&!\/[^a-zA-Z0-9]\/.test(t.secret)){for(var s,r,n,a=l.querySelectorAll('iframe[data-secret=\"'+t.secret+'\"]'),o=l.querySelectorAll('blockquote[data-secret=\"'+t.secret+'\"]'),c=new RegExp(\"^https?:$\",\"i\"),i=0;i<o.length;i++)o[i].style.display=\"none\";for(i=0;i<a.length;i++)s=a[i],e.source===s.contentWindow&&(s.removeAttribute(\"style\"),\"height\"===t.message?(1e3<(r=parseInt(t.value,10))?r=1e3:~~r<200&&(r=200),s.height=r):\"link\"===t.message&&(r=new URL(s.getAttribute(\"src\")),n=new URL(t.value),c.test(n.protocol))&&n.host===r.host&&l.activeElement===s&&(d.top.location.href=t.value))}},d.addEventListener(\"message\",d.wp.receiveEmbedMessage,!1),l.addEventListener(\"DOMContentLoaded\",function(){for(var e,t,s=l.querySelectorAll(\"iframe.wp-embedded-content\"),r=0;r<s.length;r++)(t=(e=s[r]).getAttribute(\"data-secret\"))||(t=Math.random().toString(36).substring(2,12),e.src+=\"#?secret=\"+t,e.setAttribute(\"data-secret\",t)),e.contentWindow.postMessage({message:\"ready\",secret:t},\"*\")},!1)))}(window,document);\n\/\/# sourceURL=https:\/\/quechilero.com\/blog\/wp-includes\/js\/wp-embed.min.js\n<\/script>\n"},"jetpack_publicize_connections":[],"jetpack_shortlink":"https:\/\/wp.me\/pDKli-1ym","jetpack_sharing_enabled":true,"jetpack-related-posts":[{"id":29295,"url":"https:\/\/quechilero.com\/blog\/2019\/01\/04\/una-semana-un-libro-2019\/","url_meta":{"origin":5974,"position":0},"title":"Una semana, un libro","author":"Pepe Barrascout Ortiz","date":"4 enero 2019","format":false,"excerpt":"Para este a\u00f1o 2019, dejo la lista de libros que voy a leer. Por el momento la meta, es la misma que a\u00f1o con a\u00f1o tengo en Goodreads y son 35 libros, en los \u00faltimos a\u00f1os he cumplido bastante bien el reto y ahora\u00a0espero llegar y superar la meta. Sin\u2026","rel":"","context":"En \u00abLimones\u00bb","block_context":{"text":"Limones","link":"https:\/\/quechilero.com\/blog\/category\/limones\/"},"img":{"alt_text":"","src":"https:\/\/i0.wp.com\/quechilero.com\/blog\/imagenes\/limones.jpg?fit=620%2C350&ssl=1&resize=350%2C200","width":350,"height":200,"srcset":"https:\/\/i0.wp.com\/quechilero.com\/blog\/imagenes\/limones.jpg?fit=620%2C350&ssl=1&resize=350%2C200 1x, https:\/\/i0.wp.com\/quechilero.com\/blog\/imagenes\/limones.jpg?fit=620%2C350&ssl=1&resize=525%2C300 1.5x"},"classes":[]},{"id":5796,"url":"https:\/\/quechilero.com\/blog\/2010\/10\/24\/en-esta-ocasion\/","url_meta":{"origin":5974,"position":1},"title":"En esta ocasi\u00f3n&#8230;","author":"Pepe Barrascout Ortiz","date":"24 octubre 2010","format":false,"excerpt":"Quiz\u00e1s para muchos, sea otro a\u00f1o m\u00e1s en que se acerca la Semana Santa, y de igual manera los d\u00edas en que se puede ir a vacacionar y pasarla bien. Para m\u00ed as\u00ed era antes. Hoy precisamente en este a\u00f1o, espero y doy gracias a Dios por estar ya en\u2026","rel":"","context":"En \u00abLimones\u00bb","block_context":{"text":"Limones","link":"https:\/\/quechilero.com\/blog\/category\/limones\/"},"img":{"alt_text":"","src":"","width":0,"height":0},"classes":[]},{"id":18063,"url":"https:\/\/quechilero.com\/blog\/2014\/08\/10\/como-te-cambia-la-vida-ser-papa\/","url_meta":{"origin":5974,"position":2},"title":"Como te cambia la vida ser pap\u00e1","author":"Pepe Barrascout Ortiz","date":"10 agosto 2014","format":false,"excerpt":"No hay duda que una de las cosas mas importantes en la vida de cualquier persona, es el d\u00eda en que se convierte en padre. Como te cambia la vida ser pap\u00e1, b\u00e1sicamente es mas que un cambio, es un inicio totalmente nuevo, el tener bajo su cargo y responsabilidad\u2026","rel":"","context":"En \u00abLimones\u00bb","block_context":{"text":"Limones","link":"https:\/\/quechilero.com\/blog\/category\/limones\/"},"img":{"alt_text":"","src":"https:\/\/i0.wp.com\/img.youtube.com\/vi\/-prOqP8AxAA\/0.jpg?resize=350%2C200","width":350,"height":200},"classes":[]},{"id":15358,"url":"https:\/\/quechilero.com\/blog\/2012\/12\/02\/primer-domingo-de-adviento\/","url_meta":{"origin":5974,"position":3},"title":"Primer Domingo de Adviento","author":"Pepe Barrascout Ortiz","date":"2 diciembre 2012","format":false,"excerpt":"Primer Domingo de Adviento (ciclo B) Cabeza de Familia: Hermanos: Al iniciar hoy el Adviento, comenzamos el A\u00f1o Lit\u00fargico, s\u00edmbolo de nuestra larga traves\u00eda por la vida. Vamos caminando por el desierto, atravesando unas veces, bellos oasis; otras sofocantes desiertos. Lo hacemos con alegr\u00eda y con miedo, con fe y\u2026","rel":"","context":"En \u00abLimones\u00bb","block_context":{"text":"Limones","link":"https:\/\/quechilero.com\/blog\/category\/limones\/"},"img":{"alt_text":"","src":"https:\/\/i0.wp.com\/i392.photobucket.com\/albums\/pp7\/pepejaguar\/blog\/1-domingo-adviento.png?resize=350%2C200","width":350,"height":200,"srcset":"https:\/\/i0.wp.com\/i392.photobucket.com\/albums\/pp7\/pepejaguar\/blog\/1-domingo-adviento.png?resize=350%2C200 1x, https:\/\/i0.wp.com\/i392.photobucket.com\/albums\/pp7\/pepejaguar\/blog\/1-domingo-adviento.png?resize=525%2C300 1.5x"},"classes":[]},{"id":11159,"url":"https:\/\/quechilero.com\/blog\/2011\/10\/20\/guatemala-desastres-naturales\/","url_meta":{"origin":5974,"position":4},"title":"Guatemala: Desastres Naturales","author":"Pepe Barrascout Ortiz","date":"20 octubre 2011","format":false,"excerpt":"https:\/\/youtu.be\/5mWvSX2LzCE Octubre 2011 varios temporales afectan a Guatemala, dejando tras de si, muerte, destrucci\u00f3n y un pa\u00eds en la ruina total. A veces parece chiste, la falta de previsi\u00f3n y preparaci\u00f3n para este tipo de situaciones, que se convierten en emergencias, precisamente porque no se ha hecho un trabajo previo.\u2026","rel":"","context":"En \u00abLimones\u00bb","block_context":{"text":"Limones","link":"https:\/\/quechilero.com\/blog\/category\/limones\/"},"img":{"alt_text":"","src":"https:\/\/i0.wp.com\/img.youtube.com\/vi\/5mWvSX2LzCE\/0.jpg?resize=350%2C200","width":350,"height":200},"classes":[]},{"id":3269,"url":"https:\/\/quechilero.com\/blog\/2009\/08\/25\/maraton-de-blogs-el-blog-del-verde\/","url_meta":{"origin":5974,"position":5},"title":"Marat\u00f3n de Blogs: El Blog del Verde","author":"Pepe Barrascout Ortiz","date":"25 agosto 2009","format":false,"excerpt":"El Verde es el nombre que toma el blog escrito por un apasionado de la lectura, la escritura y la literatura, de un modo irreverente, en la mayor\u00eda de las veces, El Verde es un popular blog, que cuenta con un gran n\u00famero de lectores, que en forma regular, comentan,\u2026","rel":"","context":"En \u00abBlogs de Guatemala\u00bb","block_context":{"text":"Blogs de Guatemala","link":"https:\/\/quechilero.com\/blog\/category\/blogs-de-guatemala\/"},"img":{"alt_text":"Marat\u00f3n de Blogs 2009","src":"https:\/\/i0.wp.com\/i392.photobucket.com\/albums\/pp7\/pepejaguar\/maraton2009\/maraton2009.jpg?resize=350%2C200","width":350,"height":200,"srcset":"https:\/\/i0.wp.com\/i392.photobucket.com\/albums\/pp7\/pepejaguar\/maraton2009\/maraton2009.jpg?resize=350%2C200 1x, https:\/\/i0.wp.com\/i392.photobucket.com\/albums\/pp7\/pepejaguar\/maraton2009\/maraton2009.jpg?resize=525%2C300 1.5x"},"classes":[]}],"jetpack_featured_media_url":"","_links":{"self":[{"href":"https:\/\/quechilero.com\/blog\/wp-json\/wp\/v2\/posts\/5974","targetHints":{"allow":["GET"]}}],"collection":[{"href":"https:\/\/quechilero.com\/blog\/wp-json\/wp\/v2\/posts"}],"about":[{"href":"https:\/\/quechilero.com\/blog\/wp-json\/wp\/v2\/types\/post"}],"author":[{"embeddable":true,"href":"https:\/\/quechilero.com\/blog\/wp-json\/wp\/v2\/users\/1"}],"replies":[{"embeddable":true,"href":"https:\/\/quechilero.com\/blog\/wp-json\/wp\/v2\/comments?post=5974"}],"version-history":[{"count":0,"href":"https:\/\/quechilero.com\/blog\/wp-json\/wp\/v2\/posts\/5974\/revisions"}],"wp:attachment":[{"href":"https:\/\/quechilero.com\/blog\/wp-json\/wp\/v2\/media?parent=5974"}],"wp:term":[{"taxonomy":"category","embeddable":true,"href":"https:\/\/quechilero.com\/blog\/wp-json\/wp\/v2\/categories?post=5974"},{"taxonomy":"post_tag","embeddable":true,"href":"https:\/\/quechilero.com\/blog\/wp-json\/wp\/v2\/tags?post=5974"},{"taxonomy":"series","embeddable":true,"href":"https:\/\/quechilero.com\/blog\/wp-json\/wp\/v2\/series?post=5974"}],"curies":[{"name":"wp","href":"https:\/\/api.w.org\/{rel}","templated":true}]}}