{"id":5953,"date":"2010-11-07T08:00:11","date_gmt":"2010-11-07T14:00:11","guid":{"rendered":"http:\/\/quechilero.com\/blog\/?p=5953"},"modified":"2010-11-07T08:00:11","modified_gmt":"2010-11-07T14:00:11","slug":"nacido-para-morir","status":"publish","type":"post","link":"https:\/\/quechilero.com\/blog\/2010\/11\/07\/nacido-para-morir\/","title":{"rendered":"Nacido para Morir"},"content":{"rendered":"<p>Aunque millones de personas celebran el nacimiento de Cristo, pocas parecen ser conscientes de su verdadero significado.<\/p>\n<p>Reconocemos que su nacimiento fue inusitado porque naci\u00f3 de una Virgen. Su vida tambi\u00e9n fue singular porque fue el \u00fanico que vivi\u00f3 sin pecar. Su muerte tambi\u00e9n fue inusual. Jes\u00fas no fue un m\u00e1rtir. No fue una v\u00edctima de circunstancias desafortunadas que mor\u00eda por una causa digna. Tampoco dio su vida para dar un buen ejemplo. Hay mucho m\u00e1s en su historia. El Se\u00f1or Jes\u00fas vino a este mundo para ser nuestro Salvador.<\/p>\n<p>Para salvar al mundo, Jes\u00fas tuvo que morir por \u00e9l. Vino y vivi\u00f3 una vida perfecta y luego sufri\u00f3 la muerte que nosotros deb\u00edamos haber sufrido. El verdadero significado de la Navidad es que Jes\u00fas naci\u00f3 para morir. Puesto que fue crucificado y luego resucit\u00f3 de entre los muertos, el perd\u00f3n de pecados y la seguridad del cielo ahora se ofrecen a todos los que creen.<\/p>\n<p>\u00bfHas aceptado el regalo de Salvaci\u00f3n de Dios? Si no lo has hecho, hazlo hoy, y \u00e9sta ser\u00e1 la Navidad m\u00e1s significativa que hayas vivido jam\u00e1s.<\/p>\n<p>Si no entendemos que la cruz es m\u00e1s importante que el pesebre, hemos perdido el verdadero significado del Nacimiento de Cristo.<\/p>\n","protected":false},"excerpt":{"rendered":"<p>Aunque millones de personas celebran el nacimiento de Cristo, pocas parecen ser conscientes de su verdadero significado. Reconocemos que su nacimiento fue inusitado porque naci\u00f3 de una Virgen. Su vida tambi\u00e9n fue singular porque fue el \u00fanico que vivi\u00f3 sin pecar. Su muerte tambi\u00e9n fue inusual. Jes\u00fas no fue un m\u00e1rtir. No fue una v\u00edctima &#8230; <a title=\"Nacido para Morir\" class=\"read-more\" href=\"https:\/\/quechilero.com\/blog\/2010\/11\/07\/nacido-para-morir\/\" aria-label=\"Leer m\u00e1s sobre Nacido para Morir\">Leer m\u00e1s<\/a><\/p>\n","protected":false},"author":1,"featured_media":0,"comment_status":"open","ping_status":"open","sticky":false,"template":"","format":"standard","meta":{"advanced_seo_description":"","jetpack_seo_html_title":"","jetpack_seo_noindex":false,"jetpack_seo_schema_type":"","episode_type":"","audio_file":"","podmotor_file_id":"","podmotor_episode_id":"","cover_image":"","cover_image_id":"","duration":"","filesize":"","filesize_raw":"","date_recorded":"","explicit":"","block":"","_jetpack_newsletter_access":"","_jetpack_dont_email_post_to_subs":false,"_jetpack_newsletter_tier_id":0,"_jetpack_memberships_contains_paywalled_content":false,"_jetpack_feature_clip_id":0,"_jetpack_memberships_contains_paid_content":false,"footnotes":"","jetpack_publicize_message":"","jetpack_publicize_feature_enabled":true,"jetpack_social_post_already_shared":false,"jetpack_social_options":{"image_generator_settings":{"template":"highway","default_image_id":0,"font":"","enabled":false},"version":2},"jetpack_post_was_ever_published":false},"categories":[2],"tags":[51,17,74,50,41,24],"series":[],"class_list":["post-5953","post","type-post","status-publish","format-standard","hentry","category-limones","tag-dios","tag-historia","tag-jesus","tag-muerte","tag-verdad","tag-vida"],"episode_featured_image":false,"episode_player_image":"https:\/\/i0.wp.com\/quechilero.com\/blog\/imagenes\/podcast.png?fit=1831%2C1831&ssl=1","download_link":"","player_link":"","audio_player":false,"episode_data":{"playerMode":"dark","subscribeUrls":{"amazon":{"key":"amazon","url":"","label":"Amazon","class":"amazon","icon":"amazon.png"},"apple_podcasts":{"key":"apple_podcasts","url":"","label":"Apple Podcasts","class":"apple_podcasts","icon":"apple-podcasts.png"},"castbox":{"key":"castbox","url":"","label":"CastBox","class":"castbox","icon":"castbox.png"},"deezer":{"key":"deezer","url":"","label":"Deezer","class":"deezer","icon":"deezer.png"},"google_podcasts":{"key":"google_podcasts","url":"","label":"Google Podcasts","class":"google_podcasts","icon":"google-podcasts.png"},"listen_notes":{"key":"listen_notes","url":"","label":"Listen Notes","class":"listen_notes","icon":"listen-notes.png"},"pandora":{"key":"pandora","url":"","label":"Pandora","class":"pandora","icon":"pandora.png"},"podbean":{"key":"podbean","url":"","label":"Podbean","class":"podbean","icon":"podbean.png"},"podcast_republic":{"key":"podcast_republic","url":"","label":"Podcast Republic","class":"podcast_republic","icon":"podcast-republic.png"},"rss":{"key":"rss","url":"","label":"RSS","class":"rss","icon":"rss.png"},"spotify":{"key":"spotify","url":"","label":"Spotify","class":"spotify","icon":"spotify.png"},"stitcher":{"key":"stitcher","url":"","label":"Stitcher","class":"stitcher","icon":"stitcher.png"},"tunein":{"key":"tunein","url":"","label":"TuneIn","class":"tunein","icon":"tunein.png"},"youtube":{"key":"youtube","url":"","label":"YouTube","class":"youtube","icon":"youtube.png"},"iheartradio":{"key":"iheartradio","url":"","label":"iHeartRadio","class":"iheartradio","icon":"iheartradio.png"},"ivoox":{"key":"ivoox","url":"","label":"iVoox","class":"ivoox","icon":"ivoox.png"}},"rssFeedUrl":"https:\/\/quechilero.com\/blog\/feed\/podcast\/si-la-vida-nos-da-limones","embedCode":"<blockquote class=\"wp-embedded-content\" data-secret=\"xIum94y2Vu\"><a href=\"https:\/\/quechilero.com\/blog\/2010\/11\/07\/nacido-para-morir\/\">Nacido para Morir<\/a><\/blockquote><iframe sandbox=\"allow-scripts\" security=\"restricted\" src=\"https:\/\/quechilero.com\/blog\/2010\/11\/07\/nacido-para-morir\/embed\/#?secret=xIum94y2Vu\" width=\"500\" height=\"350\" title=\"\u00abNacido para Morir\u00bb \u2014 Si la Vida nos da Limones...\" data-secret=\"xIum94y2Vu\" frameborder=\"0\" marginwidth=\"0\" marginheight=\"0\" scrolling=\"no\" class=\"wp-embedded-content\"><\/iframe><script>\n\/*! This file is auto-generated *\/\n!function(d,l){\"use strict\";l.querySelector&&d.addEventListener&&\"undefined\"!=typeof URL&&(d.wp=d.wp||{},d.wp.receiveEmbedMessage||(d.wp.receiveEmbedMessage=function(e){var t=e.data;if((t||t.secret||t.message||t.value)&&!\/[^a-zA-Z0-9]\/.test(t.secret)){for(var s,r,n,a=l.querySelectorAll('iframe[data-secret=\"'+t.secret+'\"]'),o=l.querySelectorAll('blockquote[data-secret=\"'+t.secret+'\"]'),c=new RegExp(\"^https?:$\",\"i\"),i=0;i<o.length;i++)o[i].style.display=\"none\";for(i=0;i<a.length;i++)s=a[i],e.source===s.contentWindow&&(s.removeAttribute(\"style\"),\"height\"===t.message?(1e3<(r=parseInt(t.value,10))?r=1e3:~~r<200&&(r=200),s.height=r):\"link\"===t.message&&(r=new URL(s.getAttribute(\"src\")),n=new URL(t.value),c.test(n.protocol))&&n.host===r.host&&l.activeElement===s&&(d.top.location.href=t.value))}},d.addEventListener(\"message\",d.wp.receiveEmbedMessage,!1),l.addEventListener(\"DOMContentLoaded\",function(){for(var e,t,s=l.querySelectorAll(\"iframe.wp-embedded-content\"),r=0;r<s.length;r++)(t=(e=s[r]).getAttribute(\"data-secret\"))||(t=Math.random().toString(36).substring(2,12),e.src+=\"#?secret=\"+t,e.setAttribute(\"data-secret\",t)),e.contentWindow.postMessage({message:\"ready\",secret:t},\"*\")},!1)))}(window,document);\n\/\/# sourceURL=https:\/\/quechilero.com\/blog\/wp-includes\/js\/wp-embed.min.js\n<\/script>\n"},"jetpack_publicize_connections":[],"jetpack_shortlink":"https:\/\/wp.me\/pDKli-1y1","jetpack_sharing_enabled":true,"jetpack-related-posts":[{"id":16890,"url":"https:\/\/quechilero.com\/blog\/2013\/08\/16\/porque-yo-vivo-vosotros-%ef%bb%bftambien-vivireis\/","url_meta":{"origin":5953,"position":0},"title":"Porque yo vivo, vosotros \ufefftambi\u00e9n vivir\u00e9is","author":"Pepe Barrascout Ortiz","date":"16 agosto 2013","format":false,"excerpt":"La vida de los creyentes es tan segura como la del mismo Jes\u00fas. Con la misma seguridad en que vive la cabeza, vivir\u00e1n los miembros. Si Jes\u00fas no ha resucitado de los muertos, estamos muertos en nuestros delitos, mas porque ha resucitado, los creyentes han resucitado tambi\u00e9n en \u00c9l. Su\u2026","rel":"","context":"En \u00abLimones\u00bb","block_context":{"text":"Limones","link":"https:\/\/quechilero.com\/blog\/category\/limones\/"},"img":{"alt_text":"","src":"","width":0,"height":0},"classes":[]},{"id":7615,"url":"https:\/\/quechilero.com\/blog\/2011\/04\/16\/reflexiones-de-cuaresma-dia-39\/","url_meta":{"origin":5953,"position":1},"title":"Reflexiones de Cuaresma d\u00eda 39","author":"Pepe Barrascout Ortiz","date":"16 abril 2011","format":false,"excerpt":"Oraci\u00f3n inicial Se\u00f1or m\u00edo, Jesucristo, creo firmemente que est\u00e1s aqu\u00ed; en estos pocos minutos de oraci\u00f3n que empiezo ahora quiero pedirte y agradecerte. Pedirte\u00a0la gracia de darme m\u00e1s cuenta de que T\u00fa vives, me escuchas y me amas; tanto, que has querido morir libremente por m\u00ed en la cruz y\u2026","rel":"","context":"En \u00abLimones por mano\u00bb","block_context":{"text":"Limones por mano","link":"https:\/\/quechilero.com\/blog\/category\/limones-por-mano\/"},"img":{"alt_text":"","src":"","width":0,"height":0},"classes":[]},{"id":212,"url":"https:\/\/quechilero.com\/blog\/2006\/09\/08\/feliz-cumpleanos-virgen-maria\/","url_meta":{"origin":5953,"position":2},"title":"Feliz Cumplea\u00f1os Virgen Mar\u00eda","author":"Pepe Barrascout Ortiz","date":"8 septiembre 2006","format":false,"excerpt":"La Virgen Mar\u00eda fue la Madre de Jes\u00fas y, con este hecho, se cumplieron las Escrituras y todo lo dicho por los profetas. Dios escogi\u00f3 a esta mujer para ser la Madre de su Hijo. Con ella se aproxim\u00f3 la hora de la salvaci\u00f3n. Por esta raz\u00f3n la Iglesia celebra\u2026","rel":"","context":"En \u00abLimones\u00bb","block_context":{"text":"Limones","link":"https:\/\/quechilero.com\/blog\/category\/limones\/"},"img":{"alt_text":"Virgen Mar\u00eda y Jes\u00fas","src":"https:\/\/i0.wp.com\/static.flickr.com\/80\/237816042_af63aaefeb.jpg?resize=350%2C200","width":350,"height":200},"classes":[]},{"id":17608,"url":"https:\/\/quechilero.com\/blog\/2013\/12\/26\/con-quien-pasaras-las-fiestas\/","url_meta":{"origin":5953,"position":3},"title":"\u00bfCon qui\u00e9n pasar\u00e1s las fiestas?","author":"Pepe Barrascout Ortiz","date":"26 diciembre 2013","format":false,"excerpt":"Se acerca la Navidad y las preguntas obligadas comienzan a surgir: - \u00bfCon qui\u00e9n vas a pasar las fiestas? - \u00bfQu\u00e9 van a cenar en tu casa? - \u00bfD\u00f3nde vas a pasar el 24? \u00bfY el 25? Es ah\u00ed donde surgen las respuestas tambi\u00e9n obligadas: - Con mis padres, mis\u2026","rel":"","context":"En \u00abLimones\u00bb","block_context":{"text":"Limones","link":"https:\/\/quechilero.com\/blog\/category\/limones\/"},"img":{"alt_text":"","src":"","width":0,"height":0},"classes":[]},{"id":886,"url":"https:\/\/quechilero.com\/blog\/2008\/03\/02\/cuaresma-evangelio-02-mar-08\/","url_meta":{"origin":5953,"position":4},"title":"Cuaresma &#8211; Evangelio 02 mar 08","author":"Pepe Barrascout Ortiz","date":"2 marzo 2008","format":false,"excerpt":"Evangelio seg\u00fan San Juan 9,1-41. Al pasar, vio a un hombre ciego de nacimiento. Sus disc\u00edpulos le preguntaron: \"Maestro, \u00bfqui\u00e9n ha pecado, \u00c9l o sus padres, para que haya nacido ciego?\". \"Ni \u00c9l ni sus padres han pecado, respondi\u00f3 Jes\u00fas; naci\u00f3 as\u00ed para que se manifiesten en \u00c9l las obras\u2026","rel":"","context":"En \u00abLimones\u00bb","block_context":{"text":"Limones","link":"https:\/\/quechilero.com\/blog\/category\/limones\/"},"img":{"alt_text":"","src":"","width":0,"height":0},"classes":[]},{"id":6790,"url":"https:\/\/quechilero.com\/blog\/2011\/01\/15\/senor-de-esquipulas-4\/","url_meta":{"origin":5953,"position":5},"title":"Se\u00f1or de Esquipulas","author":"Pepe Barrascout Ortiz","date":"15 enero 2011","format":false,"excerpt":"Novena al Se\u00f1or de Esquipulas Acto de\u00a0Contrici\u00f3n Jes\u00fas crucificado: postrado a tus pies el m\u00e1s ingrato pecador, te pide perd\u00f3n y misericordia de haberte ofendido con tantas culpas; me pesa, mi Jes\u00fas, haber ofendido a tan soberana Majestad, propongo la enmienda de mi vida; te doy la palabra de confesar\u2026","rel":"","context":"En \u00abLimones\u00bb","block_context":{"text":"Limones","link":"https:\/\/quechilero.com\/blog\/category\/limones\/"},"img":{"alt_text":"","src":"","width":0,"height":0},"classes":[]}],"jetpack_featured_media_url":"","_links":{"self":[{"href":"https:\/\/quechilero.com\/blog\/wp-json\/wp\/v2\/posts\/5953","targetHints":{"allow":["GET"]}}],"collection":[{"href":"https:\/\/quechilero.com\/blog\/wp-json\/wp\/v2\/posts"}],"about":[{"href":"https:\/\/quechilero.com\/blog\/wp-json\/wp\/v2\/types\/post"}],"author":[{"embeddable":true,"href":"https:\/\/quechilero.com\/blog\/wp-json\/wp\/v2\/users\/1"}],"replies":[{"embeddable":true,"href":"https:\/\/quechilero.com\/blog\/wp-json\/wp\/v2\/comments?post=5953"}],"version-history":[{"count":0,"href":"https:\/\/quechilero.com\/blog\/wp-json\/wp\/v2\/posts\/5953\/revisions"}],"wp:attachment":[{"href":"https:\/\/quechilero.com\/blog\/wp-json\/wp\/v2\/media?parent=5953"}],"wp:term":[{"taxonomy":"category","embeddable":true,"href":"https:\/\/quechilero.com\/blog\/wp-json\/wp\/v2\/categories?post=5953"},{"taxonomy":"post_tag","embeddable":true,"href":"https:\/\/quechilero.com\/blog\/wp-json\/wp\/v2\/tags?post=5953"},{"taxonomy":"series","embeddable":true,"href":"https:\/\/quechilero.com\/blog\/wp-json\/wp\/v2\/series?post=5953"}],"curies":[{"name":"wp","href":"https:\/\/api.w.org\/{rel}","templated":true}]}}