{"id":5946,"date":"2010-12-17T08:00:32","date_gmt":"2010-12-17T14:00:32","guid":{"rendered":"http:\/\/quechilero.com\/blog\/?p=5946"},"modified":"2010-12-17T08:00:32","modified_gmt":"2010-12-17T14:00:32","slug":"los-nacimientos","status":"publish","type":"post","link":"https:\/\/quechilero.com\/blog\/2010\/12\/17\/los-nacimientos\/","title":{"rendered":"Los Nacimientos"},"content":{"rendered":"<p>El Papa San Sixto III, en el siglo V, ya celebraba la Navidad con algunas representaciones del Nacimiento de Cristo realizados en una gruta semejante a la de Bel\u00e9n que \u00e9l mismo hab\u00eda mandado construir en una Iglesia.<\/p>\n<p>Sin embargo, se considera a San Francisco de As\u00eds como el creador de los Nacimientos. En 1223 quiso celebrar una \u00abNoche Buena\u00bb en la que se reviviera el recuerdo de Jes\u00fas nacido en Bel\u00e9n. Para que todos pudieran comprender mejor las condiciones en las que sucedi\u00f3, puso un Nacimiento en el bosque con personas y animales vivos.<\/p>\n<p>Esta actividad gust\u00f3 mucho a las personas que asistieron y se empez\u00f3 a popularizar. Con el paso del tiempo, la falta de espacio oblig\u00f3 a sustituir a las personas y animales con figuras de madera o de barro.<\/p>\n<p>Esta tradici\u00f3n fue acogida con gran cari\u00f1o y se ha extendido por todo el mundo desde el siglo XVI.<\/p>\n<p>Poner un nacimiento en casa, en el que podemos contemplar la imagen de Bel\u00e9n, el pesebre, los pastores, los magos, Jos\u00e9 y Mar\u00eda, puede ser una actividad que fomenta la uni\u00f3n familiar. Y al mismo tiempo, convertirse en una imagen que nos ayude a meditar en el misterio de la Navidad y en las virtudes de cada uno de los personajes. A trav\u00e9s de los sentidos se eleva nuestro esp\u00edritu ante este gran acontecimiento.<\/p>\n<p>El Nacimiento nos invita a reflexionar en el gran misterio de Dios hecho hombre por amor al hombre.<\/p>\n","protected":false},"excerpt":{"rendered":"<p>El Papa San Sixto III, en el siglo V, ya celebraba la Navidad con algunas representaciones del Nacimiento de Cristo realizados en una gruta semejante a la de Bel\u00e9n que \u00e9l mismo hab\u00eda mandado construir en una Iglesia. Sin embargo, se considera a San Francisco de As\u00eds como el creador de los Nacimientos. En 1223 &#8230; <a title=\"Los Nacimientos\" class=\"read-more\" href=\"https:\/\/quechilero.com\/blog\/2010\/12\/17\/los-nacimientos\/\" aria-label=\"Leer m\u00e1s sobre Los Nacimientos\">Leer m\u00e1s<\/a><\/p>\n","protected":false},"author":1,"featured_media":0,"comment_status":"open","ping_status":"open","sticky":false,"template":"","format":"standard","meta":{"advanced_seo_description":"","jetpack_seo_html_title":"","jetpack_seo_noindex":false,"jetpack_seo_schema_type":"","episode_type":"","audio_file":"","podmotor_file_id":"","podmotor_episode_id":"","cover_image":"","cover_image_id":"","duration":"","filesize":"","filesize_raw":"","date_recorded":"","explicit":"","block":"","_jetpack_newsletter_access":"","_jetpack_dont_email_post_to_subs":false,"_jetpack_newsletter_tier_id":0,"_jetpack_memberships_contains_paywalled_content":false,"_jetpack_feature_clip_id":0,"_jetpack_memberships_contains_paid_content":false,"footnotes":"","jetpack_publicize_message":"","jetpack_publicize_feature_enabled":true,"jetpack_social_post_already_shared":false,"jetpack_social_options":{"image_generator_settings":{"template":"highway","default_image_id":0,"font":"","enabled":false},"version":2},"jetpack_post_was_ever_published":false},"categories":[2],"tags":[15,28,51,18,74,5,24],"series":[],"class_list":["post-5946","post","type-post","status-publish","format-standard","hentry","category-limones","tag-amor","tag-animales","tag-dios","tag-hombre","tag-jesus","tag-tiempo","tag-vida"],"episode_featured_image":false,"episode_player_image":"https:\/\/i0.wp.com\/quechilero.com\/blog\/imagenes\/podcast.png?fit=1831%2C1831&ssl=1","download_link":"","player_link":"","audio_player":false,"episode_data":{"playerMode":"dark","subscribeUrls":{"amazon":{"key":"amazon","url":"","label":"Amazon","class":"amazon","icon":"amazon.png"},"apple_podcasts":{"key":"apple_podcasts","url":"","label":"Apple Podcasts","class":"apple_podcasts","icon":"apple-podcasts.png"},"castbox":{"key":"castbox","url":"","label":"CastBox","class":"castbox","icon":"castbox.png"},"deezer":{"key":"deezer","url":"","label":"Deezer","class":"deezer","icon":"deezer.png"},"google_podcasts":{"key":"google_podcasts","url":"","label":"Google Podcasts","class":"google_podcasts","icon":"google-podcasts.png"},"listen_notes":{"key":"listen_notes","url":"","label":"Listen Notes","class":"listen_notes","icon":"listen-notes.png"},"pandora":{"key":"pandora","url":"","label":"Pandora","class":"pandora","icon":"pandora.png"},"podbean":{"key":"podbean","url":"","label":"Podbean","class":"podbean","icon":"podbean.png"},"podcast_republic":{"key":"podcast_republic","url":"","label":"Podcast Republic","class":"podcast_republic","icon":"podcast-republic.png"},"rss":{"key":"rss","url":"","label":"RSS","class":"rss","icon":"rss.png"},"spotify":{"key":"spotify","url":"","label":"Spotify","class":"spotify","icon":"spotify.png"},"stitcher":{"key":"stitcher","url":"","label":"Stitcher","class":"stitcher","icon":"stitcher.png"},"tunein":{"key":"tunein","url":"","label":"TuneIn","class":"tunein","icon":"tunein.png"},"youtube":{"key":"youtube","url":"","label":"YouTube","class":"youtube","icon":"youtube.png"},"iheartradio":{"key":"iheartradio","url":"","label":"iHeartRadio","class":"iheartradio","icon":"iheartradio.png"},"ivoox":{"key":"ivoox","url":"","label":"iVoox","class":"ivoox","icon":"ivoox.png"}},"rssFeedUrl":"https:\/\/quechilero.com\/blog\/feed\/podcast\/si-la-vida-nos-da-limones","embedCode":"<blockquote class=\"wp-embedded-content\" data-secret=\"WiCe56mGR4\"><a href=\"https:\/\/quechilero.com\/blog\/2010\/12\/17\/los-nacimientos\/\">Los Nacimientos<\/a><\/blockquote><iframe sandbox=\"allow-scripts\" security=\"restricted\" src=\"https:\/\/quechilero.com\/blog\/2010\/12\/17\/los-nacimientos\/embed\/#?secret=WiCe56mGR4\" width=\"500\" height=\"350\" title=\"\u00abLos Nacimientos\u00bb \u2014 Si la Vida nos da Limones...\" data-secret=\"WiCe56mGR4\" frameborder=\"0\" marginwidth=\"0\" marginheight=\"0\" scrolling=\"no\" class=\"wp-embedded-content\"><\/iframe><script>\n\/*! This file is auto-generated *\/\n!function(d,l){\"use strict\";l.querySelector&&d.addEventListener&&\"undefined\"!=typeof URL&&(d.wp=d.wp||{},d.wp.receiveEmbedMessage||(d.wp.receiveEmbedMessage=function(e){var t=e.data;if((t||t.secret||t.message||t.value)&&!\/[^a-zA-Z0-9]\/.test(t.secret)){for(var s,r,n,a=l.querySelectorAll('iframe[data-secret=\"'+t.secret+'\"]'),o=l.querySelectorAll('blockquote[data-secret=\"'+t.secret+'\"]'),c=new RegExp(\"^https?:$\",\"i\"),i=0;i<o.length;i++)o[i].style.display=\"none\";for(i=0;i<a.length;i++)s=a[i],e.source===s.contentWindow&&(s.removeAttribute(\"style\"),\"height\"===t.message?(1e3<(r=parseInt(t.value,10))?r=1e3:~~r<200&&(r=200),s.height=r):\"link\"===t.message&&(r=new URL(s.getAttribute(\"src\")),n=new URL(t.value),c.test(n.protocol))&&n.host===r.host&&l.activeElement===s&&(d.top.location.href=t.value))}},d.addEventListener(\"message\",d.wp.receiveEmbedMessage,!1),l.addEventListener(\"DOMContentLoaded\",function(){for(var e,t,s=l.querySelectorAll(\"iframe.wp-embedded-content\"),r=0;r<s.length;r++)(t=(e=s[r]).getAttribute(\"data-secret\"))||(t=Math.random().toString(36).substring(2,12),e.src+=\"#?secret=\"+t,e.setAttribute(\"data-secret\",t)),e.contentWindow.postMessage({message:\"ready\",secret:t},\"*\")},!1)))}(window,document);\n\/\/# sourceURL=https:\/\/quechilero.com\/blog\/wp-includes\/js\/wp-embed.min.js\n<\/script>\n"},"jetpack_publicize_connections":[],"jetpack_shortlink":"https:\/\/wp.me\/pDKli-1xU","jetpack_sharing_enabled":true,"jetpack-related-posts":[{"id":819,"url":"https:\/\/quechilero.com\/blog\/2007\/12\/24\/como-comenzo-a-celebrarse-la-navidad\/","url_meta":{"origin":5946,"position":0},"title":"\u00bfC\u00f3mo comenz\u00f3 a celebrarse la Navidad?","author":"Pepe Barrascout Ortiz","date":"24 diciembre 2007","format":false,"excerpt":"Uno podr\u00eda pensar que si el nacimiento de alguien debiera haber quedado registrado, sin duda ser\u00eda el nacimiento de Nuestro Salvador. Sin embargo, la verdad es que no es as\u00ed. Los Evangelios no registran la fecha exacta del nacimiento de Nuestro Se\u00f1or. La raz\u00f3n probable de por qu\u00e9 los evangelios\u2026","rel":"","context":"En \u00abLimones\u00bb","block_context":{"text":"Limones","link":"https:\/\/quechilero.com\/blog\/category\/limones\/"},"img":{"alt_text":"","src":"","width":0,"height":0},"classes":[]},{"id":5953,"url":"https:\/\/quechilero.com\/blog\/2010\/11\/07\/nacido-para-morir\/","url_meta":{"origin":5946,"position":1},"title":"Nacido para Morir","author":"Pepe Barrascout Ortiz","date":"7 noviembre 2010","format":false,"excerpt":"Aunque millones de personas celebran el nacimiento de Cristo, pocas parecen ser conscientes de su verdadero significado. Reconocemos que su nacimiento fue inusitado porque naci\u00f3 de una Virgen. Su vida tambi\u00e9n fue singular porque fue el \u00fanico que vivi\u00f3 sin pecar. Su muerte tambi\u00e9n fue inusual. Jes\u00fas no fue un\u2026","rel":"","context":"En \u00abLimones\u00bb","block_context":{"text":"Limones","link":"https:\/\/quechilero.com\/blog\/category\/limones\/"},"img":{"alt_text":"","src":"","width":0,"height":0},"classes":[]},{"id":11463,"url":"https:\/\/quechilero.com\/blog\/2011\/12\/25\/todos-los-dias-puede-ser-navidad\/","url_meta":{"origin":5946,"position":2},"title":"Todos los d\u00edas puede ser Navidad","author":"Pepe Barrascout Ortiz","date":"25 diciembre 2011","format":false,"excerpt":"El optimismo es la tarjeta de identificaci\u00f3n del cristiano. Este optimismo nace de la certeza de que Dios naci\u00f3 y puso su morada entre nosotros. En esta Navidad Cristo quiere nacer de nuevo en el coraz\u00f3n de los hombres con una condici\u00f3n: dejarlo entrar. A veces somos medio miopes y\u2026","rel":"","context":"En \u00abLimones\u00bb","block_context":{"text":"Limones","link":"https:\/\/quechilero.com\/blog\/category\/limones\/"},"img":{"alt_text":"","src":"","width":0,"height":0},"classes":[]},{"id":11453,"url":"https:\/\/quechilero.com\/blog\/2011\/12\/24\/oracion-por-el-nacimiento-de-jesus\/","url_meta":{"origin":5946,"position":3},"title":"Oracion por el Nacimiento de Jes\u00fas","author":"Pepe Barrascout Ortiz","date":"24 diciembre 2011","format":false,"excerpt":"Dios Todopoderoso, que derram\u00e1is hoy sobre nosotros la nueva luz de vuestro Verbo encarnado, haced que la fe de este misterio se infunda tambi\u00e9n en nuestros corazones. Se\u00f1or y Dios nuestro, haced del mismo modo, te lo rogarnos, que celebrando con alegr\u00eda la Natividad de nuestro Se\u00f1or Jesucristo, merezcamos, por\u2026","rel":"","context":"En \u00abLimones\u00bb","block_context":{"text":"Limones","link":"https:\/\/quechilero.com\/blog\/category\/limones\/"},"img":{"alt_text":"","src":"","width":0,"height":0},"classes":[]},{"id":2677,"url":"https:\/\/quechilero.com\/blog\/2009\/04\/27\/cambiando-la-historia\/","url_meta":{"origin":5946,"position":4},"title":"Cambiando la historia","author":"Pepe Barrascout Ortiz","date":"27 abril 2009","format":false,"excerpt":"Hoy en d\u00eda, cuando podemos hacer llamadas internacionales por tel\u00e9fono celular, enviar correos electr\u00f3nicos por todo el mundo y descargar im\u00e1genes del espacio en nuestras computadoras, es dif\u00edcil imaginar el impacto de un peque\u00f1o sat\u00e9lite del tama\u00f1o de una pelota de baloncesto. Pero el 4 de octubre de 1957, el\u2026","rel":"","context":"En \u00abLimones\u00bb","block_context":{"text":"Limones","link":"https:\/\/quechilero.com\/blog\/category\/limones\/"},"img":{"alt_text":"","src":"","width":0,"height":0},"classes":[]},{"id":27328,"url":"https:\/\/quechilero.com\/blog\/2010\/10\/02\/el-santo-rosario-misterios-gozosos\/","url_meta":{"origin":5946,"position":5},"title":"El Santo Rosario: Misterios Gozosos","author":"Pepe Barrascout Ortiz","date":"2 octubre 2010","format":false,"excerpt":"Los Misterios Gozosos los rezamos los Lunes y S\u00e1bados \u00a0 En el nombre del Padre, y del Hijo, y del Esp\u00edritu Santo. Am\u00e9n. Dios m\u00edo, ven en mi auxilio. Se\u00f1or, date prisa en socorrerme. Gloria al Padre, Gloria al Hijo y Gloria al Esp\u00edritu Santo, Am\u00e9n. Primer Misterio Gozoso. La\u2026","rel":"","context":"En \u00abEl Santo Rosario\u00bb","block_context":{"text":"El Santo Rosario","link":"https:\/\/quechilero.com\/blog\/category\/podcast\/el-santo-rosario\/"},"img":{"alt_text":"Misterios Gozosos","src":"https:\/\/i0.wp.com\/i392.photobucket.com\/albums\/pp7\/pepejaguar\/blog\/Misterios-Gozosos_zps4a26ae91.jpg?resize=350%2C200","width":350,"height":200,"srcset":"https:\/\/i0.wp.com\/i392.photobucket.com\/albums\/pp7\/pepejaguar\/blog\/Misterios-Gozosos_zps4a26ae91.jpg?resize=350%2C200 1x, https:\/\/i0.wp.com\/i392.photobucket.com\/albums\/pp7\/pepejaguar\/blog\/Misterios-Gozosos_zps4a26ae91.jpg?resize=525%2C300 1.5x"},"classes":[]}],"jetpack_featured_media_url":"","_links":{"self":[{"href":"https:\/\/quechilero.com\/blog\/wp-json\/wp\/v2\/posts\/5946","targetHints":{"allow":["GET"]}}],"collection":[{"href":"https:\/\/quechilero.com\/blog\/wp-json\/wp\/v2\/posts"}],"about":[{"href":"https:\/\/quechilero.com\/blog\/wp-json\/wp\/v2\/types\/post"}],"author":[{"embeddable":true,"href":"https:\/\/quechilero.com\/blog\/wp-json\/wp\/v2\/users\/1"}],"replies":[{"embeddable":true,"href":"https:\/\/quechilero.com\/blog\/wp-json\/wp\/v2\/comments?post=5946"}],"version-history":[{"count":0,"href":"https:\/\/quechilero.com\/blog\/wp-json\/wp\/v2\/posts\/5946\/revisions"}],"wp:attachment":[{"href":"https:\/\/quechilero.com\/blog\/wp-json\/wp\/v2\/media?parent=5946"}],"wp:term":[{"taxonomy":"category","embeddable":true,"href":"https:\/\/quechilero.com\/blog\/wp-json\/wp\/v2\/categories?post=5946"},{"taxonomy":"post_tag","embeddable":true,"href":"https:\/\/quechilero.com\/blog\/wp-json\/wp\/v2\/tags?post=5946"},{"taxonomy":"series","embeddable":true,"href":"https:\/\/quechilero.com\/blog\/wp-json\/wp\/v2\/series?post=5946"}],"curies":[{"name":"wp","href":"https:\/\/api.w.org\/{rel}","templated":true}]}}