{"id":59,"date":"2006-07-26T00:10:16","date_gmt":"2006-07-26T06:10:16","guid":{"rendered":"http:\/\/quechilero.com\/blog\/2006\/07\/26\/windows-y-mac-en-guatemala\/"},"modified":"2006-07-26T00:10:16","modified_gmt":"2006-07-26T06:10:16","slug":"windows-y-mac-en-guatemala","status":"publish","type":"post","link":"https:\/\/quechilero.com\/blog\/2006\/07\/26\/windows-y-mac-en-guatemala\/","title":{"rendered":"Windows y Mac en Guatemala"},"content":{"rendered":"<p>En nuestra famosa ciudad colonial <em>Antigua Guatemala<\/em> fue tomada esta <a target=\"_blank\" href=\"http:\/\/www.antiguadailyphoto.com\/\">foto<\/a> la cual en forma subliminal, divertida y muy real, nos indica el avance que tiene en Guatemala la plataforma Windows y la de Macintosh.<\/p>\n<p>Creo que la proporci\u00f3n es correcta, en cuanto al n\u00famero de <em>Windows<\/em> que hay en la foto y el n\u00famero de <em>Macs<\/em> que podemos encontrar en nuestro pa\u00eds.<\/p>\n<p><a title=\"Photo Sharing\" target=\"0\" href=\"http:\/\/www.flickr.com\/photos\/pepejaguar\/198547501\/\"><img data-recalc-dims=\"1\" decoding=\"async\" border=\"0\" alt=\"Windows y Mac en Guatemala\" style=\"width: 433px; height: 328px\" src=\"https:\/\/i0.wp.com\/static.flickr.com\/61\/198547501_091ad1df39_o.jpg?w=1200\" \/><\/a><\/p>\n<p>Visto en: <a target=\"_blank\" href=\"http:\/\/www.desdeguate.com\">Desde Guate<\/a><\/p>\n","protected":false},"excerpt":{"rendered":"<p>En nuestra famosa ciudad colonial Antigua Guatemala fue tomada esta foto la cual en forma subliminal, divertida y muy real, nos indica el avance que tiene en Guatemala la plataforma Windows y la de Macintosh. Creo que la proporci\u00f3n es correcta, en cuanto al n\u00famero de Windows que hay en la foto y el n\u00famero &#8230; <a title=\"Windows y Mac en Guatemala\" class=\"read-more\" href=\"https:\/\/quechilero.com\/blog\/2006\/07\/26\/windows-y-mac-en-guatemala\/\" aria-label=\"Leer m\u00e1s sobre Windows y Mac en Guatemala\">Leer m\u00e1s<\/a><\/p>\n","protected":false},"author":1,"featured_media":0,"comment_status":"open","ping_status":"open","sticky":false,"template":"","format":"standard","meta":{"advanced_seo_description":"","jetpack_seo_html_title":"","jetpack_seo_noindex":false,"jetpack_seo_schema_type":"","episode_type":"","audio_file":"","podmotor_file_id":"","podmotor_episode_id":"","cover_image":"","cover_image_id":"","duration":"","filesize":"","filesize_raw":"","date_recorded":"","explicit":"","block":"","_jetpack_newsletter_access":"","_jetpack_dont_email_post_to_subs":false,"_jetpack_newsletter_tier_id":0,"_jetpack_memberships_contains_paywalled_content":false,"_jetpack_feature_clip_id":0,"_jetpack_memberships_contains_paid_content":false,"footnotes":"","jetpack_publicize_message":"","jetpack_publicize_feature_enabled":true,"jetpack_social_post_already_shared":false,"jetpack_social_options":{"image_generator_settings":{"template":"highway","default_image_id":0,"font":"","enabled":false},"version":2},"jetpack_post_was_ever_published":false},"categories":[2],"tags":[10,13],"series":[],"class_list":["post-59","post","type-post","status-publish","format-standard","hentry","category-limones","tag-guatemala","tag-windows"],"episode_featured_image":false,"episode_player_image":"https:\/\/i0.wp.com\/quechilero.com\/blog\/imagenes\/podcast.png?fit=1831%2C1831&ssl=1","download_link":"","player_link":"","audio_player":false,"episode_data":{"playerMode":"dark","subscribeUrls":{"amazon":{"key":"amazon","url":"","label":"Amazon","class":"amazon","icon":"amazon.png"},"apple_podcasts":{"key":"apple_podcasts","url":"","label":"Apple Podcasts","class":"apple_podcasts","icon":"apple-podcasts.png"},"castbox":{"key":"castbox","url":"","label":"CastBox","class":"castbox","icon":"castbox.png"},"deezer":{"key":"deezer","url":"","label":"Deezer","class":"deezer","icon":"deezer.png"},"google_podcasts":{"key":"google_podcasts","url":"","label":"Google Podcasts","class":"google_podcasts","icon":"google-podcasts.png"},"listen_notes":{"key":"listen_notes","url":"","label":"Listen Notes","class":"listen_notes","icon":"listen-notes.png"},"pandora":{"key":"pandora","url":"","label":"Pandora","class":"pandora","icon":"pandora.png"},"podbean":{"key":"podbean","url":"","label":"Podbean","class":"podbean","icon":"podbean.png"},"podcast_republic":{"key":"podcast_republic","url":"","label":"Podcast Republic","class":"podcast_republic","icon":"podcast-republic.png"},"rss":{"key":"rss","url":"","label":"RSS","class":"rss","icon":"rss.png"},"spotify":{"key":"spotify","url":"","label":"Spotify","class":"spotify","icon":"spotify.png"},"stitcher":{"key":"stitcher","url":"","label":"Stitcher","class":"stitcher","icon":"stitcher.png"},"tunein":{"key":"tunein","url":"","label":"TuneIn","class":"tunein","icon":"tunein.png"},"youtube":{"key":"youtube","url":"","label":"YouTube","class":"youtube","icon":"youtube.png"},"iheartradio":{"key":"iheartradio","url":"","label":"iHeartRadio","class":"iheartradio","icon":"iheartradio.png"},"ivoox":{"key":"ivoox","url":"","label":"iVoox","class":"ivoox","icon":"ivoox.png"}},"rssFeedUrl":"https:\/\/quechilero.com\/blog\/feed\/podcast\/si-la-vida-nos-da-limones","embedCode":"<blockquote class=\"wp-embedded-content\" data-secret=\"vLjyyu02oR\"><a href=\"https:\/\/quechilero.com\/blog\/2006\/07\/26\/windows-y-mac-en-guatemala\/\">Windows y Mac en Guatemala<\/a><\/blockquote><iframe sandbox=\"allow-scripts\" security=\"restricted\" src=\"https:\/\/quechilero.com\/blog\/2006\/07\/26\/windows-y-mac-en-guatemala\/embed\/#?secret=vLjyyu02oR\" width=\"500\" height=\"350\" title=\"\u00abWindows y Mac en Guatemala\u00bb \u2014 Si la Vida nos da Limones...\" data-secret=\"vLjyyu02oR\" frameborder=\"0\" marginwidth=\"0\" marginheight=\"0\" scrolling=\"no\" class=\"wp-embedded-content\"><\/iframe><script>\n\/*! This file is auto-generated *\/\n!function(d,l){\"use strict\";l.querySelector&&d.addEventListener&&\"undefined\"!=typeof URL&&(d.wp=d.wp||{},d.wp.receiveEmbedMessage||(d.wp.receiveEmbedMessage=function(e){var t=e.data;if((t||t.secret||t.message||t.value)&&!\/[^a-zA-Z0-9]\/.test(t.secret)){for(var s,r,n,a=l.querySelectorAll('iframe[data-secret=\"'+t.secret+'\"]'),o=l.querySelectorAll('blockquote[data-secret=\"'+t.secret+'\"]'),c=new RegExp(\"^https?:$\",\"i\"),i=0;i<o.length;i++)o[i].style.display=\"none\";for(i=0;i<a.length;i++)s=a[i],e.source===s.contentWindow&&(s.removeAttribute(\"style\"),\"height\"===t.message?(1e3<(r=parseInt(t.value,10))?r=1e3:~~r<200&&(r=200),s.height=r):\"link\"===t.message&&(r=new URL(s.getAttribute(\"src\")),n=new URL(t.value),c.test(n.protocol))&&n.host===r.host&&l.activeElement===s&&(d.top.location.href=t.value))}},d.addEventListener(\"message\",d.wp.receiveEmbedMessage,!1),l.addEventListener(\"DOMContentLoaded\",function(){for(var e,t,s=l.querySelectorAll(\"iframe.wp-embedded-content\"),r=0;r<s.length;r++)(t=(e=s[r]).getAttribute(\"data-secret\"))||(t=Math.random().toString(36).substring(2,12),e.src+=\"#?secret=\"+t,e.setAttribute(\"data-secret\",t)),e.contentWindow.postMessage({message:\"ready\",secret:t},\"*\")},!1)))}(window,document);\n\/\/# sourceURL=https:\/\/quechilero.com\/blog\/wp-includes\/js\/wp-embed.min.js\n<\/script>\n"},"jetpack_publicize_connections":[],"jetpack_shortlink":"https:\/\/wp.me\/pDKli-X","jetpack_sharing_enabled":true,"jetpack-related-posts":[{"id":4316,"url":"https:\/\/quechilero.com\/blog\/2010\/01\/25\/pagina-del-congreso-aloja-software-malintencionado\/","url_meta":{"origin":59,"position":0},"title":"P\u00e1gina del Congreso aloja software malintencionado","author":"Pepe Barrascout Ortiz","date":"25 enero 2010","format":false,"excerpt":"Por cuestiones de trabajo me encontraba realizando el redise\u00f1o y adaptaci\u00f3n de un sitio web, y uno de sus enlaces externos, era hacia el Congreso de la Rep\u00fablica de Guatemala, espec\u00edficamente a la propuesta de ley para el comercio electr\u00f3nico. Como de todos es sabido, el comercio electr\u00f3nico en Guatemala\u2026","rel":"","context":"En \u00abLimones\u00bb","block_context":{"text":"Limones","link":"https:\/\/quechilero.com\/blog\/category\/limones\/"},"img":{"alt_text":"","src":"","width":0,"height":0},"classes":[]},{"id":2298,"url":"https:\/\/quechilero.com\/blog\/2009\/01\/12\/blogs-de-guatemala-los-50-articulos-mas-leidos-en-el-2008\/","url_meta":{"origin":59,"position":1},"title":"Blogs de Guatemala: los 50 art\u00edculos mas le\u00eddos en el 2008","author":"Pepe Barrascout Ortiz","date":"12 enero 2009","format":false,"excerpt":"A lo largo del a\u00f1o 2008, los blogs que forman parte de www.blogsdeguatemala.com, publicaron varios miles de art\u00edculos, llegando casi a los doscientos mil, solo el a\u00f1o pasado. De esta cantidad de producci\u00f3n escrita generada por guatemaltecos, a continuaci\u00f3n les presento los 50 art\u00edculos mas le\u00eddos, durante el a\u00f1o 2008.\u2026","rel":"","context":"En \u00abBlogs de Guatemala\u00bb","block_context":{"text":"Blogs de Guatemala","link":"https:\/\/quechilero.com\/blog\/category\/blogs-de-guatemala\/"},"img":{"alt_text":"","src":"","width":0,"height":0},"classes":[]},{"id":5630,"url":"https:\/\/quechilero.com\/blog\/2010\/09\/22\/viaje-en-el-tiempo-internet-hace-15-anos\/","url_meta":{"origin":59,"position":2},"title":"Viaje en el tiempo: Internet hace 15 a\u00f1os","author":"Pepe Barrascout Ortiz","date":"22 septiembre 2010","format":false,"excerpt":"Hace muchos a\u00f1os, conoc\u00ed el internet, recuerdo que fue principalmente en la casa de mi amigo Gustavo, cuando me muestra su computadora de \u00faltima tecnolog\u00eda, con algo raro y muy llamativo llamado Windows 95, hasta ese momento, apenas hab\u00eda tenido un par de encuentros con Windows 3.1, porque hasta ese\u2026","rel":"","context":"En \u00abLimones\u00bb","block_context":{"text":"Limones","link":"https:\/\/quechilero.com\/blog\/category\/limones\/"},"img":{"alt_text":"","src":"","width":0,"height":0},"classes":[]},{"id":1595,"url":"https:\/\/quechilero.com\/blog\/2008\/08\/31\/maraton-sprint-final\/","url_meta":{"origin":59,"position":3},"title":"Marat\u00f3n &#8211; Sprint Final","author":"Pepe Barrascout Ortiz","date":"31 agosto 2008","format":false,"excerpt":"https:\/\/youtu.be\/MiZnPgjy9J8 El neoceland\u00e9s medalla de plata en Atenas 2004 Bevan Docherty, ganando un increible sprint a su compatriota Kris Gemmell, en la ITU World Cup de New Plymouth. Despu\u00e9s de un mes de actividad continua, terminamos esta Marat\u00f3n de Blogs 2008, con mucha alegr\u00eda, por haber vivido esta experiencia tan\u2026","rel":"","context":"En \u00abBlogs de Guatemala\u00bb","block_context":{"text":"Blogs de Guatemala","link":"https:\/\/quechilero.com\/blog\/category\/blogs-de-guatemala\/"},"img":{"alt_text":"","src":"https:\/\/i0.wp.com\/quechilero.com\/blog\/imagenes\/limones.jpg?fit=620%2C350&ssl=1&resize=350%2C200","width":350,"height":200,"srcset":"https:\/\/i0.wp.com\/quechilero.com\/blog\/imagenes\/limones.jpg?fit=620%2C350&ssl=1&resize=350%2C200 1x, https:\/\/i0.wp.com\/quechilero.com\/blog\/imagenes\/limones.jpg?fit=620%2C350&ssl=1&resize=525%2C300 1.5x"},"classes":[]},{"id":209,"url":"https:\/\/quechilero.com\/blog\/2006\/08\/29\/precio-de-windows-vista\/","url_meta":{"origin":59,"position":4},"title":"Precio de Windows Vista","author":"Pepe Barrascout Ortiz","date":"29 agosto 2006","format":false,"excerpt":"Para aquellos a los que les sobran algunos d\u00f3lares por ah\u00ed, ya pueden ir reservando en Amazon su Windows Vista el cual ser\u00e1 lanzado al parecer el 30 de enero 2007. A ver si no lo vuelven a aplazar. Sugerencia, descarguen y usen Ubuntu, es gratis, seguro, sin virus, liviano\u2026","rel":"","context":"En \u00abLimones\u00bb","block_context":{"text":"Limones","link":"https:\/\/quechilero.com\/blog\/category\/limones\/"},"img":{"alt_text":"Windows-Vista-logo","src":"https:\/\/i0.wp.com\/static.flickr.com\/97\/228548562_608ecdd697_o.jpg?resize=350%2C200","width":350,"height":200},"classes":[]},{"id":3608,"url":"https:\/\/quechilero.com\/blog\/2009\/08\/31\/maraton-de-blogs-sprint-final\/","url_meta":{"origin":59,"position":5},"title":"Marat\u00f3n de Blogs: Sprint Final","author":"Pepe Barrascout Ortiz","date":"31 agosto 2009","format":false,"excerpt":"Con gran alegr\u00eda y emoci\u00f3n, llegamos al final de la Marat\u00f3n de Blogs 2009, este a\u00f1o se ha consolidado la actividad y me siento satisfecho de haber cumplido el objetivo por el que por cuarto a\u00f1o he realizado este evento, el dar a conocer y promover los blogs que se\u2026","rel":"","context":"En \u00abBlogs de Guatemala\u00bb","block_context":{"text":"Blogs de Guatemala","link":"https:\/\/quechilero.com\/blog\/category\/blogs-de-guatemala\/"},"img":{"alt_text":"Marat\u00f3n de Blogs 2009","src":"https:\/\/i0.wp.com\/i392.photobucket.com\/albums\/pp7\/pepejaguar\/maraton2009\/maraton2009.jpg?resize=350%2C200","width":350,"height":200,"srcset":"https:\/\/i0.wp.com\/i392.photobucket.com\/albums\/pp7\/pepejaguar\/maraton2009\/maraton2009.jpg?resize=350%2C200 1x, https:\/\/i0.wp.com\/i392.photobucket.com\/albums\/pp7\/pepejaguar\/maraton2009\/maraton2009.jpg?resize=525%2C300 1.5x"},"classes":[]}],"jetpack_featured_media_url":"","_links":{"self":[{"href":"https:\/\/quechilero.com\/blog\/wp-json\/wp\/v2\/posts\/59","targetHints":{"allow":["GET"]}}],"collection":[{"href":"https:\/\/quechilero.com\/blog\/wp-json\/wp\/v2\/posts"}],"about":[{"href":"https:\/\/quechilero.com\/blog\/wp-json\/wp\/v2\/types\/post"}],"author":[{"embeddable":true,"href":"https:\/\/quechilero.com\/blog\/wp-json\/wp\/v2\/users\/1"}],"replies":[{"embeddable":true,"href":"https:\/\/quechilero.com\/blog\/wp-json\/wp\/v2\/comments?post=59"}],"version-history":[{"count":0,"href":"https:\/\/quechilero.com\/blog\/wp-json\/wp\/v2\/posts\/59\/revisions"}],"wp:attachment":[{"href":"https:\/\/quechilero.com\/blog\/wp-json\/wp\/v2\/media?parent=59"}],"wp:term":[{"taxonomy":"category","embeddable":true,"href":"https:\/\/quechilero.com\/blog\/wp-json\/wp\/v2\/categories?post=59"},{"taxonomy":"post_tag","embeddable":true,"href":"https:\/\/quechilero.com\/blog\/wp-json\/wp\/v2\/tags?post=59"},{"taxonomy":"series","embeddable":true,"href":"https:\/\/quechilero.com\/blog\/wp-json\/wp\/v2\/series?post=59"}],"curies":[{"name":"wp","href":"https:\/\/api.w.org\/{rel}","templated":true}]}}