{"id":5809,"date":"2010-10-29T08:00:51","date_gmt":"2010-10-29T14:00:51","guid":{"rendered":"http:\/\/quechilero.com\/blog\/?p=5809"},"modified":"2010-10-29T08:00:51","modified_gmt":"2010-10-29T14:00:51","slug":"la-fortaleza-de-las-ciudades","status":"publish","type":"post","link":"https:\/\/quechilero.com\/blog\/2010\/10\/29\/la-fortaleza-de-las-ciudades\/","title":{"rendered":"La fortaleza de las ciudades"},"content":{"rendered":"<p>Los espartanos han pasado a la historia como una de las razas m\u00e1s disciplinadas y valerosas. En cierta ocasi\u00f3n, le preguntaron a un espartano ilustre, Agesilao el Grande:<\/p>\n<p><em>&#8211; \u00bfC\u00f3mo es que Esparta no est\u00e1 rodeada de murallas?<\/em><\/p>\n<p>A lo que \u00e9l contest\u00f3:<\/p>\n<p><em>&#8211; Lo que hace fuerte a las ciudades no son los maderos ni las piedras, sino las virtudes de sus ciudadanos.<\/em><\/p>\n","protected":false},"excerpt":{"rendered":"<p>Los espartanos han pasado a la historia como una de las razas m\u00e1s disciplinadas y valerosas. En cierta ocasi\u00f3n, le preguntaron a un espartano ilustre, Agesilao el Grande: &#8211; \u00bfC\u00f3mo es que Esparta no est\u00e1 rodeada de murallas? A lo que \u00e9l contest\u00f3: &#8211; Lo que hace fuerte a las ciudades no son los maderos &#8230; <a title=\"La fortaleza de las ciudades\" class=\"read-more\" href=\"https:\/\/quechilero.com\/blog\/2010\/10\/29\/la-fortaleza-de-las-ciudades\/\" aria-label=\"Leer m\u00e1s sobre La fortaleza de las ciudades\">Leer m\u00e1s<\/a><\/p>\n","protected":false},"author":1,"featured_media":0,"comment_status":"open","ping_status":"open","sticky":false,"template":"","format":"standard","meta":{"advanced_seo_description":"","jetpack_seo_html_title":"","jetpack_seo_noindex":false,"jetpack_seo_schema_type":"","episode_type":"","audio_file":"","podmotor_file_id":"","podmotor_episode_id":"","cover_image":"","cover_image_id":"","duration":"","filesize":"","filesize_raw":"","date_recorded":"","explicit":"","block":"","_jetpack_newsletter_access":"","_jetpack_dont_email_post_to_subs":false,"_jetpack_newsletter_tier_id":0,"_jetpack_memberships_contains_paywalled_content":false,"_jetpack_feature_clip_id":0,"_jetpack_memberships_contains_paid_content":false,"footnotes":"","jetpack_publicize_message":"","jetpack_publicize_feature_enabled":true,"jetpack_social_post_already_shared":false,"jetpack_social_options":{"image_generator_settings":{"template":"highway","default_image_id":0,"font":"","enabled":false},"version":2},"jetpack_post_was_ever_published":false},"categories":[2],"tags":[64,17],"series":[],"class_list":["post-5809","post","type-post","status-publish","format-standard","hentry","category-limones","tag-fortaleza","tag-historia"],"episode_featured_image":false,"episode_player_image":"https:\/\/i0.wp.com\/quechilero.com\/blog\/imagenes\/podcast.png?fit=1831%2C1831&ssl=1","download_link":"","player_link":"","audio_player":false,"episode_data":{"playerMode":"dark","subscribeUrls":{"amazon":{"key":"amazon","url":"","label":"Amazon","class":"amazon","icon":"amazon.png"},"apple_podcasts":{"key":"apple_podcasts","url":"","label":"Apple Podcasts","class":"apple_podcasts","icon":"apple-podcasts.png"},"castbox":{"key":"castbox","url":"","label":"CastBox","class":"castbox","icon":"castbox.png"},"deezer":{"key":"deezer","url":"","label":"Deezer","class":"deezer","icon":"deezer.png"},"google_podcasts":{"key":"google_podcasts","url":"","label":"Google Podcasts","class":"google_podcasts","icon":"google-podcasts.png"},"listen_notes":{"key":"listen_notes","url":"","label":"Listen Notes","class":"listen_notes","icon":"listen-notes.png"},"pandora":{"key":"pandora","url":"","label":"Pandora","class":"pandora","icon":"pandora.png"},"podbean":{"key":"podbean","url":"","label":"Podbean","class":"podbean","icon":"podbean.png"},"podcast_republic":{"key":"podcast_republic","url":"","label":"Podcast Republic","class":"podcast_republic","icon":"podcast-republic.png"},"rss":{"key":"rss","url":"","label":"RSS","class":"rss","icon":"rss.png"},"spotify":{"key":"spotify","url":"","label":"Spotify","class":"spotify","icon":"spotify.png"},"stitcher":{"key":"stitcher","url":"","label":"Stitcher","class":"stitcher","icon":"stitcher.png"},"tunein":{"key":"tunein","url":"","label":"TuneIn","class":"tunein","icon":"tunein.png"},"youtube":{"key":"youtube","url":"","label":"YouTube","class":"youtube","icon":"youtube.png"},"iheartradio":{"key":"iheartradio","url":"","label":"iHeartRadio","class":"iheartradio","icon":"iheartradio.png"},"ivoox":{"key":"ivoox","url":"","label":"iVoox","class":"ivoox","icon":"ivoox.png"}},"rssFeedUrl":"https:\/\/quechilero.com\/blog\/feed\/podcast\/si-la-vida-nos-da-limones","embedCode":"<blockquote class=\"wp-embedded-content\" data-secret=\"ZRyPq25yZX\"><a href=\"https:\/\/quechilero.com\/blog\/2010\/10\/29\/la-fortaleza-de-las-ciudades\/\">La fortaleza de las ciudades<\/a><\/blockquote><iframe sandbox=\"allow-scripts\" security=\"restricted\" src=\"https:\/\/quechilero.com\/blog\/2010\/10\/29\/la-fortaleza-de-las-ciudades\/embed\/#?secret=ZRyPq25yZX\" width=\"500\" height=\"350\" title=\"\u00abLa fortaleza de las ciudades\u00bb \u2014 Si la Vida nos da Limones...\" data-secret=\"ZRyPq25yZX\" frameborder=\"0\" marginwidth=\"0\" marginheight=\"0\" scrolling=\"no\" class=\"wp-embedded-content\"><\/iframe><script>\n\/*! This file is auto-generated *\/\n!function(d,l){\"use strict\";l.querySelector&&d.addEventListener&&\"undefined\"!=typeof URL&&(d.wp=d.wp||{},d.wp.receiveEmbedMessage||(d.wp.receiveEmbedMessage=function(e){var t=e.data;if((t||t.secret||t.message||t.value)&&!\/[^a-zA-Z0-9]\/.test(t.secret)){for(var s,r,n,a=l.querySelectorAll('iframe[data-secret=\"'+t.secret+'\"]'),o=l.querySelectorAll('blockquote[data-secret=\"'+t.secret+'\"]'),c=new RegExp(\"^https?:$\",\"i\"),i=0;i<o.length;i++)o[i].style.display=\"none\";for(i=0;i<a.length;i++)s=a[i],e.source===s.contentWindow&&(s.removeAttribute(\"style\"),\"height\"===t.message?(1e3<(r=parseInt(t.value,10))?r=1e3:~~r<200&&(r=200),s.height=r):\"link\"===t.message&&(r=new URL(s.getAttribute(\"src\")),n=new URL(t.value),c.test(n.protocol))&&n.host===r.host&&l.activeElement===s&&(d.top.location.href=t.value))}},d.addEventListener(\"message\",d.wp.receiveEmbedMessage,!1),l.addEventListener(\"DOMContentLoaded\",function(){for(var e,t,s=l.querySelectorAll(\"iframe.wp-embedded-content\"),r=0;r<s.length;r++)(t=(e=s[r]).getAttribute(\"data-secret\"))||(t=Math.random().toString(36).substring(2,12),e.src+=\"#?secret=\"+t,e.setAttribute(\"data-secret\",t)),e.contentWindow.postMessage({message:\"ready\",secret:t},\"*\")},!1)))}(window,document);\n\/\/# sourceURL=https:\/\/quechilero.com\/blog\/wp-includes\/js\/wp-embed.min.js\n<\/script>\n"},"jetpack_publicize_connections":[],"jetpack_shortlink":"https:\/\/wp.me\/pDKli-1vH","jetpack_sharing_enabled":true,"jetpack-related-posts":[{"id":17615,"url":"https:\/\/quechilero.com\/blog\/2014\/01\/02\/en-que-forma-estamos\/","url_meta":{"origin":5809,"position":0},"title":"\u00bfEn qu\u00e9 forma estamos?","author":"Pepe Barrascout Ortiz","date":"2 enero 2014","format":false,"excerpt":"Las vasijas de barro de todas formas y tama\u00f1os eran utensilios valiosos en los hogares de la antig\u00fcedad. Nuestros antepasados usaban grandes tinajas para almacenar agua y aceite; empleaban c\u00e1ntaros para acarrear agua y frascos de terracota para guardar perfumes. Las vasijas de barro para almacenamiento se llenaban de granos\u2026","rel":"","context":"En \u00abLimones\u00bb","block_context":{"text":"Limones","link":"https:\/\/quechilero.com\/blog\/category\/limones\/"},"img":{"alt_text":"","src":"","width":0,"height":0},"classes":[]},{"id":479,"url":"https:\/\/quechilero.com\/blog\/2007\/03\/06\/como-alcanzar-el-exito-usando-nuestras-fortalezas\/","url_meta":{"origin":5809,"position":1},"title":"C\u00f3mo alcanzar el \u00e9xito usando nuestras fortalezas","author":"Pepe Barrascout Ortiz","date":"6 marzo 2007","format":false,"excerpt":"Pensemos en un buen delantero de un equipo de f\u00fatbol obligado a jugar de portero o un excelente bombero manejando una ambulancia. \u00bfC\u00f3mo se sentir\u00edan en una posici\u00f3n en la que no son expertos...? \u00bfQu\u00e9 le sucede a nuestro equipo cuando sus miembros est\u00e1n constantemente fuera de su posici\u00f3n? Puede\u2026","rel":"","context":"En \u00abLimones\u00bb","block_context":{"text":"Limones","link":"https:\/\/quechilero.com\/blog\/category\/limones\/"},"img":{"alt_text":"","src":"","width":0,"height":0},"classes":[]},{"id":21249,"url":"https:\/\/quechilero.com\/blog\/2015\/07\/05\/la-fortaleza-de-un-hombre\/","url_meta":{"origin":5809,"position":2},"title":"La fortaleza de un Hombre","author":"Pepe Barrascout Ortiz","date":"5 julio 2015","format":false,"excerpt":"La fortaleza de un Hombre no est\u00e1 en el ancho de sus hombros.... Est\u00e1 en el tama\u00f1o de sus brazos cuando abrazan. La fortaleza de un Hombre no est\u00e1 en lo profundo del tono de su voz.... Est\u00e1 en la gentileza que usa en sus palabras. La fortaleza de un\u2026","rel":"","context":"En \u00abLimones\u00bb","block_context":{"text":"Limones","link":"https:\/\/quechilero.com\/blog\/category\/limones\/"},"img":{"alt_text":"","src":"","width":0,"height":0},"classes":[]},{"id":21496,"url":"https:\/\/quechilero.com\/blog\/2015\/08\/21\/un-verdadero-hombre\/","url_meta":{"origin":5809,"position":3},"title":"Un verdadero Hombre","author":"Pepe Barrascout Ortiz","date":"21 agosto 2015","format":false,"excerpt":"Cuando Dios quiere hacer un verdadero hombre o mujer de Dios, \u00c9l lo coloca en medio de alguna gran tormenta; es decir, la tempestad es en donde Dios nos equipa para Su servicio. Cuando Dios desea un roble, \u00c9l lo planta en un lugar donde es castigado por tempestades, tormentas\u2026","rel":"","context":"En \u00abLimones\u00bb","block_context":{"text":"Limones","link":"https:\/\/quechilero.com\/blog\/category\/limones\/"},"img":{"alt_text":"","src":"","width":0,"height":0},"classes":[]},{"id":14038,"url":"https:\/\/quechilero.com\/blog\/2012\/07\/18\/plegaria-por-la-paz-2\/","url_meta":{"origin":5809,"position":4},"title":"Plegaria por la paz","author":"Pepe Barrascout Ortiz","date":"18 julio 2012","format":false,"excerpt":"Y al Creador de la naturaleza y del hombre, de la verdad y de la belleza, suplico: Escucha mi voz, pues es la voz de las v\u00edctimas de todas las guerras y de la violencia entre individuos y las naciones. Escucha mi voz, pues es la voz de todos los\u2026","rel":"","context":"En \u00abLimones\u00bb","block_context":{"text":"Limones","link":"https:\/\/quechilero.com\/blog\/category\/limones\/"},"img":{"alt_text":"","src":"","width":0,"height":0},"classes":[]},{"id":333,"url":"https:\/\/quechilero.com\/blog\/2006\/12\/04\/plegaria-por-la-paz\/","url_meta":{"origin":5809,"position":5},"title":"Plegaria por la paz","author":"Pepe Barrascout Ortiz","date":"4 diciembre 2006","format":false,"excerpt":"Y al Creador de la naturaleza y del hombre, de la verdad y de la belleza, suplico: Escucha mi voz, pues es la voz de las v\u00edctimas de todas las guerras y de la violencia entre individuos y las naciones. Escucha mi voz, pues es la voz de todos los\u2026","rel":"","context":"En \u00abLimones\u00bb","block_context":{"text":"Limones","link":"https:\/\/quechilero.com\/blog\/category\/limones\/"},"img":{"alt_text":"","src":"","width":0,"height":0},"classes":[]}],"jetpack_featured_media_url":"","_links":{"self":[{"href":"https:\/\/quechilero.com\/blog\/wp-json\/wp\/v2\/posts\/5809","targetHints":{"allow":["GET"]}}],"collection":[{"href":"https:\/\/quechilero.com\/blog\/wp-json\/wp\/v2\/posts"}],"about":[{"href":"https:\/\/quechilero.com\/blog\/wp-json\/wp\/v2\/types\/post"}],"author":[{"embeddable":true,"href":"https:\/\/quechilero.com\/blog\/wp-json\/wp\/v2\/users\/1"}],"replies":[{"embeddable":true,"href":"https:\/\/quechilero.com\/blog\/wp-json\/wp\/v2\/comments?post=5809"}],"version-history":[{"count":0,"href":"https:\/\/quechilero.com\/blog\/wp-json\/wp\/v2\/posts\/5809\/revisions"}],"wp:attachment":[{"href":"https:\/\/quechilero.com\/blog\/wp-json\/wp\/v2\/media?parent=5809"}],"wp:term":[{"taxonomy":"category","embeddable":true,"href":"https:\/\/quechilero.com\/blog\/wp-json\/wp\/v2\/categories?post=5809"},{"taxonomy":"post_tag","embeddable":true,"href":"https:\/\/quechilero.com\/blog\/wp-json\/wp\/v2\/tags?post=5809"},{"taxonomy":"series","embeddable":true,"href":"https:\/\/quechilero.com\/blog\/wp-json\/wp\/v2\/series?post=5809"}],"curies":[{"name":"wp","href":"https:\/\/api.w.org\/{rel}","templated":true}]}}