{"id":5807,"date":"2010-10-27T08:00:26","date_gmt":"2010-10-27T14:00:26","guid":{"rendered":"http:\/\/quechilero.com\/blog\/?p=5807"},"modified":"2010-10-27T08:00:26","modified_gmt":"2010-10-27T14:00:26","slug":"la-lampara-y-el-aceite","status":"publish","type":"post","link":"https:\/\/quechilero.com\/blog\/2010\/10\/27\/la-lampara-y-el-aceite\/","title":{"rendered":"La l\u00e1mpara y el aceite"},"content":{"rendered":"<p>Dios hizo al hombre de tal manera que Su presencia en el hombre es un imperativo para su humanidad.<\/p>\n<p>Una l\u00e1mpara de aceite fue concebida de tal suerte que s\u00f3lo produce luz en virtud del hecho de que haya aceite en su interior para sustentar la luz. Supongamos que pregunto: <em>\u00ab\u00bfPor qu\u00e9 necesita un candil aceite para dar luz?\u00bb<\/em>. Sin buscar complicaciones, la respuesta ser\u00eda simplemente: <em>\u00abPorque lo hicieron as\u00ed.\u00bb<\/em> Puede separar la l\u00e1mpara del aceite, y sigue teniendo una l\u00e1mpara, pero no sirve como tal. No hay vida en la l\u00e1mpara. \u00bfCu\u00e1l ser\u00eda el remedio? Volver a ponerle aceite a la l\u00e1mpara.<\/p>\n<p>Ahora bien, si puede imaginar una l\u00e1mpara capaz de pensar, diciendo: <em>\u00abSin aceite no puedo hacer nada, no soy nada.\u00bb<\/em> Esto no ser\u00eda introversi\u00f3n malsana; ser\u00eda simplemente una l\u00e1mpara enfrent\u00e1ndose con los hechos b\u00e1sicos de su misma existencia. <em>\u00abMe hicieron as\u00ed. Fui concebida para contener aceite, que es lo \u00fanico que puede mantener la luz encendida. De modo que fui creada para adoptar una actitud de dependencia, de forma que tenga que recibir para poder cumplir la funci\u00f3n para la que fui creada.\u00bb<\/em><\/p>\n<p><strong><em>Ian Thomas<\/em><\/strong><\/p>\n","protected":false},"excerpt":{"rendered":"<p>Dios hizo al hombre de tal manera que Su presencia en el hombre es un imperativo para su humanidad. Una l\u00e1mpara de aceite fue concebida de tal suerte que s\u00f3lo produce luz en virtud del hecho de que haya aceite en su interior para sustentar la luz. Supongamos que pregunto: \u00ab\u00bfPor qu\u00e9 necesita un candil &#8230; <a title=\"La l\u00e1mpara y el aceite\" class=\"read-more\" href=\"https:\/\/quechilero.com\/blog\/2010\/10\/27\/la-lampara-y-el-aceite\/\" aria-label=\"Leer m\u00e1s sobre La l\u00e1mpara y el aceite\">Leer m\u00e1s<\/a><\/p>\n","protected":false},"author":1,"featured_media":0,"comment_status":"open","ping_status":"open","sticky":false,"template":"","format":"standard","meta":{"advanced_seo_description":"","jetpack_seo_html_title":"","jetpack_seo_noindex":false,"jetpack_seo_schema_type":"","episode_type":"","audio_file":"","podmotor_file_id":"","podmotor_episode_id":"","cover_image":"","cover_image_id":"","duration":"","filesize":"","filesize_raw":"","date_recorded":"","explicit":"","block":"","_jetpack_newsletter_access":"","_jetpack_dont_email_post_to_subs":false,"_jetpack_newsletter_tier_id":0,"_jetpack_memberships_contains_paywalled_content":false,"_jetpack_feature_clip_id":0,"_jetpack_memberships_contains_paid_content":false,"footnotes":"","jetpack_publicize_message":"","jetpack_publicize_feature_enabled":true,"jetpack_social_post_already_shared":false,"jetpack_social_options":{"image_generator_settings":{"template":"highway","default_image_id":0,"font":"","enabled":false},"version":2},"jetpack_post_was_ever_published":false},"categories":[2],"tags":[51,18,40,22,24],"series":[],"class_list":["post-5807","post","type-post","status-publish","format-standard","hentry","category-limones","tag-dios","tag-hombre","tag-paz","tag-respuesta","tag-vida"],"episode_featured_image":false,"episode_player_image":"https:\/\/i0.wp.com\/quechilero.com\/blog\/imagenes\/podcast.png?fit=1831%2C1831&ssl=1","download_link":"","player_link":"","audio_player":false,"episode_data":{"playerMode":"dark","subscribeUrls":{"amazon":{"key":"amazon","url":"","label":"Amazon","class":"amazon","icon":"amazon.png"},"apple_podcasts":{"key":"apple_podcasts","url":"","label":"Apple Podcasts","class":"apple_podcasts","icon":"apple-podcasts.png"},"castbox":{"key":"castbox","url":"","label":"CastBox","class":"castbox","icon":"castbox.png"},"deezer":{"key":"deezer","url":"","label":"Deezer","class":"deezer","icon":"deezer.png"},"google_podcasts":{"key":"google_podcasts","url":"","label":"Google Podcasts","class":"google_podcasts","icon":"google-podcasts.png"},"listen_notes":{"key":"listen_notes","url":"","label":"Listen Notes","class":"listen_notes","icon":"listen-notes.png"},"pandora":{"key":"pandora","url":"","label":"Pandora","class":"pandora","icon":"pandora.png"},"podbean":{"key":"podbean","url":"","label":"Podbean","class":"podbean","icon":"podbean.png"},"podcast_republic":{"key":"podcast_republic","url":"","label":"Podcast Republic","class":"podcast_republic","icon":"podcast-republic.png"},"rss":{"key":"rss","url":"","label":"RSS","class":"rss","icon":"rss.png"},"spotify":{"key":"spotify","url":"","label":"Spotify","class":"spotify","icon":"spotify.png"},"stitcher":{"key":"stitcher","url":"","label":"Stitcher","class":"stitcher","icon":"stitcher.png"},"tunein":{"key":"tunein","url":"","label":"TuneIn","class":"tunein","icon":"tunein.png"},"youtube":{"key":"youtube","url":"","label":"YouTube","class":"youtube","icon":"youtube.png"},"iheartradio":{"key":"iheartradio","url":"","label":"iHeartRadio","class":"iheartradio","icon":"iheartradio.png"},"ivoox":{"key":"ivoox","url":"","label":"iVoox","class":"ivoox","icon":"ivoox.png"}},"rssFeedUrl":"https:\/\/quechilero.com\/blog\/feed\/podcast\/si-la-vida-nos-da-limones","embedCode":"<blockquote class=\"wp-embedded-content\" data-secret=\"ZT5CdX2eJl\"><a href=\"https:\/\/quechilero.com\/blog\/2010\/10\/27\/la-lampara-y-el-aceite\/\">La l\u00e1mpara y el aceite<\/a><\/blockquote><iframe sandbox=\"allow-scripts\" security=\"restricted\" src=\"https:\/\/quechilero.com\/blog\/2010\/10\/27\/la-lampara-y-el-aceite\/embed\/#?secret=ZT5CdX2eJl\" width=\"500\" height=\"350\" title=\"\u00abLa l\u00e1mpara y el aceite\u00bb \u2014 Si la Vida nos da Limones...\" data-secret=\"ZT5CdX2eJl\" frameborder=\"0\" marginwidth=\"0\" marginheight=\"0\" scrolling=\"no\" class=\"wp-embedded-content\"><\/iframe><script>\n\/*! This file is auto-generated *\/\n!function(d,l){\"use strict\";l.querySelector&&d.addEventListener&&\"undefined\"!=typeof URL&&(d.wp=d.wp||{},d.wp.receiveEmbedMessage||(d.wp.receiveEmbedMessage=function(e){var t=e.data;if((t||t.secret||t.message||t.value)&&!\/[^a-zA-Z0-9]\/.test(t.secret)){for(var s,r,n,a=l.querySelectorAll('iframe[data-secret=\"'+t.secret+'\"]'),o=l.querySelectorAll('blockquote[data-secret=\"'+t.secret+'\"]'),c=new RegExp(\"^https?:$\",\"i\"),i=0;i<o.length;i++)o[i].style.display=\"none\";for(i=0;i<a.length;i++)s=a[i],e.source===s.contentWindow&&(s.removeAttribute(\"style\"),\"height\"===t.message?(1e3<(r=parseInt(t.value,10))?r=1e3:~~r<200&&(r=200),s.height=r):\"link\"===t.message&&(r=new URL(s.getAttribute(\"src\")),n=new URL(t.value),c.test(n.protocol))&&n.host===r.host&&l.activeElement===s&&(d.top.location.href=t.value))}},d.addEventListener(\"message\",d.wp.receiveEmbedMessage,!1),l.addEventListener(\"DOMContentLoaded\",function(){for(var e,t,s=l.querySelectorAll(\"iframe.wp-embedded-content\"),r=0;r<s.length;r++)(t=(e=s[r]).getAttribute(\"data-secret\"))||(t=Math.random().toString(36).substring(2,12),e.src+=\"#?secret=\"+t,e.setAttribute(\"data-secret\",t)),e.contentWindow.postMessage({message:\"ready\",secret:t},\"*\")},!1)))}(window,document);\n\/\/# sourceURL=https:\/\/quechilero.com\/blog\/wp-includes\/js\/wp-embed.min.js\n<\/script>\n"},"jetpack_publicize_connections":[],"jetpack_shortlink":"https:\/\/wp.me\/pDKli-1vF","jetpack_sharing_enabled":true,"jetpack-related-posts":[{"id":21362,"url":"https:\/\/quechilero.com\/blog\/2015\/07\/17\/luz-para-el-camino\/","url_meta":{"origin":5807,"position":0},"title":"Luz para el camino","author":"Pepe Barrascout Ortiz","date":"17 julio 2015","format":false,"excerpt":"Hab\u00eda una vez, hace cientos de a\u00f1os, en una ciudad de Oriente, un hombre que una noche caminaba por las oscuras calles llevando una l\u00e1mpara de aceite encendida. La ciudad era muy oscura en las noches sin luna, como aquella. En determinado momento, se encuentra con un amigo. El amigo\u2026","rel":"","context":"En \u00abLimones\u00bb","block_context":{"text":"Limones","link":"https:\/\/quechilero.com\/blog\/category\/limones\/"},"img":{"alt_text":"","src":"","width":0,"height":0},"classes":[]},{"id":17494,"url":"https:\/\/quechilero.com\/blog\/2014\/05\/19\/experimentos-cientificos-crear-una-lampara-de-lava\/","url_meta":{"origin":5807,"position":1},"title":"Experimentos cient\u00edficos \u2013 Crear una l\u00e1mpara de lava","author":"Pepe Barrascout Ortiz","date":"19 mayo 2014","format":false,"excerpt":"https:\/\/youtu.be\/m9PdGdBQVnQ 10. Crear una l\u00e1mpara de lava Con agua, colorante de comida, aceite, una linterna y una pastilla efervescente (con sal tambi\u00e9n funciona, aunque no tan bien), todo en un recipiente tubular, se puede tratar de emular una de esas flamantes y hippie l\u00e1mparas de lava.","rel":"","context":"En \u00abLimones\u00bb","block_context":{"text":"Limones","link":"https:\/\/quechilero.com\/blog\/category\/limones\/"},"img":{"alt_text":"","src":"https:\/\/i0.wp.com\/img.youtube.com\/vi\/m9PdGdBQVnQ\/0.jpg?resize=350%2C200","width":350,"height":200},"classes":[]},{"id":21396,"url":"https:\/\/quechilero.com\/blog\/2015\/07\/26\/aprender-a-estar-en-silencio\/","url_meta":{"origin":5807,"position":2},"title":"Aprender a estar en silencio","author":"Pepe Barrascout Ortiz","date":"26 julio 2015","format":false,"excerpt":"Los disc\u00edpulos de la escuela Tendai estudiaban meditaci\u00f3n antes de que el Zen entrara en Jap\u00f3n. Cuatro de ellos, que eran amigos \u00edntimos, se prometieron observar siete d\u00edas de silencio. El primer d\u00eda, todos estuvieron muy callados. Su meditaci\u00f3n hab\u00eda comenzado bajo felices auspicios, pero cuando lleg\u00f3 la noche y\u2026","rel":"","context":"En \u00abLimones\u00bb","block_context":{"text":"Limones","link":"https:\/\/quechilero.com\/blog\/category\/limones\/"},"img":{"alt_text":"","src":"","width":0,"height":0},"classes":[]},{"id":16910,"url":"https:\/\/quechilero.com\/blog\/2013\/08\/24\/la-buena-vida\/","url_meta":{"origin":5807,"position":3},"title":"La buena vida","author":"Pepe Barrascout Ortiz","date":"24 agosto 2013","format":false,"excerpt":"Un popular chiste en Internet dice algo as\u00ed: Una secretaria, un asesor legal y un socio de una gran empresa jur\u00eddica se dirigen a almorzar cuando encuentran una antigua l\u00e1mpara de aceite. La frotan y aparece un genio en una nube de humo. Este dijo: - Por lo general concedo\u2026","rel":"","context":"En \u00abLimones\u00bb","block_context":{"text":"Limones","link":"https:\/\/quechilero.com\/blog\/category\/limones\/"},"img":{"alt_text":"","src":"","width":0,"height":0},"classes":[]},{"id":11414,"url":"https:\/\/quechilero.com\/blog\/2011\/12\/06\/esta-dios-encendiendo-sus-lamparas\/","url_meta":{"origin":5807,"position":4},"title":"\u00bfEst\u00e1 Dios encendiendo sus l\u00e1mparas?","author":"Pepe Barrascout Ortiz","date":"6 diciembre 2011","format":false,"excerpt":"Una calurosa tarde de verano, se cubri\u00f3 el cielo repentinamente de negras nubes y pronto el v\u00edvido resplandor de los rel\u00e1mpagos anunciaba una tempestad que se aproximaba. Retumb\u00f3 el trueno en las alturas y el rel\u00e1mpago en zigzag resplandec\u00eda con siniestro brillo. La se\u00f1ora Moreno estaba en pie al lado\u2026","rel":"","context":"En \u00abLimones\u00bb","block_context":{"text":"Limones","link":"https:\/\/quechilero.com\/blog\/category\/limones\/"},"img":{"alt_text":"","src":"","width":0,"height":0},"classes":[]},{"id":17466,"url":"https:\/\/quechilero.com\/blog\/2013\/11\/26\/seamos-un-buen-ejemplo-2\/","url_meta":{"origin":5807,"position":5},"title":"Seamos un buen ejemplo","author":"Pepe Barrascout Ortiz","date":"26 noviembre 2013","format":false,"excerpt":"Benjam\u00edn Franklin quer\u00eda que Filadelfia se iluminara. Cre\u00eda que iluminando las calles de la ciudad no s\u00f3lo mejorar\u00eda la est\u00e9tica, sino que las har\u00eda m\u00e1s seguras. Pero no trat\u00f3 de persuadir a los habitantes de Filadelfia hablando con ellos. En cambio, colg\u00f3 una hermosa l\u00e1mpara en el frente de su\u2026","rel":"","context":"En \u00abLimones\u00bb","block_context":{"text":"Limones","link":"https:\/\/quechilero.com\/blog\/category\/limones\/"},"img":{"alt_text":"","src":"","width":0,"height":0},"classes":[]}],"jetpack_featured_media_url":"","_links":{"self":[{"href":"https:\/\/quechilero.com\/blog\/wp-json\/wp\/v2\/posts\/5807","targetHints":{"allow":["GET"]}}],"collection":[{"href":"https:\/\/quechilero.com\/blog\/wp-json\/wp\/v2\/posts"}],"about":[{"href":"https:\/\/quechilero.com\/blog\/wp-json\/wp\/v2\/types\/post"}],"author":[{"embeddable":true,"href":"https:\/\/quechilero.com\/blog\/wp-json\/wp\/v2\/users\/1"}],"replies":[{"embeddable":true,"href":"https:\/\/quechilero.com\/blog\/wp-json\/wp\/v2\/comments?post=5807"}],"version-history":[{"count":0,"href":"https:\/\/quechilero.com\/blog\/wp-json\/wp\/v2\/posts\/5807\/revisions"}],"wp:attachment":[{"href":"https:\/\/quechilero.com\/blog\/wp-json\/wp\/v2\/media?parent=5807"}],"wp:term":[{"taxonomy":"category","embeddable":true,"href":"https:\/\/quechilero.com\/blog\/wp-json\/wp\/v2\/categories?post=5807"},{"taxonomy":"post_tag","embeddable":true,"href":"https:\/\/quechilero.com\/blog\/wp-json\/wp\/v2\/tags?post=5807"},{"taxonomy":"series","embeddable":true,"href":"https:\/\/quechilero.com\/blog\/wp-json\/wp\/v2\/series?post=5807"}],"curies":[{"name":"wp","href":"https:\/\/api.w.org\/{rel}","templated":true}]}}