{"id":58,"date":"2006-08-14T07:00:48","date_gmt":"2006-08-14T13:00:48","guid":{"rendered":"http:\/\/quechilero.com\/blog\/2006\/08\/14\/fotografias-seguras\/"},"modified":"2006-08-14T07:00:48","modified_gmt":"2006-08-14T13:00:48","slug":"fotografias-seguras","status":"publish","type":"post","link":"https:\/\/quechilero.com\/blog\/2006\/08\/14\/fotografias-seguras\/","title":{"rendered":"Fotograf\u00edas seguras"},"content":{"rendered":"<p>Muchas veces cuando se toma una fotograf\u00eda y en especial si no se tiene mucha experiencia en el tema, es casi seguro que salgan distorcionadas o <em>\u00abmovidas\u00bb<\/em>, creo que con este aditivo para nuestra c\u00e1mara fotogr\u00e1fica, tampoco vamos a lograr que salgan bien, pero al menos ser\u00e1n <em>\u00abfotograf\u00edas seguras\u00bb.<\/em><\/p>\n<p>Creo que m\u00e1s bien es un buen m\u00e9todo para evitar que nuestras fotograf\u00edas se <em>reproduzcan<\/em>.<\/p>\n<p><a title=\"Photo Sharing\" target=\"_blank\" href=\"http:\/\/www.flickr.com\/photos\/pepejaguar\/193068590\/\"><img data-recalc-dims=\"1\" loading=\"lazy\" decoding=\"async\" width=\"430\" height=\"276\" border=\"0\" alt=\"proteccion\" src=\"https:\/\/i0.wp.com\/static.flickr.com\/72\/193068590_bfc0c9143e_o.jpg?resize=430%2C276\" \/><\/a><\/p>\n","protected":false},"excerpt":{"rendered":"<p>Muchas veces cuando se toma una fotograf\u00eda y en especial si no se tiene mucha experiencia en el tema, es casi seguro que salgan distorcionadas o \u00abmovidas\u00bb, creo que con este aditivo para nuestra c\u00e1mara fotogr\u00e1fica, tampoco vamos a lograr que salgan bien, pero al menos ser\u00e1n \u00abfotograf\u00edas seguras\u00bb. Creo que m\u00e1s bien es un &#8230; <a title=\"Fotograf\u00edas seguras\" class=\"read-more\" href=\"https:\/\/quechilero.com\/blog\/2006\/08\/14\/fotografias-seguras\/\" aria-label=\"Leer m\u00e1s sobre Fotograf\u00edas seguras\">Leer m\u00e1s<\/a><\/p>\n","protected":false},"author":1,"featured_media":0,"comment_status":"open","ping_status":"open","sticky":false,"template":"","format":"standard","meta":{"advanced_seo_description":"","jetpack_seo_html_title":"","jetpack_seo_noindex":false,"jetpack_seo_schema_type":"","episode_type":"","audio_file":"","podmotor_file_id":"","podmotor_episode_id":"","cover_image":"","cover_image_id":"","duration":"","filesize":"","filesize_raw":"","date_recorded":"","explicit":"","block":"","_jetpack_newsletter_access":"","_jetpack_dont_email_post_to_subs":false,"_jetpack_newsletter_tier_id":0,"_jetpack_memberships_contains_paywalled_content":false,"_jetpack_feature_clip_id":0,"_jetpack_memberships_contains_paid_content":false,"footnotes":"","jetpack_publicize_message":"","jetpack_publicize_feature_enabled":true,"jetpack_social_post_already_shared":false,"jetpack_social_options":{"image_generator_settings":{"template":"highway","default_image_id":0,"font":"","enabled":false},"version":2},"jetpack_post_was_ever_published":false},"categories":[2],"tags":[32,8,24],"series":[],"class_list":["post-58","post","type-post","status-publish","format-standard","hentry","category-limones","tag-especial","tag-fotografia","tag-vida"],"episode_featured_image":false,"episode_player_image":"https:\/\/i0.wp.com\/quechilero.com\/blog\/imagenes\/podcast.png?fit=1831%2C1831&ssl=1","download_link":"","player_link":"","audio_player":false,"episode_data":{"playerMode":"dark","subscribeUrls":{"amazon":{"key":"amazon","url":"","label":"Amazon","class":"amazon","icon":"amazon.png"},"apple_podcasts":{"key":"apple_podcasts","url":"","label":"Apple Podcasts","class":"apple_podcasts","icon":"apple-podcasts.png"},"castbox":{"key":"castbox","url":"","label":"CastBox","class":"castbox","icon":"castbox.png"},"deezer":{"key":"deezer","url":"","label":"Deezer","class":"deezer","icon":"deezer.png"},"google_podcasts":{"key":"google_podcasts","url":"","label":"Google Podcasts","class":"google_podcasts","icon":"google-podcasts.png"},"listen_notes":{"key":"listen_notes","url":"","label":"Listen Notes","class":"listen_notes","icon":"listen-notes.png"},"pandora":{"key":"pandora","url":"","label":"Pandora","class":"pandora","icon":"pandora.png"},"podbean":{"key":"podbean","url":"","label":"Podbean","class":"podbean","icon":"podbean.png"},"podcast_republic":{"key":"podcast_republic","url":"","label":"Podcast Republic","class":"podcast_republic","icon":"podcast-republic.png"},"rss":{"key":"rss","url":"","label":"RSS","class":"rss","icon":"rss.png"},"spotify":{"key":"spotify","url":"","label":"Spotify","class":"spotify","icon":"spotify.png"},"stitcher":{"key":"stitcher","url":"","label":"Stitcher","class":"stitcher","icon":"stitcher.png"},"tunein":{"key":"tunein","url":"","label":"TuneIn","class":"tunein","icon":"tunein.png"},"youtube":{"key":"youtube","url":"","label":"YouTube","class":"youtube","icon":"youtube.png"},"iheartradio":{"key":"iheartradio","url":"","label":"iHeartRadio","class":"iheartradio","icon":"iheartradio.png"},"ivoox":{"key":"ivoox","url":"","label":"iVoox","class":"ivoox","icon":"ivoox.png"}},"rssFeedUrl":"https:\/\/quechilero.com\/blog\/feed\/podcast\/si-la-vida-nos-da-limones","embedCode":"<blockquote class=\"wp-embedded-content\" data-secret=\"SXNLzqhj6l\"><a href=\"https:\/\/quechilero.com\/blog\/2006\/08\/14\/fotografias-seguras\/\">Fotograf\u00edas seguras<\/a><\/blockquote><iframe sandbox=\"allow-scripts\" security=\"restricted\" src=\"https:\/\/quechilero.com\/blog\/2006\/08\/14\/fotografias-seguras\/embed\/#?secret=SXNLzqhj6l\" width=\"500\" height=\"350\" title=\"\u00abFotograf\u00edas seguras\u00bb \u2014 Si la Vida nos da Limones...\" data-secret=\"SXNLzqhj6l\" frameborder=\"0\" marginwidth=\"0\" marginheight=\"0\" scrolling=\"no\" class=\"wp-embedded-content\"><\/iframe><script>\n\/*! This file is auto-generated *\/\n!function(d,l){\"use strict\";l.querySelector&&d.addEventListener&&\"undefined\"!=typeof URL&&(d.wp=d.wp||{},d.wp.receiveEmbedMessage||(d.wp.receiveEmbedMessage=function(e){var t=e.data;if((t||t.secret||t.message||t.value)&&!\/[^a-zA-Z0-9]\/.test(t.secret)){for(var s,r,n,a=l.querySelectorAll('iframe[data-secret=\"'+t.secret+'\"]'),o=l.querySelectorAll('blockquote[data-secret=\"'+t.secret+'\"]'),c=new RegExp(\"^https?:$\",\"i\"),i=0;i<o.length;i++)o[i].style.display=\"none\";for(i=0;i<a.length;i++)s=a[i],e.source===s.contentWindow&&(s.removeAttribute(\"style\"),\"height\"===t.message?(1e3<(r=parseInt(t.value,10))?r=1e3:~~r<200&&(r=200),s.height=r):\"link\"===t.message&&(r=new URL(s.getAttribute(\"src\")),n=new URL(t.value),c.test(n.protocol))&&n.host===r.host&&l.activeElement===s&&(d.top.location.href=t.value))}},d.addEventListener(\"message\",d.wp.receiveEmbedMessage,!1),l.addEventListener(\"DOMContentLoaded\",function(){for(var e,t,s=l.querySelectorAll(\"iframe.wp-embedded-content\"),r=0;r<s.length;r++)(t=(e=s[r]).getAttribute(\"data-secret\"))||(t=Math.random().toString(36).substring(2,12),e.src+=\"#?secret=\"+t,e.setAttribute(\"data-secret\",t)),e.contentWindow.postMessage({message:\"ready\",secret:t},\"*\")},!1)))}(window,document);\n\/\/# sourceURL=https:\/\/quechilero.com\/blog\/wp-includes\/js\/wp-embed.min.js\n<\/script>\n"},"jetpack_publicize_connections":[],"jetpack_shortlink":"https:\/\/wp.me\/pDKli-W","jetpack_sharing_enabled":true,"jetpack-related-posts":[{"id":2196,"url":"https:\/\/quechilero.com\/blog\/2009\/02\/27\/en-el-momento-justo-con-el-angulo-exacto-49\/","url_meta":{"origin":58,"position":0},"title":"En el momento justo, con el \u00e1ngulo exacto","author":"Pepe Barrascout Ortiz","date":"27 febrero 2009","format":false,"excerpt":"Fotograf\u00eda tomada en el momento justo, con el \u00e1ngulo exacto. Solo mayores de 18, por seguridad. Especial en El Salvador","rel":"","context":"En \u00abLimones por mano\u00bb","block_context":{"text":"Limones por mano","link":"https:\/\/quechilero.com\/blog\/category\/limones-por-mano\/"},"img":{"alt_text":"","src":"https:\/\/i0.wp.com\/img339.imageshack.us\/img339\/9587\/leborraronlalargecq7.jpg?resize=350%2C200","width":350,"height":200},"classes":[]},{"id":5241,"url":"https:\/\/quechilero.com\/blog\/2010\/08\/13\/maraton-de-blogs-revista-nuchef\/","url_meta":{"origin":58,"position":1},"title":"Marat\u00f3n de Blogs: Revista NuChef","author":"Pepe Barrascout Ortiz","date":"13 agosto 2010","format":false,"excerpt":"Revista NuChef, es el blog de la revista del mismo nombre, dirigido por una nutricionista cl\u00ednica y amante natural de la comida, seg\u00fan sus propias palabras. Aunque buscando por todos lados, lamentablemente no encontr\u00e9 el nombre de esta nutricionista, \u00fanicamente una fotograf\u00eda en la que se hace llamar a si\u2026","rel":"","context":"En \u00abBlogs de Guatemala\u00bb","block_context":{"text":"Blogs de Guatemala","link":"https:\/\/quechilero.com\/blog\/category\/blogs-de-guatemala\/"},"img":{"alt_text":"","src":"https:\/\/i0.wp.com\/i392.photobucket.com\/albums\/pp7\/pepejaguar\/maraton\/nuchef.png?resize=350%2C200","width":350,"height":200,"srcset":"https:\/\/i0.wp.com\/i392.photobucket.com\/albums\/pp7\/pepejaguar\/maraton\/nuchef.png?resize=350%2C200 1x, https:\/\/i0.wp.com\/i392.photobucket.com\/albums\/pp7\/pepejaguar\/maraton\/nuchef.png?resize=525%2C300 1.5x"},"classes":[]},{"id":194,"url":"https:\/\/quechilero.com\/blog\/2006\/08\/26\/ubuntu\/","url_meta":{"origin":58,"position":2},"title":"Ubuntu","author":"Pepe Barrascout Ortiz","date":"26 agosto 2006","format":false,"excerpt":"He le\u00eddo un sinf\u00edn de textos que hablan sobre las bondades del Linux y de Ubuntu, como una de sus \u00faltimas distribuciones. Este texto lo estoy escribiendo desde FireFox desde Ubuntu. Por fin despu\u00e9s de una semana bastante bizarra, logr\u00e9 utilizarlo de una forma m\u00e1s o menos decente. Debo decir\u2026","rel":"","context":"En \u00abLimones\u00bb","block_context":{"text":"Limones","link":"https:\/\/quechilero.com\/blog\/category\/limones\/"},"img":{"alt_text":"","src":"","width":0,"height":0},"classes":[]},{"id":21528,"url":"https:\/\/quechilero.com\/blog\/2015\/08\/26\/amigos-gracias\/","url_meta":{"origin":58,"position":3},"title":"Amigos, gracias","author":"Pepe Barrascout Ortiz","date":"26 agosto 2015","format":false,"excerpt":"Es reconfortante y alegre, recibir muestras de cari\u00f1o y aprecio en el d\u00eda de nuestro cumplea\u00f1os. Ya sea por tradici\u00f3n, costumbre o sentimiento de agrado, el recibir un saludo, es algo que siempre es bien recibido. Amigos, gracias. Con el paso del tiempo, los saludos de cumplea\u00f1os han ido cambiando,\u2026","rel":"","context":"En \u00abLimones\u00bb","block_context":{"text":"Limones","link":"https:\/\/quechilero.com\/blog\/category\/limones\/"},"img":{"alt_text":"","src":"http:\/\/i392.photobucket.com\/albums\/pp7\/pepejaguar\/blog\/001_zpsexpfswow.jpg~original","width":350,"height":200,"srcset":"http:\/\/i392.photobucket.com\/albums\/pp7\/pepejaguar\/blog\/001_zpsexpfswow.jpg~original 1x, http:\/\/i392.photobucket.com\/albums\/pp7\/pepejaguar\/blog\/001_zpsexpfswow.jpg~original 1.5x, http:\/\/i392.photobucket.com\/albums\/pp7\/pepejaguar\/blog\/001_zpsexpfswow.jpg~original 2x"},"classes":[]},{"id":3978,"url":"https:\/\/quechilero.com\/blog\/2009\/12\/04\/como-vender-en-internet\/","url_meta":{"origin":58,"position":4},"title":"C\u00f3mo vender en Internet","author":"Pepe Barrascout Ortiz","date":"4 diciembre 2009","format":false,"excerpt":"Hace muy poquito tiempo, una persona con la que me relaciono casi a diario me preguntaba \u201cOye, t\u00fa que tienes tus negocios y tus webs, c\u00f3mo puede hacer mi hermana para implementar el sistema de pago con tarjeta de cr\u00e9dito en una web que est\u00e1 haciendo?\u201d. Le recomend\u00e9 el sistema\u2026","rel":"","context":"En \u00abLimones\u00bb","block_context":{"text":"Limones","link":"https:\/\/quechilero.com\/blog\/category\/limones\/"},"img":{"alt_text":"","src":"","width":0,"height":0},"classes":[]},{"id":2194,"url":"https:\/\/quechilero.com\/blog\/2009\/02\/25\/en-el-momento-justo-con-el-angulo-exacto-47\/","url_meta":{"origin":58,"position":5},"title":"En el momento justo, con el \u00e1ngulo exacto","author":"Pepe Barrascout Ortiz","date":"25 febrero 2009","format":false,"excerpt":"Fotograf\u00eda tomada en el momento justo, con el \u00e1ngulo exacto. Bien \u00bfelada?. Especial en El Salvador","rel":"","context":"En \u00abLimones por mano\u00bb","block_context":{"text":"Limones por mano","link":"https:\/\/quechilero.com\/blog\/category\/limones-por-mano\/"},"img":{"alt_text":"","src":"","width":0,"height":0},"classes":[]}],"jetpack_featured_media_url":"","_links":{"self":[{"href":"https:\/\/quechilero.com\/blog\/wp-json\/wp\/v2\/posts\/58","targetHints":{"allow":["GET"]}}],"collection":[{"href":"https:\/\/quechilero.com\/blog\/wp-json\/wp\/v2\/posts"}],"about":[{"href":"https:\/\/quechilero.com\/blog\/wp-json\/wp\/v2\/types\/post"}],"author":[{"embeddable":true,"href":"https:\/\/quechilero.com\/blog\/wp-json\/wp\/v2\/users\/1"}],"replies":[{"embeddable":true,"href":"https:\/\/quechilero.com\/blog\/wp-json\/wp\/v2\/comments?post=58"}],"version-history":[{"count":0,"href":"https:\/\/quechilero.com\/blog\/wp-json\/wp\/v2\/posts\/58\/revisions"}],"wp:attachment":[{"href":"https:\/\/quechilero.com\/blog\/wp-json\/wp\/v2\/media?parent=58"}],"wp:term":[{"taxonomy":"category","embeddable":true,"href":"https:\/\/quechilero.com\/blog\/wp-json\/wp\/v2\/categories?post=58"},{"taxonomy":"post_tag","embeddable":true,"href":"https:\/\/quechilero.com\/blog\/wp-json\/wp\/v2\/tags?post=58"},{"taxonomy":"series","embeddable":true,"href":"https:\/\/quechilero.com\/blog\/wp-json\/wp\/v2\/series?post=58"}],"curies":[{"name":"wp","href":"https:\/\/api.w.org\/{rel}","templated":true}]}}