{"id":5797,"date":"2010-11-06T08:00:36","date_gmt":"2010-11-06T14:00:36","guid":{"rendered":"http:\/\/quechilero.com\/blog\/?p=5797"},"modified":"2010-11-06T08:00:36","modified_gmt":"2010-11-06T14:00:36","slug":"el-aguila-y-los-gallos","status":"publish","type":"post","link":"https:\/\/quechilero.com\/blog\/2010\/11\/06\/el-aguila-y-los-gallos\/","title":{"rendered":"El \u00e1guila y los gallos"},"content":{"rendered":"<p>Dos gallos re\u00f1\u00edan por la preferencia de las gallinas, y al fin uno puso en fuga al otro.<\/p>\n<p>Resignadamente se retir\u00f3 el vencido a un matorral, ocult\u00e1ndose all\u00ed. En cambio el vencedor orgulloso se subi\u00f3 a una tapia alta d\u00e1ndose a cantar con gran estruendo.<\/p>\n<p>Mas no tard\u00f3 un \u00e1guila en caerle y raptarlo. Desde entonces el gallo que hab\u00eda perdido la ri\u00f1a se qued\u00f3 con todo el gallinero.<\/p>\n<p><em> <\/em><\/p>\n<p style=\"text-align: center;\"><em>A quien hace alarde de sus propios \u00e9xitos, no tarda en aparecerle quien se los arrebate.<\/em><\/p>\n<p><strong><em>Esopo<\/em><\/strong><\/p>\n<p><!--more--><\/p>\n<p>Y para ilustrar la <em>f\u00e1bula de Esopo<\/em>, un caso de la vida real, compartido por nuestra amiga <a title=\"Babosadas m\u00edas y otras hierbas\" href=\"http:\/\/babosadasyhierbas.blogspot.com\/\" target=\"_blank\">Chachi<\/a>.<\/p>\n<p><object classid=\"clsid:d27cdb6e-ae6d-11cf-96b8-444553540000\" width=\"560\" height=\"385\" codebase=\"http:\/\/download.macromedia.com\/pub\/shockwave\/cabs\/flash\/swflash.cab#version=6,0,40,0\"><param name=\"allowFullScreen\" value=\"true\" \/><param name=\"allowscriptaccess\" value=\"always\" \/><param name=\"src\" value=\"http:\/\/www.youtube.com\/v\/CQ40kLbJosQ?fs=1&amp;hl=es_ES\" \/><param name=\"allowfullscreen\" value=\"true\" \/><\/object><\/p>\n<p>Me recuerda a la <em>selecci\u00f3n de f\u00fatbol de Guatemala<\/em>, celebran al estar temporalmente ganando un partido, se llenan de vanaglorian y es justo cuando los rivales terminan, como siempre, gan\u00e1ndoles.<\/p>\n","protected":false},"excerpt":{"rendered":"<p>Dos gallos re\u00f1\u00edan por la preferencia de las gallinas, y al fin uno puso en fuga al otro. Resignadamente se retir\u00f3 el vencido a un matorral, ocult\u00e1ndose all\u00ed. En cambio el vencedor orgulloso se subi\u00f3 a una tapia alta d\u00e1ndose a cantar con gran estruendo. Mas no tard\u00f3 un \u00e1guila en caerle y raptarlo. Desde &#8230; <a title=\"El \u00e1guila y los gallos\" class=\"read-more\" href=\"https:\/\/quechilero.com\/blog\/2010\/11\/06\/el-aguila-y-los-gallos\/\" aria-label=\"Leer m\u00e1s sobre El \u00e1guila y los gallos\">Leer m\u00e1s<\/a><\/p>\n","protected":false},"author":1,"featured_media":0,"comment_status":"open","ping_status":"open","sticky":false,"template":"","format":"standard","meta":{"advanced_seo_description":"","jetpack_seo_html_title":"","jetpack_seo_noindex":false,"jetpack_seo_schema_type":"","episode_type":"","audio_file":"","podmotor_file_id":"","podmotor_episode_id":"","cover_image":"","cover_image_id":"","duration":"","filesize":"","filesize_raw":"","date_recorded":"","explicit":"","block":"","_jetpack_newsletter_access":"","_jetpack_dont_email_post_to_subs":false,"_jetpack_newsletter_tier_id":0,"_jetpack_memberships_contains_paywalled_content":false,"_jetpack_feature_clip_id":0,"_jetpack_memberships_contains_paid_content":false,"footnotes":"","jetpack_publicize_message":"","jetpack_publicize_feature_enabled":true,"jetpack_social_post_already_shared":false,"jetpack_social_options":{"image_generator_settings":{"template":"highway","default_image_id":0,"font":"","enabled":false},"version":2},"jetpack_post_was_ever_published":false},"categories":[2],"tags":[10,24],"series":[],"class_list":["post-5797","post","type-post","status-publish","format-standard","hentry","category-limones","tag-guatemala","tag-vida"],"episode_featured_image":false,"episode_player_image":"https:\/\/i0.wp.com\/quechilero.com\/blog\/imagenes\/podcast.png?fit=1831%2C1831&ssl=1","download_link":"","player_link":"","audio_player":false,"episode_data":{"playerMode":"dark","subscribeUrls":{"amazon":{"key":"amazon","url":"","label":"Amazon","class":"amazon","icon":"amazon.png"},"apple_podcasts":{"key":"apple_podcasts","url":"","label":"Apple Podcasts","class":"apple_podcasts","icon":"apple-podcasts.png"},"castbox":{"key":"castbox","url":"","label":"CastBox","class":"castbox","icon":"castbox.png"},"deezer":{"key":"deezer","url":"","label":"Deezer","class":"deezer","icon":"deezer.png"},"google_podcasts":{"key":"google_podcasts","url":"","label":"Google Podcasts","class":"google_podcasts","icon":"google-podcasts.png"},"listen_notes":{"key":"listen_notes","url":"","label":"Listen Notes","class":"listen_notes","icon":"listen-notes.png"},"pandora":{"key":"pandora","url":"","label":"Pandora","class":"pandora","icon":"pandora.png"},"podbean":{"key":"podbean","url":"","label":"Podbean","class":"podbean","icon":"podbean.png"},"podcast_republic":{"key":"podcast_republic","url":"","label":"Podcast Republic","class":"podcast_republic","icon":"podcast-republic.png"},"rss":{"key":"rss","url":"","label":"RSS","class":"rss","icon":"rss.png"},"spotify":{"key":"spotify","url":"","label":"Spotify","class":"spotify","icon":"spotify.png"},"stitcher":{"key":"stitcher","url":"","label":"Stitcher","class":"stitcher","icon":"stitcher.png"},"tunein":{"key":"tunein","url":"","label":"TuneIn","class":"tunein","icon":"tunein.png"},"youtube":{"key":"youtube","url":"","label":"YouTube","class":"youtube","icon":"youtube.png"},"iheartradio":{"key":"iheartradio","url":"","label":"iHeartRadio","class":"iheartradio","icon":"iheartradio.png"},"ivoox":{"key":"ivoox","url":"","label":"iVoox","class":"ivoox","icon":"ivoox.png"}},"rssFeedUrl":"https:\/\/quechilero.com\/blog\/feed\/podcast\/si-la-vida-nos-da-limones","embedCode":"<blockquote class=\"wp-embedded-content\" data-secret=\"ZP3SWYLlgN\"><a href=\"https:\/\/quechilero.com\/blog\/2010\/11\/06\/el-aguila-y-los-gallos\/\">El \u00e1guila y los gallos<\/a><\/blockquote><iframe sandbox=\"allow-scripts\" security=\"restricted\" src=\"https:\/\/quechilero.com\/blog\/2010\/11\/06\/el-aguila-y-los-gallos\/embed\/#?secret=ZP3SWYLlgN\" width=\"500\" height=\"350\" title=\"\u00abEl \u00e1guila y los gallos\u00bb \u2014 Si la Vida nos da Limones...\" data-secret=\"ZP3SWYLlgN\" frameborder=\"0\" marginwidth=\"0\" marginheight=\"0\" scrolling=\"no\" class=\"wp-embedded-content\"><\/iframe><script>\n\/*! This file is auto-generated *\/\n!function(d,l){\"use strict\";l.querySelector&&d.addEventListener&&\"undefined\"!=typeof URL&&(d.wp=d.wp||{},d.wp.receiveEmbedMessage||(d.wp.receiveEmbedMessage=function(e){var t=e.data;if((t||t.secret||t.message||t.value)&&!\/[^a-zA-Z0-9]\/.test(t.secret)){for(var s,r,n,a=l.querySelectorAll('iframe[data-secret=\"'+t.secret+'\"]'),o=l.querySelectorAll('blockquote[data-secret=\"'+t.secret+'\"]'),c=new RegExp(\"^https?:$\",\"i\"),i=0;i<o.length;i++)o[i].style.display=\"none\";for(i=0;i<a.length;i++)s=a[i],e.source===s.contentWindow&&(s.removeAttribute(\"style\"),\"height\"===t.message?(1e3<(r=parseInt(t.value,10))?r=1e3:~~r<200&&(r=200),s.height=r):\"link\"===t.message&&(r=new URL(s.getAttribute(\"src\")),n=new URL(t.value),c.test(n.protocol))&&n.host===r.host&&l.activeElement===s&&(d.top.location.href=t.value))}},d.addEventListener(\"message\",d.wp.receiveEmbedMessage,!1),l.addEventListener(\"DOMContentLoaded\",function(){for(var e,t,s=l.querySelectorAll(\"iframe.wp-embedded-content\"),r=0;r<s.length;r++)(t=(e=s[r]).getAttribute(\"data-secret\"))||(t=Math.random().toString(36).substring(2,12),e.src+=\"#?secret=\"+t,e.setAttribute(\"data-secret\",t)),e.contentWindow.postMessage({message:\"ready\",secret:t},\"*\")},!1)))}(window,document);\n\/\/# sourceURL=https:\/\/quechilero.com\/blog\/wp-includes\/js\/wp-embed.min.js\n<\/script>\n"},"jetpack_publicize_connections":[],"jetpack_shortlink":"https:\/\/wp.me\/pDKli-1vv","jetpack_sharing_enabled":true,"jetpack-related-posts":[{"id":19938,"url":"https:\/\/quechilero.com\/blog\/2015\/03\/31\/la-serpiente-y-el-aguila\/","url_meta":{"origin":5797,"position":0},"title":"La serpiente y el \u00e1guila","author":"Pepe Barrascout Ortiz","date":"31 marzo 2015","format":false,"excerpt":"Una serpiente y un \u00e1guila luchaban entre s\u00ed en un conflicto mortal. La serpiente llevaba la ventaja, y estuvo a punto de estrangular al ave. Un campesino las vio y, corriendo, desenroll\u00f3 a la serpiente y dej\u00f3 al \u00e1guila salir libre. La serpiente, irritada por la fuga de su presa,\u2026","rel":"","context":"En \u00abLimones\u00bb","block_context":{"text":"Limones","link":"https:\/\/quechilero.com\/blog\/category\/limones\/"},"img":{"alt_text":"","src":"","width":0,"height":0},"classes":[]},{"id":5674,"url":"https:\/\/quechilero.com\/blog\/2010\/09\/27\/el-aguila-el-cuervo-y-el-pastor\/","url_meta":{"origin":5797,"position":1},"title":"El \u00e1guila, el cuervo y el pastor","author":"Pepe Barrascout Ortiz","date":"27 septiembre 2010","format":false,"excerpt":"Lanz\u00e1ndose desde una cima, un \u00e1guila arrebat\u00f3 a un corderito. La vio un cuervo y tratando de imitar al \u00e1guila, se lanz\u00f3 sobre un carnero, pero con tan mal conocimiento en el arte que sus garras se enredaron en la lana, y batiendo al m\u00e1ximo sus alas no logr\u00f3 soltarse.\u2026","rel":"","context":"En \u00abLimones\u00bb","block_context":{"text":"Limones","link":"https:\/\/quechilero.com\/blog\/category\/limones\/"},"img":{"alt_text":"","src":"","width":0,"height":0},"classes":[]},{"id":16709,"url":"https:\/\/quechilero.com\/blog\/2013\/05\/17\/el-%ef%bb%bfaguila-de-ala-cortada-y-la-zorra\/","url_meta":{"origin":5797,"position":2},"title":"El \ufeff\u00e1guila de ala cortada y la zorra","author":"Pepe Barrascout Ortiz","date":"17 mayo 2013","format":false,"excerpt":"Cierto d\u00eda un hombre captur\u00f3 a un \u00e1guila, le cort\u00f3 sus alas y la solt\u00f3 en el corral junto con todas sus gallinas. Apenada, el \u00e1guila, quien fuera poderosa, bajaba la cabeza y pasaba sin comer: se sent\u00eda como una reina encarcelada. Pas\u00f3 otro hombre que la vio, le gust\u00f3\u2026","rel":"","context":"En \u00abLimones\u00bb","block_context":{"text":"Limones","link":"https:\/\/quechilero.com\/blog\/category\/limones\/"},"img":{"alt_text":"","src":"","width":0,"height":0},"classes":[]},{"id":15575,"url":"https:\/\/quechilero.com\/blog\/2013\/01\/06\/el-gorrion-y-la-liebre\/","url_meta":{"origin":5797,"position":3},"title":"El gorri\u00f3n y la liebre","author":"Pepe Barrascout Ortiz","date":"6 enero 2013","format":false,"excerpt":"Una liebre capturada por un \u00e1guila sollozaba much\u00edsimo y pronunciaba gritos desesperadamente. Un gorri\u00f3n la reprendi\u00f3 y le dijo: - \u00bfD\u00f3nde est\u00e1 ahora la rapidez notable de tu pie? \u00bfPor qu\u00e9 tus pies fueron tan lentos? Mientras el gorri\u00f3n hablaba as\u00ed, un halc\u00f3n de repente lo agarr\u00f3 y lo mat\u00f3.\u2026","rel":"","context":"En \u00abLimones\u00bb","block_context":{"text":"Limones","link":"https:\/\/quechilero.com\/blog\/category\/limones\/"},"img":{"alt_text":"","src":"","width":0,"height":0},"classes":[]},{"id":5035,"url":"https:\/\/quechilero.com\/blog\/2010\/07\/02\/las-7-reglas-del-gallo\/","url_meta":{"origin":5797,"position":4},"title":"Las 7 reglas del gallo","author":"Pepe Barrascout Ortiz","date":"2 julio 2010","format":false,"excerpt":"No digas nunca que no sirves, para Dios todos sirven (aunque no todos para lo mismo). Si Dios pudo usar un simple gallo para recuperar un misionero como Pedro, tambi\u00e9n puede usarte a ti. Sigue sencillamente las 7 reglas del gallo: 1. El gallo se levanta temprano e inmediatamente emprende\u2026","rel":"","context":"En \u00abLimones\u00bb","block_context":{"text":"Limones","link":"https:\/\/quechilero.com\/blog\/category\/limones\/"},"img":{"alt_text":"","src":"","width":0,"height":0},"classes":[]},{"id":4326,"url":"https:\/\/quechilero.com\/blog\/2010\/02\/10\/la-anciana-y-su-gallo\/","url_meta":{"origin":5797,"position":5},"title":"La anciana y su gallo","author":"Pepe Barrascout Ortiz","date":"10 febrero 2010","format":false,"excerpt":"La anciana que viv\u00eda en una granja observ\u00f3 que su gallo cantaba siempre a la misma hora, minutos antes de comenzar el d\u00eda; pens\u00f3 entonces que era el canto de su gallo el que produc\u00eda la salida del sol. Los vecinos molestos por el canto, protestaron. La anciana decidi\u00f3 entonces\u2026","rel":"","context":"En \u00abLimones\u00bb","block_context":{"text":"Limones","link":"https:\/\/quechilero.com\/blog\/category\/limones\/"},"img":{"alt_text":"","src":"","width":0,"height":0},"classes":[]}],"jetpack_featured_media_url":"","_links":{"self":[{"href":"https:\/\/quechilero.com\/blog\/wp-json\/wp\/v2\/posts\/5797","targetHints":{"allow":["GET"]}}],"collection":[{"href":"https:\/\/quechilero.com\/blog\/wp-json\/wp\/v2\/posts"}],"about":[{"href":"https:\/\/quechilero.com\/blog\/wp-json\/wp\/v2\/types\/post"}],"author":[{"embeddable":true,"href":"https:\/\/quechilero.com\/blog\/wp-json\/wp\/v2\/users\/1"}],"replies":[{"embeddable":true,"href":"https:\/\/quechilero.com\/blog\/wp-json\/wp\/v2\/comments?post=5797"}],"version-history":[{"count":0,"href":"https:\/\/quechilero.com\/blog\/wp-json\/wp\/v2\/posts\/5797\/revisions"}],"wp:attachment":[{"href":"https:\/\/quechilero.com\/blog\/wp-json\/wp\/v2\/media?parent=5797"}],"wp:term":[{"taxonomy":"category","embeddable":true,"href":"https:\/\/quechilero.com\/blog\/wp-json\/wp\/v2\/categories?post=5797"},{"taxonomy":"post_tag","embeddable":true,"href":"https:\/\/quechilero.com\/blog\/wp-json\/wp\/v2\/tags?post=5797"},{"taxonomy":"series","embeddable":true,"href":"https:\/\/quechilero.com\/blog\/wp-json\/wp\/v2\/series?post=5797"}],"curies":[{"name":"wp","href":"https:\/\/api.w.org\/{rel}","templated":true}]}}