{"id":5796,"date":"2010-10-24T08:00:31","date_gmt":"2010-10-24T14:00:31","guid":{"rendered":"http:\/\/quechilero.com\/blog\/?p=5796"},"modified":"2010-10-24T08:00:31","modified_gmt":"2010-10-24T14:00:31","slug":"en-esta-ocasion","status":"publish","type":"post","link":"https:\/\/quechilero.com\/blog\/2010\/10\/24\/en-esta-ocasion\/","title":{"rendered":"En esta ocasi\u00f3n&#8230;"},"content":{"rendered":"<p>Quiz\u00e1s para muchos, sea otro a\u00f1o m\u00e1s en que se acerca la Semana Santa, y de igual manera los d\u00edas en que se puede ir a vacacionar y pasarla bien. Para m\u00ed as\u00ed era antes.<\/p>\n<p>Hoy precisamente en este a\u00f1o, espero y doy gracias a Dios por estar ya en tiempo de Cuaresma, porque hoy para m\u00ed estos d\u00edas tienen un significado muy diferente al de los a\u00f1os anteriores. Para m\u00ed, estos d\u00edas de Cuaresma, significan la oportunidad de poder sanar mi alma y mi cuerpo, entrando a una preparaci\u00f3n espiritual con Dios. Lo que busco en estos d\u00edas es el perd\u00f3n de mis pecados cometidos a lo largo de mi vida; las ofensas; las mentiras; los da\u00f1os ocasionados, queriendo y sin querer, a personas que est\u00e1n cerca de m\u00ed y de las que no lo est\u00e1n de mi persona.<\/p>\n<p>Creo y tengo fe porque al conocer a Dios y el inmenso amor que \u00c9l siente por m\u00ed y por cada uno de nosotros, tengo la esperanza que cambiar\u00e1 mi vida. Porque el traer y recordar todos mis pecados y arrepentirme de coraz\u00f3n es dejarlos en manos de Dios y as\u00ed mismo acompa\u00f1ar a Jes\u00fas a la cruz.<\/p>\n<p>Porque es por amor a nosotros que \u00c9l se entreg\u00f3, para salvarnos. As\u00ed mismo venci\u00f3 a la muerte y resucit\u00f3 al tercer d\u00eda, y al resucitar Jes\u00fas, yo creo y espero ser una mejor persona para servir y hacer la voluntad de Dios, con \u00c9l y para \u00c9l.<\/p>\n<p><strong><em>Jorge Gabriel Hern\u00e1ndez G\u00f3mez<\/em><\/strong><\/p>\n","protected":false},"excerpt":{"rendered":"<p>Quiz\u00e1s para muchos, sea otro a\u00f1o m\u00e1s en que se acerca la Semana Santa, y de igual manera los d\u00edas en que se puede ir a vacacionar y pasarla bien. Para m\u00ed as\u00ed era antes. Hoy precisamente en este a\u00f1o, espero y doy gracias a Dios por estar ya en tiempo de Cuaresma, porque hoy &#8230; <a title=\"En esta ocasi\u00f3n&#8230;\" class=\"read-more\" href=\"https:\/\/quechilero.com\/blog\/2010\/10\/24\/en-esta-ocasion\/\" aria-label=\"Leer m\u00e1s sobre En esta ocasi\u00f3n&#8230;\">Leer m\u00e1s<\/a><\/p>\n","protected":false},"author":1,"featured_media":0,"comment_status":"open","ping_status":"open","sticky":false,"template":"","format":"standard","meta":{"advanced_seo_description":"","jetpack_seo_html_title":"","jetpack_seo_noindex":false,"jetpack_seo_schema_type":"","episode_type":"","audio_file":"","podmotor_file_id":"","podmotor_episode_id":"","cover_image":"","cover_image_id":"","duration":"","filesize":"","filesize_raw":"","date_recorded":"","explicit":"","block":"","_jetpack_newsletter_access":"","_jetpack_dont_email_post_to_subs":false,"_jetpack_newsletter_tier_id":0,"_jetpack_memberships_contains_paywalled_content":false,"_jetpack_feature_clip_id":0,"_jetpack_memberships_contains_paid_content":false,"footnotes":"","jetpack_publicize_message":"","jetpack_publicize_feature_enabled":true,"jetpack_social_post_already_shared":false,"jetpack_social_options":{"image_generator_settings":{"template":"highway","default_image_id":0,"font":"","enabled":false},"version":2},"jetpack_post_was_ever_published":false},"categories":[2],"tags":[15,100,51,74,50,5,24],"series":[],"class_list":["post-5796","post","type-post","status-publish","format-standard","hentry","category-limones","tag-amor","tag-cuaresma","tag-dios","tag-jesus","tag-muerte","tag-tiempo","tag-vida"],"episode_featured_image":false,"episode_player_image":"https:\/\/i0.wp.com\/quechilero.com\/blog\/imagenes\/podcast.png?fit=1831%2C1831&ssl=1","download_link":"","player_link":"","audio_player":false,"episode_data":{"playerMode":"dark","subscribeUrls":{"amazon":{"key":"amazon","url":"","label":"Amazon","class":"amazon","icon":"amazon.png"},"apple_podcasts":{"key":"apple_podcasts","url":"","label":"Apple Podcasts","class":"apple_podcasts","icon":"apple-podcasts.png"},"castbox":{"key":"castbox","url":"","label":"CastBox","class":"castbox","icon":"castbox.png"},"deezer":{"key":"deezer","url":"","label":"Deezer","class":"deezer","icon":"deezer.png"},"google_podcasts":{"key":"google_podcasts","url":"","label":"Google Podcasts","class":"google_podcasts","icon":"google-podcasts.png"},"listen_notes":{"key":"listen_notes","url":"","label":"Listen Notes","class":"listen_notes","icon":"listen-notes.png"},"pandora":{"key":"pandora","url":"","label":"Pandora","class":"pandora","icon":"pandora.png"},"podbean":{"key":"podbean","url":"","label":"Podbean","class":"podbean","icon":"podbean.png"},"podcast_republic":{"key":"podcast_republic","url":"","label":"Podcast Republic","class":"podcast_republic","icon":"podcast-republic.png"},"rss":{"key":"rss","url":"","label":"RSS","class":"rss","icon":"rss.png"},"spotify":{"key":"spotify","url":"","label":"Spotify","class":"spotify","icon":"spotify.png"},"stitcher":{"key":"stitcher","url":"","label":"Stitcher","class":"stitcher","icon":"stitcher.png"},"tunein":{"key":"tunein","url":"","label":"TuneIn","class":"tunein","icon":"tunein.png"},"youtube":{"key":"youtube","url":"","label":"YouTube","class":"youtube","icon":"youtube.png"},"iheartradio":{"key":"iheartradio","url":"","label":"iHeartRadio","class":"iheartradio","icon":"iheartradio.png"},"ivoox":{"key":"ivoox","url":"","label":"iVoox","class":"ivoox","icon":"ivoox.png"}},"rssFeedUrl":"https:\/\/quechilero.com\/blog\/feed\/podcast\/si-la-vida-nos-da-limones","embedCode":"<blockquote class=\"wp-embedded-content\" data-secret=\"Q3xjYEpqPk\"><a href=\"https:\/\/quechilero.com\/blog\/2010\/10\/24\/en-esta-ocasion\/\">En esta ocasi\u00f3n&#8230;<\/a><\/blockquote><iframe sandbox=\"allow-scripts\" security=\"restricted\" src=\"https:\/\/quechilero.com\/blog\/2010\/10\/24\/en-esta-ocasion\/embed\/#?secret=Q3xjYEpqPk\" width=\"500\" height=\"350\" title=\"\u00abEn esta ocasi\u00f3n&#8230;\u00bb \u2014 Si la Vida nos da Limones...\" data-secret=\"Q3xjYEpqPk\" frameborder=\"0\" marginwidth=\"0\" marginheight=\"0\" scrolling=\"no\" class=\"wp-embedded-content\"><\/iframe><script>\n\/*! This file is auto-generated *\/\n!function(d,l){\"use strict\";l.querySelector&&d.addEventListener&&\"undefined\"!=typeof URL&&(d.wp=d.wp||{},d.wp.receiveEmbedMessage||(d.wp.receiveEmbedMessage=function(e){var t=e.data;if((t||t.secret||t.message||t.value)&&!\/[^a-zA-Z0-9]\/.test(t.secret)){for(var s,r,n,a=l.querySelectorAll('iframe[data-secret=\"'+t.secret+'\"]'),o=l.querySelectorAll('blockquote[data-secret=\"'+t.secret+'\"]'),c=new RegExp(\"^https?:$\",\"i\"),i=0;i<o.length;i++)o[i].style.display=\"none\";for(i=0;i<a.length;i++)s=a[i],e.source===s.contentWindow&&(s.removeAttribute(\"style\"),\"height\"===t.message?(1e3<(r=parseInt(t.value,10))?r=1e3:~~r<200&&(r=200),s.height=r):\"link\"===t.message&&(r=new URL(s.getAttribute(\"src\")),n=new URL(t.value),c.test(n.protocol))&&n.host===r.host&&l.activeElement===s&&(d.top.location.href=t.value))}},d.addEventListener(\"message\",d.wp.receiveEmbedMessage,!1),l.addEventListener(\"DOMContentLoaded\",function(){for(var e,t,s=l.querySelectorAll(\"iframe.wp-embedded-content\"),r=0;r<s.length;r++)(t=(e=s[r]).getAttribute(\"data-secret\"))||(t=Math.random().toString(36).substring(2,12),e.src+=\"#?secret=\"+t,e.setAttribute(\"data-secret\",t)),e.contentWindow.postMessage({message:\"ready\",secret:t},\"*\")},!1)))}(window,document);\n\/\/# sourceURL=https:\/\/quechilero.com\/blog\/wp-includes\/js\/wp-embed.min.js\n<\/script>\n"},"jetpack_publicize_connections":[],"jetpack_shortlink":"https:\/\/wp.me\/pDKli-1vu","jetpack_sharing_enabled":true,"jetpack-related-posts":[{"id":7138,"url":"https:\/\/quechilero.com\/blog\/2011\/03\/09\/reflexiones-de-cuaresma-miercoles-de-ceniza\/","url_meta":{"origin":5796,"position":0},"title":"Reflexiones de Cuaresma: Mi\u00e9rcoles de Ceniza","author":"Pepe Barrascout Ortiz","date":"9 marzo 2011","format":false,"excerpt":"Oraci\u00f3n inicial Se\u00f1or m\u00edo, Jesucristo, creo firmemente que est\u00e1s aqu\u00ed; en estos pocos minutos de oraci\u00f3n que empiezo ahora quiero pedirte y agradecerte. Pedirte\u00a0la gracia de darme m\u00e1s cuenta de que T\u00fa vives, me escuchas y me amas; tanto, que has querido morir libremente por m\u00ed en la cruz y\u2026","rel":"","context":"En \u00abLimones por mano\u00bb","block_context":{"text":"Limones por mano","link":"https:\/\/quechilero.com\/blog\/category\/limones-por-mano\/"},"img":{"alt_text":"","src":"","width":0,"height":0},"classes":[]},{"id":7599,"url":"https:\/\/quechilero.com\/blog\/2011\/03\/31\/reflexiones-de-cuaresma-dia-23\/","url_meta":{"origin":5796,"position":1},"title":"Reflexiones de Cuaresma d\u00eda 23","author":"Pepe Barrascout Ortiz","date":"31 marzo 2011","format":false,"excerpt":"Oraci\u00f3n inicial Se\u00f1or m\u00edo, Jesucristo, creo firmemente que est\u00e1s aqu\u00ed; en estos pocos minutos de oraci\u00f3n que empiezo ahora quiero pedirte y agradecerte. Pedirte\u00a0la gracia de darme m\u00e1s cuenta de que T\u00fa vives, me escuchas y me amas; tanto, que has querido morir libremente por m\u00ed en la cruz y\u2026","rel":"","context":"En \u00abLimones por mano\u00bb","block_context":{"text":"Limones por mano","link":"https:\/\/quechilero.com\/blog\/category\/limones-por-mano\/"},"img":{"alt_text":"","src":"","width":0,"height":0},"classes":[]},{"id":7606,"url":"https:\/\/quechilero.com\/blog\/2011\/04\/07\/reflexiones-de-cuaresma-dia-30\/","url_meta":{"origin":5796,"position":2},"title":"Reflexiones de Cuaresma d\u00eda 30","author":"Pepe Barrascout Ortiz","date":"7 abril 2011","format":false,"excerpt":"Oraci\u00f3n inicial Se\u00f1or m\u00edo, Jesucristo, creo firmemente que est\u00e1s aqu\u00ed; en estos pocos minutos de oraci\u00f3n que empiezo ahora quiero pedirte y agradecerte. Pedirte\u00a0la gracia de darme m\u00e1s cuenta de que T\u00fa vives, me escuchas y me amas; tanto, que has querido morir libremente por m\u00ed en la cruz y\u2026","rel":"","context":"En \u00abLimones por mano\u00bb","block_context":{"text":"Limones por mano","link":"https:\/\/quechilero.com\/blog\/category\/limones-por-mano\/"},"img":{"alt_text":"","src":"","width":0,"height":0},"classes":[]},{"id":4605,"url":"https:\/\/quechilero.com\/blog\/2010\/04\/02\/mensaje-del-santo-padre-para-la-cuaresma-2010\/","url_meta":{"origin":5796,"position":3},"title":"Mensaje del Santo Padre para la Cuaresma 2010","author":"Pepe Barrascout Ortiz","date":"2 abril 2010","format":false,"excerpt":"\"La justicia de Dios se ha manifestado por la fe en Jesucristo\" Mensaje del Santo Padre para la Cuaresma 2010 Se ha publicado hoy el Mensaje de Benedicto XVI para la Cuaresma 2010. El texto, fechado el 30 de octubre de 2009, lleva por t\u00edtulo la siguiente afirmaci\u00f3n de San\u2026","rel":"","context":"En \u00abLimones\u00bb","block_context":{"text":"Limones","link":"https:\/\/quechilero.com\/blog\/category\/limones\/"},"img":{"alt_text":"","src":"","width":0,"height":0},"classes":[]},{"id":7604,"url":"https:\/\/quechilero.com\/blog\/2011\/04\/05\/reflexiones-de-cuaresma-dia-28\/","url_meta":{"origin":5796,"position":4},"title":"Reflexiones de Cuaresma d\u00eda 28","author":"Pepe Barrascout Ortiz","date":"5 abril 2011","format":false,"excerpt":"Oraci\u00f3n inicial Se\u00f1or m\u00edo, Jesucristo, creo firmemente que est\u00e1s aqu\u00ed; en estos pocos minutos de oraci\u00f3n que empiezo ahora quiero pedirte y agradecerte. Pedirte\u00a0la gracia de darme m\u00e1s cuenta de que T\u00fa vives, me escuchas y me amas; tanto, que has querido morir libremente por m\u00ed en la cruz y\u2026","rel":"","context":"En \u00abLimones por mano\u00bb","block_context":{"text":"Limones por mano","link":"https:\/\/quechilero.com\/blog\/category\/limones-por-mano\/"},"img":{"alt_text":"","src":"","width":0,"height":0},"classes":[]},{"id":7611,"url":"https:\/\/quechilero.com\/blog\/2011\/04\/12\/reflexiones-de-cuaresma-dia-35\/","url_meta":{"origin":5796,"position":5},"title":"Reflexiones de Cuaresma d\u00eda 35","author":"Pepe Barrascout Ortiz","date":"12 abril 2011","format":false,"excerpt":"Oraci\u00f3n inicial Se\u00f1or m\u00edo, Jesucristo, creo firmemente que est\u00e1s aqu\u00ed; en estos pocos minutos de oraci\u00f3n que empiezo ahora quiero pedirte y agradecerte. Pedirte\u00a0la gracia de darme m\u00e1s cuenta de que T\u00fa vives, me escuchas y me amas; tanto, que has querido morir libremente por m\u00ed en la cruz y\u2026","rel":"","context":"En \u00abLimones por mano\u00bb","block_context":{"text":"Limones por mano","link":"https:\/\/quechilero.com\/blog\/category\/limones-por-mano\/"},"img":{"alt_text":"","src":"","width":0,"height":0},"classes":[]}],"jetpack_featured_media_url":"","_links":{"self":[{"href":"https:\/\/quechilero.com\/blog\/wp-json\/wp\/v2\/posts\/5796","targetHints":{"allow":["GET"]}}],"collection":[{"href":"https:\/\/quechilero.com\/blog\/wp-json\/wp\/v2\/posts"}],"about":[{"href":"https:\/\/quechilero.com\/blog\/wp-json\/wp\/v2\/types\/post"}],"author":[{"embeddable":true,"href":"https:\/\/quechilero.com\/blog\/wp-json\/wp\/v2\/users\/1"}],"replies":[{"embeddable":true,"href":"https:\/\/quechilero.com\/blog\/wp-json\/wp\/v2\/comments?post=5796"}],"version-history":[{"count":0,"href":"https:\/\/quechilero.com\/blog\/wp-json\/wp\/v2\/posts\/5796\/revisions"}],"wp:attachment":[{"href":"https:\/\/quechilero.com\/blog\/wp-json\/wp\/v2\/media?parent=5796"}],"wp:term":[{"taxonomy":"category","embeddable":true,"href":"https:\/\/quechilero.com\/blog\/wp-json\/wp\/v2\/categories?post=5796"},{"taxonomy":"post_tag","embeddable":true,"href":"https:\/\/quechilero.com\/blog\/wp-json\/wp\/v2\/tags?post=5796"},{"taxonomy":"series","embeddable":true,"href":"https:\/\/quechilero.com\/blog\/wp-json\/wp\/v2\/series?post=5796"}],"curies":[{"name":"wp","href":"https:\/\/api.w.org\/{rel}","templated":true}]}}