{"id":567,"date":"2007-06-04T10:50:46","date_gmt":"2007-06-04T16:50:46","guid":{"rendered":"http:\/\/www.quechilero.com\/blog\/2007\/06\/04\/vivir-como-si-fuera-el-ultimo-dia\/"},"modified":"2007-06-04T10:50:46","modified_gmt":"2007-06-04T16:50:46","slug":"vivir-como-si-fuera-el-ultimo-dia","status":"publish","type":"post","link":"https:\/\/quechilero.com\/blog\/2007\/06\/04\/vivir-como-si-fuera-el-ultimo-dia\/","title":{"rendered":"Vivir como si fuera el \u00faltimo d\u00eda"},"content":{"rendered":"<p>Un chico naci\u00f3 con c\u00e1ncer, un c\u00e1ncer que no ten\u00eda cura. \u00c9l ten\u00eda 17 a\u00f1os y podr\u00eda morir en cualquier momento.<\/p>\n<p>Siempre vivi\u00f3 en su casa, bajo el cuidado de su madre.<\/p>\n<p>Ya estaba harto y decidi\u00f3 salir solo por una vez.<\/p>\n<p>Le pidi\u00f3 permiso a su madre<br \/>\ny ella acept\u00f3.<\/p>\n<p>Caminando por su calle vio muchas tiendas. Al pasar por una de m\u00fasica y, al ver el mostrador, not\u00f3 la presencia de una ni\u00f1a muy guapa, de su edad: fue amor a primera vista.<\/p>\n<p>Abri\u00f3 la puerta y entr\u00f3 sin mirar nada que no fuera ella. Acerc\u00e1ndose poco a poco lleg\u00f3 al mostrador donde se encontraba ella. Lo mir\u00f3 y le dijo sonriente.<\/p>\n<p>\u00ab\u00bfTe puedo ayudar en algo?\u00bb.<\/p>\n<p>Mientras \u00e9l pensaba que era la sonrisa m\u00e1s hermosa que hab\u00eda visto en toda su vida, sinti\u00f3 el deseo de besarla en ese mismo instante.<\/p>\n<p>Tartamudeando le dijo:<\/p>\n<p>\u00abS\u00ed, eeehhh&#8230; uuuhhh&#8230;mmm&#8230;me&#8230;me gustar\u00eda comprar un&#8230;CD\u00bb.<\/p>\n<p>Sin pensar tom\u00f3 el primero que vio y le dio el dinero.<\/p>\n<p>\u00ab\u00bfQuieres que te lo envuelva?\u00bb<\/p>\n<p>-pregunt\u00f3 la ni\u00f1a sonriendo de nuevo.<\/p>\n<p>\u00c9l respondi\u00f3 que s\u00ed moviendo la cabeza, y ella fue al almac\u00e9n para volver con el paquete envuelto y entreg\u00e1rselo.<\/p>\n<p>\u00c9l lo tom\u00f3 y sali\u00f3 de la tienda. Se fue a su casa y, de ese d\u00eda en adelante visit\u00f3 la tienda todos los d\u00edas para<br \/>\ncomprar un CD.<\/p>\n<p>Siempre se los envolv\u00eda la ni\u00f1a para, luego, llev\u00e1rselos a su casa y meterlos en una caja.<\/p>\n<p>\u00c9l era muy t\u00edmido para invitarla a salir y, aunque lo intentaba, no pod\u00eda.<br \/>\nSu mam\u00e1 se enter\u00f3 de esto e intent\u00f3 animarlo a que se aventurara; as\u00ed que al d\u00eda siguiente se arm\u00f3 de valor y se dirigi\u00f3 a la tienda.<\/p>\n<p>Como todos los d\u00edas, compr\u00f3 otra vez un CD y, como siempre, ella se fue atr\u00e1s para envolverlo.<\/p>\n<p>\u00c9l tom\u00f3 el CD y, mientras ella no estaba mirando,<br \/>\nr\u00e1pidamente dej\u00f3 su tel\u00e9fono en el mostrador y sali\u00f3 corriendo de la tienda.<\/p>\n<p>Al d\u00eda siguiente el muchacho no fue a la tienda y ella le llam\u00f3. Su mam\u00e1<br \/>\ncontest\u00f3.<\/p>\n<p>La madre desconsolada comenz\u00f3 a llorar mientras dec\u00eda:<br \/>\n\u00ab\u00bfNo lo sabes? Mi hijo muri\u00f3 ayer\u00bb.<\/p>\n<p>Hubo un silencio prolongado, excepto los lamentos de la madre.<br \/>\nD\u00edas m\u00e1s tarde, la mam\u00e1 entr\u00f3 en el cuarto de su hijo para recordarlo.<br \/>\nDecidi\u00f3 empezar por ver su ropa, as\u00ed que abri\u00f3 su armario.<\/p>\n<p>Para su sorpresa se encontr\u00f3 con montones de CD&#8217;s envueltos.<\/p>\n<p>Ni uno estaba abierto.<\/p>\n<p>Le caus\u00f3 curiosidad ver tantos, y no se resisti\u00f3; tom\u00f3 uno y se sent\u00f3 sobre la cama para verlo. Al hacer esto, un pedazo de papel<br \/>\nsali\u00f3 de la cajita de pl\u00e1stico.<\/p>\n<p>La mam\u00e1 lo recogi\u00f3 para leerlo y dec\u00eda:<\/p>\n<p>\u00ab\u00a1Hola! Est\u00e1s s\u00faper guapo. \u00bfQuieres salir conmigo? Te quiero mucho. Sof\u00eda\u00bb<\/p>\n<p>De tanta emoci\u00f3n la madre abri\u00f3 otro y otro pedazo de papel y todos dec\u00edan lo mismo.<\/p>\n<p><strong>Moraleja:<\/strong><br \/>\nAs\u00ed es la vida. No esperes demasiado para decirle a ese alguien especial lo que sientes; d\u00edselo hoy, ma\u00f1ana puede ser tarde.<\/p>\n","protected":false},"excerpt":{"rendered":"<p>Un chico naci\u00f3 con c\u00e1ncer, un c\u00e1ncer que no ten\u00eda cura. \u00c9l ten\u00eda 17 a\u00f1os y podr\u00eda morir en cualquier momento. Siempre vivi\u00f3 en su casa, bajo el cuidado de su madre. Ya estaba harto y decidi\u00f3 salir solo por una vez. Le pidi\u00f3 permiso a su madre y ella acept\u00f3. Caminando por su calle &#8230; <a title=\"Vivir como si fuera el \u00faltimo d\u00eda\" class=\"read-more\" href=\"https:\/\/quechilero.com\/blog\/2007\/06\/04\/vivir-como-si-fuera-el-ultimo-dia\/\" aria-label=\"Leer m\u00e1s sobre Vivir como si fuera el \u00faltimo d\u00eda\">Leer m\u00e1s<\/a><\/p>\n","protected":false},"author":1,"featured_media":0,"comment_status":"open","ping_status":"open","sticky":false,"template":"","format":"standard","meta":{"advanced_seo_description":"","jetpack_seo_html_title":"","jetpack_seo_noindex":false,"jetpack_seo_schema_type":"","episode_type":"","audio_file":"","podmotor_file_id":"","podmotor_episode_id":"","cover_image":"","cover_image_id":"","duration":"","filesize":"","filesize_raw":"","date_recorded":"","explicit":"","block":"","_jetpack_newsletter_access":"","_jetpack_dont_email_post_to_subs":false,"_jetpack_newsletter_tier_id":0,"_jetpack_memberships_contains_paywalled_content":false,"_jetpack_feature_clip_id":0,"_jetpack_memberships_contains_paid_content":false,"footnotes":"","jetpack_publicize_message":"","jetpack_publicize_feature_enabled":true,"jetpack_social_post_already_shared":false,"jetpack_social_options":{"image_generator_settings":{"template":"highway","default_image_id":0,"font":"","enabled":false},"version":2},"jetpack_post_was_ever_published":false},"categories":[2],"tags":[15,37,48,45,26,32,39,24],"series":[],"class_list":["post-567","post","type-post","status-publish","format-standard","hentry","category-limones","tag-amor","tag-ayuda","tag-curiosidad","tag-deseo","tag-dinero","tag-especial","tag-madre","tag-vida"],"episode_featured_image":false,"episode_player_image":"https:\/\/i0.wp.com\/quechilero.com\/blog\/imagenes\/podcast.png?fit=1831%2C1831&ssl=1","download_link":"","player_link":"","audio_player":false,"episode_data":{"playerMode":"dark","subscribeUrls":{"amazon":{"key":"amazon","url":"","label":"Amazon","class":"amazon","icon":"amazon.png"},"apple_podcasts":{"key":"apple_podcasts","url":"","label":"Apple Podcasts","class":"apple_podcasts","icon":"apple-podcasts.png"},"castbox":{"key":"castbox","url":"","label":"CastBox","class":"castbox","icon":"castbox.png"},"deezer":{"key":"deezer","url":"","label":"Deezer","class":"deezer","icon":"deezer.png"},"google_podcasts":{"key":"google_podcasts","url":"","label":"Google Podcasts","class":"google_podcasts","icon":"google-podcasts.png"},"listen_notes":{"key":"listen_notes","url":"","label":"Listen Notes","class":"listen_notes","icon":"listen-notes.png"},"pandora":{"key":"pandora","url":"","label":"Pandora","class":"pandora","icon":"pandora.png"},"podbean":{"key":"podbean","url":"","label":"Podbean","class":"podbean","icon":"podbean.png"},"podcast_republic":{"key":"podcast_republic","url":"","label":"Podcast Republic","class":"podcast_republic","icon":"podcast-republic.png"},"rss":{"key":"rss","url":"","label":"RSS","class":"rss","icon":"rss.png"},"spotify":{"key":"spotify","url":"","label":"Spotify","class":"spotify","icon":"spotify.png"},"stitcher":{"key":"stitcher","url":"","label":"Stitcher","class":"stitcher","icon":"stitcher.png"},"tunein":{"key":"tunein","url":"","label":"TuneIn","class":"tunein","icon":"tunein.png"},"youtube":{"key":"youtube","url":"","label":"YouTube","class":"youtube","icon":"youtube.png"},"iheartradio":{"key":"iheartradio","url":"","label":"iHeartRadio","class":"iheartradio","icon":"iheartradio.png"},"ivoox":{"key":"ivoox","url":"","label":"iVoox","class":"ivoox","icon":"ivoox.png"}},"rssFeedUrl":"https:\/\/quechilero.com\/blog\/feed\/podcast\/si-la-vida-nos-da-limones","embedCode":"<blockquote class=\"wp-embedded-content\" data-secret=\"4kgbvmkSIq\"><a href=\"https:\/\/quechilero.com\/blog\/2007\/06\/04\/vivir-como-si-fuera-el-ultimo-dia\/\">Vivir como si fuera el \u00faltimo d\u00eda<\/a><\/blockquote><iframe sandbox=\"allow-scripts\" security=\"restricted\" src=\"https:\/\/quechilero.com\/blog\/2007\/06\/04\/vivir-como-si-fuera-el-ultimo-dia\/embed\/#?secret=4kgbvmkSIq\" width=\"500\" height=\"350\" title=\"\u00abVivir como si fuera el \u00faltimo d\u00eda\u00bb \u2014 Si la Vida nos da Limones...\" data-secret=\"4kgbvmkSIq\" frameborder=\"0\" marginwidth=\"0\" marginheight=\"0\" scrolling=\"no\" class=\"wp-embedded-content\"><\/iframe><script>\n\/*! This file is auto-generated *\/\n!function(d,l){\"use strict\";l.querySelector&&d.addEventListener&&\"undefined\"!=typeof URL&&(d.wp=d.wp||{},d.wp.receiveEmbedMessage||(d.wp.receiveEmbedMessage=function(e){var t=e.data;if((t||t.secret||t.message||t.value)&&!\/[^a-zA-Z0-9]\/.test(t.secret)){for(var s,r,n,a=l.querySelectorAll('iframe[data-secret=\"'+t.secret+'\"]'),o=l.querySelectorAll('blockquote[data-secret=\"'+t.secret+'\"]'),c=new RegExp(\"^https?:$\",\"i\"),i=0;i<o.length;i++)o[i].style.display=\"none\";for(i=0;i<a.length;i++)s=a[i],e.source===s.contentWindow&&(s.removeAttribute(\"style\"),\"height\"===t.message?(1e3<(r=parseInt(t.value,10))?r=1e3:~~r<200&&(r=200),s.height=r):\"link\"===t.message&&(r=new URL(s.getAttribute(\"src\")),n=new URL(t.value),c.test(n.protocol))&&n.host===r.host&&l.activeElement===s&&(d.top.location.href=t.value))}},d.addEventListener(\"message\",d.wp.receiveEmbedMessage,!1),l.addEventListener(\"DOMContentLoaded\",function(){for(var e,t,s=l.querySelectorAll(\"iframe.wp-embedded-content\"),r=0;r<s.length;r++)(t=(e=s[r]).getAttribute(\"data-secret\"))||(t=Math.random().toString(36).substring(2,12),e.src+=\"#?secret=\"+t,e.setAttribute(\"data-secret\",t)),e.contentWindow.postMessage({message:\"ready\",secret:t},\"*\")},!1)))}(window,document);\n\/\/# sourceURL=https:\/\/quechilero.com\/blog\/wp-includes\/js\/wp-embed.min.js\n<\/script>\n"},"jetpack_publicize_connections":[],"jetpack_shortlink":"https:\/\/wp.me\/pDKli-99","jetpack_sharing_enabled":true,"jetpack-related-posts":[{"id":21389,"url":"https:\/\/quechilero.com\/blog\/2015\/07\/23\/el-vendedor-de-semillas\/","url_meta":{"origin":567,"position":0},"title":"El vendedor de semillas","author":"Pepe Barrascout Ortiz","date":"23 julio 2015","format":false,"excerpt":"Un joven so\u00f1\u00f3 que entraba en un supermercado reci\u00e9n inaugurado y, para su sorpresa, descubri\u00f3 que Jesucristo se encontraba atr\u00e1s del mostrador. - \u00bfQu\u00e9 vendes aqu\u00ed? -le pregunt\u00f3. - Todo lo que tu coraz\u00f3n desee. -respondi\u00f3 Jesucristo. Sin atreverse a creer lo que estaba oyendo, el joven emocionado se decidi\u00f3\u2026","rel":"","context":"En \u00abLimones\u00bb","block_context":{"text":"Limones","link":"https:\/\/quechilero.com\/blog\/category\/limones\/"},"img":{"alt_text":"","src":"","width":0,"height":0},"classes":[]},{"id":5149,"url":"https:\/\/quechilero.com\/blog\/2010\/07\/25\/el-valor-de-un-milagro\/","url_meta":{"origin":567,"position":1},"title":"El valor de un milagro","author":"Pepe Barrascout Ortiz","date":"25 julio 2010","format":false,"excerpt":"Una peque\u00f1a ni\u00f1a fue a su habitaci\u00f3n y sac\u00f3 un frasco que estaba escondido en su closet. Esparci\u00f3 su contenido en el suelo y cont\u00f3 con cuidado. Tres veces incluso, el total fue contado a la perfecci\u00f3n. No hab\u00eda cabida a errores. Con cuidado regres\u00f3 las monedas al frasco y\u2026","rel":"","context":"En \u00abLimones\u00bb","block_context":{"text":"Limones","link":"https:\/\/quechilero.com\/blog\/category\/limones\/"},"img":{"alt_text":"","src":"","width":0,"height":0},"classes":[]},{"id":15229,"url":"https:\/\/quechilero.com\/blog\/2012\/11\/22\/garantia\/","url_meta":{"origin":567,"position":2},"title":"Garant\u00eda","author":"Pepe Barrascout Ortiz","date":"22 noviembre 2012","format":false,"excerpt":"Una de las cosas que menos me gusta hacer, es ir a alg\u00fan lugar y devolver o cambiar alg\u00fan art\u00edculo que compr\u00e9. Verdaderamente me disgusta tener que hacer uso de las \"Garant\u00edas\". En una ocasi\u00f3n, al trabajar en una constructora, mi jefe me pidi\u00f3 que fuera a una reconocida tienda\u2026","rel":"","context":"En \u00abLimones\u00bb","block_context":{"text":"Limones","link":"https:\/\/quechilero.com\/blog\/category\/limones\/"},"img":{"alt_text":"","src":"","width":0,"height":0},"classes":[]},{"id":13346,"url":"https:\/\/quechilero.com\/blog\/2012\/05\/09\/yo-naci-dos-veces\/","url_meta":{"origin":567,"position":3},"title":"Yo nac\u00ed dos veces","author":"Pepe Barrascout Ortiz","date":"9 mayo 2012","format":false,"excerpt":"Mam\u00e1 siempre esta all\u00ed cuando la necesitas. Ayuda, protege, escucha, aconseja, y alimenta f\u00edsica y moralmente. Ella se asegura de que su familia sea amada veinticuatro horas al d\u00eda, siete d\u00edas a la semana, cincuenta y dos semanas al a\u00f1o. Al menos as\u00ed es como yo recuerdo a mi madre,\u2026","rel":"","context":"En \u00abLimones\u00bb","block_context":{"text":"Limones","link":"https:\/\/quechilero.com\/blog\/category\/limones\/"},"img":{"alt_text":"","src":"","width":0,"height":0},"classes":[]},{"id":7591,"url":"https:\/\/quechilero.com\/blog\/2011\/03\/23\/reflexiones-de-cuaresma-dia-15\/","url_meta":{"origin":567,"position":4},"title":"Reflexiones de Cuaresma d\u00eda 15","author":"Pepe Barrascout Ortiz","date":"23 marzo 2011","format":false,"excerpt":"Oraci\u00f3n inicial Se\u00f1or m\u00edo, Jesucristo, creo firmemente que est\u00e1s aqu\u00ed; en estos pocos minutos de oraci\u00f3n que empiezo ahora quiero pedirte y agradecerte. Pedirte\u00a0la gracia de darme m\u00e1s cuenta de que T\u00fa vives, me escuchas y me amas; tanto, que has querido morir libremente por m\u00ed en la cruz y\u2026","rel":"","context":"En \u00abLimones por mano\u00bb","block_context":{"text":"Limones por mano","link":"https:\/\/quechilero.com\/blog\/category\/limones-por-mano\/"},"img":{"alt_text":"","src":"","width":0,"height":0},"classes":[]},{"id":6708,"url":"https:\/\/quechilero.com\/blog\/2011\/01\/19\/adelanto-del-cielo\/","url_meta":{"origin":567,"position":5},"title":"Adelanto del Cielo","author":"Pepe Barrascout Ortiz","date":"19 enero 2011","format":false,"excerpt":"Ocurri\u00f3 durante un mes de voluntariado en las vacaciones de verano. Cuando llegamos a Nairobi (Kenya) nos pregunt\u00e1bamos c\u00f3mo nosotros, inexpertos universitarios, podr\u00edamos ayudar en aquella \u00c1frica sucia, polvorienta y calurosa. Quiz\u00e1 arreglando tejados... pero no ten\u00edamos experiencia en construcci\u00f3n. Quiz\u00e1 pintando un colegio... pero no sab\u00edamos de pintura. Lo\u2026","rel":"","context":"En \u00abLimones\u00bb","block_context":{"text":"Limones","link":"https:\/\/quechilero.com\/blog\/category\/limones\/"},"img":{"alt_text":"","src":"","width":0,"height":0},"classes":[]}],"jetpack_featured_media_url":"","_links":{"self":[{"href":"https:\/\/quechilero.com\/blog\/wp-json\/wp\/v2\/posts\/567","targetHints":{"allow":["GET"]}}],"collection":[{"href":"https:\/\/quechilero.com\/blog\/wp-json\/wp\/v2\/posts"}],"about":[{"href":"https:\/\/quechilero.com\/blog\/wp-json\/wp\/v2\/types\/post"}],"author":[{"embeddable":true,"href":"https:\/\/quechilero.com\/blog\/wp-json\/wp\/v2\/users\/1"}],"replies":[{"embeddable":true,"href":"https:\/\/quechilero.com\/blog\/wp-json\/wp\/v2\/comments?post=567"}],"version-history":[{"count":0,"href":"https:\/\/quechilero.com\/blog\/wp-json\/wp\/v2\/posts\/567\/revisions"}],"wp:attachment":[{"href":"https:\/\/quechilero.com\/blog\/wp-json\/wp\/v2\/media?parent=567"}],"wp:term":[{"taxonomy":"category","embeddable":true,"href":"https:\/\/quechilero.com\/blog\/wp-json\/wp\/v2\/categories?post=567"},{"taxonomy":"post_tag","embeddable":true,"href":"https:\/\/quechilero.com\/blog\/wp-json\/wp\/v2\/tags?post=567"},{"taxonomy":"series","embeddable":true,"href":"https:\/\/quechilero.com\/blog\/wp-json\/wp\/v2\/series?post=567"}],"curies":[{"name":"wp","href":"https:\/\/api.w.org\/{rel}","templated":true}]}}