{"id":564,"date":"2007-05-31T21:41:02","date_gmt":"2007-06-01T03:41:02","guid":{"rendered":"http:\/\/www.quechilero.com\/blog\/2007\/05\/31\/la-pasion-de-harley-y-davidson\/"},"modified":"2007-05-31T21:41:02","modified_gmt":"2007-06-01T03:41:02","slug":"la-pasion-de-harley-y-davidson","status":"publish","type":"post","link":"https:\/\/quechilero.com\/blog\/2007\/05\/31\/la-pasion-de-harley-y-davidson\/","title":{"rendered":"La Pasi\u00f3n de Harley y Davidson"},"content":{"rendered":"<blockquote><p><em>En junio de 1998 se cumpli\u00f3 el aniversario noventa y cinco de la Compa\u00f1\u00eda    Harley-Davidson, una organizaci\u00f3n que comenz\u00f3 cuando William S. Harley, de    veinti\u00fan a\u00f1os y su amigo Arthur Davidson, de veinte, decidieron en un peque\u00f1o    cobertizo de madera ponerle motor a las bicicletas.<\/em><\/p>\n<p><em>El primer a\u00f1o vendieron tres motocicletas que hicieron a mano. No pas\u00f3    mucho tiempo antes que comenzaran a tener \u00e9xito y a ampliar su empresa. Cada    a\u00f1o produc\u00edan m\u00e1s veh\u00edculos.<\/em><\/p>\n<p><em>Cuando surgieron las carreras de motos y ganaron popularidad, las    Harley-Davidson dominaron.<\/em><\/p>\n<p><em>Al estallar la Primera Guerra Mundial los aliados no tardaron en darse    cuenta de la importancia de las motocicletas. Harley-Davidson estima que la    compa\u00f1\u00eda provey\u00f3 la mayor\u00eda de las veinte mil motocicletas usadas por el    ej\u00e9rcito de los Estados Unidos en la guerra. Y despu\u00e9s de firmado el    armisticio, el primer estadounidense en entrar en Alemania lo hizo manejando    una motocicleta Harley-Davidson.<\/em><\/p>\n<p><em>La compa\u00f1\u00eda prosper\u00f3 por m\u00e1s de medio siglo. Uno de sus puntos fuertes fue    que era un negocio familiar cuyos empleados o clientes se sent\u00edan conectados    por su amor por las motocicletas Harley-Davidson. Y la compa\u00f1\u00eda continu\u00f3    creciendo, modernizando y mejorando sus motocicletas y ganando  admiradores.<\/em><\/p>\n<p><em>A principios de la d\u00e9cada del 70, Harley-Davidson era due\u00f1o de cerca del    ochenta por ciento del mercado de motocicletas grandes (850+ CC) en los    Estados Unidos.<\/em><\/p>\n<p align=\"right\"><strong>Las 17 Cualidades Esenciales de un Jugador de    Equipo<br \/>\nMaxwell, John C. (2001; 2003)<\/strong><\/p><\/blockquote>\n<p>Todo comenz\u00f3 en un cobertizo de madera poni\u00e9ndole motor a unas bicicletas,  pero la pasi\u00f3n siempre ardi\u00f3 en ellos. Pasi\u00f3n es la llama que puede encender la  mecha de una invenci\u00f3n. La mayor pasi\u00f3n es la que enciende Dios en nuestro  coraz\u00f3n. No te dejes llevar por la corriente, detente y comienza aunque sea en  el cobertizo de tu casa. Dios te sostendr\u00e1. \u00a1Ten fe!<\/p>\n","protected":false},"excerpt":{"rendered":"<p>En junio de 1998 se cumpli\u00f3 el aniversario noventa y cinco de la Compa\u00f1\u00eda Harley-Davidson, una organizaci\u00f3n que comenz\u00f3 cuando William S. Harley, de veinti\u00fan a\u00f1os y su amigo Arthur Davidson, de veinte, decidieron en un peque\u00f1o cobertizo de madera ponerle motor a las bicicletas. El primer a\u00f1o vendieron tres motocicletas que hicieron a mano. &#8230; <a title=\"La Pasi\u00f3n de Harley y Davidson\" class=\"read-more\" href=\"https:\/\/quechilero.com\/blog\/2007\/05\/31\/la-pasion-de-harley-y-davidson\/\" aria-label=\"Leer m\u00e1s sobre La Pasi\u00f3n de Harley y Davidson\">Leer m\u00e1s<\/a><\/p>\n","protected":false},"author":1,"featured_media":0,"comment_status":"open","ping_status":"open","sticky":false,"template":"","format":"standard","meta":{"advanced_seo_description":"","jetpack_seo_html_title":"","jetpack_seo_noindex":false,"jetpack_seo_schema_type":"","episode_type":"","audio_file":"","podmotor_file_id":"","podmotor_episode_id":"","cover_image":"","cover_image_id":"","duration":"","filesize":"","filesize_raw":"","date_recorded":"","explicit":"","block":"","_jetpack_newsletter_access":"","_jetpack_dont_email_post_to_subs":false,"_jetpack_newsletter_tier_id":0,"_jetpack_memberships_contains_paywalled_content":false,"_jetpack_feature_clip_id":0,"_jetpack_memberships_contains_paid_content":false,"footnotes":"","jetpack_publicize_message":"","jetpack_publicize_feature_enabled":true,"jetpack_social_post_already_shared":false,"jetpack_social_options":{"image_generator_settings":{"template":"highway","default_image_id":0,"font":"","enabled":false},"version":2},"jetpack_post_was_ever_published":false},"categories":[2],"tags":[11,15,51,16,52,5],"series":[],"class_list":["post-564","post","type-post","status-publish","format-standard","hentry","category-limones","tag-amigo","tag-amor","tag-dios","tag-equipo","tag-pasion","tag-tiempo"],"episode_featured_image":false,"episode_player_image":"https:\/\/i0.wp.com\/quechilero.com\/blog\/imagenes\/podcast.png?fit=1831%2C1831&ssl=1","download_link":"","player_link":"","audio_player":false,"episode_data":{"playerMode":"dark","subscribeUrls":{"amazon":{"key":"amazon","url":"","label":"Amazon","class":"amazon","icon":"amazon.png"},"apple_podcasts":{"key":"apple_podcasts","url":"","label":"Apple Podcasts","class":"apple_podcasts","icon":"apple-podcasts.png"},"castbox":{"key":"castbox","url":"","label":"CastBox","class":"castbox","icon":"castbox.png"},"deezer":{"key":"deezer","url":"","label":"Deezer","class":"deezer","icon":"deezer.png"},"google_podcasts":{"key":"google_podcasts","url":"","label":"Google Podcasts","class":"google_podcasts","icon":"google-podcasts.png"},"listen_notes":{"key":"listen_notes","url":"","label":"Listen Notes","class":"listen_notes","icon":"listen-notes.png"},"pandora":{"key":"pandora","url":"","label":"Pandora","class":"pandora","icon":"pandora.png"},"podbean":{"key":"podbean","url":"","label":"Podbean","class":"podbean","icon":"podbean.png"},"podcast_republic":{"key":"podcast_republic","url":"","label":"Podcast Republic","class":"podcast_republic","icon":"podcast-republic.png"},"rss":{"key":"rss","url":"","label":"RSS","class":"rss","icon":"rss.png"},"spotify":{"key":"spotify","url":"","label":"Spotify","class":"spotify","icon":"spotify.png"},"stitcher":{"key":"stitcher","url":"","label":"Stitcher","class":"stitcher","icon":"stitcher.png"},"tunein":{"key":"tunein","url":"","label":"TuneIn","class":"tunein","icon":"tunein.png"},"youtube":{"key":"youtube","url":"","label":"YouTube","class":"youtube","icon":"youtube.png"},"iheartradio":{"key":"iheartradio","url":"","label":"iHeartRadio","class":"iheartradio","icon":"iheartradio.png"},"ivoox":{"key":"ivoox","url":"","label":"iVoox","class":"ivoox","icon":"ivoox.png"}},"rssFeedUrl":"https:\/\/quechilero.com\/blog\/feed\/podcast\/si-la-vida-nos-da-limones","embedCode":"<blockquote class=\"wp-embedded-content\" data-secret=\"r7AItKE9lm\"><a href=\"https:\/\/quechilero.com\/blog\/2007\/05\/31\/la-pasion-de-harley-y-davidson\/\">La Pasi\u00f3n de Harley y Davidson<\/a><\/blockquote><iframe sandbox=\"allow-scripts\" security=\"restricted\" src=\"https:\/\/quechilero.com\/blog\/2007\/05\/31\/la-pasion-de-harley-y-davidson\/embed\/#?secret=r7AItKE9lm\" width=\"500\" height=\"350\" title=\"\u00abLa Pasi\u00f3n de Harley y Davidson\u00bb \u2014 Si la Vida nos da Limones...\" data-secret=\"r7AItKE9lm\" frameborder=\"0\" marginwidth=\"0\" marginheight=\"0\" scrolling=\"no\" class=\"wp-embedded-content\"><\/iframe><script>\n\/*! This file is auto-generated *\/\n!function(d,l){\"use strict\";l.querySelector&&d.addEventListener&&\"undefined\"!=typeof URL&&(d.wp=d.wp||{},d.wp.receiveEmbedMessage||(d.wp.receiveEmbedMessage=function(e){var t=e.data;if((t||t.secret||t.message||t.value)&&!\/[^a-zA-Z0-9]\/.test(t.secret)){for(var s,r,n,a=l.querySelectorAll('iframe[data-secret=\"'+t.secret+'\"]'),o=l.querySelectorAll('blockquote[data-secret=\"'+t.secret+'\"]'),c=new RegExp(\"^https?:$\",\"i\"),i=0;i<o.length;i++)o[i].style.display=\"none\";for(i=0;i<a.length;i++)s=a[i],e.source===s.contentWindow&&(s.removeAttribute(\"style\"),\"height\"===t.message?(1e3<(r=parseInt(t.value,10))?r=1e3:~~r<200&&(r=200),s.height=r):\"link\"===t.message&&(r=new URL(s.getAttribute(\"src\")),n=new URL(t.value),c.test(n.protocol))&&n.host===r.host&&l.activeElement===s&&(d.top.location.href=t.value))}},d.addEventListener(\"message\",d.wp.receiveEmbedMessage,!1),l.addEventListener(\"DOMContentLoaded\",function(){for(var e,t,s=l.querySelectorAll(\"iframe.wp-embedded-content\"),r=0;r<s.length;r++)(t=(e=s[r]).getAttribute(\"data-secret\"))||(t=Math.random().toString(36).substring(2,12),e.src+=\"#?secret=\"+t,e.setAttribute(\"data-secret\",t)),e.contentWindow.postMessage({message:\"ready\",secret:t},\"*\")},!1)))}(window,document);\n\/\/# sourceURL=https:\/\/quechilero.com\/blog\/wp-includes\/js\/wp-embed.min.js\n<\/script>\n"},"jetpack_publicize_connections":[],"jetpack_shortlink":"https:\/\/wp.me\/pDKli-96","jetpack_sharing_enabled":true,"jetpack-related-posts":[{"id":844,"url":"https:\/\/quechilero.com\/blog\/2008\/01\/30\/la-pasion-de-harley-y-davidson-2\/","url_meta":{"origin":564,"position":0},"title":"La Pasi\u00f3n de Harley y Davidson","author":"Pepe Barrascout Ortiz","date":"30 enero 2008","format":false,"excerpt":"En junio de 1998 se cumpli\u00f3 el aniversario noventa y cinco de la Compa\u00f1\u00eda Harley-Davidson, una organizaci\u00f3n que comenz\u00f3 cuando William S. Harley, de veinti\u00fan a\u00f1os y su amigo Arthur Davidson, de veinte, decidieron en un peque\u00f1o cobertizo de madera ponerle motor a las bicicletas. El primer a\u00f1o vendieron tres\u2026","rel":"","context":"En \u00abLimones\u00bb","block_context":{"text":"Limones","link":"https:\/\/quechilero.com\/blog\/category\/limones\/"},"img":{"alt_text":"","src":"","width":0,"height":0},"classes":[]},{"id":31323,"url":"https:\/\/quechilero.com\/blog\/2023\/05\/01\/el-chaleco-amarillo\/","url_meta":{"origin":564,"position":1},"title":"El chaleco amarillo","author":"Pepe Barrascout Ortiz","date":"1 mayo 2023","format":false,"excerpt":"Hola amigos, este episodio podr\u00eda haberse llamado\u00a0\"El efecto mariposa\", porque varias cosas inconexas una con otro, que aparentemente no estaban relacionadas, poco a poco se fueron interconectando hasta llegar a una conclusi\u00f3n y toma de acci\u00f3n. Pasen adelante y escuchen esta nueva aventura en la que interviene\u00a0un chaleco amarillo, ropa\u2026","rel":"","context":"En \u00abDaily Gym\u00bb","block_context":{"text":"Daily Gym","link":"https:\/\/quechilero.com\/blog\/category\/podcast\/daily-gym\/"},"img":{"alt_text":"Daily Gym Podcast","src":"https:\/\/i0.wp.com\/quechilero.com\/blog\/imagenes\/DailyGym.jpg?fit=1200%2C675&ssl=1&resize=350%2C200","width":350,"height":200,"srcset":"https:\/\/i0.wp.com\/quechilero.com\/blog\/imagenes\/DailyGym.jpg?fit=1200%2C675&ssl=1&resize=350%2C200 1x, https:\/\/i0.wp.com\/quechilero.com\/blog\/imagenes\/DailyGym.jpg?fit=1200%2C675&ssl=1&resize=525%2C300 1.5x, https:\/\/i0.wp.com\/quechilero.com\/blog\/imagenes\/DailyGym.jpg?fit=1200%2C675&ssl=1&resize=700%2C400 2x, https:\/\/i0.wp.com\/quechilero.com\/blog\/imagenes\/DailyGym.jpg?fit=1200%2C675&ssl=1&resize=1050%2C600 3x"},"classes":[]},{"id":3133,"url":"https:\/\/quechilero.com\/blog\/2009\/11\/24\/en-el-momento-justo-con-el-angulo-exacto-77\/","url_meta":{"origin":564,"position":2},"title":"En el momento justo, con el \u00e1ngulo exacto","author":"Pepe Barrascout Ortiz","date":"24 noviembre 2009","format":false,"excerpt":"Solo uno en moto... Con la ley que dicta (en Guatemala), que solo una persona puede usar la motocicleta, entonces este se\u00f1or, \"aprovech\u00f3\" el espacio extra para abastecerse de agua embotellada. Fotograf\u00eda tomada en el momento justo, con el \u00e1ngulo exacto.","rel":"","context":"En \u00abLimones por mano\u00bb","block_context":{"text":"Limones por mano","link":"https:\/\/quechilero.com\/blog\/category\/limones-por-mano\/"},"img":{"alt_text":"","src":"","width":0,"height":0},"classes":[]},{"id":8641,"url":"https:\/\/quechilero.com\/blog\/2011\/10\/17\/veinte-signos-de-stress\/","url_meta":{"origin":564,"position":3},"title":"Veinte signos de Stress","author":"Pepe Barrascout Ortiz","date":"17 octubre 2011","format":false,"excerpt":"La gente se absorbe en el trabajo y antes de darse cuenta de su situaci\u00f3n actual, pasan d\u00edas, semanas, meses e incluso a\u00f1os en una tarea de rutina en la que hizo hincapi\u00e9. Lo triste de esto es que las personas que est\u00e1n estresados \u200b\u200bson los primeros en negar su\u2026","rel":"","context":"En \u00abLimones\u00bb","block_context":{"text":"Limones","link":"https:\/\/quechilero.com\/blog\/category\/limones\/"},"img":{"alt_text":"","src":"","width":0,"height":0},"classes":[]},{"id":290,"url":"https:\/\/quechilero.com\/blog\/2006\/11\/10\/cartera-con-seguro-anti-robo\/","url_meta":{"origin":564,"position":4},"title":"Cartera con seguro anti-robo","author":"Pepe Barrascout Ortiz","date":"10 noviembre 2006","format":false,"excerpt":"Las mujeres en Malasia pueden ahora comprar carteras con paz en su mente por s\u00f3lo $ 27. Ese es el precio que aparece en la etiqueta para unas nuevas carteras en el Mercado de Malasia. Estas carteras tienen tirantes que se quiebran f\u00e1cilmente en caso de que alguien quiera robarlas\u2026","rel":"","context":"En \u00abLimones\u00bb","block_context":{"text":"Limones","link":"https:\/\/quechilero.com\/blog\/category\/limones\/"},"img":{"alt_text":"","src":"","width":0,"height":0},"classes":[]},{"id":3100,"url":"https:\/\/quechilero.com\/blog\/2009\/10\/27\/en-el-momento-justo-con-el-angulo-exacto-72\/","url_meta":{"origin":564,"position":5},"title":"En el momento justo, con el \u00e1ngulo exacto","author":"Pepe Barrascout Ortiz","date":"27 octubre 2009","format":false,"excerpt":"Si la vida te da limones... Lancha impulsada con el motor de una motocicleta Un trabajador opera una balsa impulsada con una scooter, para recoger la basura en las v\u00edas navegables de la zona residencial de Tondo en Manila, Filipinas Fotograf\u00eda tomada en el momento justo, con el \u00e1ngulo exacto.","rel":"","context":"En \u00abLimones por mano\u00bb","block_context":{"text":"Limones por mano","link":"https:\/\/quechilero.com\/blog\/category\/limones-por-mano\/"},"img":{"alt_text":"","src":"https:\/\/i0.wp.com\/i392.photobucket.com\/albums\/pp7\/pepejaguar\/blog\/garbage-boat_1440917i.jpg?resize=350%2C200","width":350,"height":200,"srcset":"https:\/\/i0.wp.com\/i392.photobucket.com\/albums\/pp7\/pepejaguar\/blog\/garbage-boat_1440917i.jpg?resize=350%2C200 1x, https:\/\/i0.wp.com\/i392.photobucket.com\/albums\/pp7\/pepejaguar\/blog\/garbage-boat_1440917i.jpg?resize=525%2C300 1.5x"},"classes":[]}],"jetpack_featured_media_url":"","_links":{"self":[{"href":"https:\/\/quechilero.com\/blog\/wp-json\/wp\/v2\/posts\/564","targetHints":{"allow":["GET"]}}],"collection":[{"href":"https:\/\/quechilero.com\/blog\/wp-json\/wp\/v2\/posts"}],"about":[{"href":"https:\/\/quechilero.com\/blog\/wp-json\/wp\/v2\/types\/post"}],"author":[{"embeddable":true,"href":"https:\/\/quechilero.com\/blog\/wp-json\/wp\/v2\/users\/1"}],"replies":[{"embeddable":true,"href":"https:\/\/quechilero.com\/blog\/wp-json\/wp\/v2\/comments?post=564"}],"version-history":[{"count":0,"href":"https:\/\/quechilero.com\/blog\/wp-json\/wp\/v2\/posts\/564\/revisions"}],"wp:attachment":[{"href":"https:\/\/quechilero.com\/blog\/wp-json\/wp\/v2\/media?parent=564"}],"wp:term":[{"taxonomy":"category","embeddable":true,"href":"https:\/\/quechilero.com\/blog\/wp-json\/wp\/v2\/categories?post=564"},{"taxonomy":"post_tag","embeddable":true,"href":"https:\/\/quechilero.com\/blog\/wp-json\/wp\/v2\/tags?post=564"},{"taxonomy":"series","embeddable":true,"href":"https:\/\/quechilero.com\/blog\/wp-json\/wp\/v2\/series?post=564"}],"curies":[{"name":"wp","href":"https:\/\/api.w.org\/{rel}","templated":true}]}}