{"id":562,"date":"2007-05-29T21:28:47","date_gmt":"2007-05-30T03:28:47","guid":{"rendered":"http:\/\/www.quechilero.com\/blog\/2007\/05\/29\/te-quiero-porque-te-quiero\/"},"modified":"2007-05-29T21:28:47","modified_gmt":"2007-05-30T03:28:47","slug":"te-quiero-porque-te-quiero","status":"publish","type":"post","link":"https:\/\/quechilero.com\/blog\/2007\/05\/29\/te-quiero-porque-te-quiero\/","title":{"rendered":"Te quiero porque te quiero"},"content":{"rendered":"<p>Yo no puedo decir a ciencia cierta cu\u00e1nto te quiero ni desde cu\u00e1ndo te  quiero, solo s\u00e9 que apenas vivo cuando te vas.<\/p>\n<p>Te quiero lo mismo despacio que corriendo, lo mismo despierto, lo mismo  durmiendo.<\/p>\n<p>Te quiero gritando, te quiero en silencio.<\/p>\n<p>Te quiero vestida de azul y blanco o como quieras vestirte, porque no  tardaste y llegaste.<\/p>\n<p>Te quiero porque estoy tan lleno de amor violento que se me desborda por  entre los dedos y por la ma\u00f1ana y cuando me acuesto.<\/p>\n<p>A cada momento conmigo te siento.<\/p>\n<p>Ya son muchas formas de sentirte y creo que nunca podr\u00eda sentirte con menos  amor, sino hasta mi cari\u00f1o eterno para que tu boca me regale un beso.<\/p>\n<p>Acerca el o\u00eddo y escucha de nuevo&#8230;<\/p>\n<p>Te quiero, te quiero, te quiero y te quiero, porque te quiero&#8230;<\/p>\n<p><em>Para ti Kiki<\/em><\/p>\n","protected":false},"excerpt":{"rendered":"<p>Yo no puedo decir a ciencia cierta cu\u00e1nto te quiero ni desde cu\u00e1ndo te quiero, solo s\u00e9 que apenas vivo cuando te vas. Te quiero lo mismo despacio que corriendo, lo mismo despierto, lo mismo durmiendo. Te quiero gritando, te quiero en silencio. Te quiero vestida de azul y blanco o como quieras vestirte, porque &#8230; <a title=\"Te quiero porque te quiero\" class=\"read-more\" href=\"https:\/\/quechilero.com\/blog\/2007\/05\/29\/te-quiero-porque-te-quiero\/\" aria-label=\"Leer m\u00e1s sobre Te quiero porque te quiero\">Leer m\u00e1s<\/a><\/p>\n","protected":false},"author":1,"featured_media":0,"comment_status":"open","ping_status":"open","sticky":false,"template":"","format":"standard","meta":{"advanced_seo_description":"","jetpack_seo_html_title":"","jetpack_seo_noindex":false,"jetpack_seo_schema_type":"","episode_type":"","audio_file":"","podmotor_file_id":"","podmotor_episode_id":"","cover_image":"","cover_image_id":"","duration":"","filesize":"","filesize_raw":"","date_recorded":"","explicit":"","block":"","_jetpack_newsletter_access":"","_jetpack_dont_email_post_to_subs":false,"_jetpack_newsletter_tier_id":0,"_jetpack_memberships_contains_paywalled_content":false,"_jetpack_feature_clip_id":0,"_jetpack_memberships_contains_paid_content":false,"footnotes":"","jetpack_publicize_message":"","jetpack_publicize_feature_enabled":true,"jetpack_social_post_already_shared":false,"jetpack_social_options":{"image_generator_settings":{"template":"highway","default_image_id":0,"font":"","enabled":false},"version":2},"jetpack_post_was_ever_published":false},"categories":[2],"tags":[15,54],"series":[],"class_list":["post-562","post","type-post","status-publish","format-standard","hentry","category-limones","tag-amor","tag-kiki"],"episode_featured_image":false,"episode_player_image":"https:\/\/i0.wp.com\/quechilero.com\/blog\/imagenes\/podcast.png?fit=1831%2C1831&ssl=1","download_link":"","player_link":"","audio_player":false,"episode_data":{"playerMode":"dark","subscribeUrls":{"amazon":{"key":"amazon","url":"","label":"Amazon","class":"amazon","icon":"amazon.png"},"apple_podcasts":{"key":"apple_podcasts","url":"","label":"Apple Podcasts","class":"apple_podcasts","icon":"apple-podcasts.png"},"castbox":{"key":"castbox","url":"","label":"CastBox","class":"castbox","icon":"castbox.png"},"deezer":{"key":"deezer","url":"","label":"Deezer","class":"deezer","icon":"deezer.png"},"google_podcasts":{"key":"google_podcasts","url":"","label":"Google Podcasts","class":"google_podcasts","icon":"google-podcasts.png"},"listen_notes":{"key":"listen_notes","url":"","label":"Listen Notes","class":"listen_notes","icon":"listen-notes.png"},"pandora":{"key":"pandora","url":"","label":"Pandora","class":"pandora","icon":"pandora.png"},"podbean":{"key":"podbean","url":"","label":"Podbean","class":"podbean","icon":"podbean.png"},"podcast_republic":{"key":"podcast_republic","url":"","label":"Podcast Republic","class":"podcast_republic","icon":"podcast-republic.png"},"rss":{"key":"rss","url":"","label":"RSS","class":"rss","icon":"rss.png"},"spotify":{"key":"spotify","url":"","label":"Spotify","class":"spotify","icon":"spotify.png"},"stitcher":{"key":"stitcher","url":"","label":"Stitcher","class":"stitcher","icon":"stitcher.png"},"tunein":{"key":"tunein","url":"","label":"TuneIn","class":"tunein","icon":"tunein.png"},"youtube":{"key":"youtube","url":"","label":"YouTube","class":"youtube","icon":"youtube.png"},"iheartradio":{"key":"iheartradio","url":"","label":"iHeartRadio","class":"iheartradio","icon":"iheartradio.png"},"ivoox":{"key":"ivoox","url":"","label":"iVoox","class":"ivoox","icon":"ivoox.png"}},"rssFeedUrl":"https:\/\/quechilero.com\/blog\/feed\/podcast\/si-la-vida-nos-da-limones","embedCode":"<blockquote class=\"wp-embedded-content\" data-secret=\"ZsdtNG83Yx\"><a href=\"https:\/\/quechilero.com\/blog\/2007\/05\/29\/te-quiero-porque-te-quiero\/\">Te quiero porque te quiero<\/a><\/blockquote><iframe sandbox=\"allow-scripts\" security=\"restricted\" src=\"https:\/\/quechilero.com\/blog\/2007\/05\/29\/te-quiero-porque-te-quiero\/embed\/#?secret=ZsdtNG83Yx\" width=\"500\" height=\"350\" title=\"\u00abTe quiero porque te quiero\u00bb \u2014 Si la Vida nos da Limones...\" data-secret=\"ZsdtNG83Yx\" frameborder=\"0\" marginwidth=\"0\" marginheight=\"0\" scrolling=\"no\" class=\"wp-embedded-content\"><\/iframe><script>\n\/*! This file is auto-generated *\/\n!function(d,l){\"use strict\";l.querySelector&&d.addEventListener&&\"undefined\"!=typeof URL&&(d.wp=d.wp||{},d.wp.receiveEmbedMessage||(d.wp.receiveEmbedMessage=function(e){var t=e.data;if((t||t.secret||t.message||t.value)&&!\/[^a-zA-Z0-9]\/.test(t.secret)){for(var s,r,n,a=l.querySelectorAll('iframe[data-secret=\"'+t.secret+'\"]'),o=l.querySelectorAll('blockquote[data-secret=\"'+t.secret+'\"]'),c=new RegExp(\"^https?:$\",\"i\"),i=0;i<o.length;i++)o[i].style.display=\"none\";for(i=0;i<a.length;i++)s=a[i],e.source===s.contentWindow&&(s.removeAttribute(\"style\"),\"height\"===t.message?(1e3<(r=parseInt(t.value,10))?r=1e3:~~r<200&&(r=200),s.height=r):\"link\"===t.message&&(r=new URL(s.getAttribute(\"src\")),n=new URL(t.value),c.test(n.protocol))&&n.host===r.host&&l.activeElement===s&&(d.top.location.href=t.value))}},d.addEventListener(\"message\",d.wp.receiveEmbedMessage,!1),l.addEventListener(\"DOMContentLoaded\",function(){for(var e,t,s=l.querySelectorAll(\"iframe.wp-embedded-content\"),r=0;r<s.length;r++)(t=(e=s[r]).getAttribute(\"data-secret\"))||(t=Math.random().toString(36).substring(2,12),e.src+=\"#?secret=\"+t,e.setAttribute(\"data-secret\",t)),e.contentWindow.postMessage({message:\"ready\",secret:t},\"*\")},!1)))}(window,document);\n\/\/# sourceURL=https:\/\/quechilero.com\/blog\/wp-includes\/js\/wp-embed.min.js\n<\/script>\n"},"jetpack_publicize_connections":[],"jetpack_shortlink":"https:\/\/wp.me\/pDKli-94","jetpack_sharing_enabled":true,"jetpack-related-posts":[{"id":842,"url":"https:\/\/quechilero.com\/blog\/2008\/01\/27\/te-quiero-porque-te-quiero-2\/","url_meta":{"origin":562,"position":0},"title":"Te quiero porque te quiero","author":"Pepe Barrascout Ortiz","date":"27 enero 2008","format":false,"excerpt":"Yo no puedo decir a ciencia cierta cuanto te quiero ni desde cuando te quiero, solo s\u00e9 que apenas vivo cuando te vas. Te quiero lo mismo despacio que corriendo, lo mismo despierto, lo mismo durmiendo. Te quiero gritando, te quiero en silencio. Te quiero vestida de azul y blanco\u2026","rel":"","context":"En \u00abLimones\u00bb","block_context":{"text":"Limones","link":"https:\/\/quechilero.com\/blog\/category\/limones\/"},"img":{"alt_text":"","src":"","width":0,"height":0},"classes":[]},{"id":633,"url":"https:\/\/quechilero.com\/blog\/2007\/08\/18\/maraton-de-blogs-apareces-tu\/","url_meta":{"origin":562,"position":1},"title":"Marat\u00f3n de Blogs &#8211; Apareces Tu","author":"Pepe Barrascout Ortiz","date":"18 agosto 2007","format":false,"excerpt":"Sigue el Marat\u00f3n de Blogs, con este texto publicado originalmente en el blog Tu mundo de poes\u00eda, un lindo poema que llena el alma y enriquece los sentimientos. Este va dedicado a ti Kiki. ********** Apareces Tu... Me he prometido pedirme perd\u00f3n me he confesado con mi coraz\u00f3n me he\u2026","rel":"","context":"En \u00abLimones\u00bb","block_context":{"text":"Limones","link":"https:\/\/quechilero.com\/blog\/category\/limones\/"},"img":{"alt_text":"","src":"","width":0,"height":0},"classes":[]},{"id":1057,"url":"https:\/\/quechilero.com\/blog\/2008\/09\/15\/la-nina-de-guatemala\/","url_meta":{"origin":562,"position":2},"title":"La Ni\u00f1a de Guatemala","author":"Pepe Barrascout Ortiz","date":"15 septiembre 2008","format":false,"excerpt":"Quiero, a la sombra de un ala, Contar este cuento en flor: La ni\u00f1a de Guatemala, La que se muri\u00f3 de amor. Eran de lirios los ramos, Y las orlas de reseda Y de jazm\u00edn: la enterramos En una caja de seda. ...Ella dio al desmemoriado Una almohadilla de olor:\u2026","rel":"","context":"En \u00abLimones\u00bb","block_context":{"text":"Limones","link":"https:\/\/quechilero.com\/blog\/category\/limones\/"},"img":{"alt_text":"","src":"","width":0,"height":0},"classes":[]},{"id":248,"url":"https:\/\/quechilero.com\/blog\/2006\/10\/14\/hombres-necios\/","url_meta":{"origin":562,"position":3},"title":"Hombres Necios","author":"Pepe Barrascout Ortiz","date":"14 octubre 2006","format":false,"excerpt":"Arguye de inconsecuentes el gusto y la censura de los hombres que en las mujeres acusan lo que causan Hombres necios que acus\u00e1is a la mujer sin raz\u00f3n, sin ver que sois la ocasi\u00f3n de lo mismo que culp\u00e1is: Si con ansia sin igual solicit\u00e1is su desd\u00e9n, \u00bfpor qu\u00e9 quer\u00e9is\u2026","rel":"","context":"En \u00abLimones\u00bb","block_context":{"text":"Limones","link":"https:\/\/quechilero.com\/blog\/category\/limones\/"},"img":{"alt_text":"","src":"","width":0,"height":0},"classes":[]},{"id":389,"url":"https:\/\/quechilero.com\/blog\/2006\/12\/31\/una-flor-entre-las-piedras\/","url_meta":{"origin":562,"position":4},"title":"Una flor entre las piedras","author":"Pepe Barrascout Ortiz","date":"31 diciembre 2006","format":false,"excerpt":"Era una vez una flor que naci\u00f3 en medio de piedras. Qui\u00e9n sabe como, consigui\u00f3 crecer y ser una se\u00f1al de vida en medio de tanta tristeza. Pas\u00f3 una joven y qued\u00f3 admirada con la flor. Luego pens\u00f3 en Dios. Cort\u00f3 la flor y la llev\u00f3 a la iglesia. Una\u2026","rel":"","context":"En \u00abLimones\u00bb","block_context":{"text":"Limones","link":"https:\/\/quechilero.com\/blog\/category\/limones\/"},"img":{"alt_text":"","src":"","width":0,"height":0},"classes":[]},{"id":5577,"url":"https:\/\/quechilero.com\/blog\/2010\/10\/14\/panama-por-aire\/","url_meta":{"origin":562,"position":5},"title":"Panam\u00e1 por aire","author":"Pepe Barrascout Ortiz","date":"14 octubre 2010","format":false,"excerpt":"Impresionantes vistas a\u00e9reas de Panam\u00e1, realizado por Colibr\u00ed Productions, casi siempre estamos acostumbrados a ver im\u00e1genes del canal, o del centro hist\u00f3rico, pero muy pocas veces vemos este tipo de im\u00e1genes con principal \u00e9nfasis en la naturaleza. El video lo vi en Me quiero ir de viaje. Kiki, Feliz Cumplea\u00f1os,\u2026","rel":"","context":"En \u00abLimones\u00bb","block_context":{"text":"Limones","link":"https:\/\/quechilero.com\/blog\/category\/limones\/"},"img":{"alt_text":"","src":"","width":0,"height":0},"classes":[]}],"jetpack_featured_media_url":"","_links":{"self":[{"href":"https:\/\/quechilero.com\/blog\/wp-json\/wp\/v2\/posts\/562","targetHints":{"allow":["GET"]}}],"collection":[{"href":"https:\/\/quechilero.com\/blog\/wp-json\/wp\/v2\/posts"}],"about":[{"href":"https:\/\/quechilero.com\/blog\/wp-json\/wp\/v2\/types\/post"}],"author":[{"embeddable":true,"href":"https:\/\/quechilero.com\/blog\/wp-json\/wp\/v2\/users\/1"}],"replies":[{"embeddable":true,"href":"https:\/\/quechilero.com\/blog\/wp-json\/wp\/v2\/comments?post=562"}],"version-history":[{"count":0,"href":"https:\/\/quechilero.com\/blog\/wp-json\/wp\/v2\/posts\/562\/revisions"}],"wp:attachment":[{"href":"https:\/\/quechilero.com\/blog\/wp-json\/wp\/v2\/media?parent=562"}],"wp:term":[{"taxonomy":"category","embeddable":true,"href":"https:\/\/quechilero.com\/blog\/wp-json\/wp\/v2\/categories?post=562"},{"taxonomy":"post_tag","embeddable":true,"href":"https:\/\/quechilero.com\/blog\/wp-json\/wp\/v2\/tags?post=562"},{"taxonomy":"series","embeddable":true,"href":"https:\/\/quechilero.com\/blog\/wp-json\/wp\/v2\/series?post=562"}],"curies":[{"name":"wp","href":"https:\/\/api.w.org\/{rel}","templated":true}]}}