{"id":5614,"date":"2010-09-20T08:00:27","date_gmt":"2010-09-20T14:00:27","guid":{"rendered":"http:\/\/quechilero.com\/blog\/?p=5614"},"modified":"2010-09-20T08:00:27","modified_gmt":"2010-09-20T14:00:27","slug":"estimar-al-otro","status":"publish","type":"post","link":"https:\/\/quechilero.com\/blog\/2010\/09\/20\/estimar-al-otro\/","title":{"rendered":"Estimar al otro"},"content":{"rendered":"<p>Un abad estaba atravesando el desierto con otros frailes, cuando se dieron cuenta de que aquel que los guiaba hab\u00eda equivocado el camino.<\/p>\n<p>Era de noche y los hermanos dijeron al abad:<\/p>\n<p><em>&#8211; \u00bfQu\u00e9 hacemos? Este hermano ha equivocado el camino y nosotros corremos el riesgo de perdernos y morir todos en el desierto. \u00bfNo ser\u00e1 mejor pasar aqu\u00ed la noche y emprender el camino al despuntar el sol?<\/em><\/p>\n<p>El abad respondi\u00f3:<\/p>\n<p><em>&#8211; Pero si decimos a \u00e9ste que se ha equivocado, se entristecer\u00e1. Escuchad, pues: yo fingir\u00e9 que estoy cansado y dir\u00e9 que no me siento bien para proseguir el camino y que permanezco aqu\u00ed hasta ma\u00f1ana.<\/em><\/p>\n<p>As\u00ed hicieron, y tambi\u00e9n los otros dijeron:<\/p>\n<p><em>&#8211; Tambi\u00e9n nosotros estamos que no podemos del cansancio y nos quedamos contigo.<\/em><\/p>\n<p>Y as\u00ed se las ingeniaron para no entristecer a aquel hermano, que no supo nunca de haber equivocado el camino.<\/p>\n<p><strong><em>Apotegmas de los Padres del desierto<\/em><\/strong><\/p>\n","protected":false},"excerpt":{"rendered":"<p>Un abad estaba atravesando el desierto con otros frailes, cuando se dieron cuenta de que aquel que los guiaba hab\u00eda equivocado el camino. Era de noche y los hermanos dijeron al abad: &#8211; \u00bfQu\u00e9 hacemos? Este hermano ha equivocado el camino y nosotros corremos el riesgo de perdernos y morir todos en el desierto. \u00bfNo &#8230; <a title=\"Estimar al otro\" class=\"read-more\" href=\"https:\/\/quechilero.com\/blog\/2010\/09\/20\/estimar-al-otro\/\" aria-label=\"Leer m\u00e1s sobre Estimar al otro\">Leer m\u00e1s<\/a><\/p>\n","protected":false},"author":1,"featured_media":0,"comment_status":"open","ping_status":"open","sticky":false,"template":"","format":"standard","meta":{"advanced_seo_description":"","jetpack_seo_html_title":"","jetpack_seo_noindex":false,"jetpack_seo_schema_type":"","episode_type":"","audio_file":"","podmotor_file_id":"","podmotor_episode_id":"","cover_image":"","cover_image_id":"","duration":"","filesize":"","filesize_raw":"","date_recorded":"","explicit":"","block":"","_jetpack_newsletter_access":"","_jetpack_dont_email_post_to_subs":false,"_jetpack_newsletter_tier_id":0,"_jetpack_memberships_contains_paywalled_content":false,"_jetpack_feature_clip_id":0,"_jetpack_memberships_contains_paid_content":false,"footnotes":"","jetpack_publicize_message":"","jetpack_publicize_feature_enabled":true,"jetpack_social_post_already_shared":false,"jetpack_social_options":{"image_generator_settings":{"template":"highway","default_image_id":0,"font":"","enabled":false},"version":2},"jetpack_post_was_ever_published":false},"categories":[2],"tags":[],"series":[],"class_list":["post-5614","post","type-post","status-publish","format-standard","hentry","category-limones"],"episode_featured_image":false,"episode_player_image":"https:\/\/i0.wp.com\/quechilero.com\/blog\/imagenes\/podcast.png?fit=1831%2C1831&ssl=1","download_link":"","player_link":"","audio_player":false,"episode_data":{"playerMode":"dark","subscribeUrls":{"amazon":{"key":"amazon","url":"","label":"Amazon","class":"amazon","icon":"amazon.png"},"apple_podcasts":{"key":"apple_podcasts","url":"","label":"Apple Podcasts","class":"apple_podcasts","icon":"apple-podcasts.png"},"castbox":{"key":"castbox","url":"","label":"CastBox","class":"castbox","icon":"castbox.png"},"deezer":{"key":"deezer","url":"","label":"Deezer","class":"deezer","icon":"deezer.png"},"google_podcasts":{"key":"google_podcasts","url":"","label":"Google Podcasts","class":"google_podcasts","icon":"google-podcasts.png"},"listen_notes":{"key":"listen_notes","url":"","label":"Listen Notes","class":"listen_notes","icon":"listen-notes.png"},"pandora":{"key":"pandora","url":"","label":"Pandora","class":"pandora","icon":"pandora.png"},"podbean":{"key":"podbean","url":"","label":"Podbean","class":"podbean","icon":"podbean.png"},"podcast_republic":{"key":"podcast_republic","url":"","label":"Podcast Republic","class":"podcast_republic","icon":"podcast-republic.png"},"rss":{"key":"rss","url":"","label":"RSS","class":"rss","icon":"rss.png"},"spotify":{"key":"spotify","url":"","label":"Spotify","class":"spotify","icon":"spotify.png"},"stitcher":{"key":"stitcher","url":"","label":"Stitcher","class":"stitcher","icon":"stitcher.png"},"tunein":{"key":"tunein","url":"","label":"TuneIn","class":"tunein","icon":"tunein.png"},"youtube":{"key":"youtube","url":"","label":"YouTube","class":"youtube","icon":"youtube.png"},"iheartradio":{"key":"iheartradio","url":"","label":"iHeartRadio","class":"iheartradio","icon":"iheartradio.png"},"ivoox":{"key":"ivoox","url":"","label":"iVoox","class":"ivoox","icon":"ivoox.png"}},"rssFeedUrl":"https:\/\/quechilero.com\/blog\/feed\/podcast\/si-la-vida-nos-da-limones","embedCode":"<blockquote class=\"wp-embedded-content\" data-secret=\"kkvMcrz5LS\"><a href=\"https:\/\/quechilero.com\/blog\/2010\/09\/20\/estimar-al-otro\/\">Estimar al otro<\/a><\/blockquote><iframe sandbox=\"allow-scripts\" security=\"restricted\" src=\"https:\/\/quechilero.com\/blog\/2010\/09\/20\/estimar-al-otro\/embed\/#?secret=kkvMcrz5LS\" width=\"500\" height=\"350\" title=\"\u00abEstimar al otro\u00bb \u2014 Si la Vida nos da Limones...\" data-secret=\"kkvMcrz5LS\" frameborder=\"0\" marginwidth=\"0\" marginheight=\"0\" scrolling=\"no\" class=\"wp-embedded-content\"><\/iframe><script>\n\/*! This file is auto-generated *\/\n!function(d,l){\"use strict\";l.querySelector&&d.addEventListener&&\"undefined\"!=typeof URL&&(d.wp=d.wp||{},d.wp.receiveEmbedMessage||(d.wp.receiveEmbedMessage=function(e){var t=e.data;if((t||t.secret||t.message||t.value)&&!\/[^a-zA-Z0-9]\/.test(t.secret)){for(var s,r,n,a=l.querySelectorAll('iframe[data-secret=\"'+t.secret+'\"]'),o=l.querySelectorAll('blockquote[data-secret=\"'+t.secret+'\"]'),c=new RegExp(\"^https?:$\",\"i\"),i=0;i<o.length;i++)o[i].style.display=\"none\";for(i=0;i<a.length;i++)s=a[i],e.source===s.contentWindow&&(s.removeAttribute(\"style\"),\"height\"===t.message?(1e3<(r=parseInt(t.value,10))?r=1e3:~~r<200&&(r=200),s.height=r):\"link\"===t.message&&(r=new URL(s.getAttribute(\"src\")),n=new URL(t.value),c.test(n.protocol))&&n.host===r.host&&l.activeElement===s&&(d.top.location.href=t.value))}},d.addEventListener(\"message\",d.wp.receiveEmbedMessage,!1),l.addEventListener(\"DOMContentLoaded\",function(){for(var e,t,s=l.querySelectorAll(\"iframe.wp-embedded-content\"),r=0;r<s.length;r++)(t=(e=s[r]).getAttribute(\"data-secret\"))||(t=Math.random().toString(36).substring(2,12),e.src+=\"#?secret=\"+t,e.setAttribute(\"data-secret\",t)),e.contentWindow.postMessage({message:\"ready\",secret:t},\"*\")},!1)))}(window,document);\n\/\/# sourceURL=https:\/\/quechilero.com\/blog\/wp-includes\/js\/wp-embed.min.js\n<\/script>\n"},"jetpack_publicize_connections":[],"jetpack_shortlink":"https:\/\/wp.me\/pDKli-1sy","jetpack_sharing_enabled":true,"jetpack-related-posts":[{"id":17775,"url":"https:\/\/quechilero.com\/blog\/2014\/02\/27\/el-joven-rico\/","url_meta":{"origin":5614,"position":0},"title":"El joven rico","author":"Pepe Barrascout Ortiz","date":"27 febrero 2014","format":false,"excerpt":"Cuenta una historia que un joven rico se desprendi\u00f3 de todos sus bienes, entr\u00f3 a un monasterio y se entreg\u00f3 a la oraci\u00f3n, al ayuno y al sacrificio. Pasados los a\u00f1os sent\u00eda que todav\u00eda hab\u00eda una hoguera que no hab\u00eda sido capaz de apagar: Se airaba con frecuencia... Re\u00f1\u00eda con\u2026","rel":"","context":"En \u00abLimones\u00bb","block_context":{"text":"Limones","link":"https:\/\/quechilero.com\/blog\/category\/limones\/"},"img":{"alt_text":"","src":"","width":0,"height":0},"classes":[]},{"id":21683,"url":"https:\/\/quechilero.com\/blog\/2015\/10\/19\/el-milagro-que-no-hizo-san-antonio\/","url_meta":{"origin":5614,"position":1},"title":"El milagro que no hizo san Antonio","author":"Pepe Barrascout Ortiz","date":"19 octubre 2015","format":false,"excerpt":"Dos monjes emprendieron el viaje por una zona medio des\u00e9rtica de Egipto. Se les acab\u00f3 el agua, y no consiguieron encontrar ning\u00fan pozo en las cercan\u00edas. Despu\u00e9s de un tiempo, uno de los dos monjes muri\u00f3. El otro, sin fuerzas, qued\u00f3 en el suelo mientras esperaba la llegada de la\u2026","rel":"","context":"En \u00abLimones\u00bb","block_context":{"text":"Limones","link":"https:\/\/quechilero.com\/blog\/category\/limones\/"},"img":{"alt_text":"","src":"","width":0,"height":0},"classes":[]},{"id":15360,"url":"https:\/\/quechilero.com\/blog\/2012\/12\/16\/tercer-domingo-de-adviento\/","url_meta":{"origin":5614,"position":2},"title":"Tercer Domingo de Adviento","author":"Pepe Barrascout Ortiz","date":"16 diciembre 2012","format":false,"excerpt":"Tercer Domingo de Adviento (ciclo B) Reunida la familia o grupo de personas, se encienden las candelas del primero domingo, la del segundo y la del tercer domingo. Hermanos: A medida que avanza el Adviento y crece nuestra expectativa por un encuentro m\u00e1s intenso con Jes\u00fas, la Palabra de Dios,\u2026","rel":"","context":"En \u00abLimones\u00bb","block_context":{"text":"Limones","link":"https:\/\/quechilero.com\/blog\/category\/limones\/"},"img":{"alt_text":"","src":"https:\/\/i0.wp.com\/i392.photobucket.com\/albums\/pp7\/pepejaguar\/blog\/3-domingo-adviento.png?resize=350%2C200","width":350,"height":200,"srcset":"https:\/\/i0.wp.com\/i392.photobucket.com\/albums\/pp7\/pepejaguar\/blog\/3-domingo-adviento.png?resize=350%2C200 1x, https:\/\/i0.wp.com\/i392.photobucket.com\/albums\/pp7\/pepejaguar\/blog\/3-domingo-adviento.png?resize=525%2C300 1.5x"},"classes":[]},{"id":893,"url":"https:\/\/quechilero.com\/blog\/2008\/03\/09\/cuaresma-evangelio-09-mar-08\/","url_meta":{"origin":5614,"position":3},"title":"Cuaresma &#8211; Evangelio 09 mar 08","author":"Pepe Barrascout Ortiz","date":"9 marzo 2008","format":false,"excerpt":"Evangelio seg\u00fan San Juan 11,1-45. Hab\u00eda un hombre enfermo, L\u00e1zaro de Betania, del pueblo de Mar\u00eda y de su hermana Marta.\u00a0Mar\u00eda era la misma que derram\u00f3 perfume sobre el Se\u00f1or y le sec\u00f3 los pies con sus cabellos. Su hermano L\u00e1zaro era el que estaba enfermo. Las hermanas enviaron a\u2026","rel":"","context":"En \u00abLimones\u00bb","block_context":{"text":"Limones","link":"https:\/\/quechilero.com\/blog\/category\/limones\/"},"img":{"alt_text":"","src":"","width":0,"height":0},"classes":[]},{"id":17574,"url":"https:\/\/quechilero.com\/blog\/2013\/12\/11\/es-tiempo\/","url_meta":{"origin":5614,"position":4},"title":"Es tiempo","author":"Pepe Barrascout Ortiz","date":"11 diciembre 2013","format":false,"excerpt":"Faltan pocos d\u00edas para que comiencen las tradicionales posadas, por lo tanto hoy hay que ir preparando el camino para la llegada del Ni\u00f1o Dios; m\u00e1s que preocuparnos por la decoraci\u00f3n del hogar o la compra de una serie de regalos. En nuestro cotidiano caminar, con frecuencia dejamos que se\u2026","rel":"","context":"En \u00abLimones\u00bb","block_context":{"text":"Limones","link":"https:\/\/quechilero.com\/blog\/category\/limones\/"},"img":{"alt_text":"","src":"","width":0,"height":0},"classes":[]},{"id":15358,"url":"https:\/\/quechilero.com\/blog\/2012\/12\/02\/primer-domingo-de-adviento\/","url_meta":{"origin":5614,"position":5},"title":"Primer Domingo de Adviento","author":"Pepe Barrascout Ortiz","date":"2 diciembre 2012","format":false,"excerpt":"Primer Domingo de Adviento (ciclo B) Cabeza de Familia: Hermanos: Al iniciar hoy el Adviento, comenzamos el A\u00f1o Lit\u00fargico, s\u00edmbolo de nuestra larga traves\u00eda por la vida. Vamos caminando por el desierto, atravesando unas veces, bellos oasis; otras sofocantes desiertos. Lo hacemos con alegr\u00eda y con miedo, con fe y\u2026","rel":"","context":"En \u00abLimones\u00bb","block_context":{"text":"Limones","link":"https:\/\/quechilero.com\/blog\/category\/limones\/"},"img":{"alt_text":"","src":"https:\/\/i0.wp.com\/i392.photobucket.com\/albums\/pp7\/pepejaguar\/blog\/1-domingo-adviento.png?resize=350%2C200","width":350,"height":200,"srcset":"https:\/\/i0.wp.com\/i392.photobucket.com\/albums\/pp7\/pepejaguar\/blog\/1-domingo-adviento.png?resize=350%2C200 1x, https:\/\/i0.wp.com\/i392.photobucket.com\/albums\/pp7\/pepejaguar\/blog\/1-domingo-adviento.png?resize=525%2C300 1.5x"},"classes":[]}],"jetpack_featured_media_url":"","_links":{"self":[{"href":"https:\/\/quechilero.com\/blog\/wp-json\/wp\/v2\/posts\/5614","targetHints":{"allow":["GET"]}}],"collection":[{"href":"https:\/\/quechilero.com\/blog\/wp-json\/wp\/v2\/posts"}],"about":[{"href":"https:\/\/quechilero.com\/blog\/wp-json\/wp\/v2\/types\/post"}],"author":[{"embeddable":true,"href":"https:\/\/quechilero.com\/blog\/wp-json\/wp\/v2\/users\/1"}],"replies":[{"embeddable":true,"href":"https:\/\/quechilero.com\/blog\/wp-json\/wp\/v2\/comments?post=5614"}],"version-history":[{"count":0,"href":"https:\/\/quechilero.com\/blog\/wp-json\/wp\/v2\/posts\/5614\/revisions"}],"wp:attachment":[{"href":"https:\/\/quechilero.com\/blog\/wp-json\/wp\/v2\/media?parent=5614"}],"wp:term":[{"taxonomy":"category","embeddable":true,"href":"https:\/\/quechilero.com\/blog\/wp-json\/wp\/v2\/categories?post=5614"},{"taxonomy":"post_tag","embeddable":true,"href":"https:\/\/quechilero.com\/blog\/wp-json\/wp\/v2\/tags?post=5614"},{"taxonomy":"series","embeddable":true,"href":"https:\/\/quechilero.com\/blog\/wp-json\/wp\/v2\/series?post=5614"}],"curies":[{"name":"wp","href":"https:\/\/api.w.org\/{rel}","templated":true}]}}