{"id":5594,"date":"2010-09-05T08:00:00","date_gmt":"2010-09-05T14:00:00","guid":{"rendered":"http:\/\/quechilero.com\/blog\/?p=5594"},"modified":"2010-09-05T08:00:00","modified_gmt":"2010-09-05T14:00:00","slug":"de-la-rebeldia","status":"publish","type":"post","link":"https:\/\/quechilero.com\/blog\/2010\/09\/05\/de-la-rebeldia\/","title":{"rendered":"De la rebeld\u00eda"},"content":{"rendered":"<p>En Mosc\u00fa, Luis Carlos Prestes, el m\u00e1s importante l\u00edder comunista brasile\u00f1o, se preparaba para volver a Brasil, despu\u00e9s de varios a\u00f1os de exilio. Su hijo (que me cont\u00f3 esta historia), resolvi\u00f3 documentar en pel\u00edcula la partida de su padre.<\/p>\n<p>Prestes le prohibi\u00f3 hacer eso. Mas, sabiendo que estaba delante de un acontecimiento hist\u00f3rico importante, el hijo llev\u00f3 el equipamiento para el aeropuerto y comenz\u00f3 a registrar todo. En determinado momento, Prestes percibi\u00f3 lo que acontec\u00eda; dej\u00f3 a los amigos que lo rodeaban y se fue encima de su hijo.<\/p>\n<p><em>\u00abYo pens\u00e9 iba a llevarme la mayor reprimenda p\u00fablica de mi vida\u00bb<\/em>, me cuenta Luis Carlos Preste hijo.<em> \u00abMas \u00e9l lleg\u00f3 delante de m\u00ed, me mir\u00f3 a los ojos y dijo: &#8216;Felicitaciones. T\u00fa has hecho exactamente lo que yo prohib\u00ed, y esto muestra tu valor. Espero que mantengas siempre esta misma fuerza con los otros.'\u00bb<\/em><\/p>\n<p><strong><em>Del libro \u00abMaktub\u00bb, de Paulo Coelho<\/em><\/strong><\/p>\n","protected":false},"excerpt":{"rendered":"<p>En Mosc\u00fa, Luis Carlos Prestes, el m\u00e1s importante l\u00edder comunista brasile\u00f1o, se preparaba para volver a Brasil, despu\u00e9s de varios a\u00f1os de exilio. Su hijo (que me cont\u00f3 esta historia), resolvi\u00f3 documentar en pel\u00edcula la partida de su padre. Prestes le prohibi\u00f3 hacer eso. Mas, sabiendo que estaba delante de un acontecimiento hist\u00f3rico importante, el &#8230; <a title=\"De la rebeld\u00eda\" class=\"read-more\" href=\"https:\/\/quechilero.com\/blog\/2010\/09\/05\/de-la-rebeldia\/\" aria-label=\"Leer m\u00e1s sobre De la rebeld\u00eda\">Leer m\u00e1s<\/a><\/p>\n","protected":false},"author":1,"featured_media":0,"comment_status":"open","ping_status":"open","sticky":false,"template":"","format":"standard","meta":{"advanced_seo_description":"","jetpack_seo_html_title":"","jetpack_seo_noindex":false,"episode_type":"","audio_file":"","cover_image":"","cover_image_id":"","duration":"","filesize":"","date_recorded":"","explicit":"","block":"","filesize_raw":"","jetpack_post_was_ever_published":false,"_jetpack_newsletter_access":"","_jetpack_dont_email_post_to_subs":false,"_jetpack_newsletter_tier_id":0,"_jetpack_memberships_contains_paywalled_content":false,"_jetpack_memberships_contains_paid_content":false,"footnotes":"","jetpack_publicize_message":"","jetpack_publicize_feature_enabled":true,"jetpack_social_post_already_shared":false,"jetpack_social_options":{"image_generator_settings":{"template":"highway","enabled":false},"version":2}},"categories":[2],"tags":[11,17,72,66,24],"series":[],"class_list":["post-5594","post","type-post","status-publish","format-standard","hentry","category-limones","tag-amigo","tag-historia","tag-libro","tag-lider","tag-vida"],"episode_featured_image":false,"episode_player_image":"https:\/\/i0.wp.com\/quechilero.com\/blog\/imagenes\/podcast.png?fit=1831%2C1831&ssl=1","download_link":"","player_link":"","audio_player":false,"episode_data":{"playerMode":"dark","subscribeUrls":{"amazon":{"key":"amazon","url":"","label":"Amazon","class":"amazon","icon":"amazon.png"},"apple_podcasts":{"key":"apple_podcasts","url":"","label":"Apple Podcasts","class":"apple_podcasts","icon":"apple-podcasts.png"},"castbox":{"key":"castbox","url":"","label":"CastBox","class":"castbox","icon":"castbox.png"},"deezer":{"key":"deezer","url":"","label":"Deezer","class":"deezer","icon":"deezer.png"},"google_podcasts":{"key":"google_podcasts","url":"","label":"Google Podcasts","class":"google_podcasts","icon":"google-podcasts.png"},"listen_notes":{"key":"listen_notes","url":"","label":"Listen Notes","class":"listen_notes","icon":"listen-notes.png"},"pandora":{"key":"pandora","url":"","label":"Pandora","class":"pandora","icon":"pandora.png"},"podbean":{"key":"podbean","url":"","label":"Podbean","class":"podbean","icon":"podbean.png"},"podcast_republic":{"key":"podcast_republic","url":"","label":"Podcast Republic","class":"podcast_republic","icon":"podcast-republic.png"},"rss":{"key":"rss","url":"","label":"RSS","class":"rss","icon":"rss.png"},"spotify":{"key":"spotify","url":"","label":"Spotify","class":"spotify","icon":"spotify.png"},"stitcher":{"key":"stitcher","url":"","label":"Stitcher","class":"stitcher","icon":"stitcher.png"},"tunein":{"key":"tunein","url":"","label":"TuneIn","class":"tunein","icon":"tunein.png"},"youtube":{"key":"youtube","url":"","label":"YouTube","class":"youtube","icon":"youtube.png"},"iheartradio":{"key":"iheartradio","url":"","label":"iHeartRadio","class":"iheartradio","icon":"iheartradio.png"},"ivoox":{"key":"ivoox","url":"","label":"iVoox","class":"ivoox","icon":"ivoox.png"}},"rssFeedUrl":"https:\/\/quechilero.com\/blog\/feed\/podcast\/si-la-vida-nos-da-limones","embedCode":"<blockquote class=\"wp-embedded-content\" data-secret=\"bU8gSXfRGa\"><a href=\"https:\/\/quechilero.com\/blog\/2010\/09\/05\/de-la-rebeldia\/\">De la rebeld\u00eda<\/a><\/blockquote><iframe sandbox=\"allow-scripts\" security=\"restricted\" src=\"https:\/\/quechilero.com\/blog\/2010\/09\/05\/de-la-rebeldia\/embed\/#?secret=bU8gSXfRGa\" width=\"500\" height=\"350\" title=\"\u00abDe la rebeld\u00eda\u00bb \u2014 Si la Vida nos da Limones...\" data-secret=\"bU8gSXfRGa\" frameborder=\"0\" marginwidth=\"0\" marginheight=\"0\" scrolling=\"no\" class=\"wp-embedded-content\"><\/iframe><script>\n\/*! This file is auto-generated *\/\n!function(d,l){\"use strict\";l.querySelector&&d.addEventListener&&\"undefined\"!=typeof URL&&(d.wp=d.wp||{},d.wp.receiveEmbedMessage||(d.wp.receiveEmbedMessage=function(e){var t=e.data;if((t||t.secret||t.message||t.value)&&!\/[^a-zA-Z0-9]\/.test(t.secret)){for(var s,r,n,a=l.querySelectorAll('iframe[data-secret=\"'+t.secret+'\"]'),o=l.querySelectorAll('blockquote[data-secret=\"'+t.secret+'\"]'),c=new RegExp(\"^https?:$\",\"i\"),i=0;i<o.length;i++)o[i].style.display=\"none\";for(i=0;i<a.length;i++)s=a[i],e.source===s.contentWindow&&(s.removeAttribute(\"style\"),\"height\"===t.message?(1e3<(r=parseInt(t.value,10))?r=1e3:~~r<200&&(r=200),s.height=r):\"link\"===t.message&&(r=new URL(s.getAttribute(\"src\")),n=new URL(t.value),c.test(n.protocol))&&n.host===r.host&&l.activeElement===s&&(d.top.location.href=t.value))}},d.addEventListener(\"message\",d.wp.receiveEmbedMessage,!1),l.addEventListener(\"DOMContentLoaded\",function(){for(var e,t,s=l.querySelectorAll(\"iframe.wp-embedded-content\"),r=0;r<s.length;r++)(t=(e=s[r]).getAttribute(\"data-secret\"))||(t=Math.random().toString(36).substring(2,12),e.src+=\"#?secret=\"+t,e.setAttribute(\"data-secret\",t)),e.contentWindow.postMessage({message:\"ready\",secret:t},\"*\")},!1)))}(window,document);\n\/\/# sourceURL=https:\/\/quechilero.com\/blog\/wp-includes\/js\/wp-embed.min.js\n<\/script>\n"},"jetpack_publicize_connections":[],"jetpack_featured_media_url":"","jetpack_shortlink":"https:\/\/wp.me\/pDKli-1se","jetpack_sharing_enabled":true,"jetpack-related-posts":[],"_links":{"self":[{"href":"https:\/\/quechilero.com\/blog\/wp-json\/wp\/v2\/posts\/5594","targetHints":{"allow":["GET"]}}],"collection":[{"href":"https:\/\/quechilero.com\/blog\/wp-json\/wp\/v2\/posts"}],"about":[{"href":"https:\/\/quechilero.com\/blog\/wp-json\/wp\/v2\/types\/post"}],"author":[{"embeddable":true,"href":"https:\/\/quechilero.com\/blog\/wp-json\/wp\/v2\/users\/1"}],"replies":[{"embeddable":true,"href":"https:\/\/quechilero.com\/blog\/wp-json\/wp\/v2\/comments?post=5594"}],"version-history":[{"count":0,"href":"https:\/\/quechilero.com\/blog\/wp-json\/wp\/v2\/posts\/5594\/revisions"}],"wp:attachment":[{"href":"https:\/\/quechilero.com\/blog\/wp-json\/wp\/v2\/media?parent=5594"}],"wp:term":[{"taxonomy":"category","embeddable":true,"href":"https:\/\/quechilero.com\/blog\/wp-json\/wp\/v2\/categories?post=5594"},{"taxonomy":"post_tag","embeddable":true,"href":"https:\/\/quechilero.com\/blog\/wp-json\/wp\/v2\/tags?post=5594"},{"taxonomy":"series","embeddable":true,"href":"https:\/\/quechilero.com\/blog\/wp-json\/wp\/v2\/series?post=5594"}],"curies":[{"name":"wp","href":"https:\/\/api.w.org\/{rel}","templated":true}]}}