{"id":5593,"date":"2010-09-04T08:00:39","date_gmt":"2010-09-04T14:00:39","guid":{"rendered":"http:\/\/quechilero.com\/blog\/?p=5593"},"modified":"2010-09-04T08:00:39","modified_gmt":"2010-09-04T14:00:39","slug":"patrono-del-humor","status":"publish","type":"post","link":"https:\/\/quechilero.com\/blog\/2010\/09\/04\/patrono-del-humor\/","title":{"rendered":"Patrono del Humor"},"content":{"rendered":"<p>Entre los santos, la virtud del humor alcanz\u00f3 tal grado de hero\u00edsmo que reluc\u00eda, incluso, en momentos de gran sufrimiento o de la muerte. Santo Tom\u00e1s Moro muri\u00f3 decapitado. Antes de subir al cadalso, se le acerc\u00f3 su hijo que, llorando, le pidi\u00f3 la bendici\u00f3n. El momento era muy dram\u00e1tico. Tom\u00e1s Moro le dijo entonces al oficial que dirig\u00eda la ejecuci\u00f3n, y que tambi\u00e9n ten\u00eda una actitud sumamente seria: <em>\u00ab\u00bfPuede ayudarme a subir?, porque para bajar, ya sabr\u00e9 val\u00e9rmelas por m\u00ed mismo\u00bb<\/em>. Era una actitud llena de humor ante su muerte.<\/p>\n<p>El rey Enrique VIII le prohibi\u00f3 hablar, porque sab\u00eda lo que era capaz de provocar en la gente. \u00c9l sab\u00eda lo poderoso que era Tom\u00e1s. No se le permiti\u00f3, pues, pronunciar un discurso, y el condenado solamente pudo decirle al verdugo, al oficial de la ejecuci\u00f3n: <em>\u00abF\u00edjese que mi barba ha crecido en la c\u00e1rcel; es decir, ella no ha sido desobediente al rey, por lo tanto no hay por qu\u00e9 cortarla. Perm\u00edtame que la aparte\u00bb<\/em>.<\/p>\n<p>\u00c9stas fueron las \u00faltimas palabras de Tom\u00e1s Moro. Supo burlarse de s\u00ed mismo y colocar sus asuntos, su propia muerte, bajo la lente de lo absurdo. Y es que ante Dios, \u00fanica realidad para la que merece la pena vivir, nuestra muerte tampoco es importante. Hay que tener el alma de un ni\u00f1o y tomar con fuerza la mano del Padre, para poder hacer bromas ante la propia muerte.<\/p>\n<p><strong><em>Del libro \u00abMeditaciones sobre la fe\u00bb, de Tadeusz Dajczer<\/em><\/strong><\/p>\n","protected":false},"excerpt":{"rendered":"<p>Entre los santos, la virtud del humor alcanz\u00f3 tal grado de hero\u00edsmo que reluc\u00eda, incluso, en momentos de gran sufrimiento o de la muerte. Santo Tom\u00e1s Moro muri\u00f3 decapitado. Antes de subir al cadalso, se le acerc\u00f3 su hijo que, llorando, le pidi\u00f3 la bendici\u00f3n. El momento era muy dram\u00e1tico. Tom\u00e1s Moro le dijo entonces &#8230; <a title=\"Patrono del Humor\" class=\"read-more\" href=\"https:\/\/quechilero.com\/blog\/2010\/09\/04\/patrono-del-humor\/\" aria-label=\"Leer m\u00e1s sobre Patrono del Humor\">Leer m\u00e1s<\/a><\/p>\n","protected":false},"author":1,"featured_media":0,"comment_status":"open","ping_status":"open","sticky":false,"template":"","format":"standard","meta":{"advanced_seo_description":"","jetpack_seo_html_title":"","jetpack_seo_noindex":false,"jetpack_seo_schema_type":"","episode_type":"","audio_file":"","podmotor_file_id":"","podmotor_episode_id":"","cover_image":"","cover_image_id":"","duration":"","filesize":"","filesize_raw":"","date_recorded":"","explicit":"","block":"","_jetpack_newsletter_access":"","_jetpack_dont_email_post_to_subs":false,"_jetpack_newsletter_tier_id":0,"_jetpack_memberships_contains_paywalled_content":false,"_jetpack_feature_clip_id":0,"_jetpack_memberships_contains_paid_content":false,"footnotes":"","jetpack_publicize_message":"","jetpack_publicize_feature_enabled":true,"jetpack_social_post_already_shared":false,"jetpack_social_options":{"image_generator_settings":{"template":"highway","default_image_id":0,"font":"","enabled":false},"version":2},"jetpack_post_was_ever_published":false},"categories":[2],"tags":[37,97,51,72,50,42,40],"series":[],"class_list":["post-5593","post","type-post","status-publish","format-standard","hentry","category-limones","tag-ayuda","tag-deus","tag-dios","tag-libro","tag-muerte","tag-palabra","tag-paz"],"episode_featured_image":false,"episode_player_image":"https:\/\/i0.wp.com\/quechilero.com\/blog\/imagenes\/podcast.png?fit=1831%2C1831&ssl=1","download_link":"","player_link":"","audio_player":false,"episode_data":{"playerMode":"dark","subscribeUrls":{"amazon":{"key":"amazon","url":"","label":"Amazon","class":"amazon","icon":"amazon.png"},"apple_podcasts":{"key":"apple_podcasts","url":"","label":"Apple Podcasts","class":"apple_podcasts","icon":"apple-podcasts.png"},"castbox":{"key":"castbox","url":"","label":"CastBox","class":"castbox","icon":"castbox.png"},"deezer":{"key":"deezer","url":"","label":"Deezer","class":"deezer","icon":"deezer.png"},"google_podcasts":{"key":"google_podcasts","url":"","label":"Google Podcasts","class":"google_podcasts","icon":"google-podcasts.png"},"listen_notes":{"key":"listen_notes","url":"","label":"Listen Notes","class":"listen_notes","icon":"listen-notes.png"},"pandora":{"key":"pandora","url":"","label":"Pandora","class":"pandora","icon":"pandora.png"},"podbean":{"key":"podbean","url":"","label":"Podbean","class":"podbean","icon":"podbean.png"},"podcast_republic":{"key":"podcast_republic","url":"","label":"Podcast Republic","class":"podcast_republic","icon":"podcast-republic.png"},"rss":{"key":"rss","url":"","label":"RSS","class":"rss","icon":"rss.png"},"spotify":{"key":"spotify","url":"","label":"Spotify","class":"spotify","icon":"spotify.png"},"stitcher":{"key":"stitcher","url":"","label":"Stitcher","class":"stitcher","icon":"stitcher.png"},"tunein":{"key":"tunein","url":"","label":"TuneIn","class":"tunein","icon":"tunein.png"},"youtube":{"key":"youtube","url":"","label":"YouTube","class":"youtube","icon":"youtube.png"},"iheartradio":{"key":"iheartradio","url":"","label":"iHeartRadio","class":"iheartradio","icon":"iheartradio.png"},"ivoox":{"key":"ivoox","url":"","label":"iVoox","class":"ivoox","icon":"ivoox.png"}},"rssFeedUrl":"https:\/\/quechilero.com\/blog\/feed\/podcast\/si-la-vida-nos-da-limones","embedCode":"<blockquote class=\"wp-embedded-content\" data-secret=\"7i67qMdOyh\"><a href=\"https:\/\/quechilero.com\/blog\/2010\/09\/04\/patrono-del-humor\/\">Patrono del Humor<\/a><\/blockquote><iframe sandbox=\"allow-scripts\" security=\"restricted\" src=\"https:\/\/quechilero.com\/blog\/2010\/09\/04\/patrono-del-humor\/embed\/#?secret=7i67qMdOyh\" width=\"500\" height=\"350\" title=\"\u00abPatrono del Humor\u00bb \u2014 Si la Vida nos da Limones...\" data-secret=\"7i67qMdOyh\" frameborder=\"0\" marginwidth=\"0\" marginheight=\"0\" scrolling=\"no\" class=\"wp-embedded-content\"><\/iframe><script>\n\/*! This file is auto-generated *\/\n!function(d,l){\"use strict\";l.querySelector&&d.addEventListener&&\"undefined\"!=typeof URL&&(d.wp=d.wp||{},d.wp.receiveEmbedMessage||(d.wp.receiveEmbedMessage=function(e){var t=e.data;if((t||t.secret||t.message||t.value)&&!\/[^a-zA-Z0-9]\/.test(t.secret)){for(var s,r,n,a=l.querySelectorAll('iframe[data-secret=\"'+t.secret+'\"]'),o=l.querySelectorAll('blockquote[data-secret=\"'+t.secret+'\"]'),c=new RegExp(\"^https?:$\",\"i\"),i=0;i<o.length;i++)o[i].style.display=\"none\";for(i=0;i<a.length;i++)s=a[i],e.source===s.contentWindow&&(s.removeAttribute(\"style\"),\"height\"===t.message?(1e3<(r=parseInt(t.value,10))?r=1e3:~~r<200&&(r=200),s.height=r):\"link\"===t.message&&(r=new URL(s.getAttribute(\"src\")),n=new URL(t.value),c.test(n.protocol))&&n.host===r.host&&l.activeElement===s&&(d.top.location.href=t.value))}},d.addEventListener(\"message\",d.wp.receiveEmbedMessage,!1),l.addEventListener(\"DOMContentLoaded\",function(){for(var e,t,s=l.querySelectorAll(\"iframe.wp-embedded-content\"),r=0;r<s.length;r++)(t=(e=s[r]).getAttribute(\"data-secret\"))||(t=Math.random().toString(36).substring(2,12),e.src+=\"#?secret=\"+t,e.setAttribute(\"data-secret\",t)),e.contentWindow.postMessage({message:\"ready\",secret:t},\"*\")},!1)))}(window,document);\n\/\/# sourceURL=https:\/\/quechilero.com\/blog\/wp-includes\/js\/wp-embed.min.js\n<\/script>\n"},"jetpack_publicize_connections":[],"jetpack_shortlink":"https:\/\/wp.me\/pDKli-1sd","jetpack_sharing_enabled":true,"jetpack-related-posts":[{"id":5463,"url":"https:\/\/quechilero.com\/blog\/2010\/08\/21\/oracion-por-el-buen-humor\/","url_meta":{"origin":5593,"position":0},"title":"Oraci\u00f3n por el buen humor","author":"Pepe Barrascout Ortiz","date":"21 agosto 2010","format":false,"excerpt":"Se\u00f1or, ten a bien darme un alma que desconozca el aburrimiento, que desconozca las murmuraciones, los suspiros y las lamentaciones; y no permitas que me preocupe demasiado en torno de ese algo que se llama yo... Obs\u00e9quiame con el sentido del humor. Conc\u00e9deme la gracia de entender las bromas, para\u2026","rel":"","context":"En \u00abLimones\u00bb","block_context":{"text":"Limones","link":"https:\/\/quechilero.com\/blog\/category\/limones\/"},"img":{"alt_text":"","src":"","width":0,"height":0},"classes":[]},{"id":20119,"url":"https:\/\/quechilero.com\/blog\/2015\/05\/23\/dichosos\/","url_meta":{"origin":5593,"position":1},"title":"Dichosos&#8230;","author":"Pepe Barrascout Ortiz","date":"23 mayo 2015","format":false,"excerpt":"Dichosos los que saben re\u00edrse de s\u00ed mismos, porque no terminar\u00e1n nunca de divertirse. Dichosos los que saben distinguir una monta\u00f1a de una piedra, porque se evitar\u00e1n muchos inconvenientes. Dichosos los que saben descansar y dormir sin buscarse excusas: llegar\u00e1n a ser sabios. Dichosos los que saben escuchar y callar:\u2026","rel":"","context":"En \u00abLimones\u00bb","block_context":{"text":"Limones","link":"https:\/\/quechilero.com\/blog\/category\/limones\/"},"img":{"alt_text":"","src":"","width":0,"height":0},"classes":[]},{"id":7588,"url":"https:\/\/quechilero.com\/blog\/2011\/03\/20\/reflexiones-de-cuaresma-dia-12\/","url_meta":{"origin":5593,"position":2},"title":"Reflexiones de Cuaresma d\u00eda 12","author":"Pepe Barrascout Ortiz","date":"20 marzo 2011","format":false,"excerpt":"Oraci\u00f3n inicial Se\u00f1or m\u00edo, Jesucristo, creo firmemente que est\u00e1s aqu\u00ed; en estos pocos minutos de oraci\u00f3n que empiezo ahora quiero pedirte y agradecerte. Pedirte\u00a0la gracia de darme m\u00e1s cuenta de que T\u00fa vives, me escuchas y me amas; tanto, que has querido morir libremente por m\u00ed en la cruz y\u2026","rel":"","context":"En \u00abLimones por mano\u00bb","block_context":{"text":"Limones por mano","link":"https:\/\/quechilero.com\/blog\/category\/limones-por-mano\/"},"img":{"alt_text":"","src":"","width":0,"height":0},"classes":[]},{"id":16025,"url":"https:\/\/quechilero.com\/blog\/2013\/02\/16\/de-como-era\/","url_meta":{"origin":5593,"position":3},"title":"De c\u00f3mo era","author":"Pepe Barrascout Ortiz","date":"16 febrero 2013","format":false,"excerpt":"Jes\u00fas debe haber pensado bien en sus actitudes. Sab\u00eda que ellas ser\u00edan comentadas por los siglos venideros, y precisaba dar el ejemplo. \u00bfSu primer milagro? No fue curar a un ciego, hacer andar a un cojo o exorcizar a un demonio; fue transformar el agua en vino, y animar una\u2026","rel":"","context":"En \u00abLimones\u00bb","block_context":{"text":"Limones","link":"https:\/\/quechilero.com\/blog\/category\/limones\/"},"img":{"alt_text":"","src":"","width":0,"height":0},"classes":[]},{"id":5742,"url":"https:\/\/quechilero.com\/blog\/2010\/10\/04\/la-oruga\/","url_meta":{"origin":5593,"position":4},"title":"La oruga","author":"Pepe Barrascout Ortiz","date":"4 octubre 2010","format":false,"excerpt":"A lo mejor ya has le\u00eddo antes esta historia, pero igual me impresiona cada vez que la leo... Y es que \u00bfsabes? Todo en la vida se trata de una sola palabra: ACTITUD. La actitud tiene que ver sobre c\u00f3mo reaccionas a cada situaci\u00f3n, tiene que ver con si te\u2026","rel":"","context":"En \u00abLimones\u00bb","block_context":{"text":"Limones","link":"https:\/\/quechilero.com\/blog\/category\/limones\/"},"img":{"alt_text":"","src":"","width":0,"height":0},"classes":[]},{"id":16780,"url":"https:\/\/quechilero.com\/blog\/2013\/06\/22\/dar-la-vida-con-gusto\/","url_meta":{"origin":5593,"position":5},"title":"Dar la vida con gusto","author":"Pepe Barrascout Ortiz","date":"22 junio 2013","format":false,"excerpt":"Santo Tom\u00e1s Moro era llevado hacia el cadalso, y al salir a la calle dice al guardi\u00e1n: - Tr\u00e1igame la capa porque hace fr\u00edo. - \u00a1Pero c\u00f3mo, si os van a matar ya! - S\u00ed, es que yo doy la vida con gusto, pero lo que es una gripe s\u00ed\u2026","rel":"","context":"En \u00abLimones\u00bb","block_context":{"text":"Limones","link":"https:\/\/quechilero.com\/blog\/category\/limones\/"},"img":{"alt_text":"","src":"","width":0,"height":0},"classes":[]}],"jetpack_featured_media_url":"","_links":{"self":[{"href":"https:\/\/quechilero.com\/blog\/wp-json\/wp\/v2\/posts\/5593","targetHints":{"allow":["GET"]}}],"collection":[{"href":"https:\/\/quechilero.com\/blog\/wp-json\/wp\/v2\/posts"}],"about":[{"href":"https:\/\/quechilero.com\/blog\/wp-json\/wp\/v2\/types\/post"}],"author":[{"embeddable":true,"href":"https:\/\/quechilero.com\/blog\/wp-json\/wp\/v2\/users\/1"}],"replies":[{"embeddable":true,"href":"https:\/\/quechilero.com\/blog\/wp-json\/wp\/v2\/comments?post=5593"}],"version-history":[{"count":0,"href":"https:\/\/quechilero.com\/blog\/wp-json\/wp\/v2\/posts\/5593\/revisions"}],"wp:attachment":[{"href":"https:\/\/quechilero.com\/blog\/wp-json\/wp\/v2\/media?parent=5593"}],"wp:term":[{"taxonomy":"category","embeddable":true,"href":"https:\/\/quechilero.com\/blog\/wp-json\/wp\/v2\/categories?post=5593"},{"taxonomy":"post_tag","embeddable":true,"href":"https:\/\/quechilero.com\/blog\/wp-json\/wp\/v2\/tags?post=5593"},{"taxonomy":"series","embeddable":true,"href":"https:\/\/quechilero.com\/blog\/wp-json\/wp\/v2\/series?post=5593"}],"curies":[{"name":"wp","href":"https:\/\/api.w.org\/{rel}","templated":true}]}}