{"id":5553,"date":"2010-12-01T08:00:54","date_gmt":"2010-12-01T14:00:54","guid":{"rendered":"http:\/\/quechilero.com\/blog\/?p=5553"},"modified":"2010-12-01T08:00:54","modified_gmt":"2010-12-01T14:00:54","slug":"ruega-por-nosotros","status":"publish","type":"post","link":"https:\/\/quechilero.com\/blog\/2010\/12\/01\/ruega-por-nosotros\/","title":{"rendered":"Ruega por Nosotros"},"content":{"rendered":"<p><a href=\"http:\/\/s392.photobucket.com\/albums\/pp7\/pepejaguar\/blog\/?action=view&amp;current=urbano14.jpg\"><img data-recalc-dims=\"1\" decoding=\"async\" class=\"alignnone\" src=\"https:\/\/i0.wp.com\/i392.photobucket.com\/albums\/pp7\/pepejaguar\/blog\/urbano14.jpg?w=560\" alt=\"\"  \/><\/a><\/p>\n<p>Oh, Dios, Creador del universo,<br \/>\nque extiendes tu preocupaci\u00f3n paternal sobre cada criatura<br \/>\ny que gu\u00edas los eventos de la historia a la meta de la salvaci\u00f3n;<br \/>\nreconocemos tu amor paternal<br \/>\nque a pesar de la resistencia de la humanidad<br \/>\ny, en un mundo dividido por la disputa y la discordia,<br \/>\nT\u00fa nos haces preparar para la reconciliaci\u00f3n.<\/p>\n<p>Renueva en nosotros las maravillas de tu misericordia;<br \/>\nenv\u00eda tu Esp\u00edritu sobre nosotros,<br \/>\npara que \u00e9l pueda obrar<br \/>\nen la intimidad de nuestros corazones;<br \/>\npara que los enemigos puedan empezar a dialogar;<br \/>\npara que los adversarios puedan estrecharse las manos;<br \/>\ny para que las personas puedan<br \/>\nencontrar entre s\u00ed la armon\u00eda.<\/p>\n<p>Para que todos puedan comprometerse<br \/>\nen la b\u00fasqueda sincera por la verdadera paz;<br \/>\npara que se eliminen todas las disputas,<br \/>\npara que la caridad supere el odio,<br \/>\npara que el perd\u00f3n venza el deseo de venganza.<\/p>\n<p><em>Juan Pablo II<\/em><\/p>\n","protected":false},"excerpt":{"rendered":"<p>Oh, Dios, Creador del universo, que extiendes tu preocupaci\u00f3n paternal sobre cada criatura y que gu\u00edas los eventos de la historia a la meta de la salvaci\u00f3n; reconocemos tu amor paternal que a pesar de la resistencia de la humanidad y, en un mundo dividido por la disputa y la discordia, T\u00fa nos haces preparar &#8230; <a title=\"Ruega por Nosotros\" class=\"read-more\" href=\"https:\/\/quechilero.com\/blog\/2010\/12\/01\/ruega-por-nosotros\/\" aria-label=\"Leer m\u00e1s sobre Ruega por Nosotros\">Leer m\u00e1s<\/a><\/p>\n","protected":false},"author":1,"featured_media":0,"comment_status":"open","ping_status":"open","sticky":false,"template":"","format":"standard","meta":{"advanced_seo_description":"","jetpack_seo_html_title":"","jetpack_seo_noindex":false,"jetpack_seo_schema_type":"","episode_type":"","audio_file":"","podmotor_file_id":"","podmotor_episode_id":"","cover_image":"","cover_image_id":"","duration":"","filesize":"","filesize_raw":"","date_recorded":"","explicit":"","block":"","_jetpack_newsletter_access":"","_jetpack_dont_email_post_to_subs":false,"_jetpack_newsletter_tier_id":0,"_jetpack_memberships_contains_paywalled_content":false,"_jetpack_feature_clip_id":0,"_jetpack_memberships_contains_paid_content":false,"footnotes":"","jetpack_publicize_message":"","jetpack_publicize_feature_enabled":true,"jetpack_social_post_already_shared":false,"jetpack_social_options":{"image_generator_settings":{"template":"highway","default_image_id":0,"font":"","enabled":false},"version":2},"jetpack_post_was_ever_published":false},"categories":[2],"tags":[15,45,51,17,40,41],"series":[],"class_list":["post-5553","post","type-post","status-publish","format-standard","hentry","category-limones","tag-amor","tag-deseo","tag-dios","tag-historia","tag-paz","tag-verdad"],"episode_featured_image":false,"episode_player_image":"https:\/\/i0.wp.com\/quechilero.com\/blog\/imagenes\/podcast.png?fit=1831%2C1831&ssl=1","download_link":"","player_link":"","audio_player":false,"episode_data":{"playerMode":"dark","subscribeUrls":{"amazon":{"key":"amazon","url":"","label":"Amazon","class":"amazon","icon":"amazon.png"},"apple_podcasts":{"key":"apple_podcasts","url":"","label":"Apple Podcasts","class":"apple_podcasts","icon":"apple-podcasts.png"},"castbox":{"key":"castbox","url":"","label":"CastBox","class":"castbox","icon":"castbox.png"},"deezer":{"key":"deezer","url":"","label":"Deezer","class":"deezer","icon":"deezer.png"},"google_podcasts":{"key":"google_podcasts","url":"","label":"Google Podcasts","class":"google_podcasts","icon":"google-podcasts.png"},"listen_notes":{"key":"listen_notes","url":"","label":"Listen Notes","class":"listen_notes","icon":"listen-notes.png"},"pandora":{"key":"pandora","url":"","label":"Pandora","class":"pandora","icon":"pandora.png"},"podbean":{"key":"podbean","url":"","label":"Podbean","class":"podbean","icon":"podbean.png"},"podcast_republic":{"key":"podcast_republic","url":"","label":"Podcast Republic","class":"podcast_republic","icon":"podcast-republic.png"},"rss":{"key":"rss","url":"","label":"RSS","class":"rss","icon":"rss.png"},"spotify":{"key":"spotify","url":"","label":"Spotify","class":"spotify","icon":"spotify.png"},"stitcher":{"key":"stitcher","url":"","label":"Stitcher","class":"stitcher","icon":"stitcher.png"},"tunein":{"key":"tunein","url":"","label":"TuneIn","class":"tunein","icon":"tunein.png"},"youtube":{"key":"youtube","url":"","label":"YouTube","class":"youtube","icon":"youtube.png"},"iheartradio":{"key":"iheartradio","url":"","label":"iHeartRadio","class":"iheartradio","icon":"iheartradio.png"},"ivoox":{"key":"ivoox","url":"","label":"iVoox","class":"ivoox","icon":"ivoox.png"}},"rssFeedUrl":"https:\/\/quechilero.com\/blog\/feed\/podcast\/si-la-vida-nos-da-limones","embedCode":"<blockquote class=\"wp-embedded-content\" data-secret=\"ITca8L6Mtr\"><a href=\"https:\/\/quechilero.com\/blog\/2010\/12\/01\/ruega-por-nosotros\/\">Ruega por Nosotros<\/a><\/blockquote><iframe sandbox=\"allow-scripts\" security=\"restricted\" src=\"https:\/\/quechilero.com\/blog\/2010\/12\/01\/ruega-por-nosotros\/embed\/#?secret=ITca8L6Mtr\" width=\"500\" height=\"350\" title=\"\u00abRuega por Nosotros\u00bb \u2014 Si la Vida nos da Limones...\" data-secret=\"ITca8L6Mtr\" frameborder=\"0\" marginwidth=\"0\" marginheight=\"0\" scrolling=\"no\" class=\"wp-embedded-content\"><\/iframe><script>\n\/*! This file is auto-generated *\/\n!function(d,l){\"use strict\";l.querySelector&&d.addEventListener&&\"undefined\"!=typeof URL&&(d.wp=d.wp||{},d.wp.receiveEmbedMessage||(d.wp.receiveEmbedMessage=function(e){var t=e.data;if((t||t.secret||t.message||t.value)&&!\/[^a-zA-Z0-9]\/.test(t.secret)){for(var s,r,n,a=l.querySelectorAll('iframe[data-secret=\"'+t.secret+'\"]'),o=l.querySelectorAll('blockquote[data-secret=\"'+t.secret+'\"]'),c=new RegExp(\"^https?:$\",\"i\"),i=0;i<o.length;i++)o[i].style.display=\"none\";for(i=0;i<a.length;i++)s=a[i],e.source===s.contentWindow&&(s.removeAttribute(\"style\"),\"height\"===t.message?(1e3<(r=parseInt(t.value,10))?r=1e3:~~r<200&&(r=200),s.height=r):\"link\"===t.message&&(r=new URL(s.getAttribute(\"src\")),n=new URL(t.value),c.test(n.protocol))&&n.host===r.host&&l.activeElement===s&&(d.top.location.href=t.value))}},d.addEventListener(\"message\",d.wp.receiveEmbedMessage,!1),l.addEventListener(\"DOMContentLoaded\",function(){for(var e,t,s=l.querySelectorAll(\"iframe.wp-embedded-content\"),r=0;r<s.length;r++)(t=(e=s[r]).getAttribute(\"data-secret\"))||(t=Math.random().toString(36).substring(2,12),e.src+=\"#?secret=\"+t,e.setAttribute(\"data-secret\",t)),e.contentWindow.postMessage({message:\"ready\",secret:t},\"*\")},!1)))}(window,document);\n\/\/# sourceURL=https:\/\/quechilero.com\/blog\/wp-includes\/js\/wp-embed.min.js\n<\/script>\n"},"jetpack_publicize_connections":[],"jetpack_shortlink":"https:\/\/wp.me\/pDKli-1rz","jetpack_sharing_enabled":true,"jetpack-related-posts":[{"id":17110,"url":"https:\/\/quechilero.com\/blog\/2013\/09\/02\/en-medio-de-la-enfermedad\/","url_meta":{"origin":5553,"position":0},"title":"En medio de la enfermedad","author":"Pepe Barrascout Ortiz","date":"2 septiembre 2013","format":false,"excerpt":"He pasado una semana enfermo, d\u00e9bil, sin \u00e1nimo para hacer cosas. Curiosamente, no he dejado de sentir la presencia amorosa de Dios. Tus fuerzas te abandonan y t\u00fa te abandonas ante su presencia soberana. Entonces surge Dios y dice: \"No temas, Yo estoy contigo\". Y todo cambia. Comprendes que hay\u2026","rel":"","context":"En \u00abLimones\u00bb","block_context":{"text":"Limones","link":"https:\/\/quechilero.com\/blog\/category\/limones\/"},"img":{"alt_text":"","src":"","width":0,"height":0},"classes":[]},{"id":12448,"url":"https:\/\/quechilero.com\/blog\/2012\/06\/16\/el-si\/","url_meta":{"origin":5553,"position":1},"title":"El S\u00ed","author":"Pepe Barrascout Ortiz","date":"16 junio 2012","format":false,"excerpt":"Dos letras que expresan mil cosas: aceptar, aprobar, realizar, hacer, asumir, optar, decidir. Decir S\u00cd, tambi\u00e9n implica compromiso, alianza, reto, lucha. El S\u00cd cambia la vida de quien lo pronuncia y de quien lo espera. Mar\u00eda, nuestra Madre del Cielo, pronunci\u00f3 un S\u00cd que transform\u00f3 la historia de la humanidad.\u2026","rel":"","context":"En \u00abLimones\u00bb","block_context":{"text":"Limones","link":"https:\/\/quechilero.com\/blog\/category\/limones\/"},"img":{"alt_text":"","src":"","width":0,"height":0},"classes":[]},{"id":14038,"url":"https:\/\/quechilero.com\/blog\/2012\/07\/18\/plegaria-por-la-paz-2\/","url_meta":{"origin":5553,"position":2},"title":"Plegaria por la paz","author":"Pepe Barrascout Ortiz","date":"18 julio 2012","format":false,"excerpt":"Y al Creador de la naturaleza y del hombre, de la verdad y de la belleza, suplico: Escucha mi voz, pues es la voz de las v\u00edctimas de todas las guerras y de la violencia entre individuos y las naciones. Escucha mi voz, pues es la voz de todos los\u2026","rel":"","context":"En \u00abLimones\u00bb","block_context":{"text":"Limones","link":"https:\/\/quechilero.com\/blog\/category\/limones\/"},"img":{"alt_text":"","src":"","width":0,"height":0},"classes":[]},{"id":333,"url":"https:\/\/quechilero.com\/blog\/2006\/12\/04\/plegaria-por-la-paz\/","url_meta":{"origin":5553,"position":3},"title":"Plegaria por la paz","author":"Pepe Barrascout Ortiz","date":"4 diciembre 2006","format":false,"excerpt":"Y al Creador de la naturaleza y del hombre, de la verdad y de la belleza, suplico: Escucha mi voz, pues es la voz de las v\u00edctimas de todas las guerras y de la violencia entre individuos y las naciones. Escucha mi voz, pues es la voz de todos los\u2026","rel":"","context":"En \u00abLimones\u00bb","block_context":{"text":"Limones","link":"https:\/\/quechilero.com\/blog\/category\/limones\/"},"img":{"alt_text":"","src":"","width":0,"height":0},"classes":[]},{"id":284,"url":"https:\/\/quechilero.com\/blog\/2006\/10\/22\/del-amor\/","url_meta":{"origin":5553,"position":4},"title":"Del Amor","author":"Pepe Barrascout Ortiz","date":"22 octubre 2006","format":false,"excerpt":"San Agust\u00edn escribi\u00f3 que, de la misma manera que una ciudad precisa de leyes para que sus habitantes puedan vivir juntos, el hombre precisa de una \u00fanica ley, el Amor, para convivir en paz con el mundo espiritual. Otras personas hablaron sobre esta verdad universal: \"El verdadero amor no pide\u2026","rel":"","context":"En \u00abLimones\u00bb","block_context":{"text":"Limones","link":"https:\/\/quechilero.com\/blog\/category\/limones\/"},"img":{"alt_text":"","src":"","width":0,"height":0},"classes":[]},{"id":12794,"url":"https:\/\/quechilero.com\/blog\/2012\/03\/17\/altar-familiar\/","url_meta":{"origin":5553,"position":5},"title":"Altar Familiar","author":"Pepe Barrascout Ortiz","date":"17 marzo 2012","format":false,"excerpt":"A menudo, las oraciones nocturnas se limitan a recitar un poema o repetir una peque\u00f1a oraci\u00f3n memorizada. Sin embargo, estas pueden convertirse en devociones familiares, si la familia completa se re\u00fane, al lado de la cama del hijo que se acueste primero. Cada miembro de la familia hace una sincera\u2026","rel":"","context":"En \u00abLimones\u00bb","block_context":{"text":"Limones","link":"https:\/\/quechilero.com\/blog\/category\/limones\/"},"img":{"alt_text":"","src":"","width":0,"height":0},"classes":[]}],"jetpack_featured_media_url":"","_links":{"self":[{"href":"https:\/\/quechilero.com\/blog\/wp-json\/wp\/v2\/posts\/5553","targetHints":{"allow":["GET"]}}],"collection":[{"href":"https:\/\/quechilero.com\/blog\/wp-json\/wp\/v2\/posts"}],"about":[{"href":"https:\/\/quechilero.com\/blog\/wp-json\/wp\/v2\/types\/post"}],"author":[{"embeddable":true,"href":"https:\/\/quechilero.com\/blog\/wp-json\/wp\/v2\/users\/1"}],"replies":[{"embeddable":true,"href":"https:\/\/quechilero.com\/blog\/wp-json\/wp\/v2\/comments?post=5553"}],"version-history":[{"count":0,"href":"https:\/\/quechilero.com\/blog\/wp-json\/wp\/v2\/posts\/5553\/revisions"}],"wp:attachment":[{"href":"https:\/\/quechilero.com\/blog\/wp-json\/wp\/v2\/media?parent=5553"}],"wp:term":[{"taxonomy":"category","embeddable":true,"href":"https:\/\/quechilero.com\/blog\/wp-json\/wp\/v2\/categories?post=5553"},{"taxonomy":"post_tag","embeddable":true,"href":"https:\/\/quechilero.com\/blog\/wp-json\/wp\/v2\/tags?post=5553"},{"taxonomy":"series","embeddable":true,"href":"https:\/\/quechilero.com\/blog\/wp-json\/wp\/v2\/series?post=5553"}],"curies":[{"name":"wp","href":"https:\/\/api.w.org\/{rel}","templated":true}]}}