{"id":548,"date":"2007-06-01T21:27:22","date_gmt":"2007-06-02T03:27:22","guid":{"rendered":"http:\/\/www.quechilero.com\/blog\/2007\/05\/15\/el-libro-de-la-vida\/"},"modified":"2007-06-01T21:27:22","modified_gmt":"2007-06-02T03:27:22","slug":"el-libro-de-la-vida","status":"publish","type":"post","link":"https:\/\/quechilero.com\/blog\/2007\/06\/01\/el-libro-de-la-vida\/","title":{"rendered":"El Libro de la Vida"},"content":{"rendered":"<p>Hoy cierras un volumen m\u00e1s en la historia de tu vida.<\/p>\n<p>Cuando empezaste este a\u00f1o era todo tuyo, te lo puso Dios en tus manos; pod\u00edas  hacer de \u00e9l lo que quisieras: un poema o una pesadilla, una blasfemia o una  oraci\u00f3n. Pod\u00edas. Hoy ya no puedes, no es tuyo, ya lo has escrito. Es de Dios. Te  lo va a leer el Se\u00f1or el d\u00eda que mueras, con todos sus detalles. Ya no podr\u00e1s  corregirlo. Ha pasado al dominio de la eternidad.<\/p>\n<p>En esta \u00faltima noche del a\u00f1o medita unos momentos. Toma tu libro escrito y  hoj\u00e9alo despacio. Deja pasar sus p\u00e1ginas por tus manos y por tu conciencia. Date  el tiempo de leerte a ti mismo.<\/p>\n<p>Lee tambi\u00e9n aquellas p\u00e1ginas que nunca hubieras querido escribir. No, no  intentes arrancarlas. Es in\u00fatil. Ten valor para leerlas. Ya est\u00e1 escrito. No  puedes arrancarlas, pero puedes mejorarlas cuando escribas tu volumen siguiente.  Si lo haces as\u00ed, Dios quiz\u00e1s no las tomar\u00e1 en cuenta cuando lea tu libro en el  \u00faltimo d\u00eda. T\u00fa lo has escrito con el instrumento asombroso y maravilloso de tu  libertad.<\/p>\n<p>Es un libro misterioso que, en su mayor parte (la m\u00e1s interesante), no puede  leerlo nadie m\u00e1s que Dios y t\u00fa.<\/p>\n<p>Si tienes ganas de besarlo, b\u00e9salo; si tienes ganas de llorar, llora fuerte  sobre tu libro. T\u00f3malo en tus manos, lev\u00e1ntalo hacia el cielo y dile a Dios tres  palabras: gracias, perd\u00f3n y ay\u00fadame a ser mejor.<\/p>\n<p>Despu\u00e9s entr\u00e9gaselo a \u00c9l. No importa c\u00f3mo est\u00e9, aunque tenga p\u00e1ginas negras,  Dios sabe perdonar.<\/p>\n<p>Esta noche te va a dar Dios otro libro completamente blanco y nuevo. Es todo  tuyo. Vas a poder escribir en \u00e9l lo que quieras.<\/p>\n<p>Pon el nombre de Jes\u00fas en la primera p\u00e1gina. Despu\u00e9s p\u00eddele que no te deje  escribirlo solo. P\u00eddele que no te suelte de su mano y que te tenga siempre en su  coraz\u00f3n.<\/p>\n","protected":false},"excerpt":{"rendered":"<p>Hoy cierras un volumen m\u00e1s en la historia de tu vida. Cuando empezaste este a\u00f1o era todo tuyo, te lo puso Dios en tus manos; pod\u00edas hacer de \u00e9l lo que quisieras: un poema o una pesadilla, una blasfemia o una oraci\u00f3n. Pod\u00edas. Hoy ya no puedes, no es tuyo, ya lo has escrito. Es &#8230; <a title=\"El Libro de la Vida\" class=\"read-more\" href=\"https:\/\/quechilero.com\/blog\/2007\/06\/01\/el-libro-de-la-vida\/\" aria-label=\"Leer m\u00e1s sobre El Libro de la Vida\">Leer m\u00e1s<\/a><\/p>\n","protected":false},"author":1,"featured_media":0,"comment_status":"open","ping_status":"open","sticky":false,"template":"","format":"standard","meta":{"advanced_seo_description":"","jetpack_seo_html_title":"","jetpack_seo_noindex":false,"jetpack_seo_schema_type":"","episode_type":"","audio_file":"","podmotor_file_id":"","podmotor_episode_id":"","cover_image":"","cover_image_id":"","duration":"","filesize":"","filesize_raw":"","date_recorded":"","explicit":"","block":"","_jetpack_newsletter_access":"","_jetpack_dont_email_post_to_subs":false,"_jetpack_newsletter_tier_id":0,"_jetpack_memberships_contains_paywalled_content":false,"_jetpack_feature_clip_id":0,"_jetpack_memberships_contains_paid_content":false,"footnotes":"","jetpack_publicize_message":"","jetpack_publicize_feature_enabled":true,"jetpack_social_post_already_shared":false,"jetpack_social_options":{"image_generator_settings":{"template":"highway","default_image_id":0,"font":"","enabled":false},"version":2},"jetpack_post_was_ever_published":false},"categories":[2],"tags":[51,17,74,72,86,42,5,24],"series":[],"class_list":["post-548","post","type-post","status-publish","format-standard","hentry","category-limones","tag-dios","tag-historia","tag-jesus","tag-libro","tag-oracion","tag-palabra","tag-tiempo","tag-vida"],"episode_featured_image":false,"episode_player_image":"https:\/\/i0.wp.com\/quechilero.com\/blog\/imagenes\/podcast.png?fit=1831%2C1831&ssl=1","download_link":"","player_link":"","audio_player":false,"episode_data":{"playerMode":"dark","subscribeUrls":{"amazon":{"key":"amazon","url":"","label":"Amazon","class":"amazon","icon":"amazon.png"},"apple_podcasts":{"key":"apple_podcasts","url":"","label":"Apple Podcasts","class":"apple_podcasts","icon":"apple-podcasts.png"},"castbox":{"key":"castbox","url":"","label":"CastBox","class":"castbox","icon":"castbox.png"},"deezer":{"key":"deezer","url":"","label":"Deezer","class":"deezer","icon":"deezer.png"},"google_podcasts":{"key":"google_podcasts","url":"","label":"Google Podcasts","class":"google_podcasts","icon":"google-podcasts.png"},"listen_notes":{"key":"listen_notes","url":"","label":"Listen Notes","class":"listen_notes","icon":"listen-notes.png"},"pandora":{"key":"pandora","url":"","label":"Pandora","class":"pandora","icon":"pandora.png"},"podbean":{"key":"podbean","url":"","label":"Podbean","class":"podbean","icon":"podbean.png"},"podcast_republic":{"key":"podcast_republic","url":"","label":"Podcast Republic","class":"podcast_republic","icon":"podcast-republic.png"},"rss":{"key":"rss","url":"","label":"RSS","class":"rss","icon":"rss.png"},"spotify":{"key":"spotify","url":"","label":"Spotify","class":"spotify","icon":"spotify.png"},"stitcher":{"key":"stitcher","url":"","label":"Stitcher","class":"stitcher","icon":"stitcher.png"},"tunein":{"key":"tunein","url":"","label":"TuneIn","class":"tunein","icon":"tunein.png"},"youtube":{"key":"youtube","url":"","label":"YouTube","class":"youtube","icon":"youtube.png"},"iheartradio":{"key":"iheartradio","url":"","label":"iHeartRadio","class":"iheartradio","icon":"iheartradio.png"},"ivoox":{"key":"ivoox","url":"","label":"iVoox","class":"ivoox","icon":"ivoox.png"}},"rssFeedUrl":"https:\/\/quechilero.com\/blog\/feed\/podcast\/si-la-vida-nos-da-limones","embedCode":"<blockquote class=\"wp-embedded-content\" data-secret=\"dzMm6H5Liq\"><a href=\"https:\/\/quechilero.com\/blog\/2007\/06\/01\/el-libro-de-la-vida\/\">El Libro de la Vida<\/a><\/blockquote><iframe sandbox=\"allow-scripts\" security=\"restricted\" src=\"https:\/\/quechilero.com\/blog\/2007\/06\/01\/el-libro-de-la-vida\/embed\/#?secret=dzMm6H5Liq\" width=\"500\" height=\"350\" title=\"\u00abEl Libro de la Vida\u00bb \u2014 Si la Vida nos da Limones...\" data-secret=\"dzMm6H5Liq\" frameborder=\"0\" marginwidth=\"0\" marginheight=\"0\" scrolling=\"no\" class=\"wp-embedded-content\"><\/iframe><script>\n\/*! This file is auto-generated *\/\n!function(d,l){\"use strict\";l.querySelector&&d.addEventListener&&\"undefined\"!=typeof URL&&(d.wp=d.wp||{},d.wp.receiveEmbedMessage||(d.wp.receiveEmbedMessage=function(e){var t=e.data;if((t||t.secret||t.message||t.value)&&!\/[^a-zA-Z0-9]\/.test(t.secret)){for(var s,r,n,a=l.querySelectorAll('iframe[data-secret=\"'+t.secret+'\"]'),o=l.querySelectorAll('blockquote[data-secret=\"'+t.secret+'\"]'),c=new RegExp(\"^https?:$\",\"i\"),i=0;i<o.length;i++)o[i].style.display=\"none\";for(i=0;i<a.length;i++)s=a[i],e.source===s.contentWindow&&(s.removeAttribute(\"style\"),\"height\"===t.message?(1e3<(r=parseInt(t.value,10))?r=1e3:~~r<200&&(r=200),s.height=r):\"link\"===t.message&&(r=new URL(s.getAttribute(\"src\")),n=new URL(t.value),c.test(n.protocol))&&n.host===r.host&&l.activeElement===s&&(d.top.location.href=t.value))}},d.addEventListener(\"message\",d.wp.receiveEmbedMessage,!1),l.addEventListener(\"DOMContentLoaded\",function(){for(var e,t,s=l.querySelectorAll(\"iframe.wp-embedded-content\"),r=0;r<s.length;r++)(t=(e=s[r]).getAttribute(\"data-secret\"))||(t=Math.random().toString(36).substring(2,12),e.src+=\"#?secret=\"+t,e.setAttribute(\"data-secret\",t)),e.contentWindow.postMessage({message:\"ready\",secret:t},\"*\")},!1)))}(window,document);\n\/\/# sourceURL=https:\/\/quechilero.com\/blog\/wp-includes\/js\/wp-embed.min.js\n<\/script>\n"},"jetpack_publicize_connections":[],"jetpack_shortlink":"https:\/\/wp.me\/pDKli-8Q","jetpack_sharing_enabled":true,"jetpack-related-posts":[{"id":827,"url":"https:\/\/quechilero.com\/blog\/2008\/01\/02\/el-libro-de-la-vida-2\/","url_meta":{"origin":548,"position":0},"title":"El Libro de la Vida","author":"Pepe Barrascout Ortiz","date":"2 enero 2008","format":false,"excerpt":"Hoy cierras un volumen m\u00e1s en la historia de tu vida. Cuando empezaste este a\u00f1o era todo tuyo, te lo puso Dios en tus manos; pod\u00edas hacer de \u00e9l lo que quisieras: un poema o una pesadilla, una blasfemia o una oraci\u00f3n. Pod\u00edas. Hoy ya no puedes, no es tuyo,\u2026","rel":"","context":"En \u00abLimones\u00bb","block_context":{"text":"Limones","link":"https:\/\/quechilero.com\/blog\/category\/limones\/"},"img":{"alt_text":"","src":"","width":0,"height":0},"classes":[]},{"id":7593,"url":"https:\/\/quechilero.com\/blog\/2011\/03\/25\/reflexiones-de-cuaresma-dia-17\/","url_meta":{"origin":548,"position":1},"title":"Reflexiones de Cuaresma d\u00eda 17","author":"Pepe Barrascout Ortiz","date":"25 marzo 2011","format":false,"excerpt":"Oraci\u00f3n inicial Se\u00f1or m\u00edo, Jesucristo, creo firmemente que est\u00e1s aqu\u00ed; en estos pocos minutos de oraci\u00f3n que empiezo ahora quiero pedirte y agradecerte. Pedirte\u00a0la gracia de darme m\u00e1s cuenta de que T\u00fa vives, me escuchas y me amas; tanto, que has querido morir libremente por m\u00ed en la cruz y\u2026","rel":"","context":"En \u00abLimones por mano\u00bb","block_context":{"text":"Limones por mano","link":"https:\/\/quechilero.com\/blog\/category\/limones-por-mano\/"},"img":{"alt_text":"","src":"","width":0,"height":0},"classes":[]},{"id":15359,"url":"https:\/\/quechilero.com\/blog\/2012\/12\/09\/segundo-domingo-de-adviento\/","url_meta":{"origin":548,"position":2},"title":"Segundo Domingo de Adviento","author":"Pepe Barrascout Ortiz","date":"9 diciembre 2012","format":false,"excerpt":"Segundo Domingo de Adviento (ciclo B) Reunida la familia o el grupo de personas, se encienden: la vela del primer domingo y la que corresponde al segundo domingo. Hermanos: Al introducirnos m\u00e1s de lleno en el tiempo de Adviento, la Palabra de Dios nos urge a una reflexi\u00f3n m\u00e1s profunda.\u2026","rel":"","context":"En \u00abLimones\u00bb","block_context":{"text":"Limones","link":"https:\/\/quechilero.com\/blog\/category\/limones\/"},"img":{"alt_text":"","src":"https:\/\/i0.wp.com\/i392.photobucket.com\/albums\/pp7\/pepejaguar\/blog\/2-domingo-adviento.png?resize=350%2C200","width":350,"height":200,"srcset":"https:\/\/i0.wp.com\/i392.photobucket.com\/albums\/pp7\/pepejaguar\/blog\/2-domingo-adviento.png?resize=350%2C200 1x, https:\/\/i0.wp.com\/i392.photobucket.com\/albums\/pp7\/pepejaguar\/blog\/2-domingo-adviento.png?resize=525%2C300 1.5x"},"classes":[]},{"id":11472,"url":"https:\/\/quechilero.com\/blog\/2011\/12\/30\/oracion-de-fin-y-principio-de-ano\/","url_meta":{"origin":548,"position":3},"title":"Oraci\u00f3n de fin y principio de a\u00f1o","author":"Pepe Barrascout Ortiz","date":"30 diciembre 2011","format":false,"excerpt":"Se\u00f1or, Dios, due\u00f1o del tiempo y de la eternidad, tuyo es el hoy y el ma\u00f1ana, el pasado y el futuro. Al terminar este a\u00f1o quiero darte gracias por todo aquello que recib\u00ed de TI. Gracias por la vida y el amor, por las flores, el aire y el sol,\u2026","rel":"","context":"En \u00abLimones\u00bb","block_context":{"text":"Limones","link":"https:\/\/quechilero.com\/blog\/category\/limones\/"},"img":{"alt_text":"","src":"","width":0,"height":0},"classes":[]},{"id":17114,"url":"https:\/\/quechilero.com\/blog\/2013\/09\/06\/oraciones-filtradas\/","url_meta":{"origin":548,"position":4},"title":"Oraciones Filtradas","author":"Pepe Barrascout Ortiz","date":"6 septiembre 2013","format":false,"excerpt":"Tengo unas amigas que pasan horas cada d\u00eda intercediendo en oraci\u00f3n. Sus hijos ya son adultos y se han ido, as\u00ed que ellas pueden dedicar m\u00e1s tiempo a interceder. Yo no esto en la misma fase de la vida. Sin duda, oro todos los d\u00edas y tengo un diario de\u2026","rel":"","context":"En \u00abLimones\u00bb","block_context":{"text":"Limones","link":"https:\/\/quechilero.com\/blog\/category\/limones\/"},"img":{"alt_text":"","src":"","width":0,"height":0},"classes":[]},{"id":19929,"url":"https:\/\/quechilero.com\/blog\/2015\/03\/22\/maria-esta-cerca-de-cada-uno-de-nosotros\/","url_meta":{"origin":548,"position":5},"title":"Mar\u00eda est\u00e1 cerca de cada uno de nosotros","author":"Pepe Barrascout Ortiz","date":"22 marzo 2015","format":false,"excerpt":"Esta poes\u00eda de Mar\u00eda -el Magn\u00edficat- es totalmente original; sin embargo, al mismo tiempo, es un \"tejido\" hecho completamente con \"hilos\" del Antiguo Testamento, hecho de palabra de Dios. Se puede ver que Mar\u00eda, por decirlo as\u00ed, \"se sent\u00eda como en su casa\" en la palabra de Dios, viv\u00eda de\u2026","rel":"","context":"En \u00abLimones\u00bb","block_context":{"text":"Limones","link":"https:\/\/quechilero.com\/blog\/category\/limones\/"},"img":{"alt_text":"","src":"","width":0,"height":0},"classes":[]}],"jetpack_featured_media_url":"","_links":{"self":[{"href":"https:\/\/quechilero.com\/blog\/wp-json\/wp\/v2\/posts\/548","targetHints":{"allow":["GET"]}}],"collection":[{"href":"https:\/\/quechilero.com\/blog\/wp-json\/wp\/v2\/posts"}],"about":[{"href":"https:\/\/quechilero.com\/blog\/wp-json\/wp\/v2\/types\/post"}],"author":[{"embeddable":true,"href":"https:\/\/quechilero.com\/blog\/wp-json\/wp\/v2\/users\/1"}],"replies":[{"embeddable":true,"href":"https:\/\/quechilero.com\/blog\/wp-json\/wp\/v2\/comments?post=548"}],"version-history":[{"count":0,"href":"https:\/\/quechilero.com\/blog\/wp-json\/wp\/v2\/posts\/548\/revisions"}],"wp:attachment":[{"href":"https:\/\/quechilero.com\/blog\/wp-json\/wp\/v2\/media?parent=548"}],"wp:term":[{"taxonomy":"category","embeddable":true,"href":"https:\/\/quechilero.com\/blog\/wp-json\/wp\/v2\/categories?post=548"},{"taxonomy":"post_tag","embeddable":true,"href":"https:\/\/quechilero.com\/blog\/wp-json\/wp\/v2\/tags?post=548"},{"taxonomy":"series","embeddable":true,"href":"https:\/\/quechilero.com\/blog\/wp-json\/wp\/v2\/series?post=548"}],"curies":[{"name":"wp","href":"https:\/\/api.w.org\/{rel}","templated":true}]}}