{"id":5235,"date":"2010-08-11T08:00:06","date_gmt":"2010-08-11T14:00:06","guid":{"rendered":"http:\/\/quechilero.com\/blog\/?p=5235"},"modified":"2010-08-11T08:00:06","modified_gmt":"2010-08-11T14:00:06","slug":"maraton-de-blogs-mira-pue-2","status":"publish","type":"post","link":"https:\/\/quechilero.com\/blog\/2010\/08\/11\/maraton-de-blogs-mira-pue-2\/","title":{"rendered":"Marat\u00f3n de Blogs: Mir\u00e1 Pu\u00e9&#8230;"},"content":{"rendered":"<p><img data-recalc-dims=\"1\" loading=\"lazy\" decoding=\"async\" class=\"alignnone\" src=\"https:\/\/i0.wp.com\/i392.photobucket.com\/albums\/pp7\/pepejaguar\/maraton\/mirapue.png?resize=560%2C280\" alt=\"\" width=\"560\" height=\"280\" \/><\/p>\n<p><em>Andre\u00edta<\/em>, la autora de <a title=\"Marat\u00f3n de Blogs 2010: Mir\u00e1 Pu\u00e9...\" href=\"http:\/\/mirapue.blogspot.com\/\" target=\"_blank\">Mir\u00e1 Pu\u00e9&#8230;<\/a> es una <em>antig\u00fce\u00f1a<\/em>, que entre sus m\u00faltiples ocupaciones, principalmente relacionadas con la universidad, a\u00fan le queda el tiempo suficiente, para ir colocando en su bit\u00e1cora, textos que invaden su pensamiento y que la hacen ser como es, activa y muy din\u00e1mica.<\/p>\n<p><a title=\"Marat\u00f3n de Blogs 2010: Mir\u00e1 Pu\u00e9...\" href=\"http:\/\/mirapue.blogspot.com\/\" target=\"_blank\">Mir\u00e1 Pu\u00e9&#8230;<\/a> tal y como la <em>expresi\u00f3n y muletilla propia del lenguaje guatemalteco<\/em>, que se utiliza para llamar la atenci\u00f3n del interlocutor y que <em>Andre\u00edta<\/em> ha utilizado para titular su bit\u00e1cora. Es la forma en que nos llama a la atenci\u00f3n, sobre sus textos y publicaciones.<\/p>\n<p><a title=\"Marat\u00f3n de Blogs 2009: Mir\u00e1 Pue...\" href=\"http:\/\/quechilero.com\/blog\/2009\/08\/11\/maraton-de-blogs-mira-pue\/\">Esta es la segunda vez que Mir\u00e1 Pu\u00e9&#8230;<\/a> participa en el <a title=\"Marat\u00f3n de Blogs 2010\" href=\"http:\/\/quechilero.com\/blog\/2010\/07\/31\/maraton-de-blogs-2010-listado\/\">Marat\u00f3n de Blogs<\/a>, lo que si se siente es que este a\u00f1o, ha bajado un poco la publicaci\u00f3n de textos, en comparaci\u00f3n con el a\u00f1o anterior, de los temas recientemente publicados, me gusta el titulado <em>No hay nada mas perfecto que el amor<\/em>, que incluye su propia reflexi\u00f3n.<\/p>\n<p><!--more--><\/p>\n<p>Tambi\u00e9n me llamaron la atenci\u00f3n, <em>Promesa Uno,<\/em> donde de forma p\u00fablica, se compromete a no seguir el esquema tradicional, que regularmente siguen las mujeres despu\u00e9s de casarse, mis felicitaciones por ser diferente y por el compromiso tan grande. <em>Fue ayer pero&#8230;<\/em> es una reflexi\u00f3n que la evidencia en su activismo a favor del ambiente, la historia publicada est\u00e1 cargada de sentimiento.<\/p>\n<p><em>Roller Coaster<\/em>, es otro texto corto pero que invita a pensar, reflexionar y a comprender los <em>sube-bajas<\/em> por los que pasamos en la vida, muy interesante la comparaci\u00f3n. <em>A dormir con una sonrisa, B-happy<\/em>, son otros de los tantos textos que animan y que encontramos publicados abundantemente en <a title=\"Marat\u00f3n de Blogs 2010: Mir\u00e1 Pu\u00e9...\" href=\"http:\/\/mirapue.blogspot.com\/\" target=\"_blank\">Mir\u00e1 Pu\u00e9&#8230;<\/a><\/p>\n<p>La creatividad se ve a lo largo de <a title=\"Marat\u00f3n de Blogs 2010: Mir\u00e1 Pu\u00e9...\" href=\"http:\/\/mirapue.blogspot.com\/\" target=\"_blank\">Mir\u00e1 Pu\u00e9&#8230;<\/a>, desde la renovaci\u00f3n regular de la plantilla del dise\u00f1o del blog, hasta las im\u00e1genes que acompa\u00f1an las publicaciones, por ejemplo la que ilustra <em>Antig\u00fce\u00f1o y no Antig\u00fce\u00f1o<\/em>, me gust\u00f3 tanto la idea, que la vez pasada estando en la playa, hice algo similar, gracias por la idea\u00a0<em>Andre\u00edta.<\/em><\/p>\n<p>Este mes y en especial este d\u00eda, muchas cosas importantes suceden en la vida de <em>Andre\u00edta<\/em> y que seguramente veremos reflejadas en <em>Mir\u00e1 Pu\u00e9<\/em>, felicitaciones por tu trabajo, aunque sea lejos, \u00e1nimo con el\u00a0trasplante, primero Dios todo sale bien, y pues que pases <em>feliz d\u00eda del nutricionista<\/em>. Me gusta el cambio que recientemente le hizo a la plantilla.<\/p>\n<p>Para quienes andan en busca, de lectura positiva y reanimante, corta y concisa, los invito a leer y a suscribirse al blog <a title=\"Marat\u00f3n de Blogs 2010: Mir\u00e1 Pu\u00e9...\" href=\"http:\/\/mirapue.blogspot.com\/\" target=\"_blank\">Mir\u00e1 Pu\u00e9&#8230;<\/a><\/p>\n<p>Ap\u00f3ya en:\u00a0<a class=\"plano\" title=\"Comp\u00e1rtelo en Twitter\" href=\"http:\/\/twitter.com\/home?status=Marat\u00f3n de Blogs 2010: Apoyando a Mir\u00e1 Pu\u00e9... - http:\/\/bit.ly\/aRBBqB\"><img data-recalc-dims=\"1\" loading=\"lazy\" decoding=\"async\" class=\"alignnone\" src=\"https:\/\/i0.wp.com\/quechilero.com\/blog\/wp-content\/themes\/crybook\/images\/twitter.png?resize=16%2C16\" alt=\"Twitter\" width=\"16\" height=\"16\" \/> Twitter<\/a> <a class=\"plano\" href=\"http:\/\/www.facebook.com\/sharer.php?u=http:\/\/quechilero.com\/blog\/2010\/08\/11\/maraton-de-blogs-mira-pue-2\/&amp;t=Marat\u00f3n de Blogs: Apoyando a Mir\u00e1 Pu\u00e9...\"><img data-recalc-dims=\"1\" loading=\"lazy\" decoding=\"async\" class=\"alignnone\" src=\"https:\/\/i0.wp.com\/quechilero.com\/blog\/wp-content\/themes\/crybook\/images\/facebook.png?resize=16%2C16\" alt=\"Facebook\" width=\"16\" height=\"16\" \/> Facebook<\/a> <a class=\"plano\" rel=\"bookmark\" href=\"http:\/\/www.google.com\/buzz\/post?url=http:\/\/quechilero.com\/blog\/2010\/08\/11\/maraton-de-blogs-mira-pue-2\/&amp;imageurl=http:\/\/i392.photobucket.com\/albums\/pp7\/pepejaguar\/maraton\/maraton468x602010.jpg&amp;type=normal-count\"><img data-recalc-dims=\"1\" loading=\"lazy\" decoding=\"async\" class=\"alignnone\" src=\"https:\/\/i0.wp.com\/quechilero.com\/blog\/wp-content\/themes\/crybook\/images\/buzz.png?resize=16%2C16\" alt=\"Google Buzz\" width=\"16\" height=\"16\" \/> Google Buzz!<\/a><\/p>\n<p><a title=\"Marat\u00f3n de Blogs 2010\" href=\"http:\/\/quechilero.com\/blog\/2010\/07\/31\/maraton-de-blogs-2010-listado\/\">Lee aqu\u00ed, mas rese\u00f1as del Marat\u00f3n de Blogs 2010<\/a>.<\/p>\n<p><a title=\"Marat\u00f3n de Blogs 2010\" href=\"http:\/\/quechilero.com\/blog\/2010\/07\/31\/maraton-de-blogs-2010-listado\/\"><img data-recalc-dims=\"1\" loading=\"lazy\" decoding=\"async\" class=\"alignnone\" src=\"https:\/\/i0.wp.com\/i392.photobucket.com\/albums\/pp7\/pepejaguar\/maraton\/maraton468x602010.jpg?resize=468%2C60\" alt=\"\" width=\"468\" height=\"60\" \/><\/a><\/p>\n","protected":false},"excerpt":{"rendered":"<p>Andre\u00edta, la autora de Mir\u00e1 Pu\u00e9&#8230; es una antig\u00fce\u00f1a, que entre sus m\u00faltiples ocupaciones, principalmente relacionadas con la universidad, a\u00fan le queda el tiempo suficiente, para ir colocando en su bit\u00e1cora, textos que invaden su pensamiento y que la hacen ser como es, activa y muy din\u00e1mica. Mir\u00e1 Pu\u00e9&#8230; tal y como la expresi\u00f3n y &#8230; <a title=\"Marat\u00f3n de Blogs: Mir\u00e1 Pu\u00e9&#8230;\" class=\"read-more\" href=\"https:\/\/quechilero.com\/blog\/2010\/08\/11\/maraton-de-blogs-mira-pue-2\/\" aria-label=\"Leer m\u00e1s sobre Marat\u00f3n de Blogs: Mir\u00e1 Pu\u00e9&#8230;\">Leer m\u00e1s<\/a><\/p>\n","protected":false},"author":1,"featured_media":0,"comment_status":"open","ping_status":"open","sticky":false,"template":"","format":"standard","meta":{"advanced_seo_description":"","jetpack_seo_html_title":"","jetpack_seo_noindex":false,"jetpack_seo_schema_type":"","episode_type":"","audio_file":"","podmotor_file_id":"","podmotor_episode_id":"","cover_image":"","cover_image_id":"","duration":"","filesize":"","filesize_raw":"","date_recorded":"","explicit":"","block":"","_jetpack_newsletter_access":"","_jetpack_dont_email_post_to_subs":false,"_jetpack_newsletter_tier_id":0,"_jetpack_memberships_contains_paywalled_content":false,"_jetpack_feature_clip_id":0,"_jetpack_memberships_contains_paid_content":false,"footnotes":"","jetpack_publicize_message":"","jetpack_publicize_feature_enabled":true,"jetpack_social_post_already_shared":false,"jetpack_social_options":{"image_generator_settings":{"template":"highway","default_image_id":0,"font":"","enabled":false},"version":2},"jetpack_post_was_ever_published":false},"categories":[61],"tags":[15,112,4,12,51,7,32,46,17,9,81,62,20,82,5,36,24],"series":[],"class_list":["post-5235","post","type-post","status-publish","format-standard","hentry","category-blogs-de-guatemala","tag-amor","tag-animo","tag-blog","tag-cosas","tag-dios","tag-diseno","tag-especial","tag-feliz","tag-historia","tag-idea","tag-lectura","tag-maraton","tag-mujer","tag-sentimiento","tag-tiempo","tag-trabajo","tag-vida"],"episode_featured_image":false,"episode_player_image":"https:\/\/i0.wp.com\/quechilero.com\/blog\/imagenes\/podcast.png?fit=1831%2C1831&ssl=1","download_link":"","player_link":"","audio_player":false,"episode_data":{"playerMode":"dark","subscribeUrls":{"amazon":{"key":"amazon","url":"","label":"Amazon","class":"amazon","icon":"amazon.png"},"apple_podcasts":{"key":"apple_podcasts","url":"","label":"Apple Podcasts","class":"apple_podcasts","icon":"apple-podcasts.png"},"castbox":{"key":"castbox","url":"","label":"CastBox","class":"castbox","icon":"castbox.png"},"deezer":{"key":"deezer","url":"","label":"Deezer","class":"deezer","icon":"deezer.png"},"google_podcasts":{"key":"google_podcasts","url":"","label":"Google Podcasts","class":"google_podcasts","icon":"google-podcasts.png"},"listen_notes":{"key":"listen_notes","url":"","label":"Listen Notes","class":"listen_notes","icon":"listen-notes.png"},"pandora":{"key":"pandora","url":"","label":"Pandora","class":"pandora","icon":"pandora.png"},"podbean":{"key":"podbean","url":"","label":"Podbean","class":"podbean","icon":"podbean.png"},"podcast_republic":{"key":"podcast_republic","url":"","label":"Podcast Republic","class":"podcast_republic","icon":"podcast-republic.png"},"rss":{"key":"rss","url":"","label":"RSS","class":"rss","icon":"rss.png"},"spotify":{"key":"spotify","url":"","label":"Spotify","class":"spotify","icon":"spotify.png"},"stitcher":{"key":"stitcher","url":"","label":"Stitcher","class":"stitcher","icon":"stitcher.png"},"tunein":{"key":"tunein","url":"","label":"TuneIn","class":"tunein","icon":"tunein.png"},"youtube":{"key":"youtube","url":"","label":"YouTube","class":"youtube","icon":"youtube.png"},"iheartradio":{"key":"iheartradio","url":"","label":"iHeartRadio","class":"iheartradio","icon":"iheartradio.png"},"ivoox":{"key":"ivoox","url":"","label":"iVoox","class":"ivoox","icon":"ivoox.png"}},"rssFeedUrl":"https:\/\/quechilero.com\/blog\/feed\/podcast\/si-la-vida-nos-da-limones","embedCode":"<blockquote class=\"wp-embedded-content\" data-secret=\"lQeiOVms7n\"><a href=\"https:\/\/quechilero.com\/blog\/2010\/08\/11\/maraton-de-blogs-mira-pue-2\/\">Marat\u00f3n de Blogs: Mir\u00e1 Pu\u00e9&#8230;<\/a><\/blockquote><iframe sandbox=\"allow-scripts\" security=\"restricted\" src=\"https:\/\/quechilero.com\/blog\/2010\/08\/11\/maraton-de-blogs-mira-pue-2\/embed\/#?secret=lQeiOVms7n\" width=\"500\" height=\"350\" title=\"\u00abMarat\u00f3n de Blogs: Mir\u00e1 Pu\u00e9&#8230;\u00bb \u2014 Si la Vida nos da Limones...\" data-secret=\"lQeiOVms7n\" frameborder=\"0\" marginwidth=\"0\" marginheight=\"0\" scrolling=\"no\" class=\"wp-embedded-content\"><\/iframe><script>\n\/*! This file is auto-generated *\/\n!function(d,l){\"use strict\";l.querySelector&&d.addEventListener&&\"undefined\"!=typeof URL&&(d.wp=d.wp||{},d.wp.receiveEmbedMessage||(d.wp.receiveEmbedMessage=function(e){var t=e.data;if((t||t.secret||t.message||t.value)&&!\/[^a-zA-Z0-9]\/.test(t.secret)){for(var s,r,n,a=l.querySelectorAll('iframe[data-secret=\"'+t.secret+'\"]'),o=l.querySelectorAll('blockquote[data-secret=\"'+t.secret+'\"]'),c=new RegExp(\"^https?:$\",\"i\"),i=0;i<o.length;i++)o[i].style.display=\"none\";for(i=0;i<a.length;i++)s=a[i],e.source===s.contentWindow&&(s.removeAttribute(\"style\"),\"height\"===t.message?(1e3<(r=parseInt(t.value,10))?r=1e3:~~r<200&&(r=200),s.height=r):\"link\"===t.message&&(r=new URL(s.getAttribute(\"src\")),n=new URL(t.value),c.test(n.protocol))&&n.host===r.host&&l.activeElement===s&&(d.top.location.href=t.value))}},d.addEventListener(\"message\",d.wp.receiveEmbedMessage,!1),l.addEventListener(\"DOMContentLoaded\",function(){for(var e,t,s=l.querySelectorAll(\"iframe.wp-embedded-content\"),r=0;r<s.length;r++)(t=(e=s[r]).getAttribute(\"data-secret\"))||(t=Math.random().toString(36).substring(2,12),e.src+=\"#?secret=\"+t,e.setAttribute(\"data-secret\",t)),e.contentWindow.postMessage({message:\"ready\",secret:t},\"*\")},!1)))}(window,document);\n\/\/# sourceURL=https:\/\/quechilero.com\/blog\/wp-includes\/js\/wp-embed.min.js\n<\/script>\n"},"jetpack_publicize_connections":[],"jetpack_shortlink":"https:\/\/wp.me\/pDKli-1mr","jetpack_sharing_enabled":true,"jetpack-related-posts":[{"id":3245,"url":"https:\/\/quechilero.com\/blog\/2009\/08\/11\/maraton-de-blogs-mira-pue\/","url_meta":{"origin":5235,"position":0},"title":"Marat\u00f3n de Blogs: Mir\u00e1 pue&#8230;","author":"Pepe Barrascout Ortiz","date":"11 agosto 2009","format":false,"excerpt":"Mir\u00e1 pue es un blog bastante interesante en el que uno se queda enganchado desde el principio, eso fue precisamente lo que me pas\u00f3 a mi, desde la primera vez que lo le\u00ed. Poco a poco fui conociendo las aventuras y peripecias, de Andre\u00edta su joven, alegre y din\u00e1mica autora.\u2026","rel":"","context":"En \u00abBlogs de Guatemala\u00bb","block_context":{"text":"Blogs de Guatemala","link":"https:\/\/quechilero.com\/blog\/category\/blogs-de-guatemala\/"},"img":{"alt_text":"Marat\u00f3n de Blogs 2009","src":"https:\/\/i0.wp.com\/i392.photobucket.com\/albums\/pp7\/pepejaguar\/maraton2009\/maraton2009.jpg?resize=350%2C200","width":350,"height":200,"srcset":"https:\/\/i0.wp.com\/i392.photobucket.com\/albums\/pp7\/pepejaguar\/maraton2009\/maraton2009.jpg?resize=350%2C200 1x, https:\/\/i0.wp.com\/i392.photobucket.com\/albums\/pp7\/pepejaguar\/maraton2009\/maraton2009.jpg?resize=525%2C300 1.5x"},"classes":[]},{"id":3651,"url":"https:\/\/quechilero.com\/blog\/2009\/09\/10\/premios-de-la-maraton-de-blogs-2009\/","url_meta":{"origin":5235,"position":1},"title":"Premios de la Marat\u00f3n de Blogs 2009","author":"Pepe Barrascout Ortiz","date":"10 septiembre 2009","format":false,"excerpt":"Como parte de las actividades que se realizaron en la Marat\u00f3n de Blogs 2009, en esta ocasi\u00f3n ofrec\u00ed dos nombres de dominio para los blogs que mas votos alcanzara, a trav\u00e9s de los comentarios que se publicaron junto al listado de participantes para el 2009. El otro dominio es para\u2026","rel":"","context":"En \u00abBlogs de Guatemala\u00bb","block_context":{"text":"Blogs de Guatemala","link":"https:\/\/quechilero.com\/blog\/category\/blogs-de-guatemala\/"},"img":{"alt_text":"Marat\u00f3n de Blogs 2009","src":"https:\/\/i0.wp.com\/i392.photobucket.com\/albums\/pp7\/pepejaguar\/maraton2009\/maraton2009.jpg?resize=350%2C200","width":350,"height":200,"srcset":"https:\/\/i0.wp.com\/i392.photobucket.com\/albums\/pp7\/pepejaguar\/maraton2009\/maraton2009.jpg?resize=350%2C200 1x, https:\/\/i0.wp.com\/i392.photobucket.com\/albums\/pp7\/pepejaguar\/maraton2009\/maraton2009.jpg?resize=525%2C300 1.5x"},"classes":[]},{"id":5635,"url":"https:\/\/quechilero.com\/blog\/2010\/09\/10\/premios-del-maraton-de-blogs-2010\/","url_meta":{"origin":5235,"position":2},"title":"Premios del Marat\u00f3n de Blogs 2010","author":"Pepe Barrascout Ortiz","date":"10 septiembre 2010","format":false,"excerpt":"Una parte complementaria del Marat\u00f3n de Blogs 2010, es la premiaci\u00f3n que se realiza a los blogs, que durante el per\u00edodo que dura el Marat\u00f3n, se muestran mas activos y\u00a0participativos. Es una forma de reconocer y motivar el trabajo de sus autores, para que con nuevo \u00e1nimo, sigan publicando tan\u2026","rel":"","context":"En \u00abBlogs de Guatemala\u00bb","block_context":{"text":"Blogs de Guatemala","link":"https:\/\/quechilero.com\/blog\/category\/blogs-de-guatemala\/"},"img":{"alt_text":"","src":"https:\/\/i0.wp.com\/i392.photobucket.com\/albums\/pp7\/pepejaguar\/maraton\/maraton468x602010.jpg?resize=350%2C200","width":350,"height":200},"classes":[]},{"id":5389,"url":"https:\/\/quechilero.com\/blog\/2010\/08\/28\/maraton-de-blogs-el-chiltepe-2\/","url_meta":{"origin":5235,"position":3},"title":"Marat\u00f3n de Blogs: El Chiltepe","author":"Pepe Barrascout Ortiz","date":"28 agosto 2010","format":false,"excerpt":"El Chiltepe, es uno de los blogs cl\u00e1sicos dentro del Marat\u00f3n de Blogs. Es dirigido por una gran artista guatemalteca, Alejandra Barahona, ahora El Chiltepe ha incluido a un grupo de colaboradores que con sus aportes, enriquecen las publicaciones. De tal suerte, podemos ver textos de Chinitas Yon, Hopeazul y\u2026","rel":"","context":"En \u00abBlogs de Guatemala\u00bb","block_context":{"text":"Blogs de Guatemala","link":"https:\/\/quechilero.com\/blog\/category\/blogs-de-guatemala\/"},"img":{"alt_text":"","src":"https:\/\/i0.wp.com\/i392.photobucket.com\/albums\/pp7\/pepejaguar\/maraton\/elchiltepe.png?resize=350%2C200","width":350,"height":200,"srcset":"https:\/\/i0.wp.com\/i392.photobucket.com\/albums\/pp7\/pepejaguar\/maraton\/elchiltepe.png?resize=350%2C200 1x, https:\/\/i0.wp.com\/i392.photobucket.com\/albums\/pp7\/pepejaguar\/maraton\/elchiltepe.png?resize=525%2C300 1.5x"},"classes":[]},{"id":5166,"url":"https:\/\/quechilero.com\/blog\/2010\/07\/31\/maraton-de-blogs-2010-listado\/","url_meta":{"origin":5235,"position":4},"title":"Marat\u00f3n de Blogs 2010","author":"Pepe Barrascout Ortiz","date":"31 julio 2010","format":false,"excerpt":"El 2010, es el quinto a\u00f1o consecutivo, en el que se realiza el Marat\u00f3n de Blogs, cuyo principal objetivo es la difusi\u00f3n de los blogs, como parte de las celebraciones del\u00a0\u201cBlog Day\u201c. Cada a\u00f1o, se han ido implementando y mejorando, nuevas mec\u00e1nicas y actividades, para lograr el objetivo de promover\u2026","rel":"","context":"En \u00abBlogs de Guatemala\u00bb","block_context":{"text":"Blogs de Guatemala","link":"https:\/\/quechilero.com\/blog\/category\/blogs-de-guatemala\/"},"img":{"alt_text":"","src":"https:\/\/i0.wp.com\/i392.photobucket.com\/albums\/pp7\/pepejaguar\/maraton\/maraton468x602010.jpg?resize=350%2C200","width":350,"height":200},"classes":[]},{"id":3163,"url":"https:\/\/quechilero.com\/blog\/2009\/07\/31\/maraton-de-blogs-2009\/","url_meta":{"origin":5235,"position":5},"title":"Marat\u00f3n de Blogs 2009","author":"Pepe Barrascout Ortiz","date":"31 julio 2009","format":false,"excerpt":"En el a\u00f1o 2006, inici\u00f3 la Marat\u00f3n de Blogs, este a\u00f1o en su cuarta edici\u00f3n sigue evolucionando la tradici\u00f3n. El objetivo principal es la difusi\u00f3n de los blogs, aunado a las actividades promovidas por el \u201cBlog Day\". Haciendo una peque\u00f1a recopilaci\u00f3n y remembranza de los tres a\u00f1os anteriores: 2006, iniciamos\u2026","rel":"","context":"En \u00abBlogs de Guatemala\u00bb","block_context":{"text":"Blogs de Guatemala","link":"https:\/\/quechilero.com\/blog\/category\/blogs-de-guatemala\/"},"img":{"alt_text":"Marat\u00f3n de Blogs 2009","src":"https:\/\/i0.wp.com\/i392.photobucket.com\/albums\/pp7\/pepejaguar\/maraton2009\/maraton2009.jpg?resize=350%2C200","width":350,"height":200,"srcset":"https:\/\/i0.wp.com\/i392.photobucket.com\/albums\/pp7\/pepejaguar\/maraton2009\/maraton2009.jpg?resize=350%2C200 1x, https:\/\/i0.wp.com\/i392.photobucket.com\/albums\/pp7\/pepejaguar\/maraton2009\/maraton2009.jpg?resize=525%2C300 1.5x"},"classes":[]}],"jetpack_featured_media_url":"","_links":{"self":[{"href":"https:\/\/quechilero.com\/blog\/wp-json\/wp\/v2\/posts\/5235","targetHints":{"allow":["GET"]}}],"collection":[{"href":"https:\/\/quechilero.com\/blog\/wp-json\/wp\/v2\/posts"}],"about":[{"href":"https:\/\/quechilero.com\/blog\/wp-json\/wp\/v2\/types\/post"}],"author":[{"embeddable":true,"href":"https:\/\/quechilero.com\/blog\/wp-json\/wp\/v2\/users\/1"}],"replies":[{"embeddable":true,"href":"https:\/\/quechilero.com\/blog\/wp-json\/wp\/v2\/comments?post=5235"}],"version-history":[{"count":0,"href":"https:\/\/quechilero.com\/blog\/wp-json\/wp\/v2\/posts\/5235\/revisions"}],"wp:attachment":[{"href":"https:\/\/quechilero.com\/blog\/wp-json\/wp\/v2\/media?parent=5235"}],"wp:term":[{"taxonomy":"category","embeddable":true,"href":"https:\/\/quechilero.com\/blog\/wp-json\/wp\/v2\/categories?post=5235"},{"taxonomy":"post_tag","embeddable":true,"href":"https:\/\/quechilero.com\/blog\/wp-json\/wp\/v2\/tags?post=5235"},{"taxonomy":"series","embeddable":true,"href":"https:\/\/quechilero.com\/blog\/wp-json\/wp\/v2\/series?post=5235"}],"curies":[{"name":"wp","href":"https:\/\/api.w.org\/{rel}","templated":true}]}}