{"id":5207,"date":"2010-08-03T08:00:49","date_gmt":"2010-08-03T14:00:49","guid":{"rendered":"http:\/\/quechilero.com\/blog\/?p=5207"},"modified":"2010-08-03T08:00:49","modified_gmt":"2010-08-03T14:00:49","slug":"maraton-de-blogs-obux","status":"publish","type":"post","link":"https:\/\/quechilero.com\/blog\/2010\/08\/03\/maraton-de-blogs-obux\/","title":{"rendered":"Marat\u00f3n de Blogs: Obux"},"content":{"rendered":"<p><img data-recalc-dims=\"1\" loading=\"lazy\" decoding=\"async\" class=\"alignnone\" src=\"https:\/\/i0.wp.com\/i392.photobucket.com\/albums\/pp7\/pepejaguar\/maraton\/obux.png?resize=560%2C280\" alt=\"\" width=\"560\" height=\"280\" \/><\/p>\n<p><a title=\"Marat\u00f3n de Blogs 2010: Obux\" href=\"http:\/\/obux.wordpress.com\/\">Obux<\/a>, es el blog, por el que conoc\u00ed a <em>\u00abJos\u00e9 Kont\u00bb,<\/em> alojado en la plataforma <em>wordpress<\/em> y con una <em>plantilla b\u00e1sica<\/em>, para mi es uno de los <em>mejores blogs sobre Linux,<\/em> y \u00bfporqu\u00e9 uno de los mejores?, porque simplemente resuelve problemas, a los que se puede topar un usuario regular de Linux y los resuelve de forma r\u00e1pida, f\u00e1cil y para nada pretenciosa, como sucede en muchos otros blogs y foros relacionados al tema.<\/p>\n<p>Es de los pocos blogs, que tengo dentro de mis marcadores en mi navegador, porque es informaci\u00f3n sumamente valiosa que conviene tener siempre a la mano.<\/p>\n<p>Hay al menos tres situaciones muy importantes, en las que <a title=\"Marat\u00f3n de Blogs 2010\" href=\"http:\/\/obux.wordpress.com\/\">Obux<\/a>, me ayud\u00f3 a salir del embrollo de forma sumamente f\u00e1cil.<\/p>\n<p><!--more--><\/p>\n<p>Por ejemplo, en las versiones anteriores de <em>Ubuntu<\/em>, antes de que implementaran el <em>ppa<\/em> para la instalaci\u00f3n de los repositorios, hab\u00eda un problema de <a title=\"Error con las llaves p\u00fablicas de Launchpad | Error GPG\" href=\"http:\/\/obux.wordpress.com\/2009\/01\/31\/solucion-a-los-problemas-de-llaves-publicas-de-launchpad-error-de-gpg\/\" target=\"_blank\">error con las llaves p\u00fablicas de Launchpad, el famoso \u00aberror GPG\u00bb<\/a>, pero en <a title=\"Marat\u00f3n de Blogs 2010: Obux\" href=\"http:\/\/obux.wordpress.com\/\">Obux<\/a>, lo logr\u00e9 solucionar muy f\u00e1cilmente. Es mas, a pesar de tan f\u00e1cil soluci\u00f3n, siempre tuve un repositorio que no quiso trabajar, pero prontamente <em>Jos\u00e9<\/em>, lo resolvi\u00f3, indic\u00e1ndome una alternativa que solucion\u00f3 en definitiva el problema.<\/p>\n<p>Otro problema resuelto en <a title=\"Marat\u00f3n de Blogs 2010: Obux\" href=\"http:\/\/obux.wordpress.com\/\">Obux<\/a>, que definitivamente me ahorr\u00f3 mucho tiempo e inconvenientes, fue la recuperaci\u00f3n del Grub, despu\u00e9s de instalar Windows. En esa \u00e9poca, todav\u00eda ten\u00eda en mis computadoras, una partici\u00f3n del disco duro dedicada a Linux y otra a Windows, como de todos es conocido, sin importar cual sea, las versiones de Windows son sumamente inestables y con muchos errores, por lo que es tarea com\u00fan de un usuario de este sistema operativo, el tener que <em>reinstalar Windows<\/em>, cada cierto tiempo, pues cuando lo hac\u00eda, se <em>perd\u00eda el Grub<\/em> y en el mejor de los casos, eso implicaba tener que reinstalar Ubuntu tambi\u00e9n, algo que no quer\u00eda hacer.<\/p>\n<p>Pero una vez mas, <a title=\"Marat\u00f3n de Blogs 2010: Obux\" href=\"http:\/\/obux.wordpress.com\/\">Obux<\/a>, me ayud\u00f3 a <a title=\"Recuperar Grub, despu\u00e9s de instalar Windwos\" href=\"http:\/\/obux.wordpress.com\/2007\/09\/26\/restaurar-grub-tras-instalacion-de-windows\/\" target=\"_blank\">recuperar el Grub, despu\u00e9s de instalar Windows<\/a>. Por supuesto, ya tengo much\u00edsimo tiempo de no usar Windows, as\u00ed que ya no ha sido necesario, pero siempre hay mas de alguien que necesita esa informaci\u00f3n y cuando me la pide, los remito a <a title=\"Marat\u00f3n de Blogs 2010: Obux\" href=\"http:\/\/obux.wordpress.com\/\">Obux<\/a>.<\/p>\n<p>Y que decir, de la forma de instalar una impresora Canon iP1700 en Ubuntu, de las cosas mas laboriosas que he visto y que con la ayuda de Obux, se vuelve muy f\u00e1cil.<\/p>\n<p>No pueden faltar, los <a title=\"Wallpaper Ubuntu\" href=\"http:\/\/go2.wordpress.com\/?id=725X1342&amp;site=obux.wordpress.com&amp;url=http%3A%2F%2Fes.wordpress.com%2Ftag%2Fwallpaper-ubuntu%2F&amp;sref=http%3A%2F%2Fobux.wordpress.com%2Fpage%2F2%2F\" target=\"_blank\">sets de wallpapers<\/a>, que han sido publicados a lo largo de mas de tres a\u00f1os, que tiene de existencia, los cuales me han servido, no solo para colocar de fondo en los escritorios, sino que como <em>dise\u00f1os inspiracionales<\/em>.<\/p>\n<p>Lamentablemente, por el momento, <a title=\"Marat\u00f3n de Blogs 2010: Obux\" href=\"http:\/\/obux.wordpress.com\/\">Obux<\/a> ha estado un poco desactualizado y ha perdido el ritmo que ten\u00eda hasta hace unos meses, pero eso se debe principalmente a que su autor, se encuentra desarrollando a todo vapor, otro proyecto que ya lleva poco mas de un a\u00f1o, llamado <em><a title=\"Marat\u00f3n de Blogs 2010\" href=\"http:\/\/quechilero.com\/blog\/2010\/08\/20\/maraton-de-blogs-jose-kontreras\/\">Jos\u00e9 Kontreras, el Webmarketer<\/a>.<\/em><\/p>\n<p>Sin embargo, <a title=\"Marat\u00f3n de Blogs 2010: Obux\" href=\"http:\/\/obux.wordpress.com\/\">Obux<\/a>, sigue siendo una fuente importante de conocimientos y estoy seguro que, a mas de alguno, le ha salvado el d\u00eda. Los invito a leer <a title=\"Marat\u00f3n de Blogs 2010: Obux\" href=\"http:\/\/obux.wordpress.com\/\">Obux<\/a>.<\/p>\n<p>Ap\u00f3ya en:\u00a0<a class=\"plano\" title=\"Comp\u00e1rtelo en Twitter\" href=\"http:\/\/twitter.com\/home?status=Marat\u00f3n de Blogs 2010: Apoyando a Obux - http:\/\/bit.ly\/d2AGjw\"><img data-recalc-dims=\"1\" loading=\"lazy\" decoding=\"async\" class=\"alignnone\" src=\"https:\/\/i0.wp.com\/quechilero.com\/blog\/wp-content\/themes\/crybook\/images\/twitter.png?resize=16%2C16\" alt=\"Twitter\" width=\"16\" height=\"16\" \/> Twitter<\/a> <a class=\"plano\" href=\"http:\/\/www.facebook.com\/sharer.php?u=http:\/\/quechilero.com\/blog\/2010\/08\/03\/maraton-de-blogs-obux\/&amp;t=Marat\u00f3n de Blogs: Apoyando a Obux\"><img data-recalc-dims=\"1\" loading=\"lazy\" decoding=\"async\" class=\"alignnone\" src=\"https:\/\/i0.wp.com\/quechilero.com\/blog\/wp-content\/themes\/crybook\/images\/facebook.png?resize=16%2C16\" alt=\"Facebook\" width=\"16\" height=\"16\" \/> Facebook<\/a> <a class=\"plano\" rel=\"bookmark\" href=\"http:\/\/www.google.com\/buzz\/post?url=http:\/\/quechilero.com\/blog\/2010\/08\/03\/maraton-de-blogs-obux\/&amp;imageurl=http:\/\/i392.photobucket.com\/albums\/pp7\/pepejaguar\/maraton\/maraton468x602010.jpg&amp;type=normal-count\"><img data-recalc-dims=\"1\" loading=\"lazy\" decoding=\"async\" class=\"alignnone\" src=\"https:\/\/i0.wp.com\/quechilero.com\/blog\/wp-content\/themes\/crybook\/images\/buzz.png?resize=16%2C16\" alt=\"Google Buzz\" width=\"16\" height=\"16\" \/> Google Buzz!<\/a><\/p>\n<p><a title=\"Marat\u00f3n de Blogs 2010\" href=\"http:\/\/quechilero.com\/blog\/2010\/07\/31\/maraton-de-blogs-2010-listado\/\">Lee aqu\u00ed, mas rese\u00f1as del Marat\u00f3n de Blogs 2010<\/a>.<\/p>\n<p><a title=\"Marat\u00f3n de Blogs 2010\" href=\"http:\/\/quechilero.com\/blog\/2010\/07\/31\/maraton-de-blogs-2010-listado\/\"><img data-recalc-dims=\"1\" loading=\"lazy\" decoding=\"async\" class=\"alignnone\" src=\"https:\/\/i0.wp.com\/i392.photobucket.com\/albums\/pp7\/pepejaguar\/maraton\/maraton468x602010.jpg?resize=468%2C60\" alt=\"\" width=\"468\" height=\"60\" \/><\/a><\/p>\n","protected":false},"excerpt":{"rendered":"<p>Obux, es el blog, por el que conoc\u00ed a \u00abJos\u00e9 Kont\u00bb, alojado en la plataforma wordpress y con una plantilla b\u00e1sica, para mi es uno de los mejores blogs sobre Linux, y \u00bfporqu\u00e9 uno de los mejores?, porque simplemente resuelve problemas, a los que se puede topar un usuario regular de Linux y los resuelve &#8230; <a title=\"Marat\u00f3n de Blogs: Obux\" class=\"read-more\" href=\"https:\/\/quechilero.com\/blog\/2010\/08\/03\/maraton-de-blogs-obux\/\" aria-label=\"Leer m\u00e1s sobre Marat\u00f3n de Blogs: Obux\">Leer m\u00e1s<\/a><\/p>\n","protected":false},"author":1,"featured_media":0,"comment_status":"open","ping_status":"open","sticky":false,"template":"","format":"standard","meta":{"advanced_seo_description":"","jetpack_seo_html_title":"","jetpack_seo_noindex":false,"jetpack_seo_schema_type":"","episode_type":"","audio_file":"","podmotor_file_id":"","podmotor_episode_id":"","cover_image":"","cover_image_id":"","duration":"","filesize":"","filesize_raw":"","date_recorded":"","explicit":"","block":"","_jetpack_newsletter_access":"","_jetpack_dont_email_post_to_subs":false,"_jetpack_newsletter_tier_id":0,"_jetpack_memberships_contains_paywalled_content":false,"_jetpack_feature_clip_id":0,"_jetpack_memberships_contains_paid_content":false,"footnotes":"","jetpack_publicize_message":"","jetpack_publicize_feature_enabled":true,"jetpack_social_post_already_shared":false,"jetpack_social_options":{"image_generator_settings":{"template":"highway","default_image_id":0,"font":"","enabled":false},"version":2},"jetpack_post_was_ever_published":false},"categories":[61],"tags":[37,4,12,7,30,31,77,62,21,43,34,5,13,6],"series":[],"class_list":["post-5207","post","type-post","status-publish","format-standard","hentry","category-blogs-de-guatemala","tag-ayuda","tag-blog","tag-cosas","tag-diseno","tag-error","tag-errores","tag-linux","tag-maraton","tag-problema","tag-proyecto","tag-solucion","tag-tiempo","tag-windows","tag-wordpress"],"episode_featured_image":false,"episode_player_image":"https:\/\/i0.wp.com\/quechilero.com\/blog\/imagenes\/podcast.png?fit=1831%2C1831&ssl=1","download_link":"","player_link":"","audio_player":false,"episode_data":{"playerMode":"dark","subscribeUrls":{"amazon":{"key":"amazon","url":"","label":"Amazon","class":"amazon","icon":"amazon.png"},"apple_podcasts":{"key":"apple_podcasts","url":"","label":"Apple Podcasts","class":"apple_podcasts","icon":"apple-podcasts.png"},"castbox":{"key":"castbox","url":"","label":"CastBox","class":"castbox","icon":"castbox.png"},"deezer":{"key":"deezer","url":"","label":"Deezer","class":"deezer","icon":"deezer.png"},"google_podcasts":{"key":"google_podcasts","url":"","label":"Google Podcasts","class":"google_podcasts","icon":"google-podcasts.png"},"listen_notes":{"key":"listen_notes","url":"","label":"Listen Notes","class":"listen_notes","icon":"listen-notes.png"},"pandora":{"key":"pandora","url":"","label":"Pandora","class":"pandora","icon":"pandora.png"},"podbean":{"key":"podbean","url":"","label":"Podbean","class":"podbean","icon":"podbean.png"},"podcast_republic":{"key":"podcast_republic","url":"","label":"Podcast Republic","class":"podcast_republic","icon":"podcast-republic.png"},"rss":{"key":"rss","url":"","label":"RSS","class":"rss","icon":"rss.png"},"spotify":{"key":"spotify","url":"","label":"Spotify","class":"spotify","icon":"spotify.png"},"stitcher":{"key":"stitcher","url":"","label":"Stitcher","class":"stitcher","icon":"stitcher.png"},"tunein":{"key":"tunein","url":"","label":"TuneIn","class":"tunein","icon":"tunein.png"},"youtube":{"key":"youtube","url":"","label":"YouTube","class":"youtube","icon":"youtube.png"},"iheartradio":{"key":"iheartradio","url":"","label":"iHeartRadio","class":"iheartradio","icon":"iheartradio.png"},"ivoox":{"key":"ivoox","url":"","label":"iVoox","class":"ivoox","icon":"ivoox.png"}},"rssFeedUrl":"https:\/\/quechilero.com\/blog\/feed\/podcast\/si-la-vida-nos-da-limones","embedCode":"<blockquote class=\"wp-embedded-content\" data-secret=\"btclk9hAgP\"><a href=\"https:\/\/quechilero.com\/blog\/2010\/08\/03\/maraton-de-blogs-obux\/\">Marat\u00f3n de Blogs: Obux<\/a><\/blockquote><iframe sandbox=\"allow-scripts\" security=\"restricted\" src=\"https:\/\/quechilero.com\/blog\/2010\/08\/03\/maraton-de-blogs-obux\/embed\/#?secret=btclk9hAgP\" width=\"500\" height=\"350\" title=\"\u00abMarat\u00f3n de Blogs: Obux\u00bb \u2014 Si la Vida nos da Limones...\" data-secret=\"btclk9hAgP\" frameborder=\"0\" marginwidth=\"0\" marginheight=\"0\" scrolling=\"no\" class=\"wp-embedded-content\"><\/iframe><script>\n\/*! This file is auto-generated *\/\n!function(d,l){\"use strict\";l.querySelector&&d.addEventListener&&\"undefined\"!=typeof URL&&(d.wp=d.wp||{},d.wp.receiveEmbedMessage||(d.wp.receiveEmbedMessage=function(e){var t=e.data;if((t||t.secret||t.message||t.value)&&!\/[^a-zA-Z0-9]\/.test(t.secret)){for(var s,r,n,a=l.querySelectorAll('iframe[data-secret=\"'+t.secret+'\"]'),o=l.querySelectorAll('blockquote[data-secret=\"'+t.secret+'\"]'),c=new RegExp(\"^https?:$\",\"i\"),i=0;i<o.length;i++)o[i].style.display=\"none\";for(i=0;i<a.length;i++)s=a[i],e.source===s.contentWindow&&(s.removeAttribute(\"style\"),\"height\"===t.message?(1e3<(r=parseInt(t.value,10))?r=1e3:~~r<200&&(r=200),s.height=r):\"link\"===t.message&&(r=new URL(s.getAttribute(\"src\")),n=new URL(t.value),c.test(n.protocol))&&n.host===r.host&&l.activeElement===s&&(d.top.location.href=t.value))}},d.addEventListener(\"message\",d.wp.receiveEmbedMessage,!1),l.addEventListener(\"DOMContentLoaded\",function(){for(var e,t,s=l.querySelectorAll(\"iframe.wp-embedded-content\"),r=0;r<s.length;r++)(t=(e=s[r]).getAttribute(\"data-secret\"))||(t=Math.random().toString(36).substring(2,12),e.src+=\"#?secret=\"+t,e.setAttribute(\"data-secret\",t)),e.contentWindow.postMessage({message:\"ready\",secret:t},\"*\")},!1)))}(window,document);\n\/\/# sourceURL=https:\/\/quechilero.com\/blog\/wp-includes\/js\/wp-embed.min.js\n<\/script>\n"},"jetpack_publicize_connections":[],"jetpack_shortlink":"https:\/\/wp.me\/pDKli-1lZ","jetpack_sharing_enabled":true,"jetpack-related-posts":[{"id":3271,"url":"https:\/\/quechilero.com\/blog\/2009\/08\/26\/maraton-de-blogs-obux-hecho-por-jose-kont\/","url_meta":{"origin":5207,"position":0},"title":"Marat\u00f3n de Blogs: ObuX hecho por Jose Kont","author":"Pepe Barrascout Ortiz","date":"26 agosto 2009","format":false,"excerpt":"Jos\u00e9 Kont, escribe desde hace varios a\u00f1os, el blog que ha titulado Obux, dedicado casi exclusivamente a Ubuntu y a las tecnolog\u00edas que usan el software libre, en Obux encontramos desde tutoriales, gu\u00edas, wallpapers y comentarios de utilidad sobre el uso de este sistema operativo (Ubuntu) y sus derivados. Desde\u2026","rel":"","context":"En \u00abBlogs de Guatemala\u00bb","block_context":{"text":"Blogs de Guatemala","link":"https:\/\/quechilero.com\/blog\/category\/blogs-de-guatemala\/"},"img":{"alt_text":"Marat\u00f3n de Blogs 2009","src":"https:\/\/i0.wp.com\/i392.photobucket.com\/albums\/pp7\/pepejaguar\/maraton2009\/maraton2009.jpg?resize=350%2C200","width":350,"height":200,"srcset":"https:\/\/i0.wp.com\/i392.photobucket.com\/albums\/pp7\/pepejaguar\/maraton2009\/maraton2009.jpg?resize=350%2C200 1x, https:\/\/i0.wp.com\/i392.photobucket.com\/albums\/pp7\/pepejaguar\/maraton2009\/maraton2009.jpg?resize=525%2C300 1.5x"},"classes":[]},{"id":1224,"url":"https:\/\/quechilero.com\/blog\/2008\/08\/08\/obux-hecho-por-jose-kont\/","url_meta":{"origin":5207,"position":1},"title":"Marat\u00f3n &#8211; ObuX hecho por Jose Kont","author":"Pepe Barrascout Ortiz","date":"8 agosto 2008","format":false,"excerpt":"\"Otro blog mas de Ubuntu\" es lo que significa el nombre Obux, pero con muchas cosas mas, hace la salvedad Jos\u00e9 Kont, autor del blog. De un valor incalculable se puede definir a Obux, en cuanto a Linux y software libre se refiere y es que esta es su especialidad.\u2026","rel":"","context":"En \u00abBlogs de Guatemala\u00bb","block_context":{"text":"Blogs de Guatemala","link":"https:\/\/quechilero.com\/blog\/category\/blogs-de-guatemala\/"},"img":{"alt_text":"Obux","src":"https:\/\/i0.wp.com\/img228.imageshack.us\/img228\/8681\/maratonif5.jpg?resize=350%2C200","width":350,"height":200},"classes":[]},{"id":1194,"url":"https:\/\/quechilero.com\/blog\/2008\/07\/31\/maraton-de-blogs-2008\/","url_meta":{"origin":5207,"position":2},"title":"Marat\u00f3n de Blogs 2008","author":"Pepe Barrascout Ortiz","date":"31 julio 2008","format":false,"excerpt":"Con el mes de agosto, llega el \"Marat\u00f3n de Blogs\", el cual desde el 2006 he venido realizando y se ha convertido en una tradici\u00f3n ya. En la primera edici\u00f3n, se escribi\u00f3 un peque\u00f1o texto recomendando al menos cinco blogs, con el fin de dar a conocer nuevos blogs, coincidiendo\u2026","rel":"","context":"En \u00abBlogs de Guatemala\u00bb","block_context":{"text":"Blogs de Guatemala","link":"https:\/\/quechilero.com\/blog\/category\/blogs-de-guatemala\/"},"img":{"alt_text":"","src":"","width":0,"height":0},"classes":[]},{"id":3163,"url":"https:\/\/quechilero.com\/blog\/2009\/07\/31\/maraton-de-blogs-2009\/","url_meta":{"origin":5207,"position":3},"title":"Marat\u00f3n de Blogs 2009","author":"Pepe Barrascout Ortiz","date":"31 julio 2009","format":false,"excerpt":"En el a\u00f1o 2006, inici\u00f3 la Marat\u00f3n de Blogs, este a\u00f1o en su cuarta edici\u00f3n sigue evolucionando la tradici\u00f3n. El objetivo principal es la difusi\u00f3n de los blogs, aunado a las actividades promovidas por el \u201cBlog Day\". Haciendo una peque\u00f1a recopilaci\u00f3n y remembranza de los tres a\u00f1os anteriores: 2006, iniciamos\u2026","rel":"","context":"En \u00abBlogs de Guatemala\u00bb","block_context":{"text":"Blogs de Guatemala","link":"https:\/\/quechilero.com\/blog\/category\/blogs-de-guatemala\/"},"img":{"alt_text":"Marat\u00f3n de Blogs 2009","src":"https:\/\/i0.wp.com\/i392.photobucket.com\/albums\/pp7\/pepejaguar\/maraton2009\/maraton2009.jpg?resize=350%2C200","width":350,"height":200,"srcset":"https:\/\/i0.wp.com\/i392.photobucket.com\/albums\/pp7\/pepejaguar\/maraton2009\/maraton2009.jpg?resize=350%2C200 1x, https:\/\/i0.wp.com\/i392.photobucket.com\/albums\/pp7\/pepejaguar\/maraton2009\/maraton2009.jpg?resize=525%2C300 1.5x"},"classes":[]},{"id":3255,"url":"https:\/\/quechilero.com\/blog\/2009\/08\/17\/maraton-de-blogs-chamangt\/","url_meta":{"origin":5207,"position":4},"title":"Marat\u00f3n de Blogs: ChamanGT","author":"Pepe Barrascout Ortiz","date":"17 agosto 2009","format":false,"excerpt":"ChamanGT es un blog de tipo personal, que es publicado por Byron Chaman, originario de San Juan Chamelco y que ahora estudia sistemas en la universidad estatal. Confiesa que desde que descubrio el software libre, literalmente se abrio un mundo nuevo y en el que esta muy contento de pertenecer.\u2026","rel":"","context":"En \u00abBlogs de Guatemala\u00bb","block_context":{"text":"Blogs de Guatemala","link":"https:\/\/quechilero.com\/blog\/category\/blogs-de-guatemala\/"},"img":{"alt_text":"Marat\u00f3n de Blogs 2009","src":"https:\/\/i0.wp.com\/i392.photobucket.com\/albums\/pp7\/pepejaguar\/maraton2009\/maraton2009.jpg?resize=350%2C200","width":350,"height":200,"srcset":"https:\/\/i0.wp.com\/i392.photobucket.com\/albums\/pp7\/pepejaguar\/maraton2009\/maraton2009.jpg?resize=350%2C200 1x, https:\/\/i0.wp.com\/i392.photobucket.com\/albums\/pp7\/pepejaguar\/maraton2009\/maraton2009.jpg?resize=525%2C300 1.5x"},"classes":[]},{"id":5166,"url":"https:\/\/quechilero.com\/blog\/2010\/07\/31\/maraton-de-blogs-2010-listado\/","url_meta":{"origin":5207,"position":5},"title":"Marat\u00f3n de Blogs 2010","author":"Pepe Barrascout Ortiz","date":"31 julio 2010","format":false,"excerpt":"El 2010, es el quinto a\u00f1o consecutivo, en el que se realiza el Marat\u00f3n de Blogs, cuyo principal objetivo es la difusi\u00f3n de los blogs, como parte de las celebraciones del\u00a0\u201cBlog Day\u201c. Cada a\u00f1o, se han ido implementando y mejorando, nuevas mec\u00e1nicas y actividades, para lograr el objetivo de promover\u2026","rel":"","context":"En \u00abBlogs de Guatemala\u00bb","block_context":{"text":"Blogs de Guatemala","link":"https:\/\/quechilero.com\/blog\/category\/blogs-de-guatemala\/"},"img":{"alt_text":"","src":"https:\/\/i0.wp.com\/i392.photobucket.com\/albums\/pp7\/pepejaguar\/maraton\/maraton468x602010.jpg?resize=350%2C200","width":350,"height":200},"classes":[]}],"jetpack_featured_media_url":"","_links":{"self":[{"href":"https:\/\/quechilero.com\/blog\/wp-json\/wp\/v2\/posts\/5207","targetHints":{"allow":["GET"]}}],"collection":[{"href":"https:\/\/quechilero.com\/blog\/wp-json\/wp\/v2\/posts"}],"about":[{"href":"https:\/\/quechilero.com\/blog\/wp-json\/wp\/v2\/types\/post"}],"author":[{"embeddable":true,"href":"https:\/\/quechilero.com\/blog\/wp-json\/wp\/v2\/users\/1"}],"replies":[{"embeddable":true,"href":"https:\/\/quechilero.com\/blog\/wp-json\/wp\/v2\/comments?post=5207"}],"version-history":[{"count":0,"href":"https:\/\/quechilero.com\/blog\/wp-json\/wp\/v2\/posts\/5207\/revisions"}],"wp:attachment":[{"href":"https:\/\/quechilero.com\/blog\/wp-json\/wp\/v2\/media?parent=5207"}],"wp:term":[{"taxonomy":"category","embeddable":true,"href":"https:\/\/quechilero.com\/blog\/wp-json\/wp\/v2\/categories?post=5207"},{"taxonomy":"post_tag","embeddable":true,"href":"https:\/\/quechilero.com\/blog\/wp-json\/wp\/v2\/tags?post=5207"},{"taxonomy":"series","embeddable":true,"href":"https:\/\/quechilero.com\/blog\/wp-json\/wp\/v2\/series?post=5207"}],"curies":[{"name":"wp","href":"https:\/\/api.w.org\/{rel}","templated":true}]}}