{"id":5164,"date":"2010-08-02T08:05:07","date_gmt":"2010-08-02T14:05:07","guid":{"rendered":"http:\/\/quechilero.com\/blog\/?p=5164"},"modified":"2010-08-02T08:05:07","modified_gmt":"2010-08-02T14:05:07","slug":"la-papa","status":"publish","type":"post","link":"https:\/\/quechilero.com\/blog\/2010\/08\/02\/la-papa\/","title":{"rendered":"La papa"},"content":{"rendered":"<p>Ten\u00eda toda la apariencia de una piedra com\u00fan. Estaba redondeada, y era de color gris. Parec\u00eda una papa, y por cierto, papa la llamaban. La piedra estaba de venta en una exposici\u00f3n de minerales poco comunes en Plano, Texas.<\/p>\n<p>Un hombre la compr\u00f3 por diez d\u00f3lares, se la llev\u00f3 a su casa y la cort\u00f3 con una sierra. Dentro de la piedra, tosca y vulgar, hab\u00eda un zafiro de 1.154 quilates. Cortado y pulido por John Robinson, pulidor profesional de piedras preciosas, el zafiro adquiri\u00f3 un valor que nadie pudo haber imaginado: \u00a1tres millones de d\u00f3lares! \u00ab\u00a1Es un zafiro absolutamente fant\u00e1stico -exclam\u00f3 Robinson-, el mejor que he visto en mi vida!\u00bb<\/p>\n<p>Nuestros ojos tienen la capacidad de fotografiar objetos, personas, escenas, etc.; en todo ello se observan colores, formas y tama\u00f1os; seg\u00fan esos elementos nos formamos una opini\u00f3n y un juicio. Por tendencia natural nuestro juicio se basa en lo que podemos ver, tocar o sentir, es por esa raz\u00f3n que muchas veces juzgamos a las personas por su aspecto f\u00edsico, por su olor, por su ropa y en otros casos por su estatus social, por el veh\u00edculo que conduce o por la zona donde vive.<\/p>\n<p>Nuestros ojos naturales no tienen la capacidad de ver m\u00e1s all\u00e1 de la piel, no pueden ver el coraz\u00f3n. Dios es el especialista en ver corazones y saber lo que mueve a las personas. S\u00f3lo t\u00fa y Dios conocen tus intenciones y motivaciones y \u00c9l ve en ti ese zafiro que nadie mas ve o ve una piedra que necesita ser pulida; hasta que \u00c9l trabaja en ti, es cuando las personas pueden ver a una piedra com\u00fan transformada en una piedra preciosa.<\/p>\n","protected":false},"excerpt":{"rendered":"<p>Ten\u00eda toda la apariencia de una piedra com\u00fan. Estaba redondeada, y era de color gris. Parec\u00eda una papa, y por cierto, papa la llamaban. La piedra estaba de venta en una exposici\u00f3n de minerales poco comunes en Plano, Texas. Un hombre la compr\u00f3 por diez d\u00f3lares, se la llev\u00f3 a su casa y la cort\u00f3 &#8230; <a title=\"La papa\" class=\"read-more\" href=\"https:\/\/quechilero.com\/blog\/2010\/08\/02\/la-papa\/\" aria-label=\"Leer m\u00e1s sobre La papa\">Leer m\u00e1s<\/a><\/p>\n","protected":false},"author":1,"featured_media":0,"comment_status":"open","ping_status":"open","sticky":false,"template":"","format":"standard","meta":{"advanced_seo_description":"","jetpack_seo_html_title":"","jetpack_seo_noindex":false,"jetpack_seo_schema_type":"","episode_type":"","audio_file":"","podmotor_file_id":"","podmotor_episode_id":"","cover_image":"","cover_image_id":"","duration":"","filesize":"","filesize_raw":"","date_recorded":"","explicit":"","block":"","_jetpack_newsletter_access":"","_jetpack_dont_email_post_to_subs":false,"_jetpack_newsletter_tier_id":0,"_jetpack_memberships_contains_paywalled_content":false,"_jetpack_feature_clip_id":0,"_jetpack_memberships_contains_paid_content":false,"footnotes":"","jetpack_publicize_message":"","jetpack_publicize_feature_enabled":true,"jetpack_social_post_already_shared":false,"jetpack_social_options":{"image_generator_settings":{"template":"highway","default_image_id":0,"font":"","enabled":false},"version":2},"jetpack_post_was_ever_published":false},"categories":[2],"tags":[51,32,18,24],"series":[],"class_list":["post-5164","post","type-post","status-publish","format-standard","hentry","category-limones","tag-dios","tag-especial","tag-hombre","tag-vida"],"episode_featured_image":false,"episode_player_image":"https:\/\/i0.wp.com\/quechilero.com\/blog\/imagenes\/podcast.png?fit=1831%2C1831&ssl=1","download_link":"","player_link":"","audio_player":false,"episode_data":{"playerMode":"dark","subscribeUrls":{"amazon":{"key":"amazon","url":"","label":"Amazon","class":"amazon","icon":"amazon.png"},"apple_podcasts":{"key":"apple_podcasts","url":"","label":"Apple Podcasts","class":"apple_podcasts","icon":"apple-podcasts.png"},"castbox":{"key":"castbox","url":"","label":"CastBox","class":"castbox","icon":"castbox.png"},"deezer":{"key":"deezer","url":"","label":"Deezer","class":"deezer","icon":"deezer.png"},"google_podcasts":{"key":"google_podcasts","url":"","label":"Google Podcasts","class":"google_podcasts","icon":"google-podcasts.png"},"listen_notes":{"key":"listen_notes","url":"","label":"Listen Notes","class":"listen_notes","icon":"listen-notes.png"},"pandora":{"key":"pandora","url":"","label":"Pandora","class":"pandora","icon":"pandora.png"},"podbean":{"key":"podbean","url":"","label":"Podbean","class":"podbean","icon":"podbean.png"},"podcast_republic":{"key":"podcast_republic","url":"","label":"Podcast Republic","class":"podcast_republic","icon":"podcast-republic.png"},"rss":{"key":"rss","url":"","label":"RSS","class":"rss","icon":"rss.png"},"spotify":{"key":"spotify","url":"","label":"Spotify","class":"spotify","icon":"spotify.png"},"stitcher":{"key":"stitcher","url":"","label":"Stitcher","class":"stitcher","icon":"stitcher.png"},"tunein":{"key":"tunein","url":"","label":"TuneIn","class":"tunein","icon":"tunein.png"},"youtube":{"key":"youtube","url":"","label":"YouTube","class":"youtube","icon":"youtube.png"},"iheartradio":{"key":"iheartradio","url":"","label":"iHeartRadio","class":"iheartradio","icon":"iheartradio.png"},"ivoox":{"key":"ivoox","url":"","label":"iVoox","class":"ivoox","icon":"ivoox.png"}},"rssFeedUrl":"https:\/\/quechilero.com\/blog\/feed\/podcast\/si-la-vida-nos-da-limones","embedCode":"<blockquote class=\"wp-embedded-content\" data-secret=\"5YVtCOM3BA\"><a href=\"https:\/\/quechilero.com\/blog\/2010\/08\/02\/la-papa\/\">La papa<\/a><\/blockquote><iframe sandbox=\"allow-scripts\" security=\"restricted\" src=\"https:\/\/quechilero.com\/blog\/2010\/08\/02\/la-papa\/embed\/#?secret=5YVtCOM3BA\" width=\"500\" height=\"350\" title=\"\u00abLa papa\u00bb \u2014 Si la Vida nos da Limones...\" data-secret=\"5YVtCOM3BA\" frameborder=\"0\" marginwidth=\"0\" marginheight=\"0\" scrolling=\"no\" class=\"wp-embedded-content\"><\/iframe><script>\n\/*! This file is auto-generated *\/\n!function(d,l){\"use strict\";l.querySelector&&d.addEventListener&&\"undefined\"!=typeof URL&&(d.wp=d.wp||{},d.wp.receiveEmbedMessage||(d.wp.receiveEmbedMessage=function(e){var t=e.data;if((t||t.secret||t.message||t.value)&&!\/[^a-zA-Z0-9]\/.test(t.secret)){for(var s,r,n,a=l.querySelectorAll('iframe[data-secret=\"'+t.secret+'\"]'),o=l.querySelectorAll('blockquote[data-secret=\"'+t.secret+'\"]'),c=new RegExp(\"^https?:$\",\"i\"),i=0;i<o.length;i++)o[i].style.display=\"none\";for(i=0;i<a.length;i++)s=a[i],e.source===s.contentWindow&&(s.removeAttribute(\"style\"),\"height\"===t.message?(1e3<(r=parseInt(t.value,10))?r=1e3:~~r<200&&(r=200),s.height=r):\"link\"===t.message&&(r=new URL(s.getAttribute(\"src\")),n=new URL(t.value),c.test(n.protocol))&&n.host===r.host&&l.activeElement===s&&(d.top.location.href=t.value))}},d.addEventListener(\"message\",d.wp.receiveEmbedMessage,!1),l.addEventListener(\"DOMContentLoaded\",function(){for(var e,t,s=l.querySelectorAll(\"iframe.wp-embedded-content\"),r=0;r<s.length;r++)(t=(e=s[r]).getAttribute(\"data-secret\"))||(t=Math.random().toString(36).substring(2,12),e.src+=\"#?secret=\"+t,e.setAttribute(\"data-secret\",t)),e.contentWindow.postMessage({message:\"ready\",secret:t},\"*\")},!1)))}(window,document);\n\/\/# sourceURL=https:\/\/quechilero.com\/blog\/wp-includes\/js\/wp-embed.min.js\n<\/script>\n"},"jetpack_publicize_connections":[],"jetpack_shortlink":"https:\/\/wp.me\/pDKli-1li","jetpack_sharing_enabled":true,"jetpack-related-posts":[{"id":14376,"url":"https:\/\/quechilero.com\/blog\/2012\/08\/22\/escondido-en-una-piedra-ruda\/","url_meta":{"origin":5164,"position":0},"title":"Escondido en una piedra ruda","author":"Pepe Barrascout Ortiz","date":"22 agosto 2012","format":false,"excerpt":"Ten\u00eda toda la apariencia de una piedra com\u00fan. Estaba redondeada, y era de color gris. Parec\u00eda una papa, y por cierto, papa la llamaban. La piedra estaba de venta en una exposici\u00f3n de minerales poco comunes en Plano, Texas. Un hombre la compr\u00f3 por diez d\u00f3lares, se la llev\u00f3 a\u2026","rel":"","context":"En \u00abLimones\u00bb","block_context":{"text":"Limones","link":"https:\/\/quechilero.com\/blog\/category\/limones\/"},"img":{"alt_text":"","src":"","width":0,"height":0},"classes":[]},{"id":389,"url":"https:\/\/quechilero.com\/blog\/2006\/12\/31\/una-flor-entre-las-piedras\/","url_meta":{"origin":5164,"position":1},"title":"Una flor entre las piedras","author":"Pepe Barrascout Ortiz","date":"31 diciembre 2006","format":false,"excerpt":"Era una vez una flor que naci\u00f3 en medio de piedras. Qui\u00e9n sabe como, consigui\u00f3 crecer y ser una se\u00f1al de vida en medio de tanta tristeza. Pas\u00f3 una joven y qued\u00f3 admirada con la flor. Luego pens\u00f3 en Dios. Cort\u00f3 la flor y la llev\u00f3 a la iglesia. Una\u2026","rel":"","context":"En \u00abLimones\u00bb","block_context":{"text":"Limones","link":"https:\/\/quechilero.com\/blog\/category\/limones\/"},"img":{"alt_text":"","src":"","width":0,"height":0},"classes":[]},{"id":2370,"url":"https:\/\/quechilero.com\/blog\/2009\/03\/06\/talladores-de-piedras\/","url_meta":{"origin":5164,"position":2},"title":"Talladores de piedras","author":"Pepe Barrascout Ortiz","date":"6 marzo 2009","format":false,"excerpt":"Hab\u00eda en una ocasi\u00f3n, tres canteros al pie de una catedral, que estaban haciendo el mismo trabajo: tallar piedras. Un hombre se acerca al primero y le dice \u201c\u00bfQu\u00e9 haces?\u201d. El cantero le dice: \u201cTallo piedras\u201d, y la hosquedad de su mirada pareciera que a\u00f1ade: \u201c\u00bfNo lo est\u00e1 viendo?\u201d. El\u2026","rel":"","context":"En \u00abLimones\u00bb","block_context":{"text":"Limones","link":"https:\/\/quechilero.com\/blog\/category\/limones\/"},"img":{"alt_text":"","src":"","width":0,"height":0},"classes":[]},{"id":13345,"url":"https:\/\/quechilero.com\/blog\/2012\/05\/17\/la-piedra-de-toque\/","url_meta":{"origin":5164,"position":3},"title":"La Piedra de Toque","author":"Pepe Barrascout Ortiz","date":"17 mayo 2012","format":false,"excerpt":"Cuando la gran biblioteca de Alejandr\u00eda se quem\u00f3, dice la leyenda, que un libro se salv\u00f3. Pero no era un libro valioso; as\u00ed que un hombre pobre que pod\u00eda leer un poco, lo compr\u00f3 por unos cuantos centavos. El libro no era muy interesante, pero entre sus p\u00e1ginas hab\u00eda algo\u2026","rel":"","context":"En \u00abLimones\u00bb","block_context":{"text":"Limones","link":"https:\/\/quechilero.com\/blog\/category\/limones\/"},"img":{"alt_text":"","src":"","width":0,"height":0},"classes":[]},{"id":4981,"url":"https:\/\/quechilero.com\/blog\/2010\/06\/21\/la-piedra\/","url_meta":{"origin":5164,"position":4},"title":"La piedra","author":"Pepe Barrascout Ortiz","date":"21 junio 2010","format":false,"excerpt":"El distra\u00eddo, tropez\u00f3 con ella... El violento, la us\u00f3 como proyectil... El emprendedor, la us\u00f3 para construir... El campesino, cansado, la us\u00f3 como asiento... El ni\u00f1o, la us\u00f3 como juguete... Drummond, la us\u00f3 como inspiraci\u00f3n.. . David, la us\u00f3 para matar a Goliat... Miguel \u00c1ngel, sac\u00f3 de ella una bella\u2026","rel":"","context":"En \u00abLimones\u00bb","block_context":{"text":"Limones","link":"https:\/\/quechilero.com\/blog\/category\/limones\/"},"img":{"alt_text":"","src":"","width":0,"height":0},"classes":[]},{"id":2449,"url":"https:\/\/quechilero.com\/blog\/2009\/03\/25\/las-piedras-grandes\/","url_meta":{"origin":5164,"position":5},"title":"Las piedras grandes","author":"Pepe Barrascout Ortiz","date":"25 marzo 2009","format":false,"excerpt":"Hace algunos a\u00f1os, escuch\u00e9 esta reflexi\u00f3n, cuando asist\u00ed a un curso relacionado con liderazgo, fue hasta hace poco que la volv\u00ed a ver en TitoSan, es un texto tan bueno, que lo publico para tenerlo siempre a la vista y volverlo a leer de vez en cuando, para de esta\u2026","rel":"","context":"En \u00abLimones\u00bb","block_context":{"text":"Limones","link":"https:\/\/quechilero.com\/blog\/category\/limones\/"},"img":{"alt_text":"","src":"","width":0,"height":0},"classes":[]}],"jetpack_featured_media_url":"","_links":{"self":[{"href":"https:\/\/quechilero.com\/blog\/wp-json\/wp\/v2\/posts\/5164","targetHints":{"allow":["GET"]}}],"collection":[{"href":"https:\/\/quechilero.com\/blog\/wp-json\/wp\/v2\/posts"}],"about":[{"href":"https:\/\/quechilero.com\/blog\/wp-json\/wp\/v2\/types\/post"}],"author":[{"embeddable":true,"href":"https:\/\/quechilero.com\/blog\/wp-json\/wp\/v2\/users\/1"}],"replies":[{"embeddable":true,"href":"https:\/\/quechilero.com\/blog\/wp-json\/wp\/v2\/comments?post=5164"}],"version-history":[{"count":0,"href":"https:\/\/quechilero.com\/blog\/wp-json\/wp\/v2\/posts\/5164\/revisions"}],"wp:attachment":[{"href":"https:\/\/quechilero.com\/blog\/wp-json\/wp\/v2\/media?parent=5164"}],"wp:term":[{"taxonomy":"category","embeddable":true,"href":"https:\/\/quechilero.com\/blog\/wp-json\/wp\/v2\/categories?post=5164"},{"taxonomy":"post_tag","embeddable":true,"href":"https:\/\/quechilero.com\/blog\/wp-json\/wp\/v2\/tags?post=5164"},{"taxonomy":"series","embeddable":true,"href":"https:\/\/quechilero.com\/blog\/wp-json\/wp\/v2\/series?post=5164"}],"curies":[{"name":"wp","href":"https:\/\/api.w.org\/{rel}","templated":true}]}}