{"id":512,"date":"2007-04-06T15:55:41","date_gmt":"2007-04-06T21:55:41","guid":{"rendered":"http:\/\/www.quechilero.com\/blog\/2007\/04\/06\/clavos-en-la-cerca\/"},"modified":"2007-04-06T15:55:41","modified_gmt":"2007-04-06T21:55:41","slug":"clavos-en-la-cerca","status":"publish","type":"post","link":"https:\/\/quechilero.com\/blog\/2007\/04\/06\/clavos-en-la-cerca\/","title":{"rendered":"Clavos en la cerca"},"content":{"rendered":"<p>\u00c9rase una vez un chico con mal car\u00e1cter. Su padre le di\u00f3 un saco de clavos y le dijo que clavara uno en la cerca del jard\u00edn cada vez que perdiera la paciencia o se enfadara con alguien.<br \/>\nEl primer d\u00eda clav\u00f3 37 clavos. Durante las semanas siguientes se concentr\u00f3 en controlarse y d\u00eda a d\u00eda disminuy\u00f3 la cantidad de clavos nuevos en la cerca. Hab\u00eda descubierto que era m\u00e1s f\u00e1cil controlarse que clavar clavos.<\/p>\n<p>Finalmente lleg\u00f3 un d\u00eda en el que ya no clavaba ning\u00fan nuevo clavo. Entonces fue a ver a su padre para explic\u00e1rselo.<\/p>\n<p>Su padre le dijo que era el momento de quitar un clavo por cada d\u00eda que no perdiera la paciencia. Los d\u00edas pasaron y finalmente el chico pudo decir a su padre que hab\u00eda quitado todos los clavos de la cerca.<\/p>\n<p>El padre condujo a su hijo hasta la cerca y le dijo:<\/p>\n<p>&#8211; \u00ab Hijo m\u00edo, te has comportado muy bien, pero mira todos los agujeros que han quedado en la cerca \u00bb.<\/p>\n<p>Ya nunca ser\u00e1 como antes. Cuando discutes con alguien y le dices cualquier cosa ofensiva le dejas una herida como \u00e9sta.<\/p>\n<p>Puedes clavar una navaja a un hombre y despu\u00e9s retirarla, pero siempre quedar\u00e1 la herida. No importan las veces que le pidas perd\u00f3n, la herida permanecer\u00e1. Una herida provocada con la palabra hace tanto da\u00f1o como una herida f\u00edsica. Los amigos son joyas raras de encontrar. Est\u00e1n listos para escucharte cuando tienes necesidad, te sostienen y te abren su coraz\u00f3n. Ense\u00f1a a tus amigos c\u00f3mo les quieres.<\/p>\n","protected":false},"excerpt":{"rendered":"<p>\u00c9rase una vez un chico con mal car\u00e1cter. Su padre le di\u00f3 un saco de clavos y le dijo que clavara uno en la cerca del jard\u00edn cada vez que perdiera la paciencia o se enfadara con alguien. El primer d\u00eda clav\u00f3 37 clavos. Durante las semanas siguientes se concentr\u00f3 en controlarse y d\u00eda a &#8230; <a title=\"Clavos en la cerca\" class=\"read-more\" href=\"https:\/\/quechilero.com\/blog\/2007\/04\/06\/clavos-en-la-cerca\/\" aria-label=\"Leer m\u00e1s sobre Clavos en la cerca\">Leer m\u00e1s<\/a><\/p>\n","protected":false},"author":1,"featured_media":0,"comment_status":"open","ping_status":"open","sticky":false,"template":"","format":"standard","meta":{"advanced_seo_description":"","jetpack_seo_html_title":"","jetpack_seo_noindex":false,"jetpack_seo_schema_type":"","episode_type":"","audio_file":"","podmotor_file_id":"","podmotor_episode_id":"","cover_image":"","cover_image_id":"","duration":"","filesize":"","filesize_raw":"","date_recorded":"","explicit":"","block":"","_jetpack_newsletter_access":"","_jetpack_dont_email_post_to_subs":false,"_jetpack_newsletter_tier_id":0,"_jetpack_memberships_contains_paywalled_content":false,"_jetpack_feature_clip_id":0,"_jetpack_memberships_contains_paid_content":false,"footnotes":"","jetpack_publicize_message":"","jetpack_publicize_feature_enabled":true,"jetpack_social_post_already_shared":false,"jetpack_social_options":{"image_generator_settings":{"template":"highway","default_image_id":0,"font":"","enabled":false},"version":2},"jetpack_post_was_ever_published":false},"categories":[2],"tags":[11,18,60,42],"series":[],"class_list":["post-512","post","type-post","status-publish","format-standard","hentry","category-limones","tag-amigo","tag-hombre","tag-paciencia","tag-palabra"],"episode_featured_image":false,"episode_player_image":"https:\/\/i0.wp.com\/quechilero.com\/blog\/imagenes\/podcast.png?fit=1831%2C1831&ssl=1","download_link":"","player_link":"","audio_player":false,"episode_data":{"playerMode":"dark","subscribeUrls":{"amazon":{"key":"amazon","url":"","label":"Amazon","class":"amazon","icon":"amazon.png"},"apple_podcasts":{"key":"apple_podcasts","url":"","label":"Apple Podcasts","class":"apple_podcasts","icon":"apple-podcasts.png"},"castbox":{"key":"castbox","url":"","label":"CastBox","class":"castbox","icon":"castbox.png"},"deezer":{"key":"deezer","url":"","label":"Deezer","class":"deezer","icon":"deezer.png"},"google_podcasts":{"key":"google_podcasts","url":"","label":"Google Podcasts","class":"google_podcasts","icon":"google-podcasts.png"},"listen_notes":{"key":"listen_notes","url":"","label":"Listen Notes","class":"listen_notes","icon":"listen-notes.png"},"pandora":{"key":"pandora","url":"","label":"Pandora","class":"pandora","icon":"pandora.png"},"podbean":{"key":"podbean","url":"","label":"Podbean","class":"podbean","icon":"podbean.png"},"podcast_republic":{"key":"podcast_republic","url":"","label":"Podcast Republic","class":"podcast_republic","icon":"podcast-republic.png"},"rss":{"key":"rss","url":"","label":"RSS","class":"rss","icon":"rss.png"},"spotify":{"key":"spotify","url":"","label":"Spotify","class":"spotify","icon":"spotify.png"},"stitcher":{"key":"stitcher","url":"","label":"Stitcher","class":"stitcher","icon":"stitcher.png"},"tunein":{"key":"tunein","url":"","label":"TuneIn","class":"tunein","icon":"tunein.png"},"youtube":{"key":"youtube","url":"","label":"YouTube","class":"youtube","icon":"youtube.png"},"iheartradio":{"key":"iheartradio","url":"","label":"iHeartRadio","class":"iheartradio","icon":"iheartradio.png"},"ivoox":{"key":"ivoox","url":"","label":"iVoox","class":"ivoox","icon":"ivoox.png"}},"rssFeedUrl":"https:\/\/quechilero.com\/blog\/feed\/podcast\/si-la-vida-nos-da-limones","embedCode":"<blockquote class=\"wp-embedded-content\" data-secret=\"Sg8RdXEKTg\"><a href=\"https:\/\/quechilero.com\/blog\/2007\/04\/06\/clavos-en-la-cerca\/\">Clavos en la cerca<\/a><\/blockquote><iframe sandbox=\"allow-scripts\" security=\"restricted\" src=\"https:\/\/quechilero.com\/blog\/2007\/04\/06\/clavos-en-la-cerca\/embed\/#?secret=Sg8RdXEKTg\" width=\"500\" height=\"350\" title=\"\u00abClavos en la cerca\u00bb \u2014 Si la Vida nos da Limones...\" data-secret=\"Sg8RdXEKTg\" frameborder=\"0\" marginwidth=\"0\" marginheight=\"0\" scrolling=\"no\" class=\"wp-embedded-content\"><\/iframe><script>\n\/*! This file is auto-generated *\/\n!function(d,l){\"use strict\";l.querySelector&&d.addEventListener&&\"undefined\"!=typeof URL&&(d.wp=d.wp||{},d.wp.receiveEmbedMessage||(d.wp.receiveEmbedMessage=function(e){var t=e.data;if((t||t.secret||t.message||t.value)&&!\/[^a-zA-Z0-9]\/.test(t.secret)){for(var s,r,n,a=l.querySelectorAll('iframe[data-secret=\"'+t.secret+'\"]'),o=l.querySelectorAll('blockquote[data-secret=\"'+t.secret+'\"]'),c=new RegExp(\"^https?:$\",\"i\"),i=0;i<o.length;i++)o[i].style.display=\"none\";for(i=0;i<a.length;i++)s=a[i],e.source===s.contentWindow&&(s.removeAttribute(\"style\"),\"height\"===t.message?(1e3<(r=parseInt(t.value,10))?r=1e3:~~r<200&&(r=200),s.height=r):\"link\"===t.message&&(r=new URL(s.getAttribute(\"src\")),n=new URL(t.value),c.test(n.protocol))&&n.host===r.host&&l.activeElement===s&&(d.top.location.href=t.value))}},d.addEventListener(\"message\",d.wp.receiveEmbedMessage,!1),l.addEventListener(\"DOMContentLoaded\",function(){for(var e,t,s=l.querySelectorAll(\"iframe.wp-embedded-content\"),r=0;r<s.length;r++)(t=(e=s[r]).getAttribute(\"data-secret\"))||(t=Math.random().toString(36).substring(2,12),e.src+=\"#?secret=\"+t,e.setAttribute(\"data-secret\",t)),e.contentWindow.postMessage({message:\"ready\",secret:t},\"*\")},!1)))}(window,document);\n\/\/# sourceURL=https:\/\/quechilero.com\/blog\/wp-includes\/js\/wp-embed.min.js\n<\/script>\n"},"jetpack_publicize_connections":[],"jetpack_shortlink":"https:\/\/wp.me\/pDKli-8g","jetpack_sharing_enabled":true,"jetpack-related-posts":[{"id":13051,"url":"https:\/\/quechilero.com\/blog\/2012\/04\/18\/cicatriz-en-tu-puerta\/","url_meta":{"origin":512,"position":0},"title":"Cicatriz en tu puerta","author":"Pepe Barrascout Ortiz","date":"18 abril 2012","format":false,"excerpt":"Esta es la historia de una muchachita que ten\u00eda muy mal car\u00e1cter. Su padre le dio una bolsa de clavos y le dijo que cada vez que perdiera la paciencia, deber\u00eda clavar uno detr\u00e1s de la puerta. El primer d\u00eda, la muchacha clav\u00f3 37 detr\u00e1s de la puerta. Las semanas\u2026","rel":"","context":"En \u00abLimones\u00bb","block_context":{"text":"Limones","link":"https:\/\/quechilero.com\/blog\/category\/limones\/"},"img":{"alt_text":"","src":"https:\/\/i0.wp.com\/lh4.googleusercontent.com\/-YFUySlo331Q\/T3Mhaizjj1I\/AAAAAAAACFk\/QS4eS4oisyI\/s243\/cicatriz.jpg?resize=350%2C200&ssl=1","width":350,"height":200},"classes":[]},{"id":14389,"url":"https:\/\/quechilero.com\/blog\/2012\/09\/02\/tomelo-como-un-buen-consejo\/","url_meta":{"origin":512,"position":1},"title":"\u00a1T\u00f3melo como un buen consejo!","author":"Pepe Barrascout Ortiz","date":"2 septiembre 2012","format":false,"excerpt":"Una ma\u00f1ana un padre perdi\u00f3 los estribos en una de esas situaciones irritantes que suelen suceder en la vid. Derram\u00f3 su frustraci\u00f3n y enojo en su hijo, que parec\u00eda ser el blanco m\u00e1s cercano. En el transcurso del d\u00eda, mientras \u00e9l y su hijo estaban pescando, comenz\u00f3 a sentirse culpable\u2026","rel":"","context":"En \u00abLimones\u00bb","block_context":{"text":"Limones","link":"https:\/\/quechilero.com\/blog\/category\/limones\/"},"img":{"alt_text":"","src":"","width":0,"height":0},"classes":[]},{"id":7297,"url":"https:\/\/quechilero.com\/blog\/2011\/02\/20\/amad-a-vuestros-enemigos\/","url_meta":{"origin":512,"position":2},"title":"Amad a vuestros enemigos","author":"Pepe Barrascout Ortiz","date":"20 febrero 2011","format":false,"excerpt":"Evangelio seg\u00fan San Mateo 5:38-48 Hab\u00e9is o\u00eddo que se dijo: Ojo por ojo y diente por diente. Pues yo os digo: no resist\u00e1is al mal; antes bien, al que te abofetee en la mejilla derecha ofr\u00e9cele tambi\u00e9n la otra: al que quiera pleitear contigo para quitarte la t\u00fanica d\u00e9jale tambi\u00e9n\u2026","rel":"","context":"En \u00abLimones\u00bb","block_context":{"text":"Limones","link":"https:\/\/quechilero.com\/blog\/category\/limones\/"},"img":{"alt_text":"","src":"","width":0,"height":0},"classes":[]},{"id":4611,"url":"https:\/\/quechilero.com\/blog\/2010\/04\/02\/oracion-del-via-crucis\/","url_meta":{"origin":512,"position":3},"title":"Oraci\u00f3n del Via Crucis","author":"Pepe Barrascout Ortiz","date":"2 abril 2010","format":false,"excerpt":"1\u00aa Estaci\u00f3n: Jes\u00fas sentenciado a muerte Te adoramos, Se\u00f1or, y te bendecimos, porque por tu santa cruz redimiste al mundo. Sentenciado y no por un tribunal, sino por todos. Condenado por los mismos que le hab\u00edan aclamado poco antes. Y El calla... Nosotros hu\u00edmos de ser reprochados. Y saltamos inmediatamente...\u2026","rel":"","context":"En \u00abLimones\u00bb","block_context":{"text":"Limones","link":"https:\/\/quechilero.com\/blog\/category\/limones\/"},"img":{"alt_text":"","src":"","width":0,"height":0},"classes":[]},{"id":7593,"url":"https:\/\/quechilero.com\/blog\/2011\/03\/25\/reflexiones-de-cuaresma-dia-17\/","url_meta":{"origin":512,"position":4},"title":"Reflexiones de Cuaresma d\u00eda 17","author":"Pepe Barrascout Ortiz","date":"25 marzo 2011","format":false,"excerpt":"Oraci\u00f3n inicial Se\u00f1or m\u00edo, Jesucristo, creo firmemente que est\u00e1s aqu\u00ed; en estos pocos minutos de oraci\u00f3n que empiezo ahora quiero pedirte y agradecerte. Pedirte\u00a0la gracia de darme m\u00e1s cuenta de que T\u00fa vives, me escuchas y me amas; tanto, que has querido morir libremente por m\u00ed en la cruz y\u2026","rel":"","context":"En \u00abLimones por mano\u00bb","block_context":{"text":"Limones por mano","link":"https:\/\/quechilero.com\/blog\/category\/limones-por-mano\/"},"img":{"alt_text":"","src":"","width":0,"height":0},"classes":[]},{"id":21226,"url":"https:\/\/quechilero.com\/blog\/2015\/06\/22\/dos-maneras\/","url_meta":{"origin":512,"position":5},"title":"Dos maneras","author":"Pepe Barrascout Ortiz","date":"22 junio 2015","format":false,"excerpt":"El otro d\u00eda, mirando un Cristo sobre la pared, me puse a pensar y me di cuenta de que ten\u00edamos dos maneras de observarlo: Ver el clavo que sostiene el Cristo, o ver el cuerpo del Cristo que con los clavos se sostiene. Ver el clavo que se esconde detr\u00e1s\u2026","rel":"","context":"En \u00abLimones\u00bb","block_context":{"text":"Limones","link":"https:\/\/quechilero.com\/blog\/category\/limones\/"},"img":{"alt_text":"","src":"","width":0,"height":0},"classes":[]}],"jetpack_featured_media_url":"","_links":{"self":[{"href":"https:\/\/quechilero.com\/blog\/wp-json\/wp\/v2\/posts\/512","targetHints":{"allow":["GET"]}}],"collection":[{"href":"https:\/\/quechilero.com\/blog\/wp-json\/wp\/v2\/posts"}],"about":[{"href":"https:\/\/quechilero.com\/blog\/wp-json\/wp\/v2\/types\/post"}],"author":[{"embeddable":true,"href":"https:\/\/quechilero.com\/blog\/wp-json\/wp\/v2\/users\/1"}],"replies":[{"embeddable":true,"href":"https:\/\/quechilero.com\/blog\/wp-json\/wp\/v2\/comments?post=512"}],"version-history":[{"count":0,"href":"https:\/\/quechilero.com\/blog\/wp-json\/wp\/v2\/posts\/512\/revisions"}],"wp:attachment":[{"href":"https:\/\/quechilero.com\/blog\/wp-json\/wp\/v2\/media?parent=512"}],"wp:term":[{"taxonomy":"category","embeddable":true,"href":"https:\/\/quechilero.com\/blog\/wp-json\/wp\/v2\/categories?post=512"},{"taxonomy":"post_tag","embeddable":true,"href":"https:\/\/quechilero.com\/blog\/wp-json\/wp\/v2\/tags?post=512"},{"taxonomy":"series","embeddable":true,"href":"https:\/\/quechilero.com\/blog\/wp-json\/wp\/v2\/series?post=512"}],"curies":[{"name":"wp","href":"https:\/\/api.w.org\/{rel}","templated":true}]}}