{"id":5102,"date":"2010-07-18T08:00:12","date_gmt":"2010-07-18T14:00:12","guid":{"rendered":"http:\/\/quechilero.com\/blog\/?p=5102"},"modified":"2010-07-18T08:00:12","modified_gmt":"2010-07-18T14:00:12","slug":"el-fruto-y-la-fuente","status":"publish","type":"post","link":"https:\/\/quechilero.com\/blog\/2010\/07\/18\/el-fruto-y-la-fuente\/","title":{"rendered":"El fruto y la fuente"},"content":{"rendered":"<p>Si buscamos las cosas donde no est\u00e1n, seguro que no las encontraremos. Si las llaves est\u00e1n <em>\u00aben el fondo del mar\u00bb<\/em>, hay que ir all\u00ed a buscarlas, y no al firmamento. Si las estrellas est\u00e1n en el firmamento, hay que ir all\u00ed a buscarlas, no al fondo del mar. <em>\u00ab\u00bfAcaso se cosechan uvas de las zarzas o higos de los cardos?\u00bb<\/em> (Mc 7, 16). De otro modo trabajaremos mucho y no conseguiremos nada. Ser\u00e1 un trabajo in\u00fatil y falto de l\u00f3gica.<\/p>\n<p>Eso le suced\u00eda a una se\u00f1ora que se acerc\u00f3 a una fuente a recoger agua. Cuando sumergi\u00f3 el c\u00e1ntaro, vio en la fuente un hermoso fruto rosado. Intent\u00f3 cogerlo, pero desapareci\u00f3. Apenas retir\u00f3 la mano, volvi\u00f3 a aparecer. Y as\u00ed varias veces. Sigui\u00f3 sacando agua, y apenas sac\u00f3 toda, el fruto desapareci\u00f3. Entonces oy\u00f3 un p\u00e1jaro sabio que le dec\u00eda: <em>\u00abNo busques el fruto abajo. Est\u00e1 all\u00ed arriba.\u00bb<\/em> Levant\u00f3 la vista y descubri\u00f3, colgado en una rama, el fruto que se reflejaba en la fuente.<\/p>\n<p><strong><em>Padre Justo L\u00f3pez Mel\u00fas<\/em><\/strong><\/p>\n","protected":false},"excerpt":{"rendered":"<p>Si buscamos las cosas donde no est\u00e1n, seguro que no las encontraremos. Si las llaves est\u00e1n \u00aben el fondo del mar\u00bb, hay que ir all\u00ed a buscarlas, y no al firmamento. Si las estrellas est\u00e1n en el firmamento, hay que ir all\u00ed a buscarlas, no al fondo del mar. \u00ab\u00bfAcaso se cosechan uvas de las &#8230; <a title=\"El fruto y la fuente\" class=\"read-more\" href=\"https:\/\/quechilero.com\/blog\/2010\/07\/18\/el-fruto-y-la-fuente\/\" aria-label=\"Leer m\u00e1s sobre El fruto y la fuente\">Leer m\u00e1s<\/a><\/p>\n","protected":false},"author":1,"featured_media":0,"comment_status":"open","ping_status":"open","sticky":false,"template":"","format":"standard","meta":{"advanced_seo_description":"","jetpack_seo_html_title":"","jetpack_seo_noindex":false,"jetpack_seo_schema_type":"","episode_type":"","audio_file":"","podmotor_file_id":"","podmotor_episode_id":"","cover_image":"","cover_image_id":"","duration":"","filesize":"","filesize_raw":"","date_recorded":"","explicit":"","block":"","_jetpack_newsletter_access":"","_jetpack_dont_email_post_to_subs":false,"_jetpack_newsletter_tier_id":0,"_jetpack_memberships_contains_paywalled_content":false,"_jetpack_feature_clip_id":0,"_jetpack_memberships_contains_paid_content":false,"footnotes":"","jetpack_publicize_message":"","jetpack_publicize_feature_enabled":true,"jetpack_social_post_already_shared":false,"jetpack_social_options":{"image_generator_settings":{"template":"highway","default_image_id":0,"font":"","enabled":false},"version":2},"jetpack_post_was_ever_published":false},"categories":[2],"tags":[12,36],"series":[],"class_list":["post-5102","post","type-post","status-publish","format-standard","hentry","category-limones","tag-cosas","tag-trabajo"],"episode_featured_image":false,"episode_player_image":"https:\/\/i0.wp.com\/quechilero.com\/blog\/imagenes\/podcast.png?fit=1831%2C1831&ssl=1","download_link":"","player_link":"","audio_player":false,"episode_data":{"playerMode":"dark","subscribeUrls":{"amazon":{"key":"amazon","url":"","label":"Amazon","class":"amazon","icon":"amazon.png"},"apple_podcasts":{"key":"apple_podcasts","url":"","label":"Apple Podcasts","class":"apple_podcasts","icon":"apple-podcasts.png"},"castbox":{"key":"castbox","url":"","label":"CastBox","class":"castbox","icon":"castbox.png"},"deezer":{"key":"deezer","url":"","label":"Deezer","class":"deezer","icon":"deezer.png"},"google_podcasts":{"key":"google_podcasts","url":"","label":"Google Podcasts","class":"google_podcasts","icon":"google-podcasts.png"},"listen_notes":{"key":"listen_notes","url":"","label":"Listen Notes","class":"listen_notes","icon":"listen-notes.png"},"pandora":{"key":"pandora","url":"","label":"Pandora","class":"pandora","icon":"pandora.png"},"podbean":{"key":"podbean","url":"","label":"Podbean","class":"podbean","icon":"podbean.png"},"podcast_republic":{"key":"podcast_republic","url":"","label":"Podcast Republic","class":"podcast_republic","icon":"podcast-republic.png"},"rss":{"key":"rss","url":"","label":"RSS","class":"rss","icon":"rss.png"},"spotify":{"key":"spotify","url":"","label":"Spotify","class":"spotify","icon":"spotify.png"},"stitcher":{"key":"stitcher","url":"","label":"Stitcher","class":"stitcher","icon":"stitcher.png"},"tunein":{"key":"tunein","url":"","label":"TuneIn","class":"tunein","icon":"tunein.png"},"youtube":{"key":"youtube","url":"","label":"YouTube","class":"youtube","icon":"youtube.png"},"iheartradio":{"key":"iheartradio","url":"","label":"iHeartRadio","class":"iheartradio","icon":"iheartradio.png"},"ivoox":{"key":"ivoox","url":"","label":"iVoox","class":"ivoox","icon":"ivoox.png"}},"rssFeedUrl":"https:\/\/quechilero.com\/blog\/feed\/podcast\/si-la-vida-nos-da-limones","embedCode":"<blockquote class=\"wp-embedded-content\" data-secret=\"tsk6IUWn7z\"><a href=\"https:\/\/quechilero.com\/blog\/2010\/07\/18\/el-fruto-y-la-fuente\/\">El fruto y la fuente<\/a><\/blockquote><iframe sandbox=\"allow-scripts\" security=\"restricted\" src=\"https:\/\/quechilero.com\/blog\/2010\/07\/18\/el-fruto-y-la-fuente\/embed\/#?secret=tsk6IUWn7z\" width=\"500\" height=\"350\" title=\"\u00abEl fruto y la fuente\u00bb \u2014 Si la Vida nos da Limones...\" data-secret=\"tsk6IUWn7z\" frameborder=\"0\" marginwidth=\"0\" marginheight=\"0\" scrolling=\"no\" class=\"wp-embedded-content\"><\/iframe><script>\n\/*! This file is auto-generated *\/\n!function(d,l){\"use strict\";l.querySelector&&d.addEventListener&&\"undefined\"!=typeof URL&&(d.wp=d.wp||{},d.wp.receiveEmbedMessage||(d.wp.receiveEmbedMessage=function(e){var t=e.data;if((t||t.secret||t.message||t.value)&&!\/[^a-zA-Z0-9]\/.test(t.secret)){for(var s,r,n,a=l.querySelectorAll('iframe[data-secret=\"'+t.secret+'\"]'),o=l.querySelectorAll('blockquote[data-secret=\"'+t.secret+'\"]'),c=new RegExp(\"^https?:$\",\"i\"),i=0;i<o.length;i++)o[i].style.display=\"none\";for(i=0;i<a.length;i++)s=a[i],e.source===s.contentWindow&&(s.removeAttribute(\"style\"),\"height\"===t.message?(1e3<(r=parseInt(t.value,10))?r=1e3:~~r<200&&(r=200),s.height=r):\"link\"===t.message&&(r=new URL(s.getAttribute(\"src\")),n=new URL(t.value),c.test(n.protocol))&&n.host===r.host&&l.activeElement===s&&(d.top.location.href=t.value))}},d.addEventListener(\"message\",d.wp.receiveEmbedMessage,!1),l.addEventListener(\"DOMContentLoaded\",function(){for(var e,t,s=l.querySelectorAll(\"iframe.wp-embedded-content\"),r=0;r<s.length;r++)(t=(e=s[r]).getAttribute(\"data-secret\"))||(t=Math.random().toString(36).substring(2,12),e.src+=\"#?secret=\"+t,e.setAttribute(\"data-secret\",t)),e.contentWindow.postMessage({message:\"ready\",secret:t},\"*\")},!1)))}(window,document);\n\/\/# sourceURL=https:\/\/quechilero.com\/blog\/wp-includes\/js\/wp-embed.min.js\n<\/script>\n"},"jetpack_publicize_connections":[],"jetpack_shortlink":"https:\/\/wp.me\/pDKli-1ki","jetpack_sharing_enabled":true,"jetpack-related-posts":[{"id":879,"url":"https:\/\/quechilero.com\/blog\/2008\/02\/24\/cuaresma-evangelio-24-feb-08\/","url_meta":{"origin":5102,"position":0},"title":"Cuaresma &#8211; Evangelio 24 feb 08","author":"Pepe Barrascout Ortiz","date":"24 febrero 2008","format":false,"excerpt":"Evangelio seg\u00fan San Juan 4,5-42. Lleg\u00f3 a una ciudad de Samar\u00eda llamada Sicar, cerca de las tierras que Jacob hab\u00eda dado a su hijo Jos\u00e9. All\u00e1 se encuentra el pozo de Jacob. Jes\u00fas, fatigado del camino, se hab\u00eda sentado junto al pozo. Era la hora del mediod\u00eda. Una mujer de\u2026","rel":"","context":"En \u00abLimones\u00bb","block_context":{"text":"Limones","link":"https:\/\/quechilero.com\/blog\/category\/limones\/"},"img":{"alt_text":"","src":"","width":0,"height":0},"classes":[]},{"id":16854,"url":"https:\/\/quechilero.com\/blog\/2013\/07\/29\/ubuntu-2\/","url_meta":{"origin":5102,"position":1},"title":"Ubuntu","author":"Pepe Barrascout Ortiz","date":"29 julio 2013","format":false,"excerpt":"Que excelente ser\u00eda que en nuestras empresas u organizaciones todo el personal aprendi\u00e9ramos a vivir con un estilo de vida Ubuntu para desarrollar el trabajo en equipo. Hace algunas semanas le\u00ed la siguiente historia que me ha dejado reflexionando mucho sobre nuestras actitudes en los equipos de trabajo. La historia\u2026","rel":"","context":"En \u00abLimones\u00bb","block_context":{"text":"Limones","link":"https:\/\/quechilero.com\/blog\/category\/limones\/"},"img":{"alt_text":"","src":"","width":0,"height":0},"classes":[]},{"id":19316,"url":"https:\/\/quechilero.com\/blog\/2014\/09\/11\/agua-viva\/","url_meta":{"origin":5102,"position":2},"title":"Agua Viva","author":"Pepe Barrascout Ortiz","date":"11 septiembre 2014","format":false,"excerpt":"Los horticultores nos dicen que las plantas crecen con fuerzas en tierra bien humedecida en una profundidad de diez a quince cent\u00edmetros. Entonces cuando llega el tiempo seco, las plantas logran sobrevivir mejor, aunque s\u00f3lo reciban agua una vez a la semana. Adem\u00e1s, reg\u00e1ndolas en las horas del atardecer disminuye\u2026","rel":"","context":"En \u00abLimones\u00bb","block_context":{"text":"Limones","link":"https:\/\/quechilero.com\/blog\/category\/limones\/"},"img":{"alt_text":"","src":"","width":0,"height":0},"classes":[]},{"id":16707,"url":"https:\/\/quechilero.com\/blog\/2013\/05\/16\/quien-es-el-espiritu-santo\/","url_meta":{"origin":5102,"position":3},"title":"\u00bfQui\u00e9n es el Esp\u00edritu Santo?","author":"Pepe Barrascout Ortiz","date":"16 mayo 2013","format":false,"excerpt":"El Esp\u00edritu Santo es el agua fr\u00eda, es la sombra, la brisa fresca y nuestra fuente de agua viva junto al camino de la vida. Santa Teresa llama a nuestra alma un castillo interior, un palacio. En ese castillo, palacio o templo vive \"El dulce hu\u00e9sped del alma\": El Esp\u00edritu\u2026","rel":"","context":"En \u00abLimones\u00bb","block_context":{"text":"Limones","link":"https:\/\/quechilero.com\/blog\/category\/limones\/"},"img":{"alt_text":"","src":"","width":0,"height":0},"classes":[]},{"id":12441,"url":"https:\/\/quechilero.com\/blog\/2012\/06\/09\/agua-dulce\/","url_meta":{"origin":5102,"position":4},"title":"Agua Dulce","author":"Pepe Barrascout Ortiz","date":"9 junio 2012","format":false,"excerpt":"Un peque\u00f1o buque de carga navegaba cerca de las costas de Am\u00e9rica del Sur cuando la provisi\u00f3n de agua potable se le agot\u00f3. El capit\u00e1n no conoc\u00eda exactamente cu\u00e1l era su posici\u00f3n; entonces, al percibir otro barco a lo lejos, la tripulaci\u00f3n envi\u00f3 por radio un pedido de socorro en\u2026","rel":"","context":"En \u00abLimones\u00bb","block_context":{"text":"Limones","link":"https:\/\/quechilero.com\/blog\/category\/limones\/"},"img":{"alt_text":"","src":"","width":0,"height":0},"classes":[]},{"id":14883,"url":"https:\/\/quechilero.com\/blog\/2012\/10\/18\/depender-de-dios-2\/","url_meta":{"origin":5102,"position":5},"title":"Depender de Dios","author":"Pepe Barrascout Ortiz","date":"18 octubre 2012","format":false,"excerpt":"Un hombre agricultor de pocos recursos econ\u00f3micos marchaba de su isla natal en la costa occidental de Escocia, donde no hab\u00eda medios de comunicaci\u00f3n, por lo que hab\u00eda visto pocas cosas. En el barco le contaban acerca de las maravillas que ver\u00eda en la isla de Mull. La isla de\u2026","rel":"","context":"En \u00abLimones\u00bb","block_context":{"text":"Limones","link":"https:\/\/quechilero.com\/blog\/category\/limones\/"},"img":{"alt_text":"","src":"","width":0,"height":0},"classes":[]}],"jetpack_featured_media_url":"","_links":{"self":[{"href":"https:\/\/quechilero.com\/blog\/wp-json\/wp\/v2\/posts\/5102","targetHints":{"allow":["GET"]}}],"collection":[{"href":"https:\/\/quechilero.com\/blog\/wp-json\/wp\/v2\/posts"}],"about":[{"href":"https:\/\/quechilero.com\/blog\/wp-json\/wp\/v2\/types\/post"}],"author":[{"embeddable":true,"href":"https:\/\/quechilero.com\/blog\/wp-json\/wp\/v2\/users\/1"}],"replies":[{"embeddable":true,"href":"https:\/\/quechilero.com\/blog\/wp-json\/wp\/v2\/comments?post=5102"}],"version-history":[{"count":0,"href":"https:\/\/quechilero.com\/blog\/wp-json\/wp\/v2\/posts\/5102\/revisions"}],"wp:attachment":[{"href":"https:\/\/quechilero.com\/blog\/wp-json\/wp\/v2\/media?parent=5102"}],"wp:term":[{"taxonomy":"category","embeddable":true,"href":"https:\/\/quechilero.com\/blog\/wp-json\/wp\/v2\/categories?post=5102"},{"taxonomy":"post_tag","embeddable":true,"href":"https:\/\/quechilero.com\/blog\/wp-json\/wp\/v2\/tags?post=5102"},{"taxonomy":"series","embeddable":true,"href":"https:\/\/quechilero.com\/blog\/wp-json\/wp\/v2\/series?post=5102"}],"curies":[{"name":"wp","href":"https:\/\/api.w.org\/{rel}","templated":true}]}}