{"id":5019,"date":"2010-07-07T08:00:38","date_gmt":"2010-07-07T14:00:38","guid":{"rendered":"http:\/\/quechilero.com\/blog\/?p=5019"},"modified":"2010-07-07T08:00:38","modified_gmt":"2010-07-07T14:00:38","slug":"visitante-nocturno","status":"publish","type":"post","link":"https:\/\/quechilero.com\/blog\/2010\/07\/07\/visitante-nocturno\/","title":{"rendered":"Visitante nocturno"},"content":{"rendered":"<p>Muchas veces lo hab\u00eda escuchado y una vez, entre las sombras vi el aleteo, cuando pas\u00f3 volando entre las ramas de uno de los \u00e1rboles. Pero fue hasta ahora, que nuestro <em>visitante nocturno<\/em>, baj\u00f3 hasta el arbusto de <em>loroco<\/em> y tom\u00f3 posesi\u00f3n del lugar, observando todo a su alrededor, en busca de alguna presa.<\/p>\n<p>Sin embargo su faena nocturna se vi\u00f3 interrumpida, por un observador, que al igual que <em>el b\u00faho<\/em>, estaba igual de sorprendido. No se inmut\u00f3 ni un instante y continu\u00f3 con su <em>observaci\u00f3n nocturna<\/em>, verificando que, por el momento, no hab\u00eda ninguna presa <em>a la vista<\/em>. Por si acaso, me cercior\u00e9 que nuestro <em>gatito,<\/em> estuviera a salvo.<\/p>\n<p>Si en el video se ve <em>imponente e impresionante<\/em>, a\u00fan mas lo fue verlo a menos de dos metros de distancia. <em>El b\u00faho<\/em>, se une a las <em>ardillas, iguanas y cientos de pajaritos multicolores,<\/em> que d\u00eda a d\u00eda visitan nuestra casa.<\/p>\n<p><object classid=\"clsid:d27cdb6e-ae6d-11cf-96b8-444553540000\" width=\"560\" height=\"385\" codebase=\"http:\/\/download.macromedia.com\/pub\/shockwave\/cabs\/flash\/swflash.cab#version=6,0,40,0\"><param name=\"allowFullScreen\" value=\"true\" \/><param name=\"allowscriptaccess\" value=\"always\" \/><param name=\"src\" value=\"http:\/\/www.youtube.com\/v\/Kiubx7sw1Fk&amp;hl=es_ES&amp;fs=1&amp;\" \/><param name=\"allowfullscreen\" value=\"true\" \/><\/object><\/p>\n","protected":false},"excerpt":{"rendered":"<p>Muchas veces lo hab\u00eda escuchado y una vez, entre las sombras vi el aleteo, cuando pas\u00f3 volando entre las ramas de uno de los \u00e1rboles. Pero fue hasta ahora, que nuestro visitante nocturno, baj\u00f3 hasta el arbusto de loroco y tom\u00f3 posesi\u00f3n del lugar, observando todo a su alrededor, en busca de alguna presa. Sin &#8230; <a title=\"Visitante nocturno\" class=\"read-more\" href=\"https:\/\/quechilero.com\/blog\/2010\/07\/07\/visitante-nocturno\/\" aria-label=\"Leer m\u00e1s sobre Visitante nocturno\">Leer m\u00e1s<\/a><\/p>\n","protected":false},"author":1,"featured_media":0,"comment_status":"open","ping_status":"open","sticky":false,"template":"","format":"standard","meta":{"advanced_seo_description":"","jetpack_seo_html_title":"","jetpack_seo_noindex":false,"jetpack_seo_schema_type":"","episode_type":"","audio_file":"","podmotor_file_id":"","podmotor_episode_id":"","cover_image":"","cover_image_id":"","duration":"","filesize":"","filesize_raw":"","date_recorded":"","explicit":"","block":"","_jetpack_newsletter_access":"","_jetpack_dont_email_post_to_subs":false,"_jetpack_newsletter_tier_id":0,"_jetpack_memberships_contains_paywalled_content":false,"_jetpack_feature_clip_id":0,"_jetpack_memberships_contains_paid_content":false,"footnotes":"","jetpack_publicize_message":"","jetpack_publicize_feature_enabled":true,"jetpack_social_post_already_shared":false,"jetpack_social_options":{"image_generator_settings":{"template":"highway","default_image_id":0,"font":"","enabled":false},"version":2},"jetpack_post_was_ever_published":false},"categories":[2],"tags":[25,53],"series":[],"class_list":["post-5019","post","type-post","status-publish","format-standard","hentry","category-limones","tag-video","tag-youtube"],"episode_featured_image":false,"episode_player_image":"https:\/\/i0.wp.com\/quechilero.com\/blog\/imagenes\/podcast.png?fit=1831%2C1831&ssl=1","download_link":"","player_link":"","audio_player":false,"episode_data":{"playerMode":"dark","subscribeUrls":{"amazon":{"key":"amazon","url":"","label":"Amazon","class":"amazon","icon":"amazon.png"},"apple_podcasts":{"key":"apple_podcasts","url":"","label":"Apple Podcasts","class":"apple_podcasts","icon":"apple-podcasts.png"},"castbox":{"key":"castbox","url":"","label":"CastBox","class":"castbox","icon":"castbox.png"},"deezer":{"key":"deezer","url":"","label":"Deezer","class":"deezer","icon":"deezer.png"},"google_podcasts":{"key":"google_podcasts","url":"","label":"Google Podcasts","class":"google_podcasts","icon":"google-podcasts.png"},"listen_notes":{"key":"listen_notes","url":"","label":"Listen Notes","class":"listen_notes","icon":"listen-notes.png"},"pandora":{"key":"pandora","url":"","label":"Pandora","class":"pandora","icon":"pandora.png"},"podbean":{"key":"podbean","url":"","label":"Podbean","class":"podbean","icon":"podbean.png"},"podcast_republic":{"key":"podcast_republic","url":"","label":"Podcast Republic","class":"podcast_republic","icon":"podcast-republic.png"},"rss":{"key":"rss","url":"","label":"RSS","class":"rss","icon":"rss.png"},"spotify":{"key":"spotify","url":"","label":"Spotify","class":"spotify","icon":"spotify.png"},"stitcher":{"key":"stitcher","url":"","label":"Stitcher","class":"stitcher","icon":"stitcher.png"},"tunein":{"key":"tunein","url":"","label":"TuneIn","class":"tunein","icon":"tunein.png"},"youtube":{"key":"youtube","url":"","label":"YouTube","class":"youtube","icon":"youtube.png"},"iheartradio":{"key":"iheartradio","url":"","label":"iHeartRadio","class":"iheartradio","icon":"iheartradio.png"},"ivoox":{"key":"ivoox","url":"","label":"iVoox","class":"ivoox","icon":"ivoox.png"}},"rssFeedUrl":"https:\/\/quechilero.com\/blog\/feed\/podcast\/si-la-vida-nos-da-limones","embedCode":"<blockquote class=\"wp-embedded-content\" data-secret=\"4tFrhABY2y\"><a href=\"https:\/\/quechilero.com\/blog\/2010\/07\/07\/visitante-nocturno\/\">Visitante nocturno<\/a><\/blockquote><iframe sandbox=\"allow-scripts\" security=\"restricted\" src=\"https:\/\/quechilero.com\/blog\/2010\/07\/07\/visitante-nocturno\/embed\/#?secret=4tFrhABY2y\" width=\"500\" height=\"350\" title=\"\u00abVisitante nocturno\u00bb \u2014 Si la Vida nos da Limones...\" data-secret=\"4tFrhABY2y\" frameborder=\"0\" marginwidth=\"0\" marginheight=\"0\" scrolling=\"no\" class=\"wp-embedded-content\"><\/iframe><script>\n\/*! This file is auto-generated *\/\n!function(d,l){\"use strict\";l.querySelector&&d.addEventListener&&\"undefined\"!=typeof URL&&(d.wp=d.wp||{},d.wp.receiveEmbedMessage||(d.wp.receiveEmbedMessage=function(e){var t=e.data;if((t||t.secret||t.message||t.value)&&!\/[^a-zA-Z0-9]\/.test(t.secret)){for(var s,r,n,a=l.querySelectorAll('iframe[data-secret=\"'+t.secret+'\"]'),o=l.querySelectorAll('blockquote[data-secret=\"'+t.secret+'\"]'),c=new RegExp(\"^https?:$\",\"i\"),i=0;i<o.length;i++)o[i].style.display=\"none\";for(i=0;i<a.length;i++)s=a[i],e.source===s.contentWindow&&(s.removeAttribute(\"style\"),\"height\"===t.message?(1e3<(r=parseInt(t.value,10))?r=1e3:~~r<200&&(r=200),s.height=r):\"link\"===t.message&&(r=new URL(s.getAttribute(\"src\")),n=new URL(t.value),c.test(n.protocol))&&n.host===r.host&&l.activeElement===s&&(d.top.location.href=t.value))}},d.addEventListener(\"message\",d.wp.receiveEmbedMessage,!1),l.addEventListener(\"DOMContentLoaded\",function(){for(var e,t,s=l.querySelectorAll(\"iframe.wp-embedded-content\"),r=0;r<s.length;r++)(t=(e=s[r]).getAttribute(\"data-secret\"))||(t=Math.random().toString(36).substring(2,12),e.src+=\"#?secret=\"+t,e.setAttribute(\"data-secret\",t)),e.contentWindow.postMessage({message:\"ready\",secret:t},\"*\")},!1)))}(window,document);\n\/\/# sourceURL=https:\/\/quechilero.com\/blog\/wp-includes\/js\/wp-embed.min.js\n<\/script>\n"},"jetpack_publicize_connections":[],"jetpack_shortlink":"https:\/\/wp.me\/pDKli-1iX","jetpack_sharing_enabled":true,"jetpack-related-posts":[{"id":960,"url":"https:\/\/quechilero.com\/blog\/2008\/06\/08\/luces-nocturnas\/","url_meta":{"origin":5019,"position":0},"title":"Luces nocturnas","author":"Pepe Barrascout Ortiz","date":"8 junio 2008","format":false,"excerpt":"Video tutorial que ense\u00f1a a usar la herramienta curvas, para crear y acentuar las luces nocturnas de una fotografia.","rel":"","context":"En \u00abLimones\u00bb","block_context":{"text":"Limones","link":"https:\/\/quechilero.com\/blog\/category\/limones\/"},"img":{"alt_text":"","src":"","width":0,"height":0},"classes":[]},{"id":17616,"url":"https:\/\/quechilero.com\/blog\/2014\/01\/03\/el-buho-y-las-aves\/","url_meta":{"origin":5019,"position":1},"title":"El b\u00faho y las aves","author":"Pepe Barrascout Ortiz","date":"3 enero 2014","format":false,"excerpt":"Un b\u00faho, en su sabidur\u00eda, aconsej\u00f3 a las aves que cuando ciertas bellotas comenzaran a salir, las alejaran de la tierra y as\u00ed no pudieran crecer. Ella dijo que las bellotas producir\u00edan un fruto, del cual un veneno irremediable ser\u00eda extra\u00eddo y por el cual ellas ser\u00edan capturadas. El B\u00faho\u2026","rel":"","context":"En \u00abLimones\u00bb","block_context":{"text":"Limones","link":"https:\/\/quechilero.com\/blog\/category\/limones\/"},"img":{"alt_text":"","src":"","width":0,"height":0},"classes":[]},{"id":850,"url":"https:\/\/quechilero.com\/blog\/2008\/02\/09\/buho\/","url_meta":{"origin":5019,"position":2},"title":"B\u00faho","author":"Pepe Barrascout Ortiz","date":"9 febrero 2008","format":false,"excerpt":"Con la caracter\u00edstica \u00fanica que tienen los b\u00fahos, te has identificado y te hace ser grande, inteligente, sab\u00eda y naturalmente bella. Feliz Cumplea\u00f1os Ileanita, tu b\u00faho siempre me acompa\u00f1a. Te quiero mucho.","rel":"","context":"En \u00abLimones\u00bb","block_context":{"text":"Limones","link":"https:\/\/quechilero.com\/blog\/category\/limones\/"},"img":{"alt_text":"Ileana Cano B\u00faho","src":"https:\/\/i0.wp.com\/img141.imageshack.us\/img141\/8009\/photocontestowldx0.jpg?resize=350%2C200","width":350,"height":200,"srcset":"https:\/\/i0.wp.com\/img141.imageshack.us\/img141\/8009\/photocontestowldx0.jpg?resize=350%2C200 1x, https:\/\/i0.wp.com\/img141.imageshack.us\/img141\/8009\/photocontestowldx0.jpg?resize=525%2C300 1.5x"},"classes":[]},{"id":3878,"url":"https:\/\/quechilero.com\/blog\/2009\/10\/31\/halloween-y-los-ovnis-en-guatemala\/","url_meta":{"origin":5019,"position":3},"title":"Halloween y los Ovnis en Guatemala","author":"Pepe Barrascout Ortiz","date":"31 octubre 2009","format":false,"excerpt":"Sin entrar a discutir sobre los or\u00edgenes del Hallowen, aprovechando el d\u00eda y que como muchas otros d\u00edas festivos, este tambi\u00e9n ha sido absorbido por el consumismo que devora todo lo que encuentra a su paso. A estas alturas, ya dej\u00f3 de ser lo que en un momento fue, perdi\u00f3\u2026","rel":"","context":"En \u00abLimones\u00bb","block_context":{"text":"Limones","link":"https:\/\/quechilero.com\/blog\/category\/limones\/"},"img":{"alt_text":"","src":"","width":0,"height":0},"classes":[]},{"id":24144,"url":"https:\/\/quechilero.com\/blog\/2012\/04\/16\/podcast-las-6-de-la-manana-episodio-551\/","url_meta":{"origin":5019,"position":4},"title":"Podcast: Las 6 de la ma\u00f1ana, episodio 551","author":"Pepe Barrascout Ortiz","date":"16 abril 2012","format":false,"excerpt":"Bienvenidos al quingent\u00e9simo quincuag\u00e9simo primer episodio de\u00a0\u201cLas \u00a06 de la ma\u00f1ana\u201d, un podcast que trae 6 canciones, para que iniciemos el d\u00eda, de forma positiva y con \u00e1nimo. El listado para hoy es: Artista \/ Tema 01- A.y.b-Lach done 02- Cheb Nassim-Achkake (cheb nassim) 03- Tapage Nocturne-Tapage nocturne 04- Liquid\u2026","rel":"","context":"En \u00abLas 6 de la ma\u00f1ana\u00bb","block_context":{"text":"Las 6 de la ma\u00f1ana","link":"https:\/\/quechilero.com\/blog\/category\/podcast\/las-6-de-la-manana\/"},"img":{"alt_text":"","src":"https:\/\/i0.wp.com\/quechilero.com\/blog\/imagenes\/las6am.jpg?fit=620%2C350&ssl=1&resize=350%2C200","width":350,"height":200,"srcset":"https:\/\/i0.wp.com\/quechilero.com\/blog\/imagenes\/las6am.jpg?fit=620%2C350&ssl=1&resize=350%2C200 1x, https:\/\/i0.wp.com\/quechilero.com\/blog\/imagenes\/las6am.jpg?fit=620%2C350&ssl=1&resize=525%2C300 1.5x"},"classes":[]},{"id":2397,"url":"https:\/\/quechilero.com\/blog\/2009\/02\/09\/buho-2\/","url_meta":{"origin":5019,"position":5},"title":"B\u00faho","author":"Pepe Barrascout Ortiz","date":"9 febrero 2009","format":false,"excerpt":"Sabidur\u00eda, inteligencia, liderazgo, desinibida, aventurera, son solo algunas de las tantas cualidades y caracter\u00edsticas que te definen y te describen, saber que he sido beneficiario de todas esas cualidades, me hace sentir muy dichoso e importante. Gracias por haber nacido, gracias por compartir todo lo que te define conmigo. Ileanita,\u2026","rel":"","context":"En \u00abLimones\u00bb","block_context":{"text":"Limones","link":"https:\/\/quechilero.com\/blog\/category\/limones\/"},"img":{"alt_text":"","src":"https:\/\/i0.wp.com\/img11.imageshack.us\/img11\/359\/1396401159561ea960dfi7.jpg?resize=350%2C200","width":350,"height":200},"classes":[]}],"jetpack_featured_media_url":"","_links":{"self":[{"href":"https:\/\/quechilero.com\/blog\/wp-json\/wp\/v2\/posts\/5019","targetHints":{"allow":["GET"]}}],"collection":[{"href":"https:\/\/quechilero.com\/blog\/wp-json\/wp\/v2\/posts"}],"about":[{"href":"https:\/\/quechilero.com\/blog\/wp-json\/wp\/v2\/types\/post"}],"author":[{"embeddable":true,"href":"https:\/\/quechilero.com\/blog\/wp-json\/wp\/v2\/users\/1"}],"replies":[{"embeddable":true,"href":"https:\/\/quechilero.com\/blog\/wp-json\/wp\/v2\/comments?post=5019"}],"version-history":[{"count":0,"href":"https:\/\/quechilero.com\/blog\/wp-json\/wp\/v2\/posts\/5019\/revisions"}],"wp:attachment":[{"href":"https:\/\/quechilero.com\/blog\/wp-json\/wp\/v2\/media?parent=5019"}],"wp:term":[{"taxonomy":"category","embeddable":true,"href":"https:\/\/quechilero.com\/blog\/wp-json\/wp\/v2\/categories?post=5019"},{"taxonomy":"post_tag","embeddable":true,"href":"https:\/\/quechilero.com\/blog\/wp-json\/wp\/v2\/tags?post=5019"},{"taxonomy":"series","embeddable":true,"href":"https:\/\/quechilero.com\/blog\/wp-json\/wp\/v2\/series?post=5019"}],"curies":[{"name":"wp","href":"https:\/\/api.w.org\/{rel}","templated":true}]}}