{"id":50,"date":"2006-08-02T00:00:31","date_gmt":"2006-08-02T06:00:31","guid":{"rendered":"http:\/\/quechilero.com\/blog\/2006\/08\/02\/la-pagina-mas-larga-del-mundo\/"},"modified":"2006-08-02T00:00:31","modified_gmt":"2006-08-02T06:00:31","slug":"la-pagina-mas-larga-del-mundo","status":"publish","type":"post","link":"https:\/\/quechilero.com\/blog\/2006\/08\/02\/la-pagina-mas-larga-del-mundo\/","title":{"rendered":"La p\u00e1gina m\u00e1s larga del mundo"},"content":{"rendered":"<p>Se han organizado un grupo de artistas que tienen la idea de crear la p\u00e1gina m\u00e1s larga del mundo.<\/p>\n<p>Esta p\u00e1gina se desplaza en forma horizontal y est\u00e1 conformada por im\u00e1genes, que l\u00f3gicamente se entrelazan una con otra, as\u00ed que cada persona que env\u00eda una imagen, debe analizar la anterior para que la suya se acople perfectamente y de la sensaci\u00f3n de ser la misma.<\/p>\n<p>A la fecha cuenta con 103 imagenes de 62 artistas y colaboradores que da un largo de 21.79 metros (<a href=\"http:\/\/www.google.com.gt\/search?hl=es&#038;q=71.52+ft+to+m&#038;btnG=B%C3%BAsqueda&#038;lr=\" target=\"_blank\">71.52 pies<\/a>).<\/p>\n<p>Las imagenes son principalmente ilustraciones y composiciones fotogr\u00e1ficas realmente muy buenas.<\/p>\n<p>Puedes ver m\u00e1s informaci\u00f3n en: <a href=\"http:\/\/www.bluesfear.com\" target=\"_blank\">http:\/\/www.bluesfear.com<\/a><br \/>\nPuedes ver la p\u00e1gina m\u00e1s larga en: <a href=\"http:\/\/worm.bluesfear.com\/index2.html\" target=\"_blank\">http:\/\/worm.bluesfear.com\/index2.html<\/a><\/p>\n","protected":false},"excerpt":{"rendered":"<p>Se han organizado un grupo de artistas que tienen la idea de crear la p\u00e1gina m\u00e1s larga del mundo. Esta p\u00e1gina se desplaza en forma horizontal y est\u00e1 conformada por im\u00e1genes, que l\u00f3gicamente se entrelazan una con otra, as\u00ed que cada persona que env\u00eda una imagen, debe analizar la anterior para que la suya se &#8230; <a title=\"La p\u00e1gina m\u00e1s larga del mundo\" class=\"read-more\" href=\"https:\/\/quechilero.com\/blog\/2006\/08\/02\/la-pagina-mas-larga-del-mundo\/\" aria-label=\"Leer m\u00e1s sobre La p\u00e1gina m\u00e1s larga del mundo\">Leer m\u00e1s<\/a><\/p>\n","protected":false},"author":1,"featured_media":0,"comment_status":"open","ping_status":"open","sticky":false,"template":"","format":"standard","meta":{"advanced_seo_description":"","jetpack_seo_html_title":"","jetpack_seo_noindex":false,"jetpack_seo_schema_type":"","episode_type":"","audio_file":"","podmotor_file_id":"","podmotor_episode_id":"","cover_image":"","cover_image_id":"","duration":"","filesize":"","filesize_raw":"","date_recorded":"","explicit":"","block":"","_jetpack_newsletter_access":"","_jetpack_dont_email_post_to_subs":false,"_jetpack_newsletter_tier_id":0,"_jetpack_memberships_contains_paywalled_content":false,"_jetpack_feature_clip_id":0,"_jetpack_memberships_contains_paid_content":false,"footnotes":"","jetpack_publicize_message":"","jetpack_publicize_feature_enabled":true,"jetpack_social_post_already_shared":false,"jetpack_social_options":{"image_generator_settings":{"template":"highway","default_image_id":0,"font":"","enabled":false},"version":2},"jetpack_post_was_ever_published":false},"categories":[2],"tags":[9],"series":[],"class_list":["post-50","post","type-post","status-publish","format-standard","hentry","category-limones","tag-idea"],"episode_featured_image":false,"episode_player_image":"https:\/\/i0.wp.com\/quechilero.com\/blog\/imagenes\/podcast.png?fit=1831%2C1831&ssl=1","download_link":"","player_link":"","audio_player":false,"episode_data":{"playerMode":"dark","subscribeUrls":{"amazon":{"key":"amazon","url":"","label":"Amazon","class":"amazon","icon":"amazon.png"},"apple_podcasts":{"key":"apple_podcasts","url":"","label":"Apple Podcasts","class":"apple_podcasts","icon":"apple-podcasts.png"},"castbox":{"key":"castbox","url":"","label":"CastBox","class":"castbox","icon":"castbox.png"},"deezer":{"key":"deezer","url":"","label":"Deezer","class":"deezer","icon":"deezer.png"},"google_podcasts":{"key":"google_podcasts","url":"","label":"Google Podcasts","class":"google_podcasts","icon":"google-podcasts.png"},"listen_notes":{"key":"listen_notes","url":"","label":"Listen Notes","class":"listen_notes","icon":"listen-notes.png"},"pandora":{"key":"pandora","url":"","label":"Pandora","class":"pandora","icon":"pandora.png"},"podbean":{"key":"podbean","url":"","label":"Podbean","class":"podbean","icon":"podbean.png"},"podcast_republic":{"key":"podcast_republic","url":"","label":"Podcast Republic","class":"podcast_republic","icon":"podcast-republic.png"},"rss":{"key":"rss","url":"","label":"RSS","class":"rss","icon":"rss.png"},"spotify":{"key":"spotify","url":"","label":"Spotify","class":"spotify","icon":"spotify.png"},"stitcher":{"key":"stitcher","url":"","label":"Stitcher","class":"stitcher","icon":"stitcher.png"},"tunein":{"key":"tunein","url":"","label":"TuneIn","class":"tunein","icon":"tunein.png"},"youtube":{"key":"youtube","url":"","label":"YouTube","class":"youtube","icon":"youtube.png"},"iheartradio":{"key":"iheartradio","url":"","label":"iHeartRadio","class":"iheartradio","icon":"iheartradio.png"},"ivoox":{"key":"ivoox","url":"","label":"iVoox","class":"ivoox","icon":"ivoox.png"}},"rssFeedUrl":"https:\/\/quechilero.com\/blog\/feed\/podcast\/si-la-vida-nos-da-limones","embedCode":"<blockquote class=\"wp-embedded-content\" data-secret=\"wY9yRFzUjE\"><a href=\"https:\/\/quechilero.com\/blog\/2006\/08\/02\/la-pagina-mas-larga-del-mundo\/\">La p\u00e1gina m\u00e1s larga del mundo<\/a><\/blockquote><iframe sandbox=\"allow-scripts\" security=\"restricted\" src=\"https:\/\/quechilero.com\/blog\/2006\/08\/02\/la-pagina-mas-larga-del-mundo\/embed\/#?secret=wY9yRFzUjE\" width=\"500\" height=\"350\" title=\"\u00abLa p\u00e1gina m\u00e1s larga del mundo\u00bb \u2014 Si la Vida nos da Limones...\" data-secret=\"wY9yRFzUjE\" frameborder=\"0\" marginwidth=\"0\" marginheight=\"0\" scrolling=\"no\" class=\"wp-embedded-content\"><\/iframe><script>\n\/*! This file is auto-generated *\/\n!function(d,l){\"use strict\";l.querySelector&&d.addEventListener&&\"undefined\"!=typeof URL&&(d.wp=d.wp||{},d.wp.receiveEmbedMessage||(d.wp.receiveEmbedMessage=function(e){var t=e.data;if((t||t.secret||t.message||t.value)&&!\/[^a-zA-Z0-9]\/.test(t.secret)){for(var s,r,n,a=l.querySelectorAll('iframe[data-secret=\"'+t.secret+'\"]'),o=l.querySelectorAll('blockquote[data-secret=\"'+t.secret+'\"]'),c=new RegExp(\"^https?:$\",\"i\"),i=0;i<o.length;i++)o[i].style.display=\"none\";for(i=0;i<a.length;i++)s=a[i],e.source===s.contentWindow&&(s.removeAttribute(\"style\"),\"height\"===t.message?(1e3<(r=parseInt(t.value,10))?r=1e3:~~r<200&&(r=200),s.height=r):\"link\"===t.message&&(r=new URL(s.getAttribute(\"src\")),n=new URL(t.value),c.test(n.protocol))&&n.host===r.host&&l.activeElement===s&&(d.top.location.href=t.value))}},d.addEventListener(\"message\",d.wp.receiveEmbedMessage,!1),l.addEventListener(\"DOMContentLoaded\",function(){for(var e,t,s=l.querySelectorAll(\"iframe.wp-embedded-content\"),r=0;r<s.length;r++)(t=(e=s[r]).getAttribute(\"data-secret\"))||(t=Math.random().toString(36).substring(2,12),e.src+=\"#?secret=\"+t,e.setAttribute(\"data-secret\",t)),e.contentWindow.postMessage({message:\"ready\",secret:t},\"*\")},!1)))}(window,document);\n\/\/# sourceURL=https:\/\/quechilero.com\/blog\/wp-includes\/js\/wp-embed.min.js\n<\/script>\n"},"jetpack_publicize_connections":[],"jetpack_shortlink":"https:\/\/wp.me\/pDKli-O","jetpack_sharing_enabled":true,"jetpack-related-posts":[{"id":14,"url":"https:\/\/quechilero.com\/blog\/2006\/06\/21\/screenshots\/","url_meta":{"origin":50,"position":0},"title":"Screenshots","author":"Pepe Barrascout Ortiz","date":"21 junio 2006","format":false,"excerpt":"Muchas veces no sabemos como se ver\u00e1 nuestra p\u00e1gina web en los distintos navegadores, IE, FireFox, Mozilla, Opera, Netscape, etc y generalmente no tenemos todos instalados en nuestra computadora, as\u00ed que siempre, como dise\u00f1adores nos queda la duda. Sin embargo hay una p\u00e1gina que se encarga de tomarle una fotograf\u00eda\u2026","rel":"","context":"En \u00abLimones\u00bb","block_context":{"text":"Limones","link":"https:\/\/quechilero.com\/blog\/category\/limones\/"},"img":{"alt_text":"","src":"","width":0,"height":0},"classes":[]},{"id":11543,"url":"https:\/\/quechilero.com\/blog\/2012\/06\/15\/fotografia-conceptual-sick\/","url_meta":{"origin":50,"position":1},"title":"Fotograf\u00eda Conceptual: Sick","author":"Pepe Barrascout Ortiz","date":"15 junio 2012","format":false,"excerpt":"Como alguien ha dicho con raz\u00f3n, las im\u00e1genes hablan m\u00e1s que mil palabras. La fotograf\u00eda conceptual es un g\u00e9nero de fotograf\u00eda en la que los artistas hacen una fotograf\u00eda de un concepto o idea. Por lo general, la concepci\u00f3n de la idea precede a la realizaci\u00f3n de la fotograf\u00eda. Fotograf\u00eda\u2026","rel":"","context":"En \u00abLimones por mano\u00bb","block_context":{"text":"Limones por mano","link":"https:\/\/quechilero.com\/blog\/category\/limones-por-mano\/"},"img":{"alt_text":"","src":"","width":0,"height":0},"classes":[]},{"id":11553,"url":"https:\/\/quechilero.com\/blog\/2012\/08\/31\/fotografia-conceptual-fake\/","url_meta":{"origin":50,"position":2},"title":"Fotograf\u00eda Conceptual: Fake","author":"Pepe Barrascout Ortiz","date":"31 agosto 2012","format":false,"excerpt":"Como alguien ha dicho con raz\u00f3n, las im\u00e1genes hablan m\u00e1s que mil palabras. La fotograf\u00eda conceptual es un g\u00e9nero de fotograf\u00eda en la que los artistas hacen una fotograf\u00eda de un concepto o idea. Por lo general, la concepci\u00f3n de la idea precede a la realizaci\u00f3n de la fotograf\u00eda. Fotograf\u00eda\u2026","rel":"","context":"En \u00abLimones por mano\u00bb","block_context":{"text":"Limones por mano","link":"https:\/\/quechilero.com\/blog\/category\/limones-por-mano\/"},"img":{"alt_text":"","src":"","width":0,"height":0},"classes":[]},{"id":11557,"url":"https:\/\/quechilero.com\/blog\/2012\/09\/28\/fotografia-conceptual-a-conversation\/","url_meta":{"origin":50,"position":3},"title":"Fotograf\u00eda Conceptual: A Conversation","author":"Pepe Barrascout Ortiz","date":"28 septiembre 2012","format":false,"excerpt":"Como alguien ha dicho con raz\u00f3n, las im\u00e1genes hablan m\u00e1s que mil palabras. La fotograf\u00eda conceptual es un g\u00e9nero de fotograf\u00eda en la que los artistas hacen una fotograf\u00eda de un concepto o idea. Por lo general, la concepci\u00f3n de la idea precede a la realizaci\u00f3n de la fotograf\u00eda. Fotograf\u00eda\u2026","rel":"","context":"En \u00abLimones por mano\u00bb","block_context":{"text":"Limones por mano","link":"https:\/\/quechilero.com\/blog\/category\/limones-por-mano\/"},"img":{"alt_text":"","src":"","width":0,"height":0},"classes":[]},{"id":11559,"url":"https:\/\/quechilero.com\/blog\/2012\/10\/12\/fotografia-conceptual-freedom\/","url_meta":{"origin":50,"position":4},"title":"Fotograf\u00eda Conceptual: Freedom","author":"Pepe Barrascout Ortiz","date":"12 octubre 2012","format":false,"excerpt":"Como alguien ha dicho con raz\u00f3n, las im\u00e1genes hablan m\u00e1s que mil palabras. La fotograf\u00eda conceptual es un g\u00e9nero de fotograf\u00eda en la que los artistas hacen una fotograf\u00eda de un concepto o idea. Por lo general, la concepci\u00f3n de la idea precede a la realizaci\u00f3n de la fotograf\u00eda. Fotograf\u00eda\u2026","rel":"","context":"En \u00abLimones por mano\u00bb","block_context":{"text":"Limones por mano","link":"https:\/\/quechilero.com\/blog\/category\/limones-por-mano\/"},"img":{"alt_text":"","src":"","width":0,"height":0},"classes":[]},{"id":11560,"url":"https:\/\/quechilero.com\/blog\/2012\/10\/26\/fotografia-conceptual-brainstorm\/","url_meta":{"origin":50,"position":5},"title":"Fotograf\u00eda Conceptual: Brainstorm","author":"Pepe Barrascout Ortiz","date":"26 octubre 2012","format":false,"excerpt":"Como alguien ha dicho con raz\u00f3n, las im\u00e1genes hablan m\u00e1s que mil palabras. La fotograf\u00eda conceptual es un g\u00e9nero de fotograf\u00eda en la que los artistas hacen una fotograf\u00eda de un concepto o idea. Por lo general, la concepci\u00f3n de la idea precede a la realizaci\u00f3n de la fotograf\u00eda. Fotograf\u00eda\u2026","rel":"","context":"En \u00abLimones por mano\u00bb","block_context":{"text":"Limones por mano","link":"https:\/\/quechilero.com\/blog\/category\/limones-por-mano\/"},"img":{"alt_text":"","src":"","width":0,"height":0},"classes":[]}],"jetpack_featured_media_url":"","_links":{"self":[{"href":"https:\/\/quechilero.com\/blog\/wp-json\/wp\/v2\/posts\/50","targetHints":{"allow":["GET"]}}],"collection":[{"href":"https:\/\/quechilero.com\/blog\/wp-json\/wp\/v2\/posts"}],"about":[{"href":"https:\/\/quechilero.com\/blog\/wp-json\/wp\/v2\/types\/post"}],"author":[{"embeddable":true,"href":"https:\/\/quechilero.com\/blog\/wp-json\/wp\/v2\/users\/1"}],"replies":[{"embeddable":true,"href":"https:\/\/quechilero.com\/blog\/wp-json\/wp\/v2\/comments?post=50"}],"version-history":[{"count":0,"href":"https:\/\/quechilero.com\/blog\/wp-json\/wp\/v2\/posts\/50\/revisions"}],"wp:attachment":[{"href":"https:\/\/quechilero.com\/blog\/wp-json\/wp\/v2\/media?parent=50"}],"wp:term":[{"taxonomy":"category","embeddable":true,"href":"https:\/\/quechilero.com\/blog\/wp-json\/wp\/v2\/categories?post=50"},{"taxonomy":"post_tag","embeddable":true,"href":"https:\/\/quechilero.com\/blog\/wp-json\/wp\/v2\/tags?post=50"},{"taxonomy":"series","embeddable":true,"href":"https:\/\/quechilero.com\/blog\/wp-json\/wp\/v2\/series?post=50"}],"curies":[{"name":"wp","href":"https:\/\/api.w.org\/{rel}","templated":true}]}}