{"id":499,"date":"2007-03-22T11:15:22","date_gmt":"2007-03-22T17:15:22","guid":{"rendered":"http:\/\/www.quechilero.com\/blog\/2007\/03\/22\/forma-de-enfrentar-la-vida\/"},"modified":"2007-03-22T11:15:22","modified_gmt":"2007-03-22T17:15:22","slug":"forma-de-enfrentar-la-vida","status":"publish","type":"post","link":"https:\/\/quechilero.com\/blog\/2007\/03\/22\/forma-de-enfrentar-la-vida\/","title":{"rendered":"Forma de enfrentar la vida"},"content":{"rendered":"<p>Ser\u00eda arrogancia esperar que la vida siempre fuera m\u00fasica, y falso orgullo exigir que nos dieran su partitura. La armon\u00eda, como ir viento en popa en alta mar, constituye una excepci\u00f3n. En un mundo donde casi todo se rompe o se pierde, nuestro destino consiste en variar seg\u00fan sople el viento, y no desafinar.<\/p>\n<p><em>Harvey Oxenhorn<\/em><\/p>\n","protected":false},"excerpt":{"rendered":"<p>Ser\u00eda arrogancia esperar que la vida siempre fuera m\u00fasica, y falso orgullo exigir que nos dieran su partitura. La armon\u00eda, como ir viento en popa en alta mar, constituye una excepci\u00f3n. En un mundo donde casi todo se rompe o se pierde, nuestro destino consiste en variar seg\u00fan sople el viento, y no desafinar. Harvey &#8230; <a title=\"Forma de enfrentar la vida\" class=\"read-more\" href=\"https:\/\/quechilero.com\/blog\/2007\/03\/22\/forma-de-enfrentar-la-vida\/\" aria-label=\"Leer m\u00e1s sobre Forma de enfrentar la vida\">Leer m\u00e1s<\/a><\/p>\n","protected":false},"author":1,"featured_media":0,"comment_status":"open","ping_status":"open","sticky":false,"template":"","format":"standard","meta":{"advanced_seo_description":"","jetpack_seo_html_title":"","jetpack_seo_noindex":false,"jetpack_seo_schema_type":"","episode_type":"","audio_file":"","podmotor_file_id":"","podmotor_episode_id":"","cover_image":"","cover_image_id":"","duration":"","filesize":"","filesize_raw":"","date_recorded":"","explicit":"","block":"","_jetpack_newsletter_access":"","_jetpack_dont_email_post_to_subs":false,"_jetpack_newsletter_tier_id":0,"_jetpack_memberships_contains_paywalled_content":false,"_jetpack_feature_clip_id":0,"_jetpack_memberships_contains_paid_content":false,"footnotes":"","jetpack_publicize_message":"","jetpack_publicize_feature_enabled":true,"jetpack_social_post_already_shared":false,"jetpack_social_options":{"image_generator_settings":{"template":"highway","default_image_id":0,"font":"","enabled":false},"version":2},"jetpack_post_was_ever_published":false},"categories":[2],"tags":[24],"series":[],"class_list":["post-499","post","type-post","status-publish","format-standard","hentry","category-limones","tag-vida"],"episode_featured_image":false,"episode_player_image":"https:\/\/i0.wp.com\/quechilero.com\/blog\/imagenes\/podcast.png?fit=1831%2C1831&ssl=1","download_link":"","player_link":"","audio_player":false,"episode_data":{"playerMode":"dark","subscribeUrls":{"amazon":{"key":"amazon","url":"","label":"Amazon","class":"amazon","icon":"amazon.png"},"apple_podcasts":{"key":"apple_podcasts","url":"","label":"Apple Podcasts","class":"apple_podcasts","icon":"apple-podcasts.png"},"castbox":{"key":"castbox","url":"","label":"CastBox","class":"castbox","icon":"castbox.png"},"deezer":{"key":"deezer","url":"","label":"Deezer","class":"deezer","icon":"deezer.png"},"google_podcasts":{"key":"google_podcasts","url":"","label":"Google Podcasts","class":"google_podcasts","icon":"google-podcasts.png"},"listen_notes":{"key":"listen_notes","url":"","label":"Listen Notes","class":"listen_notes","icon":"listen-notes.png"},"pandora":{"key":"pandora","url":"","label":"Pandora","class":"pandora","icon":"pandora.png"},"podbean":{"key":"podbean","url":"","label":"Podbean","class":"podbean","icon":"podbean.png"},"podcast_republic":{"key":"podcast_republic","url":"","label":"Podcast Republic","class":"podcast_republic","icon":"podcast-republic.png"},"rss":{"key":"rss","url":"","label":"RSS","class":"rss","icon":"rss.png"},"spotify":{"key":"spotify","url":"","label":"Spotify","class":"spotify","icon":"spotify.png"},"stitcher":{"key":"stitcher","url":"","label":"Stitcher","class":"stitcher","icon":"stitcher.png"},"tunein":{"key":"tunein","url":"","label":"TuneIn","class":"tunein","icon":"tunein.png"},"youtube":{"key":"youtube","url":"","label":"YouTube","class":"youtube","icon":"youtube.png"},"iheartradio":{"key":"iheartradio","url":"","label":"iHeartRadio","class":"iheartradio","icon":"iheartradio.png"},"ivoox":{"key":"ivoox","url":"","label":"iVoox","class":"ivoox","icon":"ivoox.png"}},"rssFeedUrl":"https:\/\/quechilero.com\/blog\/feed\/podcast\/si-la-vida-nos-da-limones","embedCode":"<blockquote class=\"wp-embedded-content\" data-secret=\"UZyKdxjbZz\"><a href=\"https:\/\/quechilero.com\/blog\/2007\/03\/22\/forma-de-enfrentar-la-vida\/\">Forma de enfrentar la vida<\/a><\/blockquote><iframe sandbox=\"allow-scripts\" security=\"restricted\" src=\"https:\/\/quechilero.com\/blog\/2007\/03\/22\/forma-de-enfrentar-la-vida\/embed\/#?secret=UZyKdxjbZz\" width=\"500\" height=\"350\" title=\"\u00abForma de enfrentar la vida\u00bb \u2014 Si la Vida nos da Limones...\" data-secret=\"UZyKdxjbZz\" frameborder=\"0\" marginwidth=\"0\" marginheight=\"0\" scrolling=\"no\" class=\"wp-embedded-content\"><\/iframe><script>\n\/*! This file is auto-generated *\/\n!function(d,l){\"use strict\";l.querySelector&&d.addEventListener&&\"undefined\"!=typeof URL&&(d.wp=d.wp||{},d.wp.receiveEmbedMessage||(d.wp.receiveEmbedMessage=function(e){var t=e.data;if((t||t.secret||t.message||t.value)&&!\/[^a-zA-Z0-9]\/.test(t.secret)){for(var s,r,n,a=l.querySelectorAll('iframe[data-secret=\"'+t.secret+'\"]'),o=l.querySelectorAll('blockquote[data-secret=\"'+t.secret+'\"]'),c=new RegExp(\"^https?:$\",\"i\"),i=0;i<o.length;i++)o[i].style.display=\"none\";for(i=0;i<a.length;i++)s=a[i],e.source===s.contentWindow&&(s.removeAttribute(\"style\"),\"height\"===t.message?(1e3<(r=parseInt(t.value,10))?r=1e3:~~r<200&&(r=200),s.height=r):\"link\"===t.message&&(r=new URL(s.getAttribute(\"src\")),n=new URL(t.value),c.test(n.protocol))&&n.host===r.host&&l.activeElement===s&&(d.top.location.href=t.value))}},d.addEventListener(\"message\",d.wp.receiveEmbedMessage,!1),l.addEventListener(\"DOMContentLoaded\",function(){for(var e,t,s=l.querySelectorAll(\"iframe.wp-embedded-content\"),r=0;r<s.length;r++)(t=(e=s[r]).getAttribute(\"data-secret\"))||(t=Math.random().toString(36).substring(2,12),e.src+=\"#?secret=\"+t,e.setAttribute(\"data-secret\",t)),e.contentWindow.postMessage({message:\"ready\",secret:t},\"*\")},!1)))}(window,document);\n\/\/# sourceURL=https:\/\/quechilero.com\/blog\/wp-includes\/js\/wp-embed.min.js\n<\/script>\n"},"jetpack_publicize_connections":[],"jetpack_shortlink":"https:\/\/wp.me\/pDKli-83","jetpack_sharing_enabled":true,"jetpack-related-posts":[{"id":1670,"url":"https:\/\/quechilero.com\/blog\/2008\/09\/15\/libre-al-viento-tu-hermosa-bandera\/","url_meta":{"origin":499,"position":0},"title":"Libre al viento, tu hermosa bandera","author":"Pepe Barrascout Ortiz","date":"15 septiembre 2008","format":false,"excerpt":"Para reflexionar un poco en este d\u00eda, sobre nuestro trabajo en la sociedad, para con nuestros semejantes y para con el mundo. Si trabajamos todos juntos, se puede lograr mas que si cada quien lo hace separado, si ayudamos a los dem\u00e1s, ganamos mas, que si no lo hacemos, construyamos\u2026","rel":"","context":"En \u00abLimones\u00bb","block_context":{"text":"Limones","link":"https:\/\/quechilero.com\/blog\/category\/limones\/"},"img":{"alt_text":"","src":"https:\/\/i0.wp.com\/img357.imageshack.us\/img357\/3079\/bandera11vg8.png?resize=350%2C200","width":350,"height":200},"classes":[]},{"id":16669,"url":"https:\/\/quechilero.com\/blog\/2013\/04\/25\/como-cometa\/","url_meta":{"origin":499,"position":1},"title":"Como cometa","author":"Pepe Barrascout Ortiz","date":"25 abril 2013","format":false,"excerpt":"\u00bfHas visto a una cometa volar en el viento? La cometa no va a volar a menos que est\u00e9 asociada al cordel. El cordel y la cometa van juntos en yugo. No puedes cortar el cordel y esperar que la cometa vuele alto hacia el cielo, pues pronto caer\u00e1 al\u2026","rel":"","context":"En \u00abLimones\u00bb","block_context":{"text":"Limones","link":"https:\/\/quechilero.com\/blog\/category\/limones\/"},"img":{"alt_text":"","src":"","width":0,"height":0},"classes":[]},{"id":6208,"url":"https:\/\/quechilero.com\/blog\/2010\/12\/10\/el-mas-fuerte\/","url_meta":{"origin":499,"position":2},"title":"El m\u00e1s fuerte","author":"Pepe Barrascout Ortiz","date":"10 diciembre 2010","format":false,"excerpt":"Un d\u00eda, la piedra dijo: \"\u00a1Soy el m\u00e1s fuerte!\". Oyendo eso, el hierro dijo: \"\u00a1Soy m\u00e1s fuerte que t\u00fa! \u00bfQuieres verlo?\". Entonces, los dos lucharon hasta que la piedra se convirti\u00f3 en polvo. El hierro dijo a su vez: \"\u00a1Yo soy el m\u00e1s fuerte!\". Oyendo eso, el fuego dijo: \"\u00a1Yo\u2026","rel":"","context":"En \u00abLimones\u00bb","block_context":{"text":"Limones","link":"https:\/\/quechilero.com\/blog\/category\/limones\/"},"img":{"alt_text":"","src":"","width":0,"height":0},"classes":[]},{"id":529,"url":"https:\/\/quechilero.com\/blog\/2007\/04\/25\/raices-profundas\/","url_meta":{"origin":499,"position":3},"title":"Ra\u00edces profundas","author":"Pepe Barrascout Ortiz","date":"25 abril 2007","format":false,"excerpt":"Tiempo atr\u00e1s, yo era vecino de un m\u00e9dico, cuyo \"hobby\" era plantar \u00e1rboles en el enorme patio de su casa. A veces observaba, desde mi ventana, su esfuerzo por plantar \u00e1rboles y m\u00e1s \u00e1rboles, todos los d\u00edas. Lo que m\u00e1s llamaba mi atenci\u00f3n, entretanto, era el hecho de que \u00e9l\u2026","rel":"","context":"En \u00abLimones\u00bb","block_context":{"text":"Limones","link":"https:\/\/quechilero.com\/blog\/category\/limones\/"},"img":{"alt_text":"","src":"","width":0,"height":0},"classes":[]},{"id":17149,"url":"https:\/\/quechilero.com\/blog\/2013\/09\/27\/superficial\/","url_meta":{"origin":499,"position":4},"title":"Superficial","author":"Pepe Barrascout Ortiz","date":"27 septiembre 2013","format":false,"excerpt":"La superficialidad es la moda del sistema actual... Lo aparente y visible \u00a1es lo que m\u00e1s importa hoy en d\u00eda! Lo peor del caso es que todo se va derrumbando poco a poco, pues no hay base que sustente en la profundidad. El ser humano ha luchado toda su vida\u2026","rel":"","context":"En \u00abLimones\u00bb","block_context":{"text":"Limones","link":"https:\/\/quechilero.com\/blog\/category\/limones\/"},"img":{"alt_text":"","src":"","width":0,"height":0},"classes":[]},{"id":18741,"url":"https:\/\/quechilero.com\/blog\/2014\/08\/15\/la-mision\/","url_meta":{"origin":499,"position":5},"title":"La misi\u00f3n","author":"Pepe Barrascout Ortiz","date":"15 agosto 2014","format":false,"excerpt":"Los te\u00f3logos antiguos dec\u00edan: el alma es una especie de barca de vela; el Esp\u00edritu Santo es el viento que sopla la vela para hacerla avanzar; la fuerza y el \u00edmpetu del viento son los dones del Esp\u00edritu. Sin su fuerza, sin su gracia, no ir\u00edamos adelante. El Esp\u00edritu Santo\u2026","rel":"","context":"En \u00abLimones\u00bb","block_context":{"text":"Limones","link":"https:\/\/quechilero.com\/blog\/category\/limones\/"},"img":{"alt_text":"","src":"","width":0,"height":0},"classes":[]}],"jetpack_featured_media_url":"","_links":{"self":[{"href":"https:\/\/quechilero.com\/blog\/wp-json\/wp\/v2\/posts\/499","targetHints":{"allow":["GET"]}}],"collection":[{"href":"https:\/\/quechilero.com\/blog\/wp-json\/wp\/v2\/posts"}],"about":[{"href":"https:\/\/quechilero.com\/blog\/wp-json\/wp\/v2\/types\/post"}],"author":[{"embeddable":true,"href":"https:\/\/quechilero.com\/blog\/wp-json\/wp\/v2\/users\/1"}],"replies":[{"embeddable":true,"href":"https:\/\/quechilero.com\/blog\/wp-json\/wp\/v2\/comments?post=499"}],"version-history":[{"count":0,"href":"https:\/\/quechilero.com\/blog\/wp-json\/wp\/v2\/posts\/499\/revisions"}],"wp:attachment":[{"href":"https:\/\/quechilero.com\/blog\/wp-json\/wp\/v2\/media?parent=499"}],"wp:term":[{"taxonomy":"category","embeddable":true,"href":"https:\/\/quechilero.com\/blog\/wp-json\/wp\/v2\/categories?post=499"},{"taxonomy":"post_tag","embeddable":true,"href":"https:\/\/quechilero.com\/blog\/wp-json\/wp\/v2\/tags?post=499"},{"taxonomy":"series","embeddable":true,"href":"https:\/\/quechilero.com\/blog\/wp-json\/wp\/v2\/series?post=499"}],"curies":[{"name":"wp","href":"https:\/\/api.w.org\/{rel}","templated":true}]}}