{"id":497,"date":"2007-03-19T11:13:23","date_gmt":"2007-03-19T17:13:23","guid":{"rendered":"http:\/\/www.quechilero.com\/blog\/2007\/03\/19\/cada-dia-que-vives\/"},"modified":"2007-03-19T11:13:23","modified_gmt":"2007-03-19T17:13:23","slug":"cada-dia-que-vives","status":"publish","type":"post","link":"https:\/\/quechilero.com\/blog\/2007\/03\/19\/cada-dia-que-vives\/","title":{"rendered":"Cada D\u00eda Que Vives"},"content":{"rendered":"<p>Cada d\u00eda que vives es una ocasi\u00f3n especial, por eso&#8230;Si\u00e9ntate en la terraza y admira la vista sin fijarte \u00fanicamente en las malas hierbas. Pasa m\u00e1s tiempo con tu familia y amigos y menos tiempo trabajando. La vida es una sucesi\u00f3n de experiencias para disfrutar no para sobrevivir&#8230;Usa tus copas de cristal, ponte tu nueva ropa para ir al supermercado.<\/p>\n<p>No guardes tu mejor perfume para esa fiesta especial, \u00fasalo cada vez que te den ganas de hacerlo. Las frases \u00abalg\u00fan d\u00eda\u00bb, \u00abuno de estos d\u00edas\u00bb&#8230; qu\u00edtalas de tu vocabulario, Si vale la pena hacerlo, o\u00edrlo, verlo, quiero poder disfrutarlo ahora. Si supi\u00e9ramos el tiempo de vida que nos queda, seguramente desear\u00edamos estar con nuestros seres queridos, ir\u00edamos a comer nuestra comida preferida, visitar\u00edamos los sitios que amamos&#8230; Son peque\u00f1as cosas las que nos har\u00edan enojar si supi\u00e9ramos que nuestras horas est\u00e1n limitadas&#8230;<\/p>\n<p>Enojados porque dejamos de ver a nuestros mejores amigos, enojados porque no escribimos aquellas cartas que pens\u00e1bamos escribir \u00abuno de estos d\u00edas\u00bb, enojados y tristes porque no dijimos a nuestros padres, hermanos, hijos, sobrinos, amigos, cu\u00e1nto los queremos. Por eso&#8230; no intentes retardar o detener o guardar nada que agregar\u00eda risa y alegr\u00eda a tu vida, cada d\u00eda, hora, minuto, semana es especial&#8230; Si recibes esto es porque alguien te quiere, si est\u00e1s ocupado\/a para tomarte unos minutos para mandar este mensaje a alguien que tu quieras y te dices a ti mismo\/a que lo enviar\u00e1s \u00abuno de estos d\u00edas\u00bb&#8230; piensa que \u00abuno de estos d\u00edas\u00bb puede estar muy lejano o puede no llegar nunca.<\/p>\n","protected":false},"excerpt":{"rendered":"<p>Cada d\u00eda que vives es una ocasi\u00f3n especial, por eso&#8230;Si\u00e9ntate en la terraza y admira la vista sin fijarte \u00fanicamente en las malas hierbas. Pasa m\u00e1s tiempo con tu familia y amigos y menos tiempo trabajando. La vida es una sucesi\u00f3n de experiencias para disfrutar no para sobrevivir&#8230;Usa tus copas de cristal, ponte tu nueva &#8230; <a title=\"Cada D\u00eda Que Vives\" class=\"read-more\" href=\"https:\/\/quechilero.com\/blog\/2007\/03\/19\/cada-dia-que-vives\/\" aria-label=\"Leer m\u00e1s sobre Cada D\u00eda Que Vives\">Leer m\u00e1s<\/a><\/p>\n","protected":false},"author":1,"featured_media":0,"comment_status":"open","ping_status":"open","sticky":false,"template":"","format":"standard","meta":{"advanced_seo_description":"","jetpack_seo_html_title":"","jetpack_seo_noindex":false,"jetpack_seo_schema_type":"","episode_type":"","audio_file":"","podmotor_file_id":"","podmotor_episode_id":"","cover_image":"","cover_image_id":"","duration":"","filesize":"","filesize_raw":"","date_recorded":"","explicit":"","block":"","_jetpack_newsletter_access":"","_jetpack_dont_email_post_to_subs":false,"_jetpack_newsletter_tier_id":0,"_jetpack_memberships_contains_paywalled_content":false,"_jetpack_feature_clip_id":0,"_jetpack_memberships_contains_paid_content":false,"footnotes":"","jetpack_publicize_message":"","jetpack_publicize_feature_enabled":true,"jetpack_social_post_already_shared":false,"jetpack_social_options":{"image_generator_settings":{"template":"highway","default_image_id":0,"font":"","enabled":false},"version":2},"jetpack_post_was_ever_published":false},"categories":[2],"tags":[87,11,12,32,5,24],"series":[],"class_list":["post-497","post","type-post","status-publish","format-standard","hentry","category-limones","tag-alegria","tag-amigo","tag-cosas","tag-especial","tag-tiempo","tag-vida"],"episode_featured_image":false,"episode_player_image":"https:\/\/i0.wp.com\/quechilero.com\/blog\/imagenes\/podcast.png?fit=1831%2C1831&ssl=1","download_link":"","player_link":"","audio_player":false,"episode_data":{"playerMode":"dark","subscribeUrls":{"amazon":{"key":"amazon","url":"","label":"Amazon","class":"amazon","icon":"amazon.png"},"apple_podcasts":{"key":"apple_podcasts","url":"","label":"Apple Podcasts","class":"apple_podcasts","icon":"apple-podcasts.png"},"castbox":{"key":"castbox","url":"","label":"CastBox","class":"castbox","icon":"castbox.png"},"deezer":{"key":"deezer","url":"","label":"Deezer","class":"deezer","icon":"deezer.png"},"google_podcasts":{"key":"google_podcasts","url":"","label":"Google Podcasts","class":"google_podcasts","icon":"google-podcasts.png"},"listen_notes":{"key":"listen_notes","url":"","label":"Listen Notes","class":"listen_notes","icon":"listen-notes.png"},"pandora":{"key":"pandora","url":"","label":"Pandora","class":"pandora","icon":"pandora.png"},"podbean":{"key":"podbean","url":"","label":"Podbean","class":"podbean","icon":"podbean.png"},"podcast_republic":{"key":"podcast_republic","url":"","label":"Podcast Republic","class":"podcast_republic","icon":"podcast-republic.png"},"rss":{"key":"rss","url":"","label":"RSS","class":"rss","icon":"rss.png"},"spotify":{"key":"spotify","url":"","label":"Spotify","class":"spotify","icon":"spotify.png"},"stitcher":{"key":"stitcher","url":"","label":"Stitcher","class":"stitcher","icon":"stitcher.png"},"tunein":{"key":"tunein","url":"","label":"TuneIn","class":"tunein","icon":"tunein.png"},"youtube":{"key":"youtube","url":"","label":"YouTube","class":"youtube","icon":"youtube.png"},"iheartradio":{"key":"iheartradio","url":"","label":"iHeartRadio","class":"iheartradio","icon":"iheartradio.png"},"ivoox":{"key":"ivoox","url":"","label":"iVoox","class":"ivoox","icon":"ivoox.png"}},"rssFeedUrl":"https:\/\/quechilero.com\/blog\/feed\/podcast\/si-la-vida-nos-da-limones","embedCode":"<blockquote class=\"wp-embedded-content\" data-secret=\"HIxVg9c1Hf\"><a href=\"https:\/\/quechilero.com\/blog\/2007\/03\/19\/cada-dia-que-vives\/\">Cada D\u00eda Que Vives<\/a><\/blockquote><iframe sandbox=\"allow-scripts\" security=\"restricted\" src=\"https:\/\/quechilero.com\/blog\/2007\/03\/19\/cada-dia-que-vives\/embed\/#?secret=HIxVg9c1Hf\" width=\"500\" height=\"350\" title=\"\u00abCada D\u00eda Que Vives\u00bb \u2014 Si la Vida nos da Limones...\" data-secret=\"HIxVg9c1Hf\" frameborder=\"0\" marginwidth=\"0\" marginheight=\"0\" scrolling=\"no\" class=\"wp-embedded-content\"><\/iframe><script>\n\/*! This file is auto-generated *\/\n!function(d,l){\"use strict\";l.querySelector&&d.addEventListener&&\"undefined\"!=typeof URL&&(d.wp=d.wp||{},d.wp.receiveEmbedMessage||(d.wp.receiveEmbedMessage=function(e){var t=e.data;if((t||t.secret||t.message||t.value)&&!\/[^a-zA-Z0-9]\/.test(t.secret)){for(var s,r,n,a=l.querySelectorAll('iframe[data-secret=\"'+t.secret+'\"]'),o=l.querySelectorAll('blockquote[data-secret=\"'+t.secret+'\"]'),c=new RegExp(\"^https?:$\",\"i\"),i=0;i<o.length;i++)o[i].style.display=\"none\";for(i=0;i<a.length;i++)s=a[i],e.source===s.contentWindow&&(s.removeAttribute(\"style\"),\"height\"===t.message?(1e3<(r=parseInt(t.value,10))?r=1e3:~~r<200&&(r=200),s.height=r):\"link\"===t.message&&(r=new URL(s.getAttribute(\"src\")),n=new URL(t.value),c.test(n.protocol))&&n.host===r.host&&l.activeElement===s&&(d.top.location.href=t.value))}},d.addEventListener(\"message\",d.wp.receiveEmbedMessage,!1),l.addEventListener(\"DOMContentLoaded\",function(){for(var e,t,s=l.querySelectorAll(\"iframe.wp-embedded-content\"),r=0;r<s.length;r++)(t=(e=s[r]).getAttribute(\"data-secret\"))||(t=Math.random().toString(36).substring(2,12),e.src+=\"#?secret=\"+t,e.setAttribute(\"data-secret\",t)),e.contentWindow.postMessage({message:\"ready\",secret:t},\"*\")},!1)))}(window,document);\n\/\/# sourceURL=https:\/\/quechilero.com\/blog\/wp-includes\/js\/wp-embed.min.js\n<\/script>\n"},"jetpack_publicize_connections":[],"jetpack_shortlink":"https:\/\/wp.me\/pDKli-81","jetpack_sharing_enabled":true,"jetpack-related-posts":[{"id":500,"url":"https:\/\/quechilero.com\/blog\/2007\/03\/23\/cosas-maravillosas\/","url_meta":{"origin":497,"position":0},"title":"Cosas maravillosas","author":"Pepe Barrascout Ortiz","date":"23 marzo 2007","format":false,"excerpt":"Pocas veces en la vida suceden cosas maravillosas. Si no disfruta usted de levantarse cada ma\u00f1ana, trabajar y terminar la labor del d\u00eda y sentarse a comer en compa\u00f1\u00eda de su familia o amigos; probablemente no ser\u00e1 muy feliz. Si alguien basa su felicidad en que halla en su vida\u2026","rel":"","context":"En \u00abLimones\u00bb","block_context":{"text":"Limones","link":"https:\/\/quechilero.com\/blog\/category\/limones\/"},"img":{"alt_text":"","src":"","width":0,"height":0},"classes":[]},{"id":18063,"url":"https:\/\/quechilero.com\/blog\/2014\/08\/10\/como-te-cambia-la-vida-ser-papa\/","url_meta":{"origin":497,"position":1},"title":"Como te cambia la vida ser pap\u00e1","author":"Pepe Barrascout Ortiz","date":"10 agosto 2014","format":false,"excerpt":"No hay duda que una de las cosas mas importantes en la vida de cualquier persona, es el d\u00eda en que se convierte en padre. Como te cambia la vida ser pap\u00e1, b\u00e1sicamente es mas que un cambio, es un inicio totalmente nuevo, el tener bajo su cargo y responsabilidad\u2026","rel":"","context":"En \u00abLimones\u00bb","block_context":{"text":"Limones","link":"https:\/\/quechilero.com\/blog\/category\/limones\/"},"img":{"alt_text":"","src":"https:\/\/i0.wp.com\/img.youtube.com\/vi\/-prOqP8AxAA\/0.jpg?resize=350%2C200","width":350,"height":200},"classes":[]},{"id":16756,"url":"https:\/\/quechilero.com\/blog\/2013\/06\/10\/momentos-de-vida-en-la-vida\/","url_meta":{"origin":497,"position":2},"title":"Momentos de Vida en la Vida","author":"Pepe Barrascout Ortiz","date":"10 junio 2013","format":false,"excerpt":"\u00bfCu\u00e1ntos momentos de vida experimentamos hoy, en la \u00faltima semana \u00f3 mes? \u00a1No recuerdo! Es cierto, porque la mayor\u00eda de nosotros estamos tan ocupados viviendo la vida que lo que realmente hacemos es no vivir sino ponernos al d\u00eda. Estamos tan condicionados a creer que si nos ponemos al d\u00eda\u2026","rel":"","context":"En \u00abLimones\u00bb","block_context":{"text":"Limones","link":"https:\/\/quechilero.com\/blog\/category\/limones\/"},"img":{"alt_text":"","src":"","width":0,"height":0},"classes":[]},{"id":19317,"url":"https:\/\/quechilero.com\/blog\/2014\/09\/12\/aprovechemos-el-dia-al-maximo\/","url_meta":{"origin":497,"position":3},"title":"Aprovechemos el d\u00eda al m\u00e1ximo","author":"Pepe Barrascout Ortiz","date":"12 septiembre 2014","format":false,"excerpt":"Dios nos entreg\u00f3 24 horas, 1,440 minutos \u00f3 86,400 segundos por d\u00eda para que vivamos una vida plena. A veces estamos tan ocupados y distra\u00eddos que olvidamos que cada amanecer nos trae nuevas oportunidades y aventuras en este planeta llamado Tierra. Dios nos da un d\u00eda a la vez para\u2026","rel":"","context":"En \u00abLimones\u00bb","block_context":{"text":"Limones","link":"https:\/\/quechilero.com\/blog\/category\/limones\/"},"img":{"alt_text":"","src":"","width":0,"height":0},"classes":[]},{"id":12435,"url":"https:\/\/quechilero.com\/blog\/2012\/05\/28\/el-senor-dirige-mis-pasos\/","url_meta":{"origin":497,"position":4},"title":"El Se\u00f1or dirige mis pasos","author":"Pepe Barrascout Ortiz","date":"28 mayo 2012","format":false,"excerpt":"La fiesta de cumplea\u00f1os transcurr\u00eda de maravillas, y la ni\u00f1a de trece a\u00f1os estaba emocionada ya que todos sus amigos pudieron celebrar con ella. Cada regalo era justo lo que quer\u00eda. El \u00faltimo juego fue \"Ponle la cola al burro\", todos estaban especialmente ansiosos ya que el ganador recibir\u00eda un\u2026","rel":"","context":"En \u00abLimones\u00bb","block_context":{"text":"Limones","link":"https:\/\/quechilero.com\/blog\/category\/limones\/"},"img":{"alt_text":"","src":"","width":0,"height":0},"classes":[]},{"id":20100,"url":"https:\/\/quechilero.com\/blog\/2015\/05\/09\/accion-de-gracias-2\/","url_meta":{"origin":497,"position":5},"title":"Acci\u00f3n de Gracias","author":"Pepe Barrascout Ortiz","date":"9 mayo 2015","format":false,"excerpt":"Estaba leyendo esta semana acerca de esta mujer que, como toda buena madre de familia, andaba a la carrera tratando de lograr todas las metas diarias que se hab\u00eda trazado y, encima de todo, ten\u00eda una cita m\u00e9dica con el especialista, a la que estaba llegando tarde; en medio de\u2026","rel":"","context":"En \u00abLimones\u00bb","block_context":{"text":"Limones","link":"https:\/\/quechilero.com\/blog\/category\/limones\/"},"img":{"alt_text":"","src":"","width":0,"height":0},"classes":[]}],"jetpack_featured_media_url":"","_links":{"self":[{"href":"https:\/\/quechilero.com\/blog\/wp-json\/wp\/v2\/posts\/497","targetHints":{"allow":["GET"]}}],"collection":[{"href":"https:\/\/quechilero.com\/blog\/wp-json\/wp\/v2\/posts"}],"about":[{"href":"https:\/\/quechilero.com\/blog\/wp-json\/wp\/v2\/types\/post"}],"author":[{"embeddable":true,"href":"https:\/\/quechilero.com\/blog\/wp-json\/wp\/v2\/users\/1"}],"replies":[{"embeddable":true,"href":"https:\/\/quechilero.com\/blog\/wp-json\/wp\/v2\/comments?post=497"}],"version-history":[{"count":0,"href":"https:\/\/quechilero.com\/blog\/wp-json\/wp\/v2\/posts\/497\/revisions"}],"wp:attachment":[{"href":"https:\/\/quechilero.com\/blog\/wp-json\/wp\/v2\/media?parent=497"}],"wp:term":[{"taxonomy":"category","embeddable":true,"href":"https:\/\/quechilero.com\/blog\/wp-json\/wp\/v2\/categories?post=497"},{"taxonomy":"post_tag","embeddable":true,"href":"https:\/\/quechilero.com\/blog\/wp-json\/wp\/v2\/tags?post=497"},{"taxonomy":"series","embeddable":true,"href":"https:\/\/quechilero.com\/blog\/wp-json\/wp\/v2\/series?post=497"}],"curies":[{"name":"wp","href":"https:\/\/api.w.org\/{rel}","templated":true}]}}