{"id":492,"date":"2007-03-15T10:27:32","date_gmt":"2007-03-15T16:27:32","guid":{"rendered":"http:\/\/www.quechilero.com\/blog\/2007\/03\/15\/morir-es-volver-a-casa\/"},"modified":"2007-03-15T10:27:32","modified_gmt":"2007-03-15T16:27:32","slug":"morir-es-volver-a-casa","status":"publish","type":"post","link":"https:\/\/quechilero.com\/blog\/2007\/03\/15\/morir-es-volver-a-casa\/","title":{"rendered":"Morir es volver a casa"},"content":{"rendered":"<p>La muerte significa volver a casa, y sin embargo la gente le teme a lo que vendr\u00e1 despu\u00e9s, y por eso nadie  quiere morir. Si sabemos qu\u00e9 es lo que nos espera, si no hay interrogante alguno, el temor desaparecer\u00e1. Es, pu\u00e9s, una pregunta de conciencia: \u00bfQu\u00e9 hemos hecho en nuestra vida? \u00bfPodr\u00edamos haber vivido mejor? A menudo morimos tal como hemos vivido. La muerte no es sino una continuaci\u00f3n de la vida, una parte integral que cierra el ciclo vital. La entrega del cuerpo humano. Pero el coraz\u00f3n y el alma vivir\u00e1n eternamente. No muere. Toda religi\u00f3n habla de la eternidad, de otra vida. Esta no es la \u00fanica vida que tenemos, la muerte no es el punto final. La gente que la considera como tal teme a la muerte. Pero si comprendiera que morir no es otra cosa que volver a Dios, no sentir\u00eda miedo.<\/p>\n<p><em>Madre Teresa<\/em><\/p>\n","protected":false},"excerpt":{"rendered":"<p>La muerte significa volver a casa, y sin embargo la gente le teme a lo que vendr\u00e1 despu\u00e9s, y por eso nadie quiere morir. Si sabemos qu\u00e9 es lo que nos espera, si no hay interrogante alguno, el temor desaparecer\u00e1. Es, pu\u00e9s, una pregunta de conciencia: \u00bfQu\u00e9 hemos hecho en nuestra vida? \u00bfPodr\u00edamos haber vivido &#8230; <a title=\"Morir es volver a casa\" class=\"read-more\" href=\"https:\/\/quechilero.com\/blog\/2007\/03\/15\/morir-es-volver-a-casa\/\" aria-label=\"Leer m\u00e1s sobre Morir es volver a casa\">Leer m\u00e1s<\/a><\/p>\n","protected":false},"author":1,"featured_media":0,"comment_status":"open","ping_status":"open","sticky":false,"template":"","format":"standard","meta":{"advanced_seo_description":"","jetpack_seo_html_title":"","jetpack_seo_noindex":false,"jetpack_seo_schema_type":"","episode_type":"","audio_file":"","podmotor_file_id":"","podmotor_episode_id":"","cover_image":"","cover_image_id":"","duration":"","filesize":"","filesize_raw":"","date_recorded":"","explicit":"","block":"","_jetpack_newsletter_access":"","_jetpack_dont_email_post_to_subs":false,"_jetpack_newsletter_tier_id":0,"_jetpack_memberships_contains_paywalled_content":false,"_jetpack_feature_clip_id":0,"_jetpack_memberships_contains_paid_content":false,"footnotes":"","jetpack_publicize_message":"","jetpack_publicize_feature_enabled":true,"jetpack_social_post_already_shared":false,"jetpack_social_options":{"image_generator_settings":{"template":"highway","default_image_id":0,"font":"","enabled":false},"version":2},"jetpack_post_was_ever_published":false},"categories":[2],"tags":[51,39,50,24],"series":[],"class_list":["post-492","post","type-post","status-publish","format-standard","hentry","category-limones","tag-dios","tag-madre","tag-muerte","tag-vida"],"episode_featured_image":false,"episode_player_image":"https:\/\/i0.wp.com\/quechilero.com\/blog\/imagenes\/podcast.png?fit=1831%2C1831&ssl=1","download_link":"","player_link":"","audio_player":false,"episode_data":{"playerMode":"dark","subscribeUrls":{"amazon":{"key":"amazon","url":"","label":"Amazon","class":"amazon","icon":"amazon.png"},"apple_podcasts":{"key":"apple_podcasts","url":"","label":"Apple Podcasts","class":"apple_podcasts","icon":"apple-podcasts.png"},"castbox":{"key":"castbox","url":"","label":"CastBox","class":"castbox","icon":"castbox.png"},"deezer":{"key":"deezer","url":"","label":"Deezer","class":"deezer","icon":"deezer.png"},"google_podcasts":{"key":"google_podcasts","url":"","label":"Google Podcasts","class":"google_podcasts","icon":"google-podcasts.png"},"listen_notes":{"key":"listen_notes","url":"","label":"Listen Notes","class":"listen_notes","icon":"listen-notes.png"},"pandora":{"key":"pandora","url":"","label":"Pandora","class":"pandora","icon":"pandora.png"},"podbean":{"key":"podbean","url":"","label":"Podbean","class":"podbean","icon":"podbean.png"},"podcast_republic":{"key":"podcast_republic","url":"","label":"Podcast Republic","class":"podcast_republic","icon":"podcast-republic.png"},"rss":{"key":"rss","url":"","label":"RSS","class":"rss","icon":"rss.png"},"spotify":{"key":"spotify","url":"","label":"Spotify","class":"spotify","icon":"spotify.png"},"stitcher":{"key":"stitcher","url":"","label":"Stitcher","class":"stitcher","icon":"stitcher.png"},"tunein":{"key":"tunein","url":"","label":"TuneIn","class":"tunein","icon":"tunein.png"},"youtube":{"key":"youtube","url":"","label":"YouTube","class":"youtube","icon":"youtube.png"},"iheartradio":{"key":"iheartradio","url":"","label":"iHeartRadio","class":"iheartradio","icon":"iheartradio.png"},"ivoox":{"key":"ivoox","url":"","label":"iVoox","class":"ivoox","icon":"ivoox.png"}},"rssFeedUrl":"https:\/\/quechilero.com\/blog\/feed\/podcast\/si-la-vida-nos-da-limones","embedCode":"<blockquote class=\"wp-embedded-content\" data-secret=\"biLeVu8aDh\"><a href=\"https:\/\/quechilero.com\/blog\/2007\/03\/15\/morir-es-volver-a-casa\/\">Morir es volver a casa<\/a><\/blockquote><iframe sandbox=\"allow-scripts\" security=\"restricted\" src=\"https:\/\/quechilero.com\/blog\/2007\/03\/15\/morir-es-volver-a-casa\/embed\/#?secret=biLeVu8aDh\" width=\"500\" height=\"350\" title=\"\u00abMorir es volver a casa\u00bb \u2014 Si la Vida nos da Limones...\" data-secret=\"biLeVu8aDh\" frameborder=\"0\" marginwidth=\"0\" marginheight=\"0\" scrolling=\"no\" class=\"wp-embedded-content\"><\/iframe><script>\n\/*! This file is auto-generated *\/\n!function(d,l){\"use strict\";l.querySelector&&d.addEventListener&&\"undefined\"!=typeof URL&&(d.wp=d.wp||{},d.wp.receiveEmbedMessage||(d.wp.receiveEmbedMessage=function(e){var t=e.data;if((t||t.secret||t.message||t.value)&&!\/[^a-zA-Z0-9]\/.test(t.secret)){for(var s,r,n,a=l.querySelectorAll('iframe[data-secret=\"'+t.secret+'\"]'),o=l.querySelectorAll('blockquote[data-secret=\"'+t.secret+'\"]'),c=new RegExp(\"^https?:$\",\"i\"),i=0;i<o.length;i++)o[i].style.display=\"none\";for(i=0;i<a.length;i++)s=a[i],e.source===s.contentWindow&&(s.removeAttribute(\"style\"),\"height\"===t.message?(1e3<(r=parseInt(t.value,10))?r=1e3:~~r<200&&(r=200),s.height=r):\"link\"===t.message&&(r=new URL(s.getAttribute(\"src\")),n=new URL(t.value),c.test(n.protocol))&&n.host===r.host&&l.activeElement===s&&(d.top.location.href=t.value))}},d.addEventListener(\"message\",d.wp.receiveEmbedMessage,!1),l.addEventListener(\"DOMContentLoaded\",function(){for(var e,t,s=l.querySelectorAll(\"iframe.wp-embedded-content\"),r=0;r<s.length;r++)(t=(e=s[r]).getAttribute(\"data-secret\"))||(t=Math.random().toString(36).substring(2,12),e.src+=\"#?secret=\"+t,e.setAttribute(\"data-secret\",t)),e.contentWindow.postMessage({message:\"ready\",secret:t},\"*\")},!1)))}(window,document);\n\/\/# sourceURL=https:\/\/quechilero.com\/blog\/wp-includes\/js\/wp-embed.min.js\n<\/script>\n"},"jetpack_publicize_connections":[],"jetpack_shortlink":"https:\/\/wp.me\/pDKli-7W","jetpack_sharing_enabled":true,"jetpack-related-posts":[{"id":16890,"url":"https:\/\/quechilero.com\/blog\/2013\/08\/16\/porque-yo-vivo-vosotros-%ef%bb%bftambien-vivireis\/","url_meta":{"origin":492,"position":0},"title":"Porque yo vivo, vosotros \ufefftambi\u00e9n vivir\u00e9is","author":"Pepe Barrascout Ortiz","date":"16 agosto 2013","format":false,"excerpt":"La vida de los creyentes es tan segura como la del mismo Jes\u00fas. Con la misma seguridad en que vive la cabeza, vivir\u00e1n los miembros. Si Jes\u00fas no ha resucitado de los muertos, estamos muertos en nuestros delitos, mas porque ha resucitado, los creyentes han resucitado tambi\u00e9n en \u00c9l. Su\u2026","rel":"","context":"En \u00abLimones\u00bb","block_context":{"text":"Limones","link":"https:\/\/quechilero.com\/blog\/category\/limones\/"},"img":{"alt_text":"","src":"","width":0,"height":0},"classes":[]},{"id":7587,"url":"https:\/\/quechilero.com\/blog\/2011\/03\/19\/reflexiones-de-cuaresma-dia-11\/","url_meta":{"origin":492,"position":1},"title":"Reflexiones de Cuaresma d\u00eda 11","author":"Pepe Barrascout Ortiz","date":"19 marzo 2011","format":false,"excerpt":"Oraci\u00f3n inicial Se\u00f1or m\u00edo, Jesucristo, creo firmemente que est\u00e1s aqu\u00ed; en estos pocos minutos de oraci\u00f3n que empiezo ahora quiero pedirte y agradecerte. Pedirte\u00a0la gracia de darme m\u00e1s cuenta de que T\u00fa vives, me escuchas y me amas; tanto, que has querido morir libremente por m\u00ed en la cruz y\u2026","rel":"","context":"En \u00abLimones por mano\u00bb","block_context":{"text":"Limones por mano","link":"https:\/\/quechilero.com\/blog\/category\/limones-por-mano\/"},"img":{"alt_text":"","src":"","width":0,"height":0},"classes":[]},{"id":7585,"url":"https:\/\/quechilero.com\/blog\/2011\/03\/17\/reflexiones-de-cuaresma-dia-9\/","url_meta":{"origin":492,"position":2},"title":"Reflexiones de Cuaresma d\u00eda 9","author":"Pepe Barrascout Ortiz","date":"17 marzo 2011","format":false,"excerpt":"Oraci\u00f3n inicial Se\u00f1or m\u00edo, Jesucristo, creo firmemente que est\u00e1s aqu\u00ed; en estos pocos minutos de oraci\u00f3n que empiezo ahora quiero pedirte y agradecerte. Pedirte\u00a0la gracia de darme m\u00e1s cuenta de que T\u00fa vives, me escuchas y me amas; tanto, que has querido morir libremente por m\u00ed en la cruz y\u2026","rel":"","context":"En \u00abLimones por mano\u00bb","block_context":{"text":"Limones por mano","link":"https:\/\/quechilero.com\/blog\/category\/limones-por-mano\/"},"img":{"alt_text":"","src":"","width":0,"height":0},"classes":[]},{"id":4607,"url":"https:\/\/quechilero.com\/blog\/2010\/04\/02\/meditacion-de-las-siete-palabras\/","url_meta":{"origin":492,"position":3},"title":"Meditaci\u00f3n de las Siete Palabras","author":"Pepe Barrascout Ortiz","date":"2 abril 2010","format":false,"excerpt":"Oraci\u00f3n Jes\u00fas en la Cruz aboga: da al ladr\u00f3n: lega su Madre: qu\u00e9jase: la sed le ahoga: cumple: entrega el alma al Padre Al Calvario hay que llegar porque Cristo, nuestra Luz, hoy tambi\u00e9n nos quiere hablar desde el ara de la Cruz. \u00a1Virgen de dolores y Madre m\u00eda! Que,\u2026","rel":"","context":"En \u00abLimones\u00bb","block_context":{"text":"Limones","link":"https:\/\/quechilero.com\/blog\/category\/limones\/"},"img":{"alt_text":"","src":"","width":0,"height":0},"classes":[]},{"id":7592,"url":"https:\/\/quechilero.com\/blog\/2011\/03\/24\/reflexiones-de-cuaresma-dia-16\/","url_meta":{"origin":492,"position":4},"title":"Reflexiones de Cuaresma d\u00eda 16","author":"Pepe Barrascout Ortiz","date":"24 marzo 2011","format":false,"excerpt":"Oraci\u00f3n inicial Se\u00f1or m\u00edo, Jesucristo, creo firmemente que est\u00e1s aqu\u00ed; en estos pocos minutos de oraci\u00f3n que empiezo ahora quiero pedirte y agradecerte. Pedirte\u00a0la gracia de darme m\u00e1s cuenta de que T\u00fa vives, me escuchas y me amas; tanto, que has querido morir libremente por m\u00ed en la cruz y\u2026","rel":"","context":"En \u00abLimones por mano\u00bb","block_context":{"text":"Limones por mano","link":"https:\/\/quechilero.com\/blog\/category\/limones-por-mano\/"},"img":{"alt_text":"","src":"","width":0,"height":0},"classes":[]},{"id":5953,"url":"https:\/\/quechilero.com\/blog\/2010\/11\/07\/nacido-para-morir\/","url_meta":{"origin":492,"position":5},"title":"Nacido para Morir","author":"Pepe Barrascout Ortiz","date":"7 noviembre 2010","format":false,"excerpt":"Aunque millones de personas celebran el nacimiento de Cristo, pocas parecen ser conscientes de su verdadero significado. Reconocemos que su nacimiento fue inusitado porque naci\u00f3 de una Virgen. Su vida tambi\u00e9n fue singular porque fue el \u00fanico que vivi\u00f3 sin pecar. Su muerte tambi\u00e9n fue inusual. Jes\u00fas no fue un\u2026","rel":"","context":"En \u00abLimones\u00bb","block_context":{"text":"Limones","link":"https:\/\/quechilero.com\/blog\/category\/limones\/"},"img":{"alt_text":"","src":"","width":0,"height":0},"classes":[]}],"jetpack_featured_media_url":"","_links":{"self":[{"href":"https:\/\/quechilero.com\/blog\/wp-json\/wp\/v2\/posts\/492","targetHints":{"allow":["GET"]}}],"collection":[{"href":"https:\/\/quechilero.com\/blog\/wp-json\/wp\/v2\/posts"}],"about":[{"href":"https:\/\/quechilero.com\/blog\/wp-json\/wp\/v2\/types\/post"}],"author":[{"embeddable":true,"href":"https:\/\/quechilero.com\/blog\/wp-json\/wp\/v2\/users\/1"}],"replies":[{"embeddable":true,"href":"https:\/\/quechilero.com\/blog\/wp-json\/wp\/v2\/comments?post=492"}],"version-history":[{"count":0,"href":"https:\/\/quechilero.com\/blog\/wp-json\/wp\/v2\/posts\/492\/revisions"}],"wp:attachment":[{"href":"https:\/\/quechilero.com\/blog\/wp-json\/wp\/v2\/media?parent=492"}],"wp:term":[{"taxonomy":"category","embeddable":true,"href":"https:\/\/quechilero.com\/blog\/wp-json\/wp\/v2\/categories?post=492"},{"taxonomy":"post_tag","embeddable":true,"href":"https:\/\/quechilero.com\/blog\/wp-json\/wp\/v2\/tags?post=492"},{"taxonomy":"series","embeddable":true,"href":"https:\/\/quechilero.com\/blog\/wp-json\/wp\/v2\/series?post=492"}],"curies":[{"name":"wp","href":"https:\/\/api.w.org\/{rel}","templated":true}]}}