{"id":4841,"date":"2010-05-29T08:00:51","date_gmt":"2010-05-29T14:00:51","guid":{"rendered":"http:\/\/quechilero.com\/blog\/?p=4841"},"modified":"2010-05-29T08:00:51","modified_gmt":"2010-05-29T14:00:51","slug":"el-dios-de-anna","status":"publish","type":"post","link":"https:\/\/quechilero.com\/blog\/2010\/05\/29\/el-dios-de-anna\/","title":{"rendered":"El Dios de Anna"},"content":{"rendered":"<p>&#8211; \u00bfT\u00fa crees en Dios?<\/p>\n<p>&#8211; S\u00ed.<\/p>\n<p>&#8211; \u00bfY sabes qui\u00e9n es Dios?<\/p>\n<p>&#8211; S\u00ed.<\/p>\n<p>&#8211; Bueno, \u00bfqui\u00e9n es Dios?<\/p>\n<p>&#8211; \u00a1Es Dios!<\/p>\n<p>&#8211; \u00bfVas a la iglesia?<\/p>\n<p>&#8211; No.<\/p>\n<p>&#8211; \u00bfPor qu\u00e9 no?<\/p>\n<p>&#8211; \u00a1Porque ya s\u00e9 todo lo que hay que saber!<\/p>\n<p>&#8211; \u00bfQu\u00e9 es lo que sabes?<\/p>\n<p>&#8211; S\u00e9 amar al Se\u00f1or Dios y a la gente, a los gatos y a los perros, a las ara\u00f1as, a las flores y a los \u00e1rboles&#8230; -la enumeraci\u00f3n segu\u00eda y segu\u00eda- con todo mi coraz\u00f3n.<\/p>\n<p>As\u00ed respond\u00eda Anna al p\u00e1rroco del barrio cuando le preguntaba por Dios.<\/p>\n<p>Si el Dios del que habla y vive Anna estuviera en nuestras vidas, nuestro mundo ser\u00eda distinto. Descubrir\u00edamos un mundo fascinante en el que dos m\u00e1s tres no siempre son cinco, en el que el dos no es m\u00e1s que un cinco visto al rev\u00e9s, en el que un espejo muestra la parte de afuera de las cosas, lo que a menudo nada tiene que ver con lo que hay dentro de cada persona. Conociendo al Se\u00f1or de Anna, nos dar\u00edamos cuenta de que lo \u00fanico verdaderamente importante es aprender a amar y vivir de esa lecci\u00f3n aprendida.<\/p>\n<p><strong><em>Padre Eusebio G\u00f3mez Navarro OCD<\/em><\/strong><\/p>\n","protected":false},"excerpt":{"rendered":"<p>&#8211; \u00bfT\u00fa crees en Dios? &#8211; S\u00ed. &#8211; \u00bfY sabes qui\u00e9n es Dios? &#8211; S\u00ed. &#8211; Bueno, \u00bfqui\u00e9n es Dios? &#8211; \u00a1Es Dios! &#8211; \u00bfVas a la iglesia? &#8211; No. &#8211; \u00bfPor qu\u00e9 no? &#8211; \u00a1Porque ya s\u00e9 todo lo que hay que saber! &#8211; \u00bfQu\u00e9 es lo que sabes? &#8211; S\u00e9 amar al Se\u00f1or &#8230; <a title=\"El Dios de Anna\" class=\"read-more\" href=\"https:\/\/quechilero.com\/blog\/2010\/05\/29\/el-dios-de-anna\/\" aria-label=\"Leer m\u00e1s sobre El Dios de Anna\">Leer m\u00e1s<\/a><\/p>\n","protected":false},"author":1,"featured_media":0,"comment_status":"open","ping_status":"open","sticky":false,"template":"","format":"standard","meta":{"advanced_seo_description":"","jetpack_seo_html_title":"","jetpack_seo_noindex":false,"jetpack_seo_schema_type":"","episode_type":"","audio_file":"","podmotor_file_id":"","podmotor_episode_id":"","cover_image":"","cover_image_id":"","duration":"","filesize":"","filesize_raw":"","date_recorded":"","explicit":"","block":"","_jetpack_newsletter_access":"","_jetpack_dont_email_post_to_subs":false,"_jetpack_newsletter_tier_id":0,"_jetpack_memberships_contains_paywalled_content":false,"_jetpack_feature_clip_id":0,"_jetpack_memberships_contains_paid_content":false,"footnotes":"","jetpack_publicize_message":"","jetpack_publicize_feature_enabled":true,"jetpack_social_post_already_shared":false,"jetpack_social_options":{"image_generator_settings":{"template":"highway","default_image_id":0,"font":"","enabled":false},"version":2},"jetpack_post_was_ever_published":false},"categories":[2],"tags":[29,12,51,88,41,24],"series":[],"class_list":["post-4841","post","type-post","status-publish","format-standard","hentry","category-limones","tag-aprender","tag-cosas","tag-dios","tag-flores","tag-verdad","tag-vida"],"episode_featured_image":false,"episode_player_image":"https:\/\/i0.wp.com\/quechilero.com\/blog\/imagenes\/podcast.png?fit=1831%2C1831&ssl=1","download_link":"","player_link":"","audio_player":false,"episode_data":{"playerMode":"dark","subscribeUrls":{"amazon":{"key":"amazon","url":"","label":"Amazon","class":"amazon","icon":"amazon.png"},"apple_podcasts":{"key":"apple_podcasts","url":"","label":"Apple Podcasts","class":"apple_podcasts","icon":"apple-podcasts.png"},"castbox":{"key":"castbox","url":"","label":"CastBox","class":"castbox","icon":"castbox.png"},"deezer":{"key":"deezer","url":"","label":"Deezer","class":"deezer","icon":"deezer.png"},"google_podcasts":{"key":"google_podcasts","url":"","label":"Google Podcasts","class":"google_podcasts","icon":"google-podcasts.png"},"listen_notes":{"key":"listen_notes","url":"","label":"Listen Notes","class":"listen_notes","icon":"listen-notes.png"},"pandora":{"key":"pandora","url":"","label":"Pandora","class":"pandora","icon":"pandora.png"},"podbean":{"key":"podbean","url":"","label":"Podbean","class":"podbean","icon":"podbean.png"},"podcast_republic":{"key":"podcast_republic","url":"","label":"Podcast Republic","class":"podcast_republic","icon":"podcast-republic.png"},"rss":{"key":"rss","url":"","label":"RSS","class":"rss","icon":"rss.png"},"spotify":{"key":"spotify","url":"","label":"Spotify","class":"spotify","icon":"spotify.png"},"stitcher":{"key":"stitcher","url":"","label":"Stitcher","class":"stitcher","icon":"stitcher.png"},"tunein":{"key":"tunein","url":"","label":"TuneIn","class":"tunein","icon":"tunein.png"},"youtube":{"key":"youtube","url":"","label":"YouTube","class":"youtube","icon":"youtube.png"},"iheartradio":{"key":"iheartradio","url":"","label":"iHeartRadio","class":"iheartradio","icon":"iheartradio.png"},"ivoox":{"key":"ivoox","url":"","label":"iVoox","class":"ivoox","icon":"ivoox.png"}},"rssFeedUrl":"https:\/\/quechilero.com\/blog\/feed\/podcast\/si-la-vida-nos-da-limones","embedCode":"<blockquote class=\"wp-embedded-content\" data-secret=\"5n1Bg1gPKq\"><a href=\"https:\/\/quechilero.com\/blog\/2010\/05\/29\/el-dios-de-anna\/\">El Dios de Anna<\/a><\/blockquote><iframe sandbox=\"allow-scripts\" security=\"restricted\" src=\"https:\/\/quechilero.com\/blog\/2010\/05\/29\/el-dios-de-anna\/embed\/#?secret=5n1Bg1gPKq\" width=\"500\" height=\"350\" title=\"\u00abEl Dios de Anna\u00bb \u2014 Si la Vida nos da Limones...\" data-secret=\"5n1Bg1gPKq\" frameborder=\"0\" marginwidth=\"0\" marginheight=\"0\" scrolling=\"no\" class=\"wp-embedded-content\"><\/iframe><script>\n\/*! This file is auto-generated *\/\n!function(d,l){\"use strict\";l.querySelector&&d.addEventListener&&\"undefined\"!=typeof URL&&(d.wp=d.wp||{},d.wp.receiveEmbedMessage||(d.wp.receiveEmbedMessage=function(e){var t=e.data;if((t||t.secret||t.message||t.value)&&!\/[^a-zA-Z0-9]\/.test(t.secret)){for(var s,r,n,a=l.querySelectorAll('iframe[data-secret=\"'+t.secret+'\"]'),o=l.querySelectorAll('blockquote[data-secret=\"'+t.secret+'\"]'),c=new RegExp(\"^https?:$\",\"i\"),i=0;i<o.length;i++)o[i].style.display=\"none\";for(i=0;i<a.length;i++)s=a[i],e.source===s.contentWindow&&(s.removeAttribute(\"style\"),\"height\"===t.message?(1e3<(r=parseInt(t.value,10))?r=1e3:~~r<200&&(r=200),s.height=r):\"link\"===t.message&&(r=new URL(s.getAttribute(\"src\")),n=new URL(t.value),c.test(n.protocol))&&n.host===r.host&&l.activeElement===s&&(d.top.location.href=t.value))}},d.addEventListener(\"message\",d.wp.receiveEmbedMessage,!1),l.addEventListener(\"DOMContentLoaded\",function(){for(var e,t,s=l.querySelectorAll(\"iframe.wp-embedded-content\"),r=0;r<s.length;r++)(t=(e=s[r]).getAttribute(\"data-secret\"))||(t=Math.random().toString(36).substring(2,12),e.src+=\"#?secret=\"+t,e.setAttribute(\"data-secret\",t)),e.contentWindow.postMessage({message:\"ready\",secret:t},\"*\")},!1)))}(window,document);\n\/\/# sourceURL=https:\/\/quechilero.com\/blog\/wp-includes\/js\/wp-embed.min.js\n<\/script>\n"},"jetpack_publicize_connections":[],"jetpack_shortlink":"https:\/\/wp.me\/pDKli-1g5","jetpack_sharing_enabled":true,"jetpack-related-posts":[{"id":17358,"url":"https:\/\/quechilero.com\/blog\/2013\/10\/28\/las-cajas-de-dios\/","url_meta":{"origin":4841,"position":0},"title":"Las cajas de Dios","author":"Pepe Barrascout Ortiz","date":"28 octubre 2013","format":false,"excerpt":"Tengo en mis manos dos cajas que Dios me ha dado para que sostenga. \u00c9l me dijo: \"Pon todas tus penas en la negra, y todas tus alegr\u00edas en la dorada.\". Yo escuch\u00e9 Sus palabras, y en ambas cajas guard\u00e9 mis alegr\u00edas y tristezas respectivamente. Pero la dorada se fue\u2026","rel":"","context":"En \u00abLimones\u00bb","block_context":{"text":"Limones","link":"https:\/\/quechilero.com\/blog\/category\/limones\/"},"img":{"alt_text":"","src":"","width":0,"height":0},"classes":[]},{"id":23917,"url":"https:\/\/quechilero.com\/blog\/2012\/11\/29\/podcast-las-6-de-la-manana-episodio-778\/","url_meta":{"origin":4841,"position":1},"title":"Podcast: Las 6 de la ma\u00f1ana, episodio 778","author":"Pepe Barrascout Ortiz","date":"29 noviembre 2012","format":false,"excerpt":"Bienvenidos al septingent\u00e9simo septuag\u00e9simo octavo episodio de \u201cLas 6 de la ma\u00f1ana\u201d, un podcast que trae 6 canciones, para que iniciemos el d\u00eda, de forma positiva y con \u00e1nimo. El listado para hoy es: Artista \/ Tema 01 - Plusplus - We wont be mowing today 02 - Nick Rivera\u2026","rel":"","context":"En \u00abLas 6 de la ma\u00f1ana\u00bb","block_context":{"text":"Las 6 de la ma\u00f1ana","link":"https:\/\/quechilero.com\/blog\/category\/podcast\/las-6-de-la-manana\/"},"img":{"alt_text":"","src":"https:\/\/i0.wp.com\/quechilero.com\/blog\/imagenes\/las6am.jpg?fit=620%2C350&ssl=1&resize=350%2C200","width":350,"height":200,"srcset":"https:\/\/i0.wp.com\/quechilero.com\/blog\/imagenes\/las6am.jpg?fit=620%2C350&ssl=1&resize=350%2C200 1x, https:\/\/i0.wp.com\/quechilero.com\/blog\/imagenes\/las6am.jpg?fit=620%2C350&ssl=1&resize=525%2C300 1.5x"},"classes":[]},{"id":19380,"url":"https:\/\/quechilero.com\/blog\/2014\/09\/21\/todo-lo-que-dios-creo-es-para-nuestro-placer-y-nuestro-bien\/","url_meta":{"origin":4841,"position":2},"title":"Todo lo que Dios cre\u00f3 es para nuestro placer y nuestro bien","author":"Pepe Barrascout Ortiz","date":"21 septiembre 2014","format":false,"excerpt":"Dios determin\u00f3 que todas las necesidades de la vida fueran muy agradables: respirar, comer, dormir, hacer ejercicio y hacer el amor. \"T\u00fa creaste todas las cosas, y porque te place existen y fueron creadas.\" (Ap.4:11) Dios nos cre\u00f3 para disfrutar de todo ello. Cre\u00f3 esos mismos nervios que perciben sensaciones\u2026","rel":"","context":"En \u00abLimones\u00bb","block_context":{"text":"Limones","link":"https:\/\/quechilero.com\/blog\/category\/limones\/"},"img":{"alt_text":"","src":"","width":0,"height":0},"classes":[]},{"id":17927,"url":"https:\/\/quechilero.com\/blog\/2014\/06\/25\/la-fe-de-jorge-muller\/","url_meta":{"origin":4841,"position":3},"title":"La fe de Jorge M\u00fcller","author":"Pepe Barrascout Ortiz","date":"25 junio 2014","format":false,"excerpt":"El capit\u00e1n de un barco cont\u00f3 la siguiente historia: La \u00faltima vez que navegu\u00e9 por aqu\u00ed, hace cinco semanas, me aconteci\u00f3 algo extraordinario que revolucion\u00f3 mi vida por completo. Ten\u00edamos a bordo a Jorge M\u00fcller, de Bristol. Durante veinticuatro horas yo no hab\u00eda abandonado el puente de mando, cuando se\u2026","rel":"","context":"En \u00abLimones\u00bb","block_context":{"text":"Limones","link":"https:\/\/quechilero.com\/blog\/category\/limones\/"},"img":{"alt_text":"","src":"","width":0,"height":0},"classes":[]},{"id":17352,"url":"https:\/\/quechilero.com\/blog\/2013\/10\/22\/la-clave-del-fracaso\/","url_meta":{"origin":4841,"position":4},"title":"La clave del fracaso","author":"Pepe Barrascout Ortiz","date":"22 octubre 2013","format":false,"excerpt":"Es imposible tratar de agradar a todo el mundo siempre. Cualquier persona que lleva una vida p\u00fablica sabe que la gente es inconstante. Una persona puede ser sumamente popular un d\u00eda y al d\u00eda siguiente, pasar inadvertida. En el siguiente poema se describe una mejor manera de vivir: Existe un\u2026","rel":"","context":"En \u00abLimones\u00bb","block_context":{"text":"Limones","link":"https:\/\/quechilero.com\/blog\/category\/limones\/"},"img":{"alt_text":"","src":"","width":0,"height":0},"classes":[]},{"id":7586,"url":"https:\/\/quechilero.com\/blog\/2011\/03\/18\/reflexiones-de-cuaresma-dia-10\/","url_meta":{"origin":4841,"position":5},"title":"Reflexiones de Cuaresma d\u00eda 10","author":"Pepe Barrascout Ortiz","date":"18 marzo 2011","format":false,"excerpt":"Oraci\u00f3n inicial Se\u00f1or m\u00edo, Jesucristo, creo firmemente que est\u00e1s aqu\u00ed; en estos pocos minutos de oraci\u00f3n que empiezo ahora quiero pedirte y agradecerte. Pedirte\u00a0la gracia de darme m\u00e1s cuenta de que T\u00fa vives, me escuchas y me amas; tanto, que has querido morir libremente por m\u00ed en la cruz y\u2026","rel":"","context":"En \u00abLimones por mano\u00bb","block_context":{"text":"Limones por mano","link":"https:\/\/quechilero.com\/blog\/category\/limones-por-mano\/"},"img":{"alt_text":"","src":"","width":0,"height":0},"classes":[]}],"jetpack_featured_media_url":"","_links":{"self":[{"href":"https:\/\/quechilero.com\/blog\/wp-json\/wp\/v2\/posts\/4841","targetHints":{"allow":["GET"]}}],"collection":[{"href":"https:\/\/quechilero.com\/blog\/wp-json\/wp\/v2\/posts"}],"about":[{"href":"https:\/\/quechilero.com\/blog\/wp-json\/wp\/v2\/types\/post"}],"author":[{"embeddable":true,"href":"https:\/\/quechilero.com\/blog\/wp-json\/wp\/v2\/users\/1"}],"replies":[{"embeddable":true,"href":"https:\/\/quechilero.com\/blog\/wp-json\/wp\/v2\/comments?post=4841"}],"version-history":[{"count":0,"href":"https:\/\/quechilero.com\/blog\/wp-json\/wp\/v2\/posts\/4841\/revisions"}],"wp:attachment":[{"href":"https:\/\/quechilero.com\/blog\/wp-json\/wp\/v2\/media?parent=4841"}],"wp:term":[{"taxonomy":"category","embeddable":true,"href":"https:\/\/quechilero.com\/blog\/wp-json\/wp\/v2\/categories?post=4841"},{"taxonomy":"post_tag","embeddable":true,"href":"https:\/\/quechilero.com\/blog\/wp-json\/wp\/v2\/tags?post=4841"},{"taxonomy":"series","embeddable":true,"href":"https:\/\/quechilero.com\/blog\/wp-json\/wp\/v2\/series?post=4841"}],"curies":[{"name":"wp","href":"https:\/\/api.w.org\/{rel}","templated":true}]}}