{"id":484,"date":"2007-03-10T23:16:01","date_gmt":"2007-03-11T05:16:01","guid":{"rendered":"http:\/\/www.quechilero.com\/blog\/2007\/03\/10\/maldito-marero\/"},"modified":"2007-03-10T23:16:01","modified_gmt":"2007-03-11T05:16:01","slug":"maldito-marero","status":"publish","type":"post","link":"https:\/\/quechilero.com\/blog\/2007\/03\/10\/maldito-marero\/","title":{"rendered":"Maldito Marero"},"content":{"rendered":"<p>El video lo dice todo, en lo personal no creo que sea la soluci\u00f3n.<\/p>\n<p><span class=\"embed-youtube\" style=\"text-align:center; display: block;\"><iframe loading=\"lazy\" class=\"youtube-player\" width=\"1200\" height=\"675\" src=\"https:\/\/www.youtube.com\/embed\/pt5dQpBYK4c?version=3&#038;rel=1&#038;showsearch=0&#038;showinfo=1&#038;iv_load_policy=1&#038;fs=1&#038;hl=es-ES&#038;autohide=2&#038;wmode=transparent\" allowfullscreen=\"true\" style=\"border:0;\" sandbox=\"allow-scripts allow-same-origin allow-popups allow-presentation allow-popups-to-escape-sandbox\"><\/iframe><\/span><\/p>\n<p>[<strong>Atenci\u00f3n<\/strong><em>: El video contiene vocabulario que puede ser ofensivo para algunos<\/em>]<\/p>\n","protected":false},"excerpt":{"rendered":"<p>El video lo dice todo, en lo personal no creo que sea la soluci\u00f3n. [Atenci\u00f3n: El video contiene vocabulario que puede ser ofensivo para algunos]<\/p>\n","protected":false},"author":1,"featured_media":0,"comment_status":"open","ping_status":"open","sticky":false,"template":"","format":"standard","meta":{"advanced_seo_description":"","jetpack_seo_html_title":"","jetpack_seo_noindex":false,"jetpack_seo_schema_type":"","episode_type":"","audio_file":"","podmotor_file_id":"","podmotor_episode_id":"","cover_image":"","cover_image_id":"","duration":"","filesize":"","filesize_raw":"","date_recorded":"","explicit":"","block":"","_jetpack_newsletter_access":"","_jetpack_dont_email_post_to_subs":false,"_jetpack_newsletter_tier_id":0,"_jetpack_memberships_contains_paywalled_content":false,"_jetpack_feature_clip_id":0,"_jetpack_memberships_contains_paid_content":false,"footnotes":"","jetpack_publicize_message":"","jetpack_publicize_feature_enabled":true,"jetpack_social_post_already_shared":false,"jetpack_social_options":{"image_generator_settings":{"template":"highway","default_image_id":0,"font":"","enabled":false},"version":2},"jetpack_post_was_ever_published":false},"categories":[2],"tags":[34,25,53],"series":[],"class_list":["post-484","post","type-post","status-publish","format-standard","hentry","category-limones","tag-solucion","tag-video","tag-youtube"],"episode_featured_image":false,"episode_player_image":"https:\/\/i0.wp.com\/quechilero.com\/blog\/imagenes\/podcast.png?fit=1831%2C1831&ssl=1","download_link":"","player_link":"","audio_player":false,"episode_data":{"playerMode":"dark","subscribeUrls":{"amazon":{"key":"amazon","url":"","label":"Amazon","class":"amazon","icon":"amazon.png"},"apple_podcasts":{"key":"apple_podcasts","url":"","label":"Apple Podcasts","class":"apple_podcasts","icon":"apple-podcasts.png"},"castbox":{"key":"castbox","url":"","label":"CastBox","class":"castbox","icon":"castbox.png"},"deezer":{"key":"deezer","url":"","label":"Deezer","class":"deezer","icon":"deezer.png"},"google_podcasts":{"key":"google_podcasts","url":"","label":"Google Podcasts","class":"google_podcasts","icon":"google-podcasts.png"},"listen_notes":{"key":"listen_notes","url":"","label":"Listen Notes","class":"listen_notes","icon":"listen-notes.png"},"pandora":{"key":"pandora","url":"","label":"Pandora","class":"pandora","icon":"pandora.png"},"podbean":{"key":"podbean","url":"","label":"Podbean","class":"podbean","icon":"podbean.png"},"podcast_republic":{"key":"podcast_republic","url":"","label":"Podcast Republic","class":"podcast_republic","icon":"podcast-republic.png"},"rss":{"key":"rss","url":"","label":"RSS","class":"rss","icon":"rss.png"},"spotify":{"key":"spotify","url":"","label":"Spotify","class":"spotify","icon":"spotify.png"},"stitcher":{"key":"stitcher","url":"","label":"Stitcher","class":"stitcher","icon":"stitcher.png"},"tunein":{"key":"tunein","url":"","label":"TuneIn","class":"tunein","icon":"tunein.png"},"youtube":{"key":"youtube","url":"","label":"YouTube","class":"youtube","icon":"youtube.png"},"iheartradio":{"key":"iheartradio","url":"","label":"iHeartRadio","class":"iheartradio","icon":"iheartradio.png"},"ivoox":{"key":"ivoox","url":"","label":"iVoox","class":"ivoox","icon":"ivoox.png"}},"rssFeedUrl":"https:\/\/quechilero.com\/blog\/feed\/podcast\/si-la-vida-nos-da-limones","embedCode":"<blockquote class=\"wp-embedded-content\" data-secret=\"uJ8nCaNI22\"><a href=\"https:\/\/quechilero.com\/blog\/2007\/03\/10\/maldito-marero\/\">Maldito Marero<\/a><\/blockquote><iframe sandbox=\"allow-scripts\" security=\"restricted\" src=\"https:\/\/quechilero.com\/blog\/2007\/03\/10\/maldito-marero\/embed\/#?secret=uJ8nCaNI22\" width=\"500\" height=\"350\" title=\"\u00abMaldito Marero\u00bb \u2014 Si la Vida nos da Limones...\" data-secret=\"uJ8nCaNI22\" frameborder=\"0\" marginwidth=\"0\" marginheight=\"0\" scrolling=\"no\" class=\"wp-embedded-content\"><\/iframe><script>\n\/*! This file is auto-generated *\/\n!function(d,l){\"use strict\";l.querySelector&&d.addEventListener&&\"undefined\"!=typeof URL&&(d.wp=d.wp||{},d.wp.receiveEmbedMessage||(d.wp.receiveEmbedMessage=function(e){var t=e.data;if((t||t.secret||t.message||t.value)&&!\/[^a-zA-Z0-9]\/.test(t.secret)){for(var s,r,n,a=l.querySelectorAll('iframe[data-secret=\"'+t.secret+'\"]'),o=l.querySelectorAll('blockquote[data-secret=\"'+t.secret+'\"]'),c=new RegExp(\"^https?:$\",\"i\"),i=0;i<o.length;i++)o[i].style.display=\"none\";for(i=0;i<a.length;i++)s=a[i],e.source===s.contentWindow&&(s.removeAttribute(\"style\"),\"height\"===t.message?(1e3<(r=parseInt(t.value,10))?r=1e3:~~r<200&&(r=200),s.height=r):\"link\"===t.message&&(r=new URL(s.getAttribute(\"src\")),n=new URL(t.value),c.test(n.protocol))&&n.host===r.host&&l.activeElement===s&&(d.top.location.href=t.value))}},d.addEventListener(\"message\",d.wp.receiveEmbedMessage,!1),l.addEventListener(\"DOMContentLoaded\",function(){for(var e,t,s=l.querySelectorAll(\"iframe.wp-embedded-content\"),r=0;r<s.length;r++)(t=(e=s[r]).getAttribute(\"data-secret\"))||(t=Math.random().toString(36).substring(2,12),e.src+=\"#?secret=\"+t,e.setAttribute(\"data-secret\",t)),e.contentWindow.postMessage({message:\"ready\",secret:t},\"*\")},!1)))}(window,document);\n\/\/# sourceURL=https:\/\/quechilero.com\/blog\/wp-includes\/js\/wp-embed.min.js\n<\/script>\n"},"jetpack_publicize_connections":[],"jetpack_shortlink":"https:\/\/wp.me\/pDKli-7O","jetpack_sharing_enabled":true,"jetpack-related-posts":[{"id":19686,"url":"https:\/\/quechilero.com\/blog\/2015\/01\/31\/en-que-pones-tu-atencion\/","url_meta":{"origin":484,"position":0},"title":"\u00bfEn qu\u00e9 pones tu atenci\u00f3n?","author":"Pepe Barrascout Ortiz","date":"31 enero 2015","format":false,"excerpt":"Hay un video en Internet llamado Prueba de Atenci\u00f3n. En dicho video se hacen dos preguntas. La primera de ellas es \u00bfCu\u00e1ntos pases hacen el equipo blanco? El espectador fija su atenci\u00f3n en contar los pases que los basquetbolistas hacen. Despu\u00e9s aparece la soluci\u00f3n: 13 pases. La siguiente pregunta es:\u2026","rel":"","context":"En \u00abLimones\u00bb","block_context":{"text":"Limones","link":"https:\/\/quechilero.com\/blog\/category\/limones\/"},"img":{"alt_text":"","src":"","width":0,"height":0},"classes":[]},{"id":6581,"url":"https:\/\/quechilero.com\/blog\/2011\/02\/24\/aterrizaje-forzoso-3\/","url_meta":{"origin":484,"position":1},"title":"Aterrizaje Forzoso","author":"Pepe Barrascout Ortiz","date":"24 febrero 2011","format":false,"excerpt":"Este video de un Aterrizaje Forzoso, a parte del momento \"divertido\", da un mensaje bastante profundo, relacionado principalmente con la resoluci\u00f3n de problemas. A veces, se est\u00e1 tan encerrado dentro del mismo problema, que no se tiene la visi\u00f3n completa del mismo. En una buena cantidad de veces, cuando el\u2026","rel":"","context":"En \u00abLimones\u00bb","block_context":{"text":"Limones","link":"https:\/\/quechilero.com\/blog\/category\/limones\/"},"img":{"alt_text":"","src":"","width":0,"height":0},"classes":[]},{"id":7033,"url":"https:\/\/quechilero.com\/blog\/2011\/06\/05\/fotos-de-alta-resolucion\/","url_meta":{"origin":484,"position":2},"title":"Fotos de alta resoluci\u00f3n","author":"Pepe Barrascout Ortiz","date":"5 junio 2011","format":false,"excerpt":"La resoluci\u00f3n de las fotograf\u00edas, las medimos en megapixeles, que es una medida arbitraria y que convencionalmente, se empez\u00f3 a utilizar para de alguna forma, medir el tama\u00f1o de las im\u00e1genes que tomamos con nuestras c\u00e1maras. Claro que una imagen con una alta resoluci\u00f3n, ir\u00e1 a ocupar un gran espacio\u2026","rel":"","context":"En \u00abLimones\u00bb","block_context":{"text":"Limones","link":"https:\/\/quechilero.com\/blog\/category\/limones\/"},"img":{"alt_text":"","src":"https:\/\/i0.wp.com\/i392.photobucket.com\/albums\/pp7\/pepejaguar\/blog\/caught-in-the-act-01.jpg?resize=350%2C200","width":350,"height":200},"classes":[]},{"id":9601,"url":"https:\/\/quechilero.com\/blog\/2011\/07\/05\/como-transferir-las-fotos-de-facebook-a-google\/","url_meta":{"origin":484,"position":3},"title":"Como transferir las fotos de Facebook a Google+","author":"Pepe Barrascout Ortiz","date":"5 julio 2011","format":false,"excerpt":"A pesar de algunos peque\u00f1os fallos menores, que no han sido percibidos por la mayor\u00eda de los usuarios y que en la mayor\u00eda de las veces han sido resueltos de forma r\u00e1pida, no hay duda de que Google+ est\u00e1 bien plantado para dar pelea a las actuales redes sociales vigentes\u2026","rel":"","context":"En \u00abLimones\u00bb","block_context":{"text":"Limones","link":"https:\/\/quechilero.com\/blog\/category\/limones\/"},"img":{"alt_text":"","src":"https:\/\/i0.wp.com\/i392.photobucket.com\/albums\/pp7\/pepejaguar\/blog\/googleplus.jpg?resize=350%2C200","width":350,"height":200},"classes":[]},{"id":9930,"url":"https:\/\/quechilero.com\/blog\/2011\/08\/24\/maraton-de-blogs-radio-ati\/","url_meta":{"origin":484,"position":4},"title":"Marat\u00f3n de Blogs: Radio Ati","author":"Pepe Barrascout Ortiz","date":"24 agosto 2011","format":false,"excerpt":"Lo primero que se lee al entrar al blog de Radio Ati es: \"Mientras tengamos electricidad e internet, puedes escuchar Radio Ati, con lo mejor de la m\u00fasica centroamericana\". Una frase muy fuerte, que refleja la realidad nacional en el interior del pa\u00eds. Preocuparse por contar con electricidad e internet,\u2026","rel":"","context":"En \u00abBlogs de Guatemala\u00bb","block_context":{"text":"Blogs de Guatemala","link":"https:\/\/quechilero.com\/blog\/category\/blogs-de-guatemala\/"},"img":{"alt_text":"","src":"https:\/\/i0.wp.com\/i392.photobucket.com\/albums\/pp7\/pepejaguar\/maraton\/radio-ati.png?resize=350%2C200","width":350,"height":200,"srcset":"https:\/\/i0.wp.com\/i392.photobucket.com\/albums\/pp7\/pepejaguar\/maraton\/radio-ati.png?resize=350%2C200 1x, https:\/\/i0.wp.com\/i392.photobucket.com\/albums\/pp7\/pepejaguar\/maraton\/radio-ati.png?resize=525%2C300 1.5x"},"classes":[]},{"id":3948,"url":"https:\/\/quechilero.com\/blog\/2009\/11\/28\/como-perder-el-miedo-a-hablar-en-publico\/","url_meta":{"origin":484,"position":5},"title":"C\u00f3mo perder el miedo a hablar en p\u00fablico","author":"Pepe Barrascout Ortiz","date":"28 noviembre 2009","format":false,"excerpt":"Es normal que en m\u00e1s de una ocasi\u00f3n se nos d\u00e9 la circunstancia en la que nos debamos dirigir a un p\u00fablico. En esas ocasiones tememos hacer el rid\u00edculo, no encontrar la palabra adecuada o quedarnos sin palabras. Todo esto es bastante habitual. Y realmente lo peor de todo, es\u2026","rel":"","context":"En \u00abLimones\u00bb","block_context":{"text":"Limones","link":"https:\/\/quechilero.com\/blog\/category\/limones\/"},"img":{"alt_text":"","src":"","width":0,"height":0},"classes":[]}],"jetpack_featured_media_url":"","_links":{"self":[{"href":"https:\/\/quechilero.com\/blog\/wp-json\/wp\/v2\/posts\/484","targetHints":{"allow":["GET"]}}],"collection":[{"href":"https:\/\/quechilero.com\/blog\/wp-json\/wp\/v2\/posts"}],"about":[{"href":"https:\/\/quechilero.com\/blog\/wp-json\/wp\/v2\/types\/post"}],"author":[{"embeddable":true,"href":"https:\/\/quechilero.com\/blog\/wp-json\/wp\/v2\/users\/1"}],"replies":[{"embeddable":true,"href":"https:\/\/quechilero.com\/blog\/wp-json\/wp\/v2\/comments?post=484"}],"version-history":[{"count":0,"href":"https:\/\/quechilero.com\/blog\/wp-json\/wp\/v2\/posts\/484\/revisions"}],"wp:attachment":[{"href":"https:\/\/quechilero.com\/blog\/wp-json\/wp\/v2\/media?parent=484"}],"wp:term":[{"taxonomy":"category","embeddable":true,"href":"https:\/\/quechilero.com\/blog\/wp-json\/wp\/v2\/categories?post=484"},{"taxonomy":"post_tag","embeddable":true,"href":"https:\/\/quechilero.com\/blog\/wp-json\/wp\/v2\/tags?post=484"},{"taxonomy":"series","embeddable":true,"href":"https:\/\/quechilero.com\/blog\/wp-json\/wp\/v2\/series?post=484"}],"curies":[{"name":"wp","href":"https:\/\/api.w.org\/{rel}","templated":true}]}}