{"id":47,"date":"2006-07-27T00:00:47","date_gmt":"2006-07-27T06:00:47","guid":{"rendered":"http:\/\/quechilero.com\/blog\/2006\/07\/27\/mira-el-pajarito\/"},"modified":"2006-07-27T00:00:47","modified_gmt":"2006-07-27T06:00:47","slug":"mira-el-pajarito","status":"publish","type":"post","link":"https:\/\/quechilero.com\/blog\/2006\/07\/27\/mira-el-pajarito\/","title":{"rendered":"Mira el Pajarito"},"content":{"rendered":"<p>Acaso no decimos eso cada vez que tomamos una foto, tal vez este fue el origen de esta popular frase \ud83d\ude42<\/p>\n<p><a title=\"Photo Sharing\" href=\"http:\/\/www.flickr.com\/photos\/pepejaguar\/193068589\/\"><img data-recalc-dims=\"1\" loading=\"lazy\" decoding=\"async\" width=\"465\" height=\"349\" border=\"0\" alt=\"camara\" src=\"https:\/\/i0.wp.com\/static.flickr.com\/47\/193068589_27e644be24_o.jpg?resize=465%2C349\" \/><\/a><\/p>\n","protected":false},"excerpt":{"rendered":"<p>Acaso no decimos eso cada vez que tomamos una foto, tal vez este fue el origen de esta popular frase \ud83d\ude42<\/p>\n","protected":false},"author":1,"featured_media":0,"comment_status":"open","ping_status":"open","sticky":false,"template":"","format":"standard","meta":{"advanced_seo_description":"","jetpack_seo_html_title":"","jetpack_seo_noindex":false,"jetpack_seo_schema_type":"","episode_type":"","audio_file":"","podmotor_file_id":"","podmotor_episode_id":"","cover_image":"","cover_image_id":"","duration":"","filesize":"","filesize_raw":"","date_recorded":"","explicit":"","block":"","_jetpack_newsletter_access":"","_jetpack_dont_email_post_to_subs":false,"_jetpack_newsletter_tier_id":0,"_jetpack_memberships_contains_paywalled_content":false,"_jetpack_feature_clip_id":0,"_jetpack_memberships_contains_paid_content":false,"footnotes":"","jetpack_publicize_message":"","jetpack_publicize_feature_enabled":true,"jetpack_social_post_already_shared":false,"jetpack_social_options":{"image_generator_settings":{"template":"highway","default_image_id":0,"font":"","enabled":false},"version":2},"jetpack_post_was_ever_published":false},"categories":[2],"tags":[],"series":[],"class_list":["post-47","post","type-post","status-publish","format-standard","hentry","category-limones"],"episode_featured_image":false,"episode_player_image":"https:\/\/i0.wp.com\/quechilero.com\/blog\/imagenes\/podcast.png?fit=1831%2C1831&ssl=1","download_link":"","player_link":"","audio_player":false,"episode_data":{"playerMode":"dark","subscribeUrls":{"amazon":{"key":"amazon","url":"","label":"Amazon","class":"amazon","icon":"amazon.png"},"apple_podcasts":{"key":"apple_podcasts","url":"","label":"Apple Podcasts","class":"apple_podcasts","icon":"apple-podcasts.png"},"castbox":{"key":"castbox","url":"","label":"CastBox","class":"castbox","icon":"castbox.png"},"deezer":{"key":"deezer","url":"","label":"Deezer","class":"deezer","icon":"deezer.png"},"google_podcasts":{"key":"google_podcasts","url":"","label":"Google Podcasts","class":"google_podcasts","icon":"google-podcasts.png"},"listen_notes":{"key":"listen_notes","url":"","label":"Listen Notes","class":"listen_notes","icon":"listen-notes.png"},"pandora":{"key":"pandora","url":"","label":"Pandora","class":"pandora","icon":"pandora.png"},"podbean":{"key":"podbean","url":"","label":"Podbean","class":"podbean","icon":"podbean.png"},"podcast_republic":{"key":"podcast_republic","url":"","label":"Podcast Republic","class":"podcast_republic","icon":"podcast-republic.png"},"rss":{"key":"rss","url":"","label":"RSS","class":"rss","icon":"rss.png"},"spotify":{"key":"spotify","url":"","label":"Spotify","class":"spotify","icon":"spotify.png"},"stitcher":{"key":"stitcher","url":"","label":"Stitcher","class":"stitcher","icon":"stitcher.png"},"tunein":{"key":"tunein","url":"","label":"TuneIn","class":"tunein","icon":"tunein.png"},"youtube":{"key":"youtube","url":"","label":"YouTube","class":"youtube","icon":"youtube.png"},"iheartradio":{"key":"iheartradio","url":"","label":"iHeartRadio","class":"iheartradio","icon":"iheartradio.png"},"ivoox":{"key":"ivoox","url":"","label":"iVoox","class":"ivoox","icon":"ivoox.png"}},"rssFeedUrl":"https:\/\/quechilero.com\/blog\/feed\/podcast\/si-la-vida-nos-da-limones","embedCode":"<blockquote class=\"wp-embedded-content\" data-secret=\"Rxtpns6ion\"><a href=\"https:\/\/quechilero.com\/blog\/2006\/07\/27\/mira-el-pajarito\/\">Mira el Pajarito<\/a><\/blockquote><iframe sandbox=\"allow-scripts\" security=\"restricted\" src=\"https:\/\/quechilero.com\/blog\/2006\/07\/27\/mira-el-pajarito\/embed\/#?secret=Rxtpns6ion\" width=\"500\" height=\"350\" title=\"\u00abMira el Pajarito\u00bb \u2014 Si la Vida nos da Limones...\" data-secret=\"Rxtpns6ion\" frameborder=\"0\" marginwidth=\"0\" marginheight=\"0\" scrolling=\"no\" class=\"wp-embedded-content\"><\/iframe><script>\n\/*! This file is auto-generated *\/\n!function(d,l){\"use strict\";l.querySelector&&d.addEventListener&&\"undefined\"!=typeof URL&&(d.wp=d.wp||{},d.wp.receiveEmbedMessage||(d.wp.receiveEmbedMessage=function(e){var t=e.data;if((t||t.secret||t.message||t.value)&&!\/[^a-zA-Z0-9]\/.test(t.secret)){for(var s,r,n,a=l.querySelectorAll('iframe[data-secret=\"'+t.secret+'\"]'),o=l.querySelectorAll('blockquote[data-secret=\"'+t.secret+'\"]'),c=new RegExp(\"^https?:$\",\"i\"),i=0;i<o.length;i++)o[i].style.display=\"none\";for(i=0;i<a.length;i++)s=a[i],e.source===s.contentWindow&&(s.removeAttribute(\"style\"),\"height\"===t.message?(1e3<(r=parseInt(t.value,10))?r=1e3:~~r<200&&(r=200),s.height=r):\"link\"===t.message&&(r=new URL(s.getAttribute(\"src\")),n=new URL(t.value),c.test(n.protocol))&&n.host===r.host&&l.activeElement===s&&(d.top.location.href=t.value))}},d.addEventListener(\"message\",d.wp.receiveEmbedMessage,!1),l.addEventListener(\"DOMContentLoaded\",function(){for(var e,t,s=l.querySelectorAll(\"iframe.wp-embedded-content\"),r=0;r<s.length;r++)(t=(e=s[r]).getAttribute(\"data-secret\"))||(t=Math.random().toString(36).substring(2,12),e.src+=\"#?secret=\"+t,e.setAttribute(\"data-secret\",t)),e.contentWindow.postMessage({message:\"ready\",secret:t},\"*\")},!1)))}(window,document);\n\/\/# sourceURL=https:\/\/quechilero.com\/blog\/wp-includes\/js\/wp-embed.min.js\n<\/script>\n"},"jetpack_publicize_connections":[],"jetpack_shortlink":"https:\/\/wp.me\/pDKli-L","jetpack_sharing_enabled":true,"jetpack-related-posts":[{"id":6176,"url":"https:\/\/quechilero.com\/blog\/2010\/11\/22\/la-oracion-ha-de-ser-humilde\/","url_meta":{"origin":47,"position":0},"title":"La oraci\u00f3n ha de ser humilde","author":"Pepe Barrascout Ortiz","date":"22 noviembre 2010","format":false,"excerpt":"Tal vez en alguna ocasi\u00f3n hemos visto un pajarito durmiendo en una rama o en un hilo, sin que se caiga, y nos hemos preguntado \u00bfc\u00f3mo es que consigue hacerlo si est\u00e1 dormido? Si nosotros intent\u00e1ramos dormir as\u00ed, en cuanto nos durmi\u00e9ramos nos caer\u00edamos con graves consecuencias. Seg\u00fan algunos expertos,\u2026","rel":"","context":"En \u00abLimones\u00bb","block_context":{"text":"Limones","link":"https:\/\/quechilero.com\/blog\/category\/limones\/"},"img":{"alt_text":"","src":"","width":0,"height":0},"classes":[]},{"id":4512,"url":"https:\/\/quechilero.com\/blog\/2010\/04\/04\/la-parabola-del-colibri\/","url_meta":{"origin":47,"position":1},"title":"La par\u00e1bola del colibr\u00ed","author":"Pepe Barrascout Ortiz","date":"4 abril 2010","format":false,"excerpt":"El bosque est\u00e1 en llamas, y, mientras todos los animales huyen para salvar su pellejo, un picaflor recoge una y otra vez agua del r\u00edo para verterla sobre el fuego. - \"\u00bfEs qu\u00e9 acaso crees que con ese pico peque\u00f1o vas a apagar el incendio?\", le pregunta el Le\u00f3n. -\u2026","rel":"","context":"En \u00abLimones\u00bb","block_context":{"text":"Limones","link":"https:\/\/quechilero.com\/blog\/category\/limones\/"},"img":{"alt_text":"","src":"","width":0,"height":0},"classes":[]},{"id":5019,"url":"https:\/\/quechilero.com\/blog\/2010\/07\/07\/visitante-nocturno\/","url_meta":{"origin":47,"position":2},"title":"Visitante nocturno","author":"Pepe Barrascout Ortiz","date":"7 julio 2010","format":false,"excerpt":"Muchas veces lo hab\u00eda escuchado y una vez, entre las sombras vi el aleteo, cuando pas\u00f3 volando entre las ramas de uno de los \u00e1rboles. Pero fue hasta ahora, que nuestro visitante nocturno, baj\u00f3 hasta el arbusto de loroco y tom\u00f3 posesi\u00f3n del lugar, observando todo a su alrededor, en\u2026","rel":"","context":"En \u00abLimones\u00bb","block_context":{"text":"Limones","link":"https:\/\/quechilero.com\/blog\/category\/limones\/"},"img":{"alt_text":"","src":"","width":0,"height":0},"classes":[]},{"id":593,"url":"https:\/\/quechilero.com\/blog\/2007\/07\/21\/siete-frases-para-mejorar-la-comunicacion\/","url_meta":{"origin":47,"position":3},"title":"Siete frases para mejorar la comunicaci\u00f3n","author":"Pepe Barrascout Ortiz","date":"21 julio 2007","format":false,"excerpt":"Un texto muy interesante y que estoy seguro que nos llama a la reflexi\u00f3n. La comunicaci\u00f3n, importante herramienta que nos sirve para hacer grandes obras. Y estas frases son herramientas para mejorar esa herramienta tan importante en cualquier relaci\u00f3n humana. El texto original es del Blog \"Mi punto de vista\"\u2026","rel":"","context":"En \u00abLimones\u00bb","block_context":{"text":"Limones","link":"https:\/\/quechilero.com\/blog\/category\/limones\/"},"img":{"alt_text":"","src":"","width":0,"height":0},"classes":[]},{"id":7502,"url":"https:\/\/quechilero.com\/blog\/2011\/10\/15\/epocas\/","url_meta":{"origin":47,"position":4},"title":"\u00c9pocas","author":"Pepe Barrascout Ortiz","date":"15 octubre 2011","format":false,"excerpt":"En una cena en honor de Albert Einstein, un estudiante le pregunt\u00f3 al gran cient\u00edfico: \"\u00bfCu\u00e1l es su profesi\u00f3n?\" - Me dedico al estudio de la f\u00edsica -dijo Einstein. El estudiante exclam\u00f3: \"\u00bfQuiere decir que usted sigue estudiando f\u00edsica? Yo termin\u00e9 el a\u00f1o pasado.\" Una de las grandes tentaciones en\u2026","rel":"","context":"En \u00abLimones\u00bb","block_context":{"text":"Limones","link":"https:\/\/quechilero.com\/blog\/category\/limones\/"},"img":{"alt_text":"","src":"","width":0,"height":0},"classes":[]},{"id":4311,"url":"https:\/\/quechilero.com\/blog\/2010\/02\/26\/ilusion-optica\/","url_meta":{"origin":47,"position":5},"title":"Ilusi\u00f3n \u00f3ptica","author":"Pepe Barrascout Ortiz","date":"26 febrero 2010","format":false,"excerpt":"\"Nada es verdad y nada es mentira, todo depende del color del cristal con que se mira\", esta famosa sentencia que mas de alguna vez hemos escuchado y aplicado a distintas situaciones de la vida, nos da pie de entrada para ver esta ilusi\u00f3n \u00f3ptica, que como en la frase\u2026","rel":"","context":"En \u00abLimones\u00bb","block_context":{"text":"Limones","link":"https:\/\/quechilero.com\/blog\/category\/limones\/"},"img":{"alt_text":"","src":"","width":0,"height":0},"classes":[]}],"jetpack_featured_media_url":"","_links":{"self":[{"href":"https:\/\/quechilero.com\/blog\/wp-json\/wp\/v2\/posts\/47","targetHints":{"allow":["GET"]}}],"collection":[{"href":"https:\/\/quechilero.com\/blog\/wp-json\/wp\/v2\/posts"}],"about":[{"href":"https:\/\/quechilero.com\/blog\/wp-json\/wp\/v2\/types\/post"}],"author":[{"embeddable":true,"href":"https:\/\/quechilero.com\/blog\/wp-json\/wp\/v2\/users\/1"}],"replies":[{"embeddable":true,"href":"https:\/\/quechilero.com\/blog\/wp-json\/wp\/v2\/comments?post=47"}],"version-history":[{"count":0,"href":"https:\/\/quechilero.com\/blog\/wp-json\/wp\/v2\/posts\/47\/revisions"}],"wp:attachment":[{"href":"https:\/\/quechilero.com\/blog\/wp-json\/wp\/v2\/media?parent=47"}],"wp:term":[{"taxonomy":"category","embeddable":true,"href":"https:\/\/quechilero.com\/blog\/wp-json\/wp\/v2\/categories?post=47"},{"taxonomy":"post_tag","embeddable":true,"href":"https:\/\/quechilero.com\/blog\/wp-json\/wp\/v2\/tags?post=47"},{"taxonomy":"series","embeddable":true,"href":"https:\/\/quechilero.com\/blog\/wp-json\/wp\/v2\/series?post=47"}],"curies":[{"name":"wp","href":"https:\/\/api.w.org\/{rel}","templated":true}]}}