{"id":467,"date":"2007-03-02T14:31:45","date_gmt":"2007-03-02T20:31:45","guid":{"rendered":"http:\/\/www.quechilero.com\/blog\/2007\/03\/02\/el-agua-que-queria-ser-fuego\/"},"modified":"2007-03-02T14:31:45","modified_gmt":"2007-03-02T20:31:45","slug":"el-agua-que-queria-ser-fuego","status":"publish","type":"post","link":"https:\/\/quechilero.com\/blog\/2007\/03\/02\/el-agua-que-queria-ser-fuego\/","title":{"rendered":"El agua que quer\u00eda ser fuego"},"content":{"rendered":"<p><font size=\"2\" face=\"Verdana\" color=\"#000000\"> \u00abYa estoy harta de ser fr\u00eda y de correr r\u00edo abajo. Dicen que soy necesaria. Pero yo preferir\u00eda ser hermosa. Y encender entusiasmos. Y hacer arder el coraz\u00f3n de los enamorados. Y ser roja y c\u00e1lida. Dicen que yo purifico lo que toco, pero m\u00e1s fuerza purificadora tiene el fuego. Quisiera ser fuego y llama\u00bb.<\/font><\/p>\n<p><font size=\"2\" face=\"Verdana\" color=\"#000000\">As\u00ed pensaba en septiembre el agua de un r\u00edo de monta\u00f1a. Y, como quer\u00eda ser fuego, decidi\u00f3 escribir una carta a Dios para pedir que cambiara su identidad.<\/font><\/p>\n<p><font size=\"2\" face=\"Verdana\" color=\"#000000\">\u00abQuerido Dios: T\u00fa me hiciste agua. Pero quiero decirte con todo respeto que me he cansado de ser transparente. Prefiero el color rojo para m\u00ed. Desear\u00eda ser fuego. \u00bfPuede ser? T\u00fa mismo, Se\u00f1or, te identificaste con la zarza ardiente y dijiste que hab\u00edas venido a poner fuego a la tierra. No recuerdo que nunca te compararas con el agua. Por eso, creo que comprender\u00e1s mi deseo. No es un simple capricho. Yo necesito este cambio para mi realizaci\u00f3n personal&#8230;\u00bb<\/font><\/p>\n<p><font size=\"2\" face=\"Verdana\" color=\"#000000\">El agua sal\u00eda todas las ma\u00f1anas a su orilla para ver si llegaba la respuesta de Dios. Una tarde pas\u00f3 una lancha muy blanca y dej\u00f3 caer al agua un sobre muy rojo.<\/font><\/p>\n<p><font size=\"2\" face=\"Verdana\" color=\"#000000\">El agua lo abri\u00f3 y ley\u00f3: \u00abQuerida hija: me apresuro a contestar tu carta. Parece que te has cansado de ser agua. Yo lo siento mucho porque no eres un agua cualquiera. Tu abuela fue la que me bautiz\u00f3 en el Jord\u00e1n, y yo te ten\u00eda destinada a caer sobre la cabeza de muchos ni\u00f1os. T\u00fa preparas el camino del fuego. Mi esp\u00edritu no baja a nadie que no haya sido lavado por ti. El agua es siempre primero que el fuego&#8230;\u00bb.<\/font><\/p>\n<p><font size=\"2\" face=\"Verdana\" color=\"#000000\">Mientras el agua estaba embebida leyendo la carta, Dios baj\u00f3 a su lado y la contempl\u00f3 en silencio. El agua se mir\u00f3 a s\u00ed misma y vio el rostro de Dios reflejado en ella. Y Dios segu\u00eda sonriendo esperando respuesta.<\/font><\/p>\n<p><font size=\"2\" face=\"Verdana\" color=\"#000000\">El agua comprendi\u00f3 que el privilegio de reflejar el rostro de Dios s\u00f3lo lo tiene al agua limpia&#8230; Suspir\u00f3 y dijo: \u00abS\u00ed, Se\u00f1or, seguir\u00e9 siendo agua. Seguir\u00e9 siendo tu espejo. Gracias\u00bb.<\/font><\/p>\n<p><font size=\"2\" face=\"Verdana\" color=\"#000000\">debemos reflejar con toda claridad el rostro de Cristo Resucitado, estoy convencida de que debo pensar en el agua del cuento: S\u00ed, Se\u00f1or, seguir\u00e9 siendo agua. Seguir\u00e9 siendo tu espejo. Y es que es muy cierto que nos entra la tentaci\u00f3n de cambiar, de querer lo que no somos, de que tal vez Dios se trasparentar\u00e1 m\u00e1s en m\u00ed si hago lo que parece que a otros le va bien. Nos entra esa m\u00edstica \u00abojalatera\u00bb del \u00abojal\u00e1 yo&#8230;\u00bb; \u00abojal\u00e1 fuera otra cosa&#8230;\u00bb, \u00abojal\u00e1 hubiera escogido otro estado, otra situaci\u00f3n, otra persona&#8230;\u00bb Y nos quedamos en los tristes lamentos ante un sepulcro vac\u00edo sin disfrutar tampoco de un Cristo vivo.<\/font><\/p>\n<p><font size=\"2\" face=\"Verdana\" color=\"#000000\">Propongo a todos los que tengan la bendici\u00f3n de leer estas l\u00edneas, que seamos todos agua clara para que el rostro del Cristo Vivo se refleje en nuestro espejo. Y que vivamos en paz.<\/font><\/p>\n","protected":false},"excerpt":{"rendered":"<p>\u00abYa estoy harta de ser fr\u00eda y de correr r\u00edo abajo. Dicen que soy necesaria. Pero yo preferir\u00eda ser hermosa. Y encender entusiasmos. Y hacer arder el coraz\u00f3n de los enamorados. Y ser roja y c\u00e1lida. Dicen que yo purifico lo que toco, pero m\u00e1s fuerza purificadora tiene el fuego. Quisiera ser fuego y llama\u00bb. &#8230; <a title=\"El agua que quer\u00eda ser fuego\" class=\"read-more\" href=\"https:\/\/quechilero.com\/blog\/2007\/03\/02\/el-agua-que-queria-ser-fuego\/\" aria-label=\"Leer m\u00e1s sobre El agua que quer\u00eda ser fuego\">Leer m\u00e1s<\/a><\/p>\n","protected":false},"author":1,"featured_media":0,"comment_status":"open","ping_status":"open","sticky":false,"template":"","format":"standard","meta":{"advanced_seo_description":"","jetpack_seo_html_title":"","jetpack_seo_noindex":false,"jetpack_seo_schema_type":"","episode_type":"","audio_file":"","podmotor_file_id":"","podmotor_episode_id":"","cover_image":"","cover_image_id":"","duration":"","filesize":"","filesize_raw":"","date_recorded":"","explicit":"","block":"","_jetpack_newsletter_access":"","_jetpack_dont_email_post_to_subs":false,"_jetpack_newsletter_tier_id":0,"_jetpack_memberships_contains_paywalled_content":false,"_jetpack_feature_clip_id":0,"_jetpack_memberships_contains_paid_content":false,"footnotes":"","jetpack_publicize_message":"","jetpack_publicize_feature_enabled":true,"jetpack_social_post_already_shared":false,"jetpack_social_options":{"image_generator_settings":{"template":"highway","default_image_id":0,"font":"","enabled":false},"version":2},"jetpack_post_was_ever_published":false},"categories":[2],"tags":[15,45,51,40,22],"series":[],"class_list":["post-467","post","type-post","status-publish","format-standard","hentry","category-limones","tag-amor","tag-deseo","tag-dios","tag-paz","tag-respuesta"],"episode_featured_image":false,"episode_player_image":"https:\/\/i0.wp.com\/quechilero.com\/blog\/imagenes\/podcast.png?fit=1831%2C1831&ssl=1","download_link":"","player_link":"","audio_player":false,"episode_data":{"playerMode":"dark","subscribeUrls":{"amazon":{"key":"amazon","url":"","label":"Amazon","class":"amazon","icon":"amazon.png"},"apple_podcasts":{"key":"apple_podcasts","url":"","label":"Apple Podcasts","class":"apple_podcasts","icon":"apple-podcasts.png"},"castbox":{"key":"castbox","url":"","label":"CastBox","class":"castbox","icon":"castbox.png"},"deezer":{"key":"deezer","url":"","label":"Deezer","class":"deezer","icon":"deezer.png"},"google_podcasts":{"key":"google_podcasts","url":"","label":"Google Podcasts","class":"google_podcasts","icon":"google-podcasts.png"},"listen_notes":{"key":"listen_notes","url":"","label":"Listen Notes","class":"listen_notes","icon":"listen-notes.png"},"pandora":{"key":"pandora","url":"","label":"Pandora","class":"pandora","icon":"pandora.png"},"podbean":{"key":"podbean","url":"","label":"Podbean","class":"podbean","icon":"podbean.png"},"podcast_republic":{"key":"podcast_republic","url":"","label":"Podcast Republic","class":"podcast_republic","icon":"podcast-republic.png"},"rss":{"key":"rss","url":"","label":"RSS","class":"rss","icon":"rss.png"},"spotify":{"key":"spotify","url":"","label":"Spotify","class":"spotify","icon":"spotify.png"},"stitcher":{"key":"stitcher","url":"","label":"Stitcher","class":"stitcher","icon":"stitcher.png"},"tunein":{"key":"tunein","url":"","label":"TuneIn","class":"tunein","icon":"tunein.png"},"youtube":{"key":"youtube","url":"","label":"YouTube","class":"youtube","icon":"youtube.png"},"iheartradio":{"key":"iheartradio","url":"","label":"iHeartRadio","class":"iheartradio","icon":"iheartradio.png"},"ivoox":{"key":"ivoox","url":"","label":"iVoox","class":"ivoox","icon":"ivoox.png"}},"rssFeedUrl":"https:\/\/quechilero.com\/blog\/feed\/podcast\/si-la-vida-nos-da-limones","embedCode":"<blockquote class=\"wp-embedded-content\" data-secret=\"ujDwAQuNUl\"><a href=\"https:\/\/quechilero.com\/blog\/2007\/03\/02\/el-agua-que-queria-ser-fuego\/\">El agua que quer\u00eda ser fuego<\/a><\/blockquote><iframe sandbox=\"allow-scripts\" security=\"restricted\" src=\"https:\/\/quechilero.com\/blog\/2007\/03\/02\/el-agua-que-queria-ser-fuego\/embed\/#?secret=ujDwAQuNUl\" width=\"500\" height=\"350\" title=\"\u00abEl agua que quer\u00eda ser fuego\u00bb \u2014 Si la Vida nos da Limones...\" data-secret=\"ujDwAQuNUl\" frameborder=\"0\" marginwidth=\"0\" marginheight=\"0\" scrolling=\"no\" class=\"wp-embedded-content\"><\/iframe><script>\n\/*! This file is auto-generated *\/\n!function(d,l){\"use strict\";l.querySelector&&d.addEventListener&&\"undefined\"!=typeof URL&&(d.wp=d.wp||{},d.wp.receiveEmbedMessage||(d.wp.receiveEmbedMessage=function(e){var t=e.data;if((t||t.secret||t.message||t.value)&&!\/[^a-zA-Z0-9]\/.test(t.secret)){for(var s,r,n,a=l.querySelectorAll('iframe[data-secret=\"'+t.secret+'\"]'),o=l.querySelectorAll('blockquote[data-secret=\"'+t.secret+'\"]'),c=new RegExp(\"^https?:$\",\"i\"),i=0;i<o.length;i++)o[i].style.display=\"none\";for(i=0;i<a.length;i++)s=a[i],e.source===s.contentWindow&&(s.removeAttribute(\"style\"),\"height\"===t.message?(1e3<(r=parseInt(t.value,10))?r=1e3:~~r<200&&(r=200),s.height=r):\"link\"===t.message&&(r=new URL(s.getAttribute(\"src\")),n=new URL(t.value),c.test(n.protocol))&&n.host===r.host&&l.activeElement===s&&(d.top.location.href=t.value))}},d.addEventListener(\"message\",d.wp.receiveEmbedMessage,!1),l.addEventListener(\"DOMContentLoaded\",function(){for(var e,t,s=l.querySelectorAll(\"iframe.wp-embedded-content\"),r=0;r<s.length;r++)(t=(e=s[r]).getAttribute(\"data-secret\"))||(t=Math.random().toString(36).substring(2,12),e.src+=\"#?secret=\"+t,e.setAttribute(\"data-secret\",t)),e.contentWindow.postMessage({message:\"ready\",secret:t},\"*\")},!1)))}(window,document);\n\/\/# sourceURL=https:\/\/quechilero.com\/blog\/wp-includes\/js\/wp-embed.min.js\n<\/script>\n"},"jetpack_publicize_connections":[],"jetpack_shortlink":"https:\/\/wp.me\/pDKli-7x","jetpack_sharing_enabled":true,"jetpack-related-posts":[{"id":27326,"url":"https:\/\/quechilero.com\/blog\/2010\/10\/04\/santo-rosario-misterios-luminosos\/","url_meta":{"origin":467,"position":0},"title":"Santo Rosario: Misterios Luminosos","author":"Pepe Barrascout Ortiz","date":"4 octubre 2010","format":false,"excerpt":"Los Misterios Luminosos los rezamos los Jueves En el nombre del Padre, y del Hijo, y del Esp\u00edritu Santo. Am\u00e9n. Dios m\u00edo, ven en mi auxilio. Se\u00f1or, date prisa en socorrerme. Gloria al Padre, Gloria al Hijo y Gloria al Esp\u00edritu Santo, Am\u00e9n. Primer Misterio Luminoso. El Bautismo de Jes\u00fas.\u2026","rel":"","context":"En \u00abEl Santo Rosario\u00bb","block_context":{"text":"El Santo Rosario","link":"https:\/\/quechilero.com\/blog\/category\/podcast\/el-santo-rosario\/"},"img":{"alt_text":"Misterios Luminosos","src":"https:\/\/i0.wp.com\/i392.photobucket.com\/albums\/pp7\/pepejaguar\/blog\/Misterios-Luminosos_zpsb09a52c6.jpg?resize=350%2C200","width":350,"height":200,"srcset":"https:\/\/i0.wp.com\/i392.photobucket.com\/albums\/pp7\/pepejaguar\/blog\/Misterios-Luminosos_zpsb09a52c6.jpg?resize=350%2C200 1x, https:\/\/i0.wp.com\/i392.photobucket.com\/albums\/pp7\/pepejaguar\/blog\/Misterios-Luminosos_zpsb09a52c6.jpg?resize=525%2C300 1.5x"},"classes":[]},{"id":7758,"url":"https:\/\/quechilero.com\/blog\/2011\/09\/01\/fuegos-pirotecnicos\/","url_meta":{"origin":467,"position":1},"title":"Fuegos pirot\u00e9cnicos","author":"Pepe Barrascout Ortiz","date":"1 septiembre 2011","format":false,"excerpt":"Los fuegos artificiales, son artefactos explosivos pirot\u00e9cnicos utilizados para prop\u00f3sitos de entretenimiento. Un evento de fuegos artificiales (tambi\u00e9n llamado un espect\u00e1culo de fuegos artificiales o pirotecnia) es una muestra de los efectos producidos por los dispositivos pirot\u00e9cnicos. Pueden ser dise\u00f1ados para quemar con fuego y chispas de colores como rojo,\u2026","rel":"","context":"En \u00abLimones\u00bb","block_context":{"text":"Limones","link":"https:\/\/quechilero.com\/blog\/category\/limones\/"},"img":{"alt_text":"","src":"https:\/\/i0.wp.com\/lh5.googleusercontent.com\/-8UhH9XHKbD4\/TmPmT1zK5JI\/AAAAAAAAA_c\/sFJU3BxthJE\/s800\/Happy%252520Memorial%252520Day%252520Weekend.jpg?resize=350%2C200&ssl=1","width":350,"height":200,"srcset":"https:\/\/i0.wp.com\/lh5.googleusercontent.com\/-8UhH9XHKbD4\/TmPmT1zK5JI\/AAAAAAAAA_c\/sFJU3BxthJE\/s800\/Happy%252520Memorial%252520Day%252520Weekend.jpg?resize=350%2C200&ssl=1 1x, https:\/\/i0.wp.com\/lh5.googleusercontent.com\/-8UhH9XHKbD4\/TmPmT1zK5JI\/AAAAAAAAA_c\/sFJU3BxthJE\/s800\/Happy%252520Memorial%252520Day%252520Weekend.jpg?resize=525%2C300&ssl=1 1.5x"},"classes":[]},{"id":18043,"url":"https:\/\/quechilero.com\/blog\/2014\/08\/27\/amar-y-ser-amado\/","url_meta":{"origin":467,"position":2},"title":"Amar y ser amado","author":"Pepe Barrascout Ortiz","date":"27 agosto 2014","format":false,"excerpt":"Buscar y encontrar, amar y ser correspondido en el amor, es el deseo mas hondo del coraz\u00f3n humano. Quien ha experimentado este regalo sabe de su fuerza dinamizadora, de su poder transformante, de su capacidad de generar entusiasmo, de generar vida. Dios me ama, no deja de decirlo, mostrado de\u2026","rel":"","context":"En \u00abLimones\u00bb","block_context":{"text":"Limones","link":"https:\/\/quechilero.com\/blog\/category\/limones\/"},"img":{"alt_text":"","src":"","width":0,"height":0},"classes":[]},{"id":5476,"url":"https:\/\/quechilero.com\/blog\/2010\/08\/28\/el-hombre-compasivo\/","url_meta":{"origin":467,"position":3},"title":"El hombre compasivo","author":"Pepe Barrascout Ortiz","date":"28 agosto 2010","format":false,"excerpt":"Una vez un hombre pesc\u00f3 una tortuga. Deseaba hacer una sopa con ella, pero no quer\u00eda que alguien pudiera decir que \u00e9l hab\u00eda dado muerte a un ser viviente. Encendi\u00f3 su fuego e hizo hervir agua en una olla. Coloc\u00f3 una p\u00e9rtiga de bamb\u00fa encima de la olla a manera\u2026","rel":"","context":"En \u00abLimones\u00bb","block_context":{"text":"Limones","link":"https:\/\/quechilero.com\/blog\/category\/limones\/"},"img":{"alt_text":"","src":"","width":0,"height":0},"classes":[]},{"id":4512,"url":"https:\/\/quechilero.com\/blog\/2010\/04\/04\/la-parabola-del-colibri\/","url_meta":{"origin":467,"position":4},"title":"La par\u00e1bola del colibr\u00ed","author":"Pepe Barrascout Ortiz","date":"4 abril 2010","format":false,"excerpt":"El bosque est\u00e1 en llamas, y, mientras todos los animales huyen para salvar su pellejo, un picaflor recoge una y otra vez agua del r\u00edo para verterla sobre el fuego. - \"\u00bfEs qu\u00e9 acaso crees que con ese pico peque\u00f1o vas a apagar el incendio?\", le pregunta el Le\u00f3n. -\u2026","rel":"","context":"En \u00abLimones\u00bb","block_context":{"text":"Limones","link":"https:\/\/quechilero.com\/blog\/category\/limones\/"},"img":{"alt_text":"","src":"","width":0,"height":0},"classes":[]},{"id":19820,"url":"https:\/\/quechilero.com\/blog\/2015\/02\/10\/paraiso\/","url_meta":{"origin":467,"position":5},"title":"Para\u00edso","author":"Pepe Barrascout Ortiz","date":"10 febrero 2015","format":false,"excerpt":"Cierta noche tres amigos ascend\u00edan por la pendiente del monte Sina\u00ed, esperando llegar a la cima antes del anochecer. Estaban ansiosos por respirar el mismo aire donde, siglos atr\u00e1s, hab\u00edan resonado las voces de Dios y de Mois\u00e9s. - Hagamos un alto para reponer fuerzas -propuso el de m\u00e1s edad,\u2026","rel":"","context":"En \u00abLimones\u00bb","block_context":{"text":"Limones","link":"https:\/\/quechilero.com\/blog\/category\/limones\/"},"img":{"alt_text":"","src":"","width":0,"height":0},"classes":[]}],"jetpack_featured_media_url":"","_links":{"self":[{"href":"https:\/\/quechilero.com\/blog\/wp-json\/wp\/v2\/posts\/467","targetHints":{"allow":["GET"]}}],"collection":[{"href":"https:\/\/quechilero.com\/blog\/wp-json\/wp\/v2\/posts"}],"about":[{"href":"https:\/\/quechilero.com\/blog\/wp-json\/wp\/v2\/types\/post"}],"author":[{"embeddable":true,"href":"https:\/\/quechilero.com\/blog\/wp-json\/wp\/v2\/users\/1"}],"replies":[{"embeddable":true,"href":"https:\/\/quechilero.com\/blog\/wp-json\/wp\/v2\/comments?post=467"}],"version-history":[{"count":0,"href":"https:\/\/quechilero.com\/blog\/wp-json\/wp\/v2\/posts\/467\/revisions"}],"wp:attachment":[{"href":"https:\/\/quechilero.com\/blog\/wp-json\/wp\/v2\/media?parent=467"}],"wp:term":[{"taxonomy":"category","embeddable":true,"href":"https:\/\/quechilero.com\/blog\/wp-json\/wp\/v2\/categories?post=467"},{"taxonomy":"post_tag","embeddable":true,"href":"https:\/\/quechilero.com\/blog\/wp-json\/wp\/v2\/tags?post=467"},{"taxonomy":"series","embeddable":true,"href":"https:\/\/quechilero.com\/blog\/wp-json\/wp\/v2\/series?post=467"}],"curies":[{"name":"wp","href":"https:\/\/api.w.org\/{rel}","templated":true}]}}