{"id":4646,"date":"2010-04-28T08:00:33","date_gmt":"2010-04-28T14:00:33","guid":{"rendered":"http:\/\/quechilero.com\/blog\/?p=4646"},"modified":"2010-04-28T08:00:33","modified_gmt":"2010-04-28T14:00:33","slug":"ojos-abiertos","status":"publish","type":"post","link":"https:\/\/quechilero.com\/blog\/2010\/04\/28\/ojos-abiertos\/","title":{"rendered":"Ojos abiertos"},"content":{"rendered":"<p>Yashoda es la madre de Krishna, la encarnaci\u00f3n de dios m\u00e1s popular, querida y venerada en la India. Ella lo cuid\u00f3 mientras era ni\u00f1o, adolescente, joven, con todo el cari\u00f1o de madre y de creyente.<\/p>\n<p>Creci\u00f3 Krishna y le lleg\u00f3 el momento de dejar su casa, su pueblo y a su madre para predicar, ayudar y redimir a su pueblo. Al despedirse, su madre le pidi\u00f3 una gracia: <em>\u00abQue siempre que cierre los ojos, te vea.\u00bb<\/em><\/p>\n<p>Krishna le contest\u00f3: <em>\u00abTe concedo una gracia mejor: Que siempre que abras los ojos, me veas.\u00bb<\/em><\/p>\n<p><strong><em>Carlos G. Vall\u00e9s<\/em><\/strong><\/p>\n","protected":false},"excerpt":{"rendered":"<p>Yashoda es la madre de Krishna, la encarnaci\u00f3n de dios m\u00e1s popular, querida y venerada en la India. Ella lo cuid\u00f3 mientras era ni\u00f1o, adolescente, joven, con todo el cari\u00f1o de madre y de creyente. Creci\u00f3 Krishna y le lleg\u00f3 el momento de dejar su casa, su pueblo y a su madre para predicar, ayudar &#8230; <a title=\"Ojos abiertos\" class=\"read-more\" href=\"https:\/\/quechilero.com\/blog\/2010\/04\/28\/ojos-abiertos\/\" aria-label=\"Leer m\u00e1s sobre Ojos abiertos\">Leer m\u00e1s<\/a><\/p>\n","protected":false},"author":1,"featured_media":0,"comment_status":"open","ping_status":"open","sticky":false,"template":"","format":"standard","meta":{"advanced_seo_description":"","jetpack_seo_html_title":"","jetpack_seo_noindex":false,"jetpack_seo_schema_type":"","episode_type":"","audio_file":"","podmotor_file_id":"","podmotor_episode_id":"","cover_image":"","cover_image_id":"","duration":"","filesize":"","filesize_raw":"","date_recorded":"","explicit":"","block":"","_jetpack_newsletter_access":"","_jetpack_dont_email_post_to_subs":false,"_jetpack_newsletter_tier_id":0,"_jetpack_memberships_contains_paywalled_content":false,"_jetpack_feature_clip_id":0,"_jetpack_memberships_contains_paid_content":false,"footnotes":"","jetpack_publicize_message":"","jetpack_publicize_feature_enabled":true,"jetpack_social_post_already_shared":false,"jetpack_social_options":{"image_generator_settings":{"template":"highway","default_image_id":0,"font":"","enabled":false},"version":2},"jetpack_post_was_ever_published":false},"categories":[2],"tags":[37,51,39],"series":[],"class_list":["post-4646","post","type-post","status-publish","format-standard","hentry","category-limones","tag-ayuda","tag-dios","tag-madre"],"episode_featured_image":false,"episode_player_image":"https:\/\/i0.wp.com\/quechilero.com\/blog\/imagenes\/podcast.png?fit=1831%2C1831&ssl=1","download_link":"","player_link":"","audio_player":false,"episode_data":{"playerMode":"dark","subscribeUrls":{"amazon":{"key":"amazon","url":"","label":"Amazon","class":"amazon","icon":"amazon.png"},"apple_podcasts":{"key":"apple_podcasts","url":"","label":"Apple Podcasts","class":"apple_podcasts","icon":"apple-podcasts.png"},"castbox":{"key":"castbox","url":"","label":"CastBox","class":"castbox","icon":"castbox.png"},"deezer":{"key":"deezer","url":"","label":"Deezer","class":"deezer","icon":"deezer.png"},"google_podcasts":{"key":"google_podcasts","url":"","label":"Google Podcasts","class":"google_podcasts","icon":"google-podcasts.png"},"listen_notes":{"key":"listen_notes","url":"","label":"Listen Notes","class":"listen_notes","icon":"listen-notes.png"},"pandora":{"key":"pandora","url":"","label":"Pandora","class":"pandora","icon":"pandora.png"},"podbean":{"key":"podbean","url":"","label":"Podbean","class":"podbean","icon":"podbean.png"},"podcast_republic":{"key":"podcast_republic","url":"","label":"Podcast Republic","class":"podcast_republic","icon":"podcast-republic.png"},"rss":{"key":"rss","url":"","label":"RSS","class":"rss","icon":"rss.png"},"spotify":{"key":"spotify","url":"","label":"Spotify","class":"spotify","icon":"spotify.png"},"stitcher":{"key":"stitcher","url":"","label":"Stitcher","class":"stitcher","icon":"stitcher.png"},"tunein":{"key":"tunein","url":"","label":"TuneIn","class":"tunein","icon":"tunein.png"},"youtube":{"key":"youtube","url":"","label":"YouTube","class":"youtube","icon":"youtube.png"},"iheartradio":{"key":"iheartradio","url":"","label":"iHeartRadio","class":"iheartradio","icon":"iheartradio.png"},"ivoox":{"key":"ivoox","url":"","label":"iVoox","class":"ivoox","icon":"ivoox.png"}},"rssFeedUrl":"https:\/\/quechilero.com\/blog\/feed\/podcast\/si-la-vida-nos-da-limones","embedCode":"<blockquote class=\"wp-embedded-content\" data-secret=\"NWX2POLL74\"><a href=\"https:\/\/quechilero.com\/blog\/2010\/04\/28\/ojos-abiertos\/\">Ojos abiertos<\/a><\/blockquote><iframe sandbox=\"allow-scripts\" security=\"restricted\" src=\"https:\/\/quechilero.com\/blog\/2010\/04\/28\/ojos-abiertos\/embed\/#?secret=NWX2POLL74\" width=\"500\" height=\"350\" title=\"\u00abOjos abiertos\u00bb \u2014 Si la Vida nos da Limones...\" data-secret=\"NWX2POLL74\" frameborder=\"0\" marginwidth=\"0\" marginheight=\"0\" scrolling=\"no\" class=\"wp-embedded-content\"><\/iframe><script>\n\/*! This file is auto-generated *\/\n!function(d,l){\"use strict\";l.querySelector&&d.addEventListener&&\"undefined\"!=typeof URL&&(d.wp=d.wp||{},d.wp.receiveEmbedMessage||(d.wp.receiveEmbedMessage=function(e){var t=e.data;if((t||t.secret||t.message||t.value)&&!\/[^a-zA-Z0-9]\/.test(t.secret)){for(var s,r,n,a=l.querySelectorAll('iframe[data-secret=\"'+t.secret+'\"]'),o=l.querySelectorAll('blockquote[data-secret=\"'+t.secret+'\"]'),c=new RegExp(\"^https?:$\",\"i\"),i=0;i<o.length;i++)o[i].style.display=\"none\";for(i=0;i<a.length;i++)s=a[i],e.source===s.contentWindow&&(s.removeAttribute(\"style\"),\"height\"===t.message?(1e3<(r=parseInt(t.value,10))?r=1e3:~~r<200&&(r=200),s.height=r):\"link\"===t.message&&(r=new URL(s.getAttribute(\"src\")),n=new URL(t.value),c.test(n.protocol))&&n.host===r.host&&l.activeElement===s&&(d.top.location.href=t.value))}},d.addEventListener(\"message\",d.wp.receiveEmbedMessage,!1),l.addEventListener(\"DOMContentLoaded\",function(){for(var e,t,s=l.querySelectorAll(\"iframe.wp-embedded-content\"),r=0;r<s.length;r++)(t=(e=s[r]).getAttribute(\"data-secret\"))||(t=Math.random().toString(36).substring(2,12),e.src+=\"#?secret=\"+t,e.setAttribute(\"data-secret\",t)),e.contentWindow.postMessage({message:\"ready\",secret:t},\"*\")},!1)))}(window,document);\n\/\/# sourceURL=https:\/\/quechilero.com\/blog\/wp-includes\/js\/wp-embed.min.js\n<\/script>\n"},"jetpack_publicize_connections":[],"jetpack_shortlink":"https:\/\/wp.me\/pDKli-1cW","jetpack_sharing_enabled":true,"jetpack-related-posts":[{"id":19558,"url":"https:\/\/quechilero.com\/blog\/2014\/10\/21\/si-hubiese-sufrido\/","url_meta":{"origin":4646,"position":0},"title":"Si no hubiese sufrido","author":"Pepe Barrascout Ortiz","date":"21 octubre 2014","format":false,"excerpt":"La poes\u00eda \"Si no hubiese sufrido\" fue escrita por el famoso poeta Genzo Mizuno, que naci\u00f3 en Jap\u00f3n en 1937. Estando en cuarto grado de primaria, a los 9 a\u00f1os de edad, padeci\u00f3 disenter\u00eda, que le produjo meningitis, caus\u00e1ndole p\u00e9rdida total de la capacidad de expresi\u00f3n. Qued\u00f3 totalmente paralizado e\u2026","rel":"","context":"En \u00abLimones\u00bb","block_context":{"text":"Limones","link":"https:\/\/quechilero.com\/blog\/category\/limones\/"},"img":{"alt_text":"","src":"","width":0,"height":0},"classes":[]},{"id":14379,"url":"https:\/\/quechilero.com\/blog\/2012\/08\/25\/la-alegria-de-la-resurreccion\/","url_meta":{"origin":4646,"position":1},"title":"La alegr\u00eda de la Resurrecci\u00f3n","author":"Pepe Barrascout Ortiz","date":"25 agosto 2012","format":false,"excerpt":"El Se\u00f1or ha resucitado de entre los muertos, como lo hab\u00eda dicho, alegr\u00e9monos y regocij\u00e9monos todos, porque reina para siempre. \u00a1Aleluya! Nuestra Madre la Iglesia nos introduce en estos d\u00edas en la alegr\u00eda pascual a trav\u00e9s de los textos de la liturgia; nos pide que esta alegr\u00eda sea anticipo y\u2026","rel":"","context":"En \u00abLimones\u00bb","block_context":{"text":"Limones","link":"https:\/\/quechilero.com\/blog\/category\/limones\/"},"img":{"alt_text":"","src":"","width":0,"height":0},"classes":[]},{"id":10232,"url":"https:\/\/quechilero.com\/blog\/2011\/08\/15\/solemnidad-de-la-asuncion-de-la-virgen-maria\/","url_meta":{"origin":4646,"position":2},"title":"Solemnidad de la Asunci\u00f3n de la Virgen Mar\u00eda","author":"Pepe Barrascout Ortiz","date":"15 agosto 2011","format":false,"excerpt":"Hermanos, la Iglesia quiere comunicarnos una Buena Noticia: la Asunci\u00f3n de Mar\u00eda en cuerpo y alma a los cielos. 1.- Proclamaci\u00f3n del misterio de la Asunci\u00f3n de Mar\u00eda El d\u00eda 1 de Noviembre de 1950,P\u00edo XII defini\u00f3 solemnemente el dogma de la Asunci\u00f3n de Mar\u00eda a los cielos con estas\u2026","rel":"","context":"En \u00abLimones\u00bb","block_context":{"text":"Limones","link":"https:\/\/quechilero.com\/blog\/category\/limones\/"},"img":{"alt_text":"","src":"https:\/\/i0.wp.com\/lh3.googleusercontent.com\/-hoNf0XlCGas\/TknhhNXlY_I\/AAAAAAAAA4E\/TkOHPATlRSk\/s640\/VIRGEN%252520MAR%2525C3%25258DA%252520-%252520ASUNCI%2525C3%252593N%252520-%252520ITALIA%252520-%252520assunzione.jpg?resize=350%2C200&ssl=1","width":350,"height":200},"classes":[]},{"id":3569,"url":"https:\/\/quechilero.com\/blog\/2009\/08\/15\/virgen-de-la-asuncion\/","url_meta":{"origin":4646,"position":3},"title":"Virgen de la Asunci\u00f3n","author":"Pepe Barrascout Ortiz","date":"15 agosto 2009","format":false,"excerpt":"Explicaci\u00f3n de la fiesta La Asunci\u00f3n es un mensaje de esperanza que nos hace pensar en la dicha de alcanzar el Cielo, la gloria de Dios y en la alegr\u00eda de tener una madre que ha alcanzado la meta a la que nosotros caminamos. Este d\u00eda, recordamos que Mar\u00eda es\u2026","rel":"","context":"En \u00abLimones\u00bb","block_context":{"text":"Limones","link":"https:\/\/quechilero.com\/blog\/category\/limones\/"},"img":{"alt_text":"","src":"","width":0,"height":0},"classes":[]},{"id":2066,"url":"https:\/\/quechilero.com\/blog\/2008\/12\/08\/inmaculada-concepcion-de-maria\/","url_meta":{"origin":4646,"position":4},"title":"Inmaculada Concepci\u00f3n de Mar\u00eda","author":"Pepe Barrascout Ortiz","date":"8 diciembre 2008","format":false,"excerpt":"Hoy 8 de diciembre, celebramos la fiesta de la Inmaculada Concepci\u00f3n de la Virgen Mar\u00eda, madre de Dios y madre nuestra. Junto a la celebraci\u00f3n del Adviento, que empez\u00f3 hace dos domingos, esta otra festividad nos prepara para la conmemoraci\u00f3n de la Natividad de Jes\u00fas. M\u00e9ritos: Mar\u00eda es libre de\u2026","rel":"","context":"En \u00abLimones\u00bb","block_context":{"text":"Limones","link":"https:\/\/quechilero.com\/blog\/category\/limones\/"},"img":{"alt_text":"","src":"https:\/\/i0.wp.com\/img505.imageshack.us\/img505\/5422\/zinmaculadamurillonv9.jpg?resize=350%2C200","width":350,"height":200},"classes":[]},{"id":20083,"url":"https:\/\/quechilero.com\/blog\/2015\/05\/02\/manten-el-control\/","url_meta":{"origin":4646,"position":5},"title":"Mant\u00e9n el control","author":"Pepe Barrascout Ortiz","date":"2 mayo 2015","format":false,"excerpt":"Una madre recuerda cierto d\u00eda de verano cuando su hijo de nueve a\u00f1os y un amigo sacaban de la nevera una botella de jugo. Esa ma\u00f1ana ella hab\u00eda invertido horas limpiando, encerando y d\u00e1ndole brillo al piso de la cocina, y les dijo a los chicos que tuvieran cuidado de\u2026","rel":"","context":"En \u00abLimones\u00bb","block_context":{"text":"Limones","link":"https:\/\/quechilero.com\/blog\/category\/limones\/"},"img":{"alt_text":"","src":"","width":0,"height":0},"classes":[]}],"jetpack_featured_media_url":"","_links":{"self":[{"href":"https:\/\/quechilero.com\/blog\/wp-json\/wp\/v2\/posts\/4646","targetHints":{"allow":["GET"]}}],"collection":[{"href":"https:\/\/quechilero.com\/blog\/wp-json\/wp\/v2\/posts"}],"about":[{"href":"https:\/\/quechilero.com\/blog\/wp-json\/wp\/v2\/types\/post"}],"author":[{"embeddable":true,"href":"https:\/\/quechilero.com\/blog\/wp-json\/wp\/v2\/users\/1"}],"replies":[{"embeddable":true,"href":"https:\/\/quechilero.com\/blog\/wp-json\/wp\/v2\/comments?post=4646"}],"version-history":[{"count":0,"href":"https:\/\/quechilero.com\/blog\/wp-json\/wp\/v2\/posts\/4646\/revisions"}],"wp:attachment":[{"href":"https:\/\/quechilero.com\/blog\/wp-json\/wp\/v2\/media?parent=4646"}],"wp:term":[{"taxonomy":"category","embeddable":true,"href":"https:\/\/quechilero.com\/blog\/wp-json\/wp\/v2\/categories?post=4646"},{"taxonomy":"post_tag","embeddable":true,"href":"https:\/\/quechilero.com\/blog\/wp-json\/wp\/v2\/tags?post=4646"},{"taxonomy":"series","embeddable":true,"href":"https:\/\/quechilero.com\/blog\/wp-json\/wp\/v2\/series?post=4646"}],"curies":[{"name":"wp","href":"https:\/\/api.w.org\/{rel}","templated":true}]}}