{"id":462,"date":"2007-02-22T10:32:54","date_gmt":"2007-02-22T16:32:54","guid":{"rendered":"http:\/\/www.quechilero.com\/blog\/2007\/02\/22\/faltas-tu\/"},"modified":"2007-02-22T10:32:54","modified_gmt":"2007-02-22T16:32:54","slug":"faltas-tu","status":"publish","type":"post","link":"https:\/\/quechilero.com\/blog\/2007\/02\/22\/faltas-tu\/","title":{"rendered":"Faltas T\u00fa"},"content":{"rendered":"<p>Dios me pidi\u00f3 un poema sobre las bellezas de la Creaci\u00f3n, y yo me puse a  hablar de las cosas que \u00c9l cre\u00f3.<\/p>\n<p>Habl\u00e9 del sol, y sent\u00ed sus manos calent\u00e1ndome.<\/p>\n<p>Habl\u00e9 de la luna, y sent\u00ed su brillo envolvi\u00e9ndome.<\/p>\n<p>Habl\u00e9 de la noche, y sent\u00ed sobre m\u00ed su manto de estrellas.<\/p>\n<p>Habl\u00e9 de todo lo verde del planeta, y sent\u00ed su soplo de esperanza.<\/p>\n<p>Habl\u00e9 de las aguas, y sent\u00ed su inmersi\u00f3n en el misterio de mi esp\u00edritu.<\/p>\n<p>Habl\u00e9 del cielo, y sent\u00ed que su azul me proteg\u00eda.<\/p>\n<p>Habl\u00e9 del aire, y sent\u00ed su soplo divino renov\u00e1ndome.<\/p>\n<p>Habl\u00e9 de todos los seres, y sent\u00ed su presencia en cada forma viviente.<\/p>\n<p>Y a \u00c9l le present\u00e9 todo lo que escrib\u00ed: \u00abAqu\u00ed est\u00e1 el poema que pediste,  espero que apruebes todo lo que escrib\u00ed.\u00bb<\/p>\n<p>Y o\u00ed su respuesta: \u00abProsigue, a\u00fan no has hablado de ti.\u00bb<\/p>\n<p>Cada uno de nosotros es una maravilla tan grande como el sol, la luna o las  estrellas. Ellos son inertes, guiados por las reglas de la f\u00edsica y el espacio.  T\u00da, en cambio, eres \u00fanico con la oportunidad de crear, aprender y adorar a Dios.  No importa lo que te hayan dicho, eres de las m\u00e1s valiosas creaciones de  Dios.<\/p>\n","protected":false},"excerpt":{"rendered":"<p>Dios me pidi\u00f3 un poema sobre las bellezas de la Creaci\u00f3n, y yo me puse a hablar de las cosas que \u00c9l cre\u00f3. Habl\u00e9 del sol, y sent\u00ed sus manos calent\u00e1ndome. Habl\u00e9 de la luna, y sent\u00ed su brillo envolvi\u00e9ndome. Habl\u00e9 de la noche, y sent\u00ed sobre m\u00ed su manto de estrellas. Habl\u00e9 de todo &#8230; <a title=\"Faltas T\u00fa\" class=\"read-more\" href=\"https:\/\/quechilero.com\/blog\/2007\/02\/22\/faltas-tu\/\" aria-label=\"Leer m\u00e1s sobre Faltas T\u00fa\">Leer m\u00e1s<\/a><\/p>\n","protected":false},"author":1,"featured_media":0,"comment_status":"open","ping_status":"open","sticky":false,"template":"","format":"standard","meta":{"advanced_seo_description":"","jetpack_seo_html_title":"","jetpack_seo_noindex":false,"jetpack_seo_schema_type":"","episode_type":"","audio_file":"","podmotor_file_id":"","podmotor_episode_id":"","cover_image":"","cover_image_id":"","duration":"","filesize":"","filesize_raw":"","date_recorded":"","explicit":"","block":"","_jetpack_newsletter_access":"","_jetpack_dont_email_post_to_subs":false,"_jetpack_newsletter_tier_id":0,"_jetpack_memberships_contains_paywalled_content":false,"_jetpack_feature_clip_id":0,"_jetpack_memberships_contains_paid_content":false,"footnotes":"","jetpack_publicize_message":"","jetpack_publicize_feature_enabled":true,"jetpack_social_post_already_shared":false,"jetpack_social_options":{"image_generator_settings":{"template":"highway","default_image_id":0,"font":"","enabled":false},"version":2},"jetpack_post_was_ever_published":false},"categories":[2],"tags":[29,12,51,58,22],"series":[],"class_list":["post-462","post","type-post","status-publish","format-standard","hentry","category-limones","tag-aprender","tag-cosas","tag-dios","tag-regla","tag-respuesta"],"episode_featured_image":false,"episode_player_image":"https:\/\/i0.wp.com\/quechilero.com\/blog\/imagenes\/podcast.png?fit=1831%2C1831&ssl=1","download_link":"","player_link":"","audio_player":false,"episode_data":{"playerMode":"dark","subscribeUrls":{"amazon":{"key":"amazon","url":"","label":"Amazon","class":"amazon","icon":"amazon.png"},"apple_podcasts":{"key":"apple_podcasts","url":"","label":"Apple Podcasts","class":"apple_podcasts","icon":"apple-podcasts.png"},"castbox":{"key":"castbox","url":"","label":"CastBox","class":"castbox","icon":"castbox.png"},"deezer":{"key":"deezer","url":"","label":"Deezer","class":"deezer","icon":"deezer.png"},"google_podcasts":{"key":"google_podcasts","url":"","label":"Google Podcasts","class":"google_podcasts","icon":"google-podcasts.png"},"listen_notes":{"key":"listen_notes","url":"","label":"Listen Notes","class":"listen_notes","icon":"listen-notes.png"},"pandora":{"key":"pandora","url":"","label":"Pandora","class":"pandora","icon":"pandora.png"},"podbean":{"key":"podbean","url":"","label":"Podbean","class":"podbean","icon":"podbean.png"},"podcast_republic":{"key":"podcast_republic","url":"","label":"Podcast Republic","class":"podcast_republic","icon":"podcast-republic.png"},"rss":{"key":"rss","url":"","label":"RSS","class":"rss","icon":"rss.png"},"spotify":{"key":"spotify","url":"","label":"Spotify","class":"spotify","icon":"spotify.png"},"stitcher":{"key":"stitcher","url":"","label":"Stitcher","class":"stitcher","icon":"stitcher.png"},"tunein":{"key":"tunein","url":"","label":"TuneIn","class":"tunein","icon":"tunein.png"},"youtube":{"key":"youtube","url":"","label":"YouTube","class":"youtube","icon":"youtube.png"},"iheartradio":{"key":"iheartradio","url":"","label":"iHeartRadio","class":"iheartradio","icon":"iheartradio.png"},"ivoox":{"key":"ivoox","url":"","label":"iVoox","class":"ivoox","icon":"ivoox.png"}},"rssFeedUrl":"https:\/\/quechilero.com\/blog\/feed\/podcast\/si-la-vida-nos-da-limones","embedCode":"<blockquote class=\"wp-embedded-content\" data-secret=\"TnoV6Zb63I\"><a href=\"https:\/\/quechilero.com\/blog\/2007\/02\/22\/faltas-tu\/\">Faltas T\u00fa<\/a><\/blockquote><iframe sandbox=\"allow-scripts\" security=\"restricted\" src=\"https:\/\/quechilero.com\/blog\/2007\/02\/22\/faltas-tu\/embed\/#?secret=TnoV6Zb63I\" width=\"500\" height=\"350\" title=\"\u00abFaltas T\u00fa\u00bb \u2014 Si la Vida nos da Limones...\" data-secret=\"TnoV6Zb63I\" frameborder=\"0\" marginwidth=\"0\" marginheight=\"0\" scrolling=\"no\" class=\"wp-embedded-content\"><\/iframe><script>\n\/*! This file is auto-generated *\/\n!function(d,l){\"use strict\";l.querySelector&&d.addEventListener&&\"undefined\"!=typeof URL&&(d.wp=d.wp||{},d.wp.receiveEmbedMessage||(d.wp.receiveEmbedMessage=function(e){var t=e.data;if((t||t.secret||t.message||t.value)&&!\/[^a-zA-Z0-9]\/.test(t.secret)){for(var s,r,n,a=l.querySelectorAll('iframe[data-secret=\"'+t.secret+'\"]'),o=l.querySelectorAll('blockquote[data-secret=\"'+t.secret+'\"]'),c=new RegExp(\"^https?:$\",\"i\"),i=0;i<o.length;i++)o[i].style.display=\"none\";for(i=0;i<a.length;i++)s=a[i],e.source===s.contentWindow&&(s.removeAttribute(\"style\"),\"height\"===t.message?(1e3<(r=parseInt(t.value,10))?r=1e3:~~r<200&&(r=200),s.height=r):\"link\"===t.message&&(r=new URL(s.getAttribute(\"src\")),n=new URL(t.value),c.test(n.protocol))&&n.host===r.host&&l.activeElement===s&&(d.top.location.href=t.value))}},d.addEventListener(\"message\",d.wp.receiveEmbedMessage,!1),l.addEventListener(\"DOMContentLoaded\",function(){for(var e,t,s=l.querySelectorAll(\"iframe.wp-embedded-content\"),r=0;r<s.length;r++)(t=(e=s[r]).getAttribute(\"data-secret\"))||(t=Math.random().toString(36).substring(2,12),e.src+=\"#?secret=\"+t,e.setAttribute(\"data-secret\",t)),e.contentWindow.postMessage({message:\"ready\",secret:t},\"*\")},!1)))}(window,document);\n\/\/# sourceURL=https:\/\/quechilero.com\/blog\/wp-includes\/js\/wp-embed.min.js\n<\/script>\n"},"jetpack_publicize_connections":[],"jetpack_shortlink":"https:\/\/wp.me\/pDKli-7s","jetpack_sharing_enabled":true,"jetpack-related-posts":[{"id":287,"url":"https:\/\/quechilero.com\/blog\/2006\/10\/25\/saltar-al-vacio\/","url_meta":{"origin":462,"position":0},"title":"Saltar al vac\u00edo","author":"Pepe Barrascout Ortiz","date":"25 octubre 2006","format":false,"excerpt":"Cada vez que ve\u00eda fotos de hombres lanz\u00e1ndose desde un avi\u00f3n, el joven sent\u00eda la necesidad interior de estar entre ellos. Quer\u00eda ser paracaidista. - \u00bfPor qu\u00e9 ellos s\u00ed y yo no? -se dec\u00eda. Lo primero que hizo fue conseguir un instructivo sobre diversos tipos de paraca\u00eddas. Despu\u00e9s inici\u00f3 y\u2026","rel":"","context":"En \u00abLimones\u00bb","block_context":{"text":"Limones","link":"https:\/\/quechilero.com\/blog\/category\/limones\/"},"img":{"alt_text":"","src":"","width":0,"height":0},"classes":[]},{"id":19929,"url":"https:\/\/quechilero.com\/blog\/2015\/03\/22\/maria-esta-cerca-de-cada-uno-de-nosotros\/","url_meta":{"origin":462,"position":1},"title":"Mar\u00eda est\u00e1 cerca de cada uno de nosotros","author":"Pepe Barrascout Ortiz","date":"22 marzo 2015","format":false,"excerpt":"Esta poes\u00eda de Mar\u00eda -el Magn\u00edficat- es totalmente original; sin embargo, al mismo tiempo, es un \"tejido\" hecho completamente con \"hilos\" del Antiguo Testamento, hecho de palabra de Dios. Se puede ver que Mar\u00eda, por decirlo as\u00ed, \"se sent\u00eda como en su casa\" en la palabra de Dios, viv\u00eda de\u2026","rel":"","context":"En \u00abLimones\u00bb","block_context":{"text":"Limones","link":"https:\/\/quechilero.com\/blog\/category\/limones\/"},"img":{"alt_text":"","src":"","width":0,"height":0},"classes":[]},{"id":71,"url":"https:\/\/quechilero.com\/blog\/2006\/07\/27\/emetra\/","url_meta":{"origin":462,"position":2},"title":"Emetra &#8211; PMT","author":"Pepe Barrascout Ortiz","date":"27 julio 2006","format":false,"excerpt":"A todos en alguna oportunidad, para bien o para mal, nos ha tocado hablar con alg\u00fan integrante de la Polic\u00eda Municipal de Tr\u00e1nsito de la capital. Algunos talvez a las 3 de la ma\u00f1ana despu\u00e9s de una parranda y han sido multados por exceso de velocidad, por manejar en estado\u2026","rel":"","context":"En \u00abLimones\u00bb","block_context":{"text":"Limones","link":"https:\/\/quechilero.com\/blog\/category\/limones\/"},"img":{"alt_text":"","src":"","width":0,"height":0},"classes":[]},{"id":31444,"url":"https:\/\/quechilero.com\/blog\/2023\/06\/01\/el-cafe\/","url_meta":{"origin":462,"position":3},"title":"El caf\u00e9","author":"Pepe Barrascout Ortiz","date":"1 junio 2023","format":false,"excerpt":"Hola amigos, hoy hablaremos de esa bebida maravillosa que conocemos como\u00a0caf\u00e9 y que en nuestro pa\u00eds se cultiva de forma profesional con excelentes resultados, produciendo unas fant\u00e1sticas y deliciosas tazas de esa arom\u00e1tica bebida. Ok, todo muy bien, ya conocemos qu\u00e9 es el caf\u00e9, pero \u00bfqu\u00e9 tiene que ver eso\u2026","rel":"","context":"En \u00abDaily Gym\u00bb","block_context":{"text":"Daily Gym","link":"https:\/\/quechilero.com\/blog\/category\/podcast\/daily-gym\/"},"img":{"alt_text":"Daily Gym Podcast","src":"https:\/\/i0.wp.com\/quechilero.com\/blog\/imagenes\/DailyGym.jpg?fit=1200%2C675&ssl=1&resize=350%2C200","width":350,"height":200,"srcset":"https:\/\/i0.wp.com\/quechilero.com\/blog\/imagenes\/DailyGym.jpg?fit=1200%2C675&ssl=1&resize=350%2C200 1x, https:\/\/i0.wp.com\/quechilero.com\/blog\/imagenes\/DailyGym.jpg?fit=1200%2C675&ssl=1&resize=525%2C300 1.5x, https:\/\/i0.wp.com\/quechilero.com\/blog\/imagenes\/DailyGym.jpg?fit=1200%2C675&ssl=1&resize=700%2C400 2x, https:\/\/i0.wp.com\/quechilero.com\/blog\/imagenes\/DailyGym.jpg?fit=1200%2C675&ssl=1&resize=1050%2C600 3x"},"classes":[]},{"id":7531,"url":"https:\/\/quechilero.com\/blog\/2011\/05\/06\/la-mirada-de-jesus\/","url_meta":{"origin":462,"position":4},"title":"La Mirada de Jes\u00fas","author":"Pepe Barrascout Ortiz","date":"6 mayo 2011","format":false,"excerpt":"Siempre tuve la inc\u00f3moda sensaci\u00f3n de que \u00c9l deseaba que lo mirara a los ojos... cosa que yo no hac\u00eda. Yo le hablaba pero desviaba mi mirada cuando sent\u00eda que el me estaba mirando. Yo miraba siempre a otra parte. Y sab\u00eda por qu\u00e9: ten\u00eda miedo. Pensaba que en sus\u2026","rel":"","context":"En \u00abLimones\u00bb","block_context":{"text":"Limones","link":"https:\/\/quechilero.com\/blog\/category\/limones\/"},"img":{"alt_text":"","src":"","width":0,"height":0},"classes":[]},{"id":7125,"url":"https:\/\/quechilero.com\/blog\/2011\/03\/04\/el-fin-de-la-pelea\/","url_meta":{"origin":462,"position":5},"title":"El fin de la pelea","author":"Pepe Barrascout Ortiz","date":"4 marzo 2011","format":false,"excerpt":"El titular del peri\u00f3dico dec\u00eda: No Hay Fin al Ciclo de Venganza en el Medio Oriente. A ra\u00edz de bombardeos suicidas y represalias militares, el art\u00edculo hablaba de un hombre de 28 a\u00f1os consumido por la venganza de la muerte de su t\u00edo. \"Cuando matan a alguien a quien t\u00fa\u2026","rel":"","context":"En \u00abLimones\u00bb","block_context":{"text":"Limones","link":"https:\/\/quechilero.com\/blog\/category\/limones\/"},"img":{"alt_text":"","src":"","width":0,"height":0},"classes":[]}],"jetpack_featured_media_url":"","_links":{"self":[{"href":"https:\/\/quechilero.com\/blog\/wp-json\/wp\/v2\/posts\/462","targetHints":{"allow":["GET"]}}],"collection":[{"href":"https:\/\/quechilero.com\/blog\/wp-json\/wp\/v2\/posts"}],"about":[{"href":"https:\/\/quechilero.com\/blog\/wp-json\/wp\/v2\/types\/post"}],"author":[{"embeddable":true,"href":"https:\/\/quechilero.com\/blog\/wp-json\/wp\/v2\/users\/1"}],"replies":[{"embeddable":true,"href":"https:\/\/quechilero.com\/blog\/wp-json\/wp\/v2\/comments?post=462"}],"version-history":[{"count":0,"href":"https:\/\/quechilero.com\/blog\/wp-json\/wp\/v2\/posts\/462\/revisions"}],"wp:attachment":[{"href":"https:\/\/quechilero.com\/blog\/wp-json\/wp\/v2\/media?parent=462"}],"wp:term":[{"taxonomy":"category","embeddable":true,"href":"https:\/\/quechilero.com\/blog\/wp-json\/wp\/v2\/categories?post=462"},{"taxonomy":"post_tag","embeddable":true,"href":"https:\/\/quechilero.com\/blog\/wp-json\/wp\/v2\/tags?post=462"},{"taxonomy":"series","embeddable":true,"href":"https:\/\/quechilero.com\/blog\/wp-json\/wp\/v2\/series?post=462"}],"curies":[{"name":"wp","href":"https:\/\/api.w.org\/{rel}","templated":true}]}}