{"id":4614,"date":"2010-04-02T09:00:35","date_gmt":"2010-04-02T15:00:35","guid":{"rendered":"http:\/\/quechilero.com\/blog\/?p=4614"},"modified":"2010-04-02T09:00:35","modified_gmt":"2010-04-02T15:00:35","slug":"viernes-santo","status":"publish","type":"post","link":"https:\/\/quechilero.com\/blog\/2010\/04\/02\/viernes-santo\/","title":{"rendered":"Viernes Santo"},"content":{"rendered":"<p>La tarde del Viernes Santo presenta el drama inmenso de la<strong> muerte de Cristo en el Calvario<\/strong>. La cruz erguida sobre el mundo sigue en pie como signo de salvaci\u00f3n y de esperanza.<\/p>\n<p>Con la Pasi\u00f3n de Jes\u00fas seg\u00fan el\u00a0<strong><a href=\"http:\/\/www.aciprensa.com\/evangelio\/lectura.php?dia=18&amp;mes=4&amp;ano=2003\">Evangelio de Juan<\/a><\/strong> contemplamos el misterio del Crucificado, con el coraz\u00f3n del disc\u00edpulo Amado, de la Madre, del soldado que le traspas\u00f3 el costado.<\/p>\n<p>San Juan, te\u00f3logo y cronista de la pasi\u00f3n nos lleva a contemplar el misterio de la cruz de Cristo como una solemne liturgia. Todo es digno, solemne, simb\u00f3lico en su narraci\u00f3n: cada palabra, cada gesto. La densidad de su Evangelio se hace ahora m\u00e1s elocuente.<\/p>\n<p>Y los t\u00edtulos de Jes\u00fas componen una hermosa Cristolog\u00eda. Jes\u00fas es Rey. Lo dice el t\u00edtulo de la cruz, y el pat\u00edbulo es trono desde donde el reina. Es sacerdote y templo a la vez, con la t\u00fanica incons\u00fatil que los soldados echan a suertes. Es el nuevo Ad\u00e1n junto a la Madre, nueva Eva, Hijo de Mar\u00eda y Esposo de la Iglesia. Es el sediento de Dios, el ejecutor del testamento de la Escritura. El Dador del Esp\u00edritu. Es el Cordero inmaculado e inmolado al que no le rompen los huesos. Es el Exaltado en la cruz que todo lo atrae a s\u00ed, por amor, cuando los hombres vuelven hacia \u00e9l la mirada.<\/p>\n<p>La Madre estaba all\u00ed, junto a la Cruz. No lleg\u00f3 de repente al G\u00f3lgota, desde que el disc\u00edpulo amado la record\u00f3 en Can\u00e1, sin haber seguido paso a paso, con su coraz\u00f3n de Madre el camino de Jes\u00fas. Y ahora est\u00e1 all\u00ed como madre y disc\u00edpula que ha seguido en todo la suerte de su Hijo, signo de contradicci\u00f3n como El, totalmente de su parte. Pero solemne y majestuosa como una Madre, la madre de todos, la nueva Eva, la madre de los hijos dispersos que ella re\u00fane junto a la cruz de su Hijo. Maternidad del coraz\u00f3n, que se ensancha con la espada de dolor que la fecunda.<\/p>\n<p>La palabra de su Hijo que alarga su maternidad hasta los confines infinitos de todos los hombres. Madre de los disc\u00edpulos, de los hermanos de su Hijo. La maternidad de Mar\u00eda tiene el mismo alcance de la redenci\u00f3n de Jes\u00fas. Mar\u00eda contempla y vive el misterio con la majestad de una Esposa, aunque con el inmenso dolor de una Madre. Juan la glorifica con el recuerdo de esa maternidad. Ultimo testamento de Jes\u00fas. Ultima d\u00e1diva. Seguridad de una presencia materna en nuestra vida, en la de todos. Porque Mar\u00eda es fiel a la palabra: He ah\u00ed a tu hijo.<\/p>\n<p>El soldado que traspas\u00f3 el costado de Cristo de la parte del coraz\u00f3n, no se dio cuenta que cumpl\u00eda una profec\u00eda y realizaba un \u00faltimo, estupendo gesto lit\u00fargico. Del coraz\u00f3n de Cristo brota sangre y agua. La sangre de la redenci\u00f3n, el agua de la salvaci\u00f3n. La sangre es signo de aquel amor m\u00e1s grande, la vida entregada por nosotros, el agua es signo del Esp\u00edritu, la vida misma de Jes\u00fas que ahora, como en una nueva creaci\u00f3n derrama sobre nosotros.<\/p>\n<p><strong>LA CELEBRACI\u00d3N<\/strong><\/p>\n<p><strong>Hoy no se celebra la Eucarist\u00eda en todo el mundo<\/strong>. El altar luce sin mantel, sin cruz, sin velas ni adornos. Recordamos la muerte de Jes\u00fas. Los ministros se postran en el suelo ante el altar al comienzo de la ceremonia. Son la imagen de la humanidad hundida y oprimida, y al tiempo penitente que implora perd\u00f3n por sus pecados.<\/p>\n<p>Van vestidos de rojo, el color de los m\u00e1rtires: de Jes\u00fas, el primer testigo del amor del Padre y de todos aquellos que, como \u00e9l, dieron y siguen dando su vida por proclamar la liberaci\u00f3n que Dios nos ofrece.<\/p>\n<p><em>Fuente: <a title=\"Viernes Santo\" href=\"http:\/\/www.aciprensa.com\/Semanasanta\/viernes.htm\" target=\"_blank\">Aciprensa<\/a><\/em><\/p>\n","protected":false},"excerpt":{"rendered":"<p>La tarde del Viernes Santo presenta el drama inmenso de la muerte de Cristo en el Calvario. La cruz erguida sobre el mundo sigue en pie como signo de salvaci\u00f3n y de esperanza. Con la Pasi\u00f3n de Jes\u00fas seg\u00fan el\u00a0Evangelio de Juan contemplamos el misterio del Crucificado, con el coraz\u00f3n del disc\u00edpulo Amado, de la &#8230; <a title=\"Viernes Santo\" class=\"read-more\" href=\"https:\/\/quechilero.com\/blog\/2010\/04\/02\/viernes-santo\/\" aria-label=\"Leer m\u00e1s sobre Viernes Santo\">Leer m\u00e1s<\/a><\/p>\n","protected":false},"author":1,"featured_media":0,"comment_status":"open","ping_status":"open","sticky":false,"template":"","format":"standard","meta":{"advanced_seo_description":"","jetpack_seo_html_title":"","jetpack_seo_noindex":false,"episode_type":"","audio_file":"","cover_image":"","cover_image_id":"","duration":"","filesize":"","date_recorded":"","explicit":"","block":"","filesize_raw":"","jetpack_post_was_ever_published":false,"_jetpack_newsletter_access":"","_jetpack_dont_email_post_to_subs":false,"_jetpack_newsletter_tier_id":0,"_jetpack_memberships_contains_paywalled_content":false,"_jetpack_memberships_contains_paid_content":false,"footnotes":"","jetpack_publicize_message":"","jetpack_publicize_feature_enabled":true,"jetpack_social_post_already_shared":false,"jetpack_social_options":{"image_generator_settings":{"template":"highway","enabled":false},"version":2}},"categories":[2],"tags":[15,51,90,18,74,81,39,50,42,52,5,24],"series":[],"class_list":["post-4614","post","type-post","status-publish","format-standard","hentry","category-limones","tag-amor","tag-dios","tag-evangelio","tag-hombre","tag-jesus","tag-lectura","tag-madre","tag-muerte","tag-palabra","tag-pasion","tag-tiempo","tag-vida"],"episode_featured_image":false,"episode_player_image":"https:\/\/i0.wp.com\/quechilero.com\/blog\/imagenes\/podcast.png?fit=1831%2C1831&ssl=1","download_link":"","player_link":"","audio_player":false,"episode_data":{"playerMode":"dark","subscribeUrls":{"amazon":{"key":"amazon","url":"","label":"Amazon","class":"amazon","icon":"amazon.png"},"apple_podcasts":{"key":"apple_podcasts","url":"","label":"Apple Podcasts","class":"apple_podcasts","icon":"apple-podcasts.png"},"castbox":{"key":"castbox","url":"","label":"CastBox","class":"castbox","icon":"castbox.png"},"deezer":{"key":"deezer","url":"","label":"Deezer","class":"deezer","icon":"deezer.png"},"google_podcasts":{"key":"google_podcasts","url":"","label":"Google Podcasts","class":"google_podcasts","icon":"google-podcasts.png"},"listen_notes":{"key":"listen_notes","url":"","label":"Listen Notes","class":"listen_notes","icon":"listen-notes.png"},"pandora":{"key":"pandora","url":"","label":"Pandora","class":"pandora","icon":"pandora.png"},"podbean":{"key":"podbean","url":"","label":"Podbean","class":"podbean","icon":"podbean.png"},"podcast_republic":{"key":"podcast_republic","url":"","label":"Podcast Republic","class":"podcast_republic","icon":"podcast-republic.png"},"rss":{"key":"rss","url":"","label":"RSS","class":"rss","icon":"rss.png"},"spotify":{"key":"spotify","url":"","label":"Spotify","class":"spotify","icon":"spotify.png"},"stitcher":{"key":"stitcher","url":"","label":"Stitcher","class":"stitcher","icon":"stitcher.png"},"tunein":{"key":"tunein","url":"","label":"TuneIn","class":"tunein","icon":"tunein.png"},"youtube":{"key":"youtube","url":"","label":"YouTube","class":"youtube","icon":"youtube.png"},"iheartradio":{"key":"iheartradio","url":"","label":"iHeartRadio","class":"iheartradio","icon":"iheartradio.png"},"ivoox":{"key":"ivoox","url":"","label":"iVoox","class":"ivoox","icon":"ivoox.png"}},"rssFeedUrl":"https:\/\/quechilero.com\/blog\/feed\/podcast\/si-la-vida-nos-da-limones","embedCode":"<blockquote class=\"wp-embedded-content\" data-secret=\"HQRdYCbB7h\"><a href=\"https:\/\/quechilero.com\/blog\/2010\/04\/02\/viernes-santo\/\">Viernes Santo<\/a><\/blockquote><iframe sandbox=\"allow-scripts\" security=\"restricted\" src=\"https:\/\/quechilero.com\/blog\/2010\/04\/02\/viernes-santo\/embed\/#?secret=HQRdYCbB7h\" width=\"500\" height=\"350\" title=\"\u00abViernes Santo\u00bb \u2014 Si la Vida nos da Limones...\" data-secret=\"HQRdYCbB7h\" frameborder=\"0\" marginwidth=\"0\" marginheight=\"0\" scrolling=\"no\" class=\"wp-embedded-content\"><\/iframe><script>\n\/*! This file is auto-generated *\/\n!function(d,l){\"use strict\";l.querySelector&&d.addEventListener&&\"undefined\"!=typeof URL&&(d.wp=d.wp||{},d.wp.receiveEmbedMessage||(d.wp.receiveEmbedMessage=function(e){var t=e.data;if((t||t.secret||t.message||t.value)&&!\/[^a-zA-Z0-9]\/.test(t.secret)){for(var s,r,n,a=l.querySelectorAll('iframe[data-secret=\"'+t.secret+'\"]'),o=l.querySelectorAll('blockquote[data-secret=\"'+t.secret+'\"]'),c=new RegExp(\"^https?:$\",\"i\"),i=0;i<o.length;i++)o[i].style.display=\"none\";for(i=0;i<a.length;i++)s=a[i],e.source===s.contentWindow&&(s.removeAttribute(\"style\"),\"height\"===t.message?(1e3<(r=parseInt(t.value,10))?r=1e3:~~r<200&&(r=200),s.height=r):\"link\"===t.message&&(r=new URL(s.getAttribute(\"src\")),n=new URL(t.value),c.test(n.protocol))&&n.host===r.host&&l.activeElement===s&&(d.top.location.href=t.value))}},d.addEventListener(\"message\",d.wp.receiveEmbedMessage,!1),l.addEventListener(\"DOMContentLoaded\",function(){for(var e,t,s=l.querySelectorAll(\"iframe.wp-embedded-content\"),r=0;r<s.length;r++)(t=(e=s[r]).getAttribute(\"data-secret\"))||(t=Math.random().toString(36).substring(2,12),e.src+=\"#?secret=\"+t,e.setAttribute(\"data-secret\",t)),e.contentWindow.postMessage({message:\"ready\",secret:t},\"*\")},!1)))}(window,document);\n\/\/# sourceURL=https:\/\/quechilero.com\/blog\/wp-includes\/js\/wp-embed.min.js\n<\/script>\n"},"jetpack_publicize_connections":[],"jetpack_featured_media_url":"","jetpack_shortlink":"https:\/\/wp.me\/pDKli-1cq","jetpack_sharing_enabled":true,"jetpack-related-posts":[],"_links":{"self":[{"href":"https:\/\/quechilero.com\/blog\/wp-json\/wp\/v2\/posts\/4614","targetHints":{"allow":["GET"]}}],"collection":[{"href":"https:\/\/quechilero.com\/blog\/wp-json\/wp\/v2\/posts"}],"about":[{"href":"https:\/\/quechilero.com\/blog\/wp-json\/wp\/v2\/types\/post"}],"author":[{"embeddable":true,"href":"https:\/\/quechilero.com\/blog\/wp-json\/wp\/v2\/users\/1"}],"replies":[{"embeddable":true,"href":"https:\/\/quechilero.com\/blog\/wp-json\/wp\/v2\/comments?post=4614"}],"version-history":[{"count":0,"href":"https:\/\/quechilero.com\/blog\/wp-json\/wp\/v2\/posts\/4614\/revisions"}],"wp:attachment":[{"href":"https:\/\/quechilero.com\/blog\/wp-json\/wp\/v2\/media?parent=4614"}],"wp:term":[{"taxonomy":"category","embeddable":true,"href":"https:\/\/quechilero.com\/blog\/wp-json\/wp\/v2\/categories?post=4614"},{"taxonomy":"post_tag","embeddable":true,"href":"https:\/\/quechilero.com\/blog\/wp-json\/wp\/v2\/tags?post=4614"},{"taxonomy":"series","embeddable":true,"href":"https:\/\/quechilero.com\/blog\/wp-json\/wp\/v2\/series?post=4614"}],"curies":[{"name":"wp","href":"https:\/\/api.w.org\/{rel}","templated":true}]}}