{"id":457,"date":"2007-02-18T10:39:45","date_gmt":"2007-02-18T16:39:45","guid":{"rendered":"http:\/\/www.quechilero.com\/blog\/2007\/02\/18\/el-santo-evangelio\/"},"modified":"2007-02-18T10:39:45","modified_gmt":"2007-02-18T16:39:45","slug":"el-santo-evangelio","status":"publish","type":"post","link":"https:\/\/quechilero.com\/blog\/2007\/02\/18\/el-santo-evangelio\/","title":{"rendered":"El Santo Evangelio"},"content":{"rendered":"<p><strong>Domingo de la 7\u00ba semana del tiempo ordinario<\/strong><\/p>\n<p><strong>Ornamentos Verdes<\/strong><\/p>\n<p><em>Lecturas<\/em><\/p>\n<p><strong>Primera Lectura:<\/strong> <em>I Samuel  26: 2, 7 &#8211; 9, 12 &#8211; 13, 22 &#8211; 23<\/em><\/p>\n<p>Se levant\u00f3 Sa\u00fal y baj\u00f3 al desierto de Zif, con tres mil hombres escogidos de Israel, para buscar a David en el desierto de Zif.<\/p>\n<p>David y Abisay se dirigieron de noche hacia la tropa. Sa\u00fal dorm\u00eda acostado en el centro del campamento, con su lanza, clavada en tierra, a su cabecera; Abner y el ej\u00e9rcito estaban acostados en torno a \u00e9l.<\/p>\n<p>Dijo entonces Abisay a David: \u00abHoy ha copado Dios a tu enemigo en tu mano. D\u00e9jame que ahora mismo lo clave en tierra con la lanza de un solo golpe. No tendr\u00e9 que repetir.\u00bb<\/p>\n<p>Pero David dijo a Abisay: \u00abNo lo mates. \u00bfQui\u00e9n atent\u00f3 contra el ungido de Yahveh y qued\u00f3 impune?\u00bb<\/p>\n<p>Tom\u00f3 David la lanza y el jarro de la cabecera de Sa\u00fal y se fueron. Nadie los vio, nadie se enter\u00f3, nadie se despert\u00f3. Todos dorm\u00edan porque se hab\u00eda abatido sobre ellos el sopor profundo de Yahveh.<\/p>\n<p>Pas\u00f3 David al otro lado y se coloc\u00f3 lejos, en la cumbre del monte, quedando un gran espacio entre ellos.<\/p>\n<p>Respondi\u00f3 David: \u00abAqu\u00ed est\u00e1 la lanza del rey. Que pase uno de los servidores y la tome.<\/p>\n<p>Yahveh devolver\u00e1 a cada uno seg\u00fan su justicia y su fidelidad; pues hoy te ha entregado Yahveh en mis manos, pero no he querido alzar mi mano contra el ungido de Yahveh.<\/p>\n<p><strong>Salmo Responsorial:<\/strong> <em>Salmo  103: 1 &#8211; 4, 8, 10, 12 &#8211; 13<\/em><\/p>\n<p>De David. Bendice a Yahveh, alma m\u00eda, del fondo de mi ser, su santo nombre, bendice a Yahveh, alma m\u00eda, no olvides sus muchos beneficios.<\/p>\n<p>El, que todas tus culpas perdona, que cura todas tus dolencias,rescata tu vida de la fosa, te corona de amor y de ternura, Clemente y compasivo es Yahveh, tardo a la c\u00f3lera y lleno de amor; no nos trata seg\u00fan nuestros pecados ni nos paga conforme a nuestras culpas.Tan lejos como est\u00e1 el oriente del ocaso aleja \u00e9l de nosotros nuestras rebeld\u00edas.<\/p>\n<p>Cual la ternura de un padre para con sus hijos, as\u00ed de tierno es Yahveh para quienes le temen;<\/p>\n<p><strong>Segunda Lectura:<\/strong> <em>I Corintios  15: 45 &#8211; 49<\/em><\/p>\n<p>En efecto, as\u00ed es como dice la Escritura: Fue hecho el primer hombre, Ad\u00e1n, alma viviente; el \u00faltimo Ad\u00e1n, esp\u00edritu que da vida. Mas no es lo espiritual lo que primero aparece, sino lo natural; luego, lo espiritual.<\/p>\n<p>El primer hombre, salido de la tierra, es terreno; el segundo, viene del cielo.<\/p>\n<p>Como el hombre terreno, as\u00ed son los hombres terrenos; como el celeste, as\u00ed ser\u00e1n los celestes.<\/p>\n<p>Y del mismo modo que hemos llevado la imagen del hombre terreno, llevaremos tambi\u00e9n la imagen del celeste.<\/p>\n<p><strong>Evangelio:<\/strong> <em>Lucas  6: 27 &#8211; 38<\/em><\/p>\n<p>\u00abPero yo os digo a los que me escuch\u00e1is: Amad a vuestros enemigos, haced bien a los que os odien, bendecid a los que os maldigan, rogad por los que os difamen.<\/p>\n<p>Al que te hiera en una mejilla, pres\u00e9ntale tambi\u00e9n la otra; y al que te quite el manto, no le niegues la t\u00fanica.<\/p>\n<p>A todo el que te pida, da, y al que tome lo tuyo, no se lo reclames.<\/p>\n<p>Y lo que quer\u00e1is que os hagan los hombres, hac\u00e9dselo vosotros igualmente.<\/p>\n<p>Si am\u00e1is a los que os aman, \u00bfqu\u00e9 m\u00e9rito ten\u00e9is? Pues tambi\u00e9n los pecadores aman a los que les aman.<\/p>\n<p>Si hac\u00e9is bien a los que os lo hacen a vosotros, \u00bfqu\u00e9 m\u00e9rito ten\u00e9is? \u00a1Tambi\u00e9n los pecadores hacen otro tanto!<\/p>\n<p>Si prest\u00e1is a aquellos de quienes esper\u00e1is recibir, \u00bfqu\u00e9 m\u00e9rito ten\u00e9is? Tambi\u00e9n los pecadores prestan a los pecadores para recibir lo correspondiente.<\/p>\n<p>M\u00e1s bien, amad a vuestros enemigos; haced el bien, y prestad sin esperar nada a cambio; y vuestra recompensa ser\u00e1 grande, y ser\u00e9is hijos del Alt\u00edsimo, porque \u00e9l es bueno con los ingratos y los perversos.<\/p>\n<p>\u00abSed compasivos, como vuestro Padre es compasivo.No juzgu\u00e9is y no ser\u00e9is juzgados, no conden\u00e9is y no ser\u00e9is condenados; perdonad y ser\u00e9is perdonados.Dad y se os dar\u00e1; una medida buena, apretada, remecida, rebosante pondr\u00e1n en el halda de vuestros vestidos. Porque con la medida con que mid\u00e1is se os medir\u00e1.\u00bb<\/p>\n","protected":false},"excerpt":{"rendered":"<p>Domingo de la 7\u00ba semana del tiempo ordinario Ornamentos Verdes Lecturas Primera Lectura: I Samuel 26: 2, 7 &#8211; 9, 12 &#8211; 13, 22 &#8211; 23 Se levant\u00f3 Sa\u00fal y baj\u00f3 al desierto de Zif, con tres mil hombres escogidos de Israel, para buscar a David en el desierto de Zif. David y Abisay se &#8230; <a title=\"El Santo Evangelio\" class=\"read-more\" href=\"https:\/\/quechilero.com\/blog\/2007\/02\/18\/el-santo-evangelio\/\" aria-label=\"Leer m\u00e1s sobre El Santo Evangelio\">Leer m\u00e1s<\/a><\/p>\n","protected":false},"author":1,"featured_media":0,"comment_status":"open","ping_status":"open","sticky":false,"template":"","format":"standard","meta":{"advanced_seo_description":"","jetpack_seo_html_title":"","jetpack_seo_noindex":false,"jetpack_seo_schema_type":"","episode_type":"","audio_file":"","podmotor_file_id":"","podmotor_episode_id":"","cover_image":"","cover_image_id":"","duration":"","filesize":"","filesize_raw":"","date_recorded":"","explicit":"","block":"","_jetpack_newsletter_access":"","_jetpack_dont_email_post_to_subs":false,"_jetpack_newsletter_tier_id":0,"_jetpack_memberships_contains_paywalled_content":false,"_jetpack_feature_clip_id":0,"_jetpack_memberships_contains_paid_content":false,"footnotes":"","jetpack_publicize_message":"","jetpack_publicize_feature_enabled":true,"jetpack_social_post_already_shared":false,"jetpack_social_options":{"image_generator_settings":{"template":"highway","default_image_id":0,"font":"","enabled":false},"version":2},"jetpack_post_was_ever_published":false},"categories":[2],"tags":[15,51,90,18,81,5,24],"series":[],"class_list":["post-457","post","type-post","status-publish","format-standard","hentry","category-limones","tag-amor","tag-dios","tag-evangelio","tag-hombre","tag-lectura","tag-tiempo","tag-vida"],"episode_featured_image":false,"episode_player_image":"https:\/\/i0.wp.com\/quechilero.com\/blog\/imagenes\/podcast.png?fit=1831%2C1831&ssl=1","download_link":"","player_link":"","audio_player":false,"episode_data":{"playerMode":"dark","subscribeUrls":{"amazon":{"key":"amazon","url":"","label":"Amazon","class":"amazon","icon":"amazon.png"},"apple_podcasts":{"key":"apple_podcasts","url":"","label":"Apple Podcasts","class":"apple_podcasts","icon":"apple-podcasts.png"},"castbox":{"key":"castbox","url":"","label":"CastBox","class":"castbox","icon":"castbox.png"},"deezer":{"key":"deezer","url":"","label":"Deezer","class":"deezer","icon":"deezer.png"},"google_podcasts":{"key":"google_podcasts","url":"","label":"Google Podcasts","class":"google_podcasts","icon":"google-podcasts.png"},"listen_notes":{"key":"listen_notes","url":"","label":"Listen Notes","class":"listen_notes","icon":"listen-notes.png"},"pandora":{"key":"pandora","url":"","label":"Pandora","class":"pandora","icon":"pandora.png"},"podbean":{"key":"podbean","url":"","label":"Podbean","class":"podbean","icon":"podbean.png"},"podcast_republic":{"key":"podcast_republic","url":"","label":"Podcast Republic","class":"podcast_republic","icon":"podcast-republic.png"},"rss":{"key":"rss","url":"","label":"RSS","class":"rss","icon":"rss.png"},"spotify":{"key":"spotify","url":"","label":"Spotify","class":"spotify","icon":"spotify.png"},"stitcher":{"key":"stitcher","url":"","label":"Stitcher","class":"stitcher","icon":"stitcher.png"},"tunein":{"key":"tunein","url":"","label":"TuneIn","class":"tunein","icon":"tunein.png"},"youtube":{"key":"youtube","url":"","label":"YouTube","class":"youtube","icon":"youtube.png"},"iheartradio":{"key":"iheartradio","url":"","label":"iHeartRadio","class":"iheartradio","icon":"iheartradio.png"},"ivoox":{"key":"ivoox","url":"","label":"iVoox","class":"ivoox","icon":"ivoox.png"}},"rssFeedUrl":"https:\/\/quechilero.com\/blog\/feed\/podcast\/si-la-vida-nos-da-limones","embedCode":"<blockquote class=\"wp-embedded-content\" data-secret=\"wLb6BTLVxc\"><a href=\"https:\/\/quechilero.com\/blog\/2007\/02\/18\/el-santo-evangelio\/\">El Santo Evangelio<\/a><\/blockquote><iframe sandbox=\"allow-scripts\" security=\"restricted\" src=\"https:\/\/quechilero.com\/blog\/2007\/02\/18\/el-santo-evangelio\/embed\/#?secret=wLb6BTLVxc\" width=\"500\" height=\"350\" title=\"\u00abEl Santo Evangelio\u00bb \u2014 Si la Vida nos da Limones...\" data-secret=\"wLb6BTLVxc\" frameborder=\"0\" marginwidth=\"0\" marginheight=\"0\" scrolling=\"no\" class=\"wp-embedded-content\"><\/iframe><script>\n\/*! This file is auto-generated *\/\n!function(d,l){\"use strict\";l.querySelector&&d.addEventListener&&\"undefined\"!=typeof URL&&(d.wp=d.wp||{},d.wp.receiveEmbedMessage||(d.wp.receiveEmbedMessage=function(e){var t=e.data;if((t||t.secret||t.message||t.value)&&!\/[^a-zA-Z0-9]\/.test(t.secret)){for(var s,r,n,a=l.querySelectorAll('iframe[data-secret=\"'+t.secret+'\"]'),o=l.querySelectorAll('blockquote[data-secret=\"'+t.secret+'\"]'),c=new RegExp(\"^https?:$\",\"i\"),i=0;i<o.length;i++)o[i].style.display=\"none\";for(i=0;i<a.length;i++)s=a[i],e.source===s.contentWindow&&(s.removeAttribute(\"style\"),\"height\"===t.message?(1e3<(r=parseInt(t.value,10))?r=1e3:~~r<200&&(r=200),s.height=r):\"link\"===t.message&&(r=new URL(s.getAttribute(\"src\")),n=new URL(t.value),c.test(n.protocol))&&n.host===r.host&&l.activeElement===s&&(d.top.location.href=t.value))}},d.addEventListener(\"message\",d.wp.receiveEmbedMessage,!1),l.addEventListener(\"DOMContentLoaded\",function(){for(var e,t,s=l.querySelectorAll(\"iframe.wp-embedded-content\"),r=0;r<s.length;r++)(t=(e=s[r]).getAttribute(\"data-secret\"))||(t=Math.random().toString(36).substring(2,12),e.src+=\"#?secret=\"+t,e.setAttribute(\"data-secret\",t)),e.contentWindow.postMessage({message:\"ready\",secret:t},\"*\")},!1)))}(window,document);\n\/\/# sourceURL=https:\/\/quechilero.com\/blog\/wp-includes\/js\/wp-embed.min.js\n<\/script>\n"},"jetpack_publicize_connections":[],"jetpack_shortlink":"https:\/\/wp.me\/pDKli-7n","jetpack_sharing_enabled":true,"jetpack-related-posts":[{"id":15359,"url":"https:\/\/quechilero.com\/blog\/2012\/12\/09\/segundo-domingo-de-adviento\/","url_meta":{"origin":457,"position":0},"title":"Segundo Domingo de Adviento","author":"Pepe Barrascout Ortiz","date":"9 diciembre 2012","format":false,"excerpt":"Segundo Domingo de Adviento (ciclo B) Reunida la familia o el grupo de personas, se encienden: la vela del primer domingo y la que corresponde al segundo domingo. Hermanos: Al introducirnos m\u00e1s de lleno en el tiempo de Adviento, la Palabra de Dios nos urge a una reflexi\u00f3n m\u00e1s profunda.\u2026","rel":"","context":"En \u00abLimones\u00bb","block_context":{"text":"Limones","link":"https:\/\/quechilero.com\/blog\/category\/limones\/"},"img":{"alt_text":"","src":"https:\/\/i0.wp.com\/i392.photobucket.com\/albums\/pp7\/pepejaguar\/blog\/2-domingo-adviento.png?resize=350%2C200","width":350,"height":200,"srcset":"https:\/\/i0.wp.com\/i392.photobucket.com\/albums\/pp7\/pepejaguar\/blog\/2-domingo-adviento.png?resize=350%2C200 1x, https:\/\/i0.wp.com\/i392.photobucket.com\/albums\/pp7\/pepejaguar\/blog\/2-domingo-adviento.png?resize=525%2C300 1.5x"},"classes":[]},{"id":15361,"url":"https:\/\/quechilero.com\/blog\/2012\/12\/23\/cuarto-domingo-de-adviento\/","url_meta":{"origin":457,"position":1},"title":"Cuarto Domingo de Adviento","author":"Pepe Barrascout Ortiz","date":"23 diciembre 2012","format":false,"excerpt":"Cuarto Domingo de Adviento (ciclo B) Reunidos todos, se encienden las cuatro velas de la corona en el orden acostumbrado (este d\u00eda lo puede hacer uno de los ni\u00f1os mas peque\u00f1os). Hermanos: A pocos d\u00edas de la Navidad, la Liturgia se une al simbolismo popular de esta fiesta, y nos\u2026","rel":"","context":"En \u00abLimones\u00bb","block_context":{"text":"Limones","link":"https:\/\/quechilero.com\/blog\/category\/limones\/"},"img":{"alt_text":"","src":"https:\/\/i0.wp.com\/i392.photobucket.com\/albums\/pp7\/pepejaguar\/blog\/4-domingo-adviento.png?resize=350%2C200","width":350,"height":200,"srcset":"https:\/\/i0.wp.com\/i392.photobucket.com\/albums\/pp7\/pepejaguar\/blog\/4-domingo-adviento.png?resize=350%2C200 1x, https:\/\/i0.wp.com\/i392.photobucket.com\/albums\/pp7\/pepejaguar\/blog\/4-domingo-adviento.png?resize=525%2C300 1.5x"},"classes":[]},{"id":892,"url":"https:\/\/quechilero.com\/blog\/2008\/03\/08\/cuaresma-evangelio-08-mar-08\/","url_meta":{"origin":457,"position":2},"title":"Cuaresma &#8211; Evangelio 08 mar 08","author":"Pepe Barrascout Ortiz","date":"8 marzo 2008","format":false,"excerpt":"Evangelio seg\u00fan San Juan 7,40-53. Algunos de la multitud que lo hab\u00edan o\u00eddo, opinaban: \"Este es verdaderamente el Profeta\". Otros dec\u00edan: \"Este es el Mes\u00edas\". Pero otros preguntaban: \"\u00bfAcaso el Mes\u00edas vendr\u00e1 de Galilea? \u00bfNo dice la Escritura que el Mes\u00edas vendr\u00e1 del linaje de David y de Bel\u00e9n, el\u2026","rel":"","context":"En \u00abLimones\u00bb","block_context":{"text":"Limones","link":"https:\/\/quechilero.com\/blog\/category\/limones\/"},"img":{"alt_text":"","src":"","width":0,"height":0},"classes":[]},{"id":15358,"url":"https:\/\/quechilero.com\/blog\/2012\/12\/02\/primer-domingo-de-adviento\/","url_meta":{"origin":457,"position":3},"title":"Primer Domingo de Adviento","author":"Pepe Barrascout Ortiz","date":"2 diciembre 2012","format":false,"excerpt":"Primer Domingo de Adviento (ciclo B) Cabeza de Familia: Hermanos: Al iniciar hoy el Adviento, comenzamos el A\u00f1o Lit\u00fargico, s\u00edmbolo de nuestra larga traves\u00eda por la vida. Vamos caminando por el desierto, atravesando unas veces, bellos oasis; otras sofocantes desiertos. Lo hacemos con alegr\u00eda y con miedo, con fe y\u2026","rel":"","context":"En \u00abLimones\u00bb","block_context":{"text":"Limones","link":"https:\/\/quechilero.com\/blog\/category\/limones\/"},"img":{"alt_text":"","src":"https:\/\/i0.wp.com\/i392.photobucket.com\/albums\/pp7\/pepejaguar\/blog\/1-domingo-adviento.png?resize=350%2C200","width":350,"height":200,"srcset":"https:\/\/i0.wp.com\/i392.photobucket.com\/albums\/pp7\/pepejaguar\/blog\/1-domingo-adviento.png?resize=350%2C200 1x, https:\/\/i0.wp.com\/i392.photobucket.com\/albums\/pp7\/pepejaguar\/blog\/1-domingo-adviento.png?resize=525%2C300 1.5x"},"classes":[]},{"id":15360,"url":"https:\/\/quechilero.com\/blog\/2012\/12\/16\/tercer-domingo-de-adviento\/","url_meta":{"origin":457,"position":4},"title":"Tercer Domingo de Adviento","author":"Pepe Barrascout Ortiz","date":"16 diciembre 2012","format":false,"excerpt":"Tercer Domingo de Adviento (ciclo B) Reunida la familia o grupo de personas, se encienden las candelas del primero domingo, la del segundo y la del tercer domingo. Hermanos: A medida que avanza el Adviento y crece nuestra expectativa por un encuentro m\u00e1s intenso con Jes\u00fas, la Palabra de Dios,\u2026","rel":"","context":"En \u00abLimones\u00bb","block_context":{"text":"Limones","link":"https:\/\/quechilero.com\/blog\/category\/limones\/"},"img":{"alt_text":"","src":"https:\/\/i0.wp.com\/i392.photobucket.com\/albums\/pp7\/pepejaguar\/blog\/3-domingo-adviento.png?resize=350%2C200","width":350,"height":200,"srcset":"https:\/\/i0.wp.com\/i392.photobucket.com\/albums\/pp7\/pepejaguar\/blog\/3-domingo-adviento.png?resize=350%2C200 1x, https:\/\/i0.wp.com\/i392.photobucket.com\/albums\/pp7\/pepejaguar\/blog\/3-domingo-adviento.png?resize=525%2C300 1.5x"},"classes":[]},{"id":21683,"url":"https:\/\/quechilero.com\/blog\/2015\/10\/19\/el-milagro-que-no-hizo-san-antonio\/","url_meta":{"origin":457,"position":5},"title":"El milagro que no hizo san Antonio","author":"Pepe Barrascout Ortiz","date":"19 octubre 2015","format":false,"excerpt":"Dos monjes emprendieron el viaje por una zona medio des\u00e9rtica de Egipto. Se les acab\u00f3 el agua, y no consiguieron encontrar ning\u00fan pozo en las cercan\u00edas. Despu\u00e9s de un tiempo, uno de los dos monjes muri\u00f3. El otro, sin fuerzas, qued\u00f3 en el suelo mientras esperaba la llegada de la\u2026","rel":"","context":"En \u00abLimones\u00bb","block_context":{"text":"Limones","link":"https:\/\/quechilero.com\/blog\/category\/limones\/"},"img":{"alt_text":"","src":"","width":0,"height":0},"classes":[]}],"jetpack_featured_media_url":"","_links":{"self":[{"href":"https:\/\/quechilero.com\/blog\/wp-json\/wp\/v2\/posts\/457","targetHints":{"allow":["GET"]}}],"collection":[{"href":"https:\/\/quechilero.com\/blog\/wp-json\/wp\/v2\/posts"}],"about":[{"href":"https:\/\/quechilero.com\/blog\/wp-json\/wp\/v2\/types\/post"}],"author":[{"embeddable":true,"href":"https:\/\/quechilero.com\/blog\/wp-json\/wp\/v2\/users\/1"}],"replies":[{"embeddable":true,"href":"https:\/\/quechilero.com\/blog\/wp-json\/wp\/v2\/comments?post=457"}],"version-history":[{"count":0,"href":"https:\/\/quechilero.com\/blog\/wp-json\/wp\/v2\/posts\/457\/revisions"}],"wp:attachment":[{"href":"https:\/\/quechilero.com\/blog\/wp-json\/wp\/v2\/media?parent=457"}],"wp:term":[{"taxonomy":"category","embeddable":true,"href":"https:\/\/quechilero.com\/blog\/wp-json\/wp\/v2\/categories?post=457"},{"taxonomy":"post_tag","embeddable":true,"href":"https:\/\/quechilero.com\/blog\/wp-json\/wp\/v2\/tags?post=457"},{"taxonomy":"series","embeddable":true,"href":"https:\/\/quechilero.com\/blog\/wp-json\/wp\/v2\/series?post=457"}],"curies":[{"name":"wp","href":"https:\/\/api.w.org\/{rel}","templated":true}]}}