{"id":456,"date":"2007-02-19T10:32:44","date_gmt":"2007-02-19T16:32:44","guid":{"rendered":"http:\/\/www.quechilero.com\/blog\/2007\/02\/19\/el-nino-que-nunca-ha-recibido-un-no\/"},"modified":"2007-02-19T10:32:44","modified_gmt":"2007-02-19T16:32:44","slug":"el-nino-que-nunca-ha-recibido-un-no","status":"publish","type":"post","link":"https:\/\/quechilero.com\/blog\/2007\/02\/19\/el-nino-que-nunca-ha-recibido-un-no\/","title":{"rendered":"El ni\u00f1o que nunca ha recibido un No"},"content":{"rendered":"<p><strong>\u00abEl ni\u00f1o que nunca ha recibido un \u00abno\u00bb por respuesta se convierte en un tirano o en un ap\u00e1tico\u00bb<\/strong><\/p>\n<p><em> Entrevista a Roc\u00edo Ramos, Psic\u00f3loga.<\/em><\/p>\n<p><strong>\u00bfSabe? Mis hijos se esconden tras la puerta para ver su programa.<\/strong><\/p>\n<p>Hay muchos j\u00f3venes que me paran por la calle. Nunca pens\u00e9 que llegar\u00edamos a ese nivel. Me cuentan que despu\u00e9s del programa hay debates en casa, sobre los padres, sobre los hijos, sobre los l\u00edmites. Me parece muy positivo que un programa genere esa conversaci\u00f3n familiar.<\/p>\n<p><strong>\u00a1Esos ni\u00f1os de su programa! Parecen las ratas de Skinner, que con est\u00edmulos llegan a la comida a trav\u00e9s del laberinto.<\/strong><\/p>\n<p>Paso diez d\u00edas dentro del programa. Hay un punto importante que quiz\u00e1 no queda claro: es tan importante saber controlar una situaci\u00f3n de conflicto como entender por qu\u00e9 se produce. Para eso hay que escuchar a los ni\u00f1os.<\/p>\n<p><strong>Muchos padres creen que su papel es ser amigos de sus hijos.<\/strong><\/p>\n<p>Terrible moda. Venimos de una etapa autoritaria, y pasamos a un todo vale, y ahora volvemos a un punto intermedio. Estamos recuperando conceptos como la disciplina, la autoridad y el l\u00edmite. Los hemos redefinido, y vemos que se funciona mejor, con m\u00e1s eficacia y sobre todo que los hijos se adaptan mejor a la realidad.<\/p>\n<p><strong>Tenemos tendencia a evitar el \u00abno\u00bb y la disciplina.<\/strong><\/p>\n<p>Eso tiene consecuencias. Cuando sea mayor el ni\u00f1o no va a entender el \u00abno\u00bb. Se puede convertir en un tirano, o en un ser ap\u00e1tico. Son los dos comportamientos que se derivan de no poner l\u00edmites. Un ni\u00f1o sin l\u00edmites ni se siente seguro ni se siente protegido. Decir \u00abno\u00bb tambi\u00e9n es educar.<\/p>\n<p><strong>Los padres se dan cuenta de que los hijos no saben decir que \u00abno\u00bb a ofertas a las que deben decir \u00abno\u00bb.<\/strong><br \/>\n\u00c9sa es una de las demandas m\u00e1s altas. Yo creo que la autoridad es algo que los padres tienen que recuperar, una autoridad sin complejo de culpa. Si no se ponen l\u00edmites a los hijos, los ni\u00f1os entienden que no se les protege, y entonces se protegen ellos solos.<\/p>\n<p><strong>\u00bfC\u00f3mo se ense\u00f1a a decir que \u00abno\u00bb?<\/strong><\/p>\n<p>Comienzas a educar desde que tienes a tu hijo en los brazos. La edad cr\u00edtica para trazar l\u00edmites es entre cero y seis a\u00f1os. Si le niego un caramelo en un s\u00faper le estoy ense\u00f1ando que no todo lo que quiera lo va a tener ya. Hay que facilitarles experiencias en las que no consigan todo lo que quieren. Tolerar la frustraci\u00f3n les ense\u00f1a a canalizar su ansiedad v su agresividad.<\/p>\n<p><strong>La familia educa, la escuela instruye. \u00bfEs v\u00e1lido ese reparto de papeles?<\/strong><\/p>\n<p>Todo adulto que tiene que ver con el ni\u00f1o le est\u00e1 educando, as\u00ed que tenemos que encontrar un punto en el que trabajamos todos. Hay que volver a investir de autoridad al profesor. Los padres deben sentarse con el profesor y llegar a un punto de acuerdo.<\/p>\n<p><strong>Echamos la culpa de la mala educaci\u00f3n a la televisi\u00f3n, a los videojuegos&#8230;<\/strong><\/p>\n<p>Hay que educar para la responsabilidad. Hay que educar a los hijos para las cosas que se van a encontrar. Como todo, en la formaci\u00f3n es fundamental el acompa\u00f1amiento, estar con ellos, contarles t\u00fa lo que se van a encontrar.<\/p>\n","protected":false},"excerpt":{"rendered":"<p>\u00abEl ni\u00f1o que nunca ha recibido un \u00abno\u00bb por respuesta se convierte en un tirano o en un ap\u00e1tico\u00bb Entrevista a Roc\u00edo Ramos, Psic\u00f3loga. \u00bfSabe? Mis hijos se esconden tras la puerta para ver su programa. Hay muchos j\u00f3venes que me paran por la calle. Nunca pens\u00e9 que llegar\u00edamos a ese nivel. Me cuentan que &#8230; <a title=\"El ni\u00f1o que nunca ha recibido un No\" class=\"read-more\" href=\"https:\/\/quechilero.com\/blog\/2007\/02\/19\/el-nino-que-nunca-ha-recibido-un-no\/\" aria-label=\"Leer m\u00e1s sobre El ni\u00f1o que nunca ha recibido un No\">Leer m\u00e1s<\/a><\/p>\n","protected":false},"author":1,"featured_media":0,"comment_status":"open","ping_status":"open","sticky":false,"template":"","format":"standard","meta":{"advanced_seo_description":"","jetpack_seo_html_title":"","jetpack_seo_noindex":false,"jetpack_seo_schema_type":"","episode_type":"","audio_file":"","podmotor_file_id":"","podmotor_episode_id":"","cover_image":"","cover_image_id":"","duration":"","filesize":"","filesize_raw":"","date_recorded":"","explicit":"","block":"","_jetpack_newsletter_access":"","_jetpack_dont_email_post_to_subs":false,"_jetpack_newsletter_tier_id":0,"_jetpack_memberships_contains_paywalled_content":false,"_jetpack_feature_clip_id":0,"_jetpack_memberships_contains_paid_content":false,"footnotes":"","jetpack_publicize_message":"","jetpack_publicize_feature_enabled":true,"jetpack_social_post_already_shared":false,"jetpack_social_options":{"image_generator_settings":{"template":"highway","default_image_id":0,"font":"","enabled":false},"version":2},"jetpack_post_was_ever_published":false},"categories":[2],"tags":[11,12,92,79,22,24,25],"series":[],"class_list":["post-456","post","type-post","status-publish","format-standard","hentry","category-limones","tag-amigo","tag-cosas","tag-frustracion","tag-positivo","tag-respuesta","tag-vida","tag-video"],"episode_featured_image":false,"episode_player_image":"https:\/\/i0.wp.com\/quechilero.com\/blog\/imagenes\/podcast.png?fit=1831%2C1831&ssl=1","download_link":"","player_link":"","audio_player":false,"episode_data":{"playerMode":"dark","subscribeUrls":{"amazon":{"key":"amazon","url":"","label":"Amazon","class":"amazon","icon":"amazon.png"},"apple_podcasts":{"key":"apple_podcasts","url":"","label":"Apple Podcasts","class":"apple_podcasts","icon":"apple-podcasts.png"},"castbox":{"key":"castbox","url":"","label":"CastBox","class":"castbox","icon":"castbox.png"},"deezer":{"key":"deezer","url":"","label":"Deezer","class":"deezer","icon":"deezer.png"},"google_podcasts":{"key":"google_podcasts","url":"","label":"Google Podcasts","class":"google_podcasts","icon":"google-podcasts.png"},"listen_notes":{"key":"listen_notes","url":"","label":"Listen Notes","class":"listen_notes","icon":"listen-notes.png"},"pandora":{"key":"pandora","url":"","label":"Pandora","class":"pandora","icon":"pandora.png"},"podbean":{"key":"podbean","url":"","label":"Podbean","class":"podbean","icon":"podbean.png"},"podcast_republic":{"key":"podcast_republic","url":"","label":"Podcast Republic","class":"podcast_republic","icon":"podcast-republic.png"},"rss":{"key":"rss","url":"","label":"RSS","class":"rss","icon":"rss.png"},"spotify":{"key":"spotify","url":"","label":"Spotify","class":"spotify","icon":"spotify.png"},"stitcher":{"key":"stitcher","url":"","label":"Stitcher","class":"stitcher","icon":"stitcher.png"},"tunein":{"key":"tunein","url":"","label":"TuneIn","class":"tunein","icon":"tunein.png"},"youtube":{"key":"youtube","url":"","label":"YouTube","class":"youtube","icon":"youtube.png"},"iheartradio":{"key":"iheartradio","url":"","label":"iHeartRadio","class":"iheartradio","icon":"iheartradio.png"},"ivoox":{"key":"ivoox","url":"","label":"iVoox","class":"ivoox","icon":"ivoox.png"}},"rssFeedUrl":"https:\/\/quechilero.com\/blog\/feed\/podcast\/si-la-vida-nos-da-limones","embedCode":"<blockquote class=\"wp-embedded-content\" data-secret=\"aqB3GXCxr1\"><a href=\"https:\/\/quechilero.com\/blog\/2007\/02\/19\/el-nino-que-nunca-ha-recibido-un-no\/\">El ni\u00f1o que nunca ha recibido un No<\/a><\/blockquote><iframe sandbox=\"allow-scripts\" security=\"restricted\" src=\"https:\/\/quechilero.com\/blog\/2007\/02\/19\/el-nino-que-nunca-ha-recibido-un-no\/embed\/#?secret=aqB3GXCxr1\" width=\"500\" height=\"350\" title=\"\u00abEl ni\u00f1o que nunca ha recibido un No\u00bb \u2014 Si la Vida nos da Limones...\" data-secret=\"aqB3GXCxr1\" frameborder=\"0\" marginwidth=\"0\" marginheight=\"0\" scrolling=\"no\" class=\"wp-embedded-content\"><\/iframe><script>\n\/*! This file is auto-generated *\/\n!function(d,l){\"use strict\";l.querySelector&&d.addEventListener&&\"undefined\"!=typeof URL&&(d.wp=d.wp||{},d.wp.receiveEmbedMessage||(d.wp.receiveEmbedMessage=function(e){var t=e.data;if((t||t.secret||t.message||t.value)&&!\/[^a-zA-Z0-9]\/.test(t.secret)){for(var s,r,n,a=l.querySelectorAll('iframe[data-secret=\"'+t.secret+'\"]'),o=l.querySelectorAll('blockquote[data-secret=\"'+t.secret+'\"]'),c=new RegExp(\"^https?:$\",\"i\"),i=0;i<o.length;i++)o[i].style.display=\"none\";for(i=0;i<a.length;i++)s=a[i],e.source===s.contentWindow&&(s.removeAttribute(\"style\"),\"height\"===t.message?(1e3<(r=parseInt(t.value,10))?r=1e3:~~r<200&&(r=200),s.height=r):\"link\"===t.message&&(r=new URL(s.getAttribute(\"src\")),n=new URL(t.value),c.test(n.protocol))&&n.host===r.host&&l.activeElement===s&&(d.top.location.href=t.value))}},d.addEventListener(\"message\",d.wp.receiveEmbedMessage,!1),l.addEventListener(\"DOMContentLoaded\",function(){for(var e,t,s=l.querySelectorAll(\"iframe.wp-embedded-content\"),r=0;r<s.length;r++)(t=(e=s[r]).getAttribute(\"data-secret\"))||(t=Math.random().toString(36).substring(2,12),e.src+=\"#?secret=\"+t,e.setAttribute(\"data-secret\",t)),e.contentWindow.postMessage({message:\"ready\",secret:t},\"*\")},!1)))}(window,document);\n\/\/# sourceURL=https:\/\/quechilero.com\/blog\/wp-includes\/js\/wp-embed.min.js\n<\/script>\n"},"jetpack_publicize_connections":[],"jetpack_shortlink":"https:\/\/wp.me\/pDKli-7m","jetpack_sharing_enabled":true,"jetpack-related-posts":[{"id":21410,"url":"https:\/\/quechilero.com\/blog\/2015\/08\/11\/mi-regalo-de-cumpleanos\/","url_meta":{"origin":456,"position":0},"title":"Mi regalo de cumplea\u00f1os","author":"Pepe Barrascout Ortiz","date":"11 agosto 2015","format":false,"excerpt":"En septiembre de 2008 un joven, feligr\u00e9s de aproximadamente 20 a\u00f1os, me llam\u00f3 llorando, pidiendo que lo atendiera urgentemente. A pesar de la fatiga de ese d\u00eda, pues ya era de noche, le recib\u00ed en mi casa. Me dijo que su novia qued\u00f3 embarazada de gemelos y que ya hab\u00eda\u2026","rel":"","context":"En \u00abLimones\u00bb","block_context":{"text":"Limones","link":"https:\/\/quechilero.com\/blog\/category\/limones\/"},"img":{"alt_text":"","src":"","width":0,"height":0},"classes":[]},{"id":599,"url":"https:\/\/quechilero.com\/blog\/2007\/07\/31\/dios-es-como-azucar\/","url_meta":{"origin":456,"position":1},"title":"Dios es como az\u00facar","author":"Pepe Barrascout Ortiz","date":"31 julio 2007","format":false,"excerpt":"Un cierto d\u00eda, la profesora, queriendo saber si todos hab\u00edan estudiado la lecci\u00f3n solicitada, pregunt\u00f3 a los ni\u00f1os qui\u00e9n sabr\u00eda explicar qui\u00e9n es Dios. Uno de los ni\u00f1os levant\u00f3 la mano y dijo: - Dios es nuestro Padre, \u00c9l hizo la tierra, el mar y todo lo que est\u00e1 en\u2026","rel":"","context":"En \u00abLimones\u00bb","block_context":{"text":"Limones","link":"https:\/\/quechilero.com\/blog\/category\/limones\/"},"img":{"alt_text":"","src":"","width":0,"height":0},"classes":[]},{"id":19974,"url":"https:\/\/quechilero.com\/blog\/2015\/03\/26\/no-estamos-lejos-de-aprender\/","url_meta":{"origin":456,"position":2},"title":"No estamos lejos de aprender","author":"Pepe Barrascout Ortiz","date":"26 marzo 2015","format":false,"excerpt":"Un ni\u00f1o parcialmente sordo volvi\u00f3 a su casa despu\u00e9s de la escuela. En sus manos tra\u00eda una nota. Era una nota de las autoridades de la escuela, sugiri\u00e9ndoles a sus padres que lo sacaran de la misma. De acuerdo con estas sabias autoridades, este ni\u00f1o era \"demasiado est\u00e9ril e improductivo\u2026","rel":"","context":"En \u00abLimones\u00bb","block_context":{"text":"Limones","link":"https:\/\/quechilero.com\/blog\/category\/limones\/"},"img":{"alt_text":"","src":"","width":0,"height":0},"classes":[]},{"id":17669,"url":"https:\/\/quechilero.com\/blog\/2014\/01\/15\/ha-llegado-una-peticion\/","url_meta":{"origin":456,"position":3},"title":"Ha llegado una petici\u00f3n","author":"Pepe Barrascout Ortiz","date":"15 enero 2014","format":false,"excerpt":"Ha llegado una petici\u00f3n a la puerta de mi vida. Dar una mano, arreglar una computadora, acompa\u00f1ar en un paseo, ir a visitar a un amigo com\u00fan, dialogar un rato sobre Dios. La petici\u00f3n entra en mi vida. Tengo un programa lleno. Mis planes, mis deseos, han invadido los espacios\u2026","rel":"","context":"En \u00abLimones\u00bb","block_context":{"text":"Limones","link":"https:\/\/quechilero.com\/blog\/category\/limones\/"},"img":{"alt_text":"","src":"","width":0,"height":0},"classes":[]},{"id":14034,"url":"https:\/\/quechilero.com\/blog\/2012\/07\/12\/hijo-de-un-buen-nadador\/","url_meta":{"origin":456,"position":4},"title":"Hijo de un buen nadador","author":"Pepe Barrascout Ortiz","date":"12 julio 2012","format":false,"excerpt":"Un hombre iba caminando por la orilla del r\u00edo, cuando vio a alguien que estaba por arrojar a un ni\u00f1o peque\u00f1o al agua. El ni\u00f1o gritaba, aterrorizado. - \u00bfPor qu\u00e9 quiere lanzar a esa criatura al r\u00edo? -pregunt\u00f3 al paseante. - Su padre es un buen nadador -fue la respuesta.\u2026","rel":"","context":"En \u00abLimones\u00bb","block_context":{"text":"Limones","link":"https:\/\/quechilero.com\/blog\/category\/limones\/"},"img":{"alt_text":"","src":"","width":0,"height":0},"classes":[]},{"id":19842,"url":"https:\/\/quechilero.com\/blog\/2015\/02\/20\/saber-vivir-es-no-estar-solo\/","url_meta":{"origin":456,"position":5},"title":"Saber vivir es no estar solo","author":"Pepe Barrascout Ortiz","date":"20 febrero 2015","format":false,"excerpt":"Hace much\u00edsimos a\u00f1os, un joven reci\u00e9n casado estaba sentado en un sof\u00e1 en un d\u00eda caluroso y h\u00famedo, bebiendo jugo helado, durante una visita a su padre. Mientras conversaba sobre la vida, el matrimonio, las responsabilidades y las obligaciones de las personas adultas, el padre revolv\u00eda pensativamente los cubos de\u2026","rel":"","context":"En \u00abLimones\u00bb","block_context":{"text":"Limones","link":"https:\/\/quechilero.com\/blog\/category\/limones\/"},"img":{"alt_text":"","src":"","width":0,"height":0},"classes":[]}],"jetpack_featured_media_url":"","_links":{"self":[{"href":"https:\/\/quechilero.com\/blog\/wp-json\/wp\/v2\/posts\/456","targetHints":{"allow":["GET"]}}],"collection":[{"href":"https:\/\/quechilero.com\/blog\/wp-json\/wp\/v2\/posts"}],"about":[{"href":"https:\/\/quechilero.com\/blog\/wp-json\/wp\/v2\/types\/post"}],"author":[{"embeddable":true,"href":"https:\/\/quechilero.com\/blog\/wp-json\/wp\/v2\/users\/1"}],"replies":[{"embeddable":true,"href":"https:\/\/quechilero.com\/blog\/wp-json\/wp\/v2\/comments?post=456"}],"version-history":[{"count":0,"href":"https:\/\/quechilero.com\/blog\/wp-json\/wp\/v2\/posts\/456\/revisions"}],"wp:attachment":[{"href":"https:\/\/quechilero.com\/blog\/wp-json\/wp\/v2\/media?parent=456"}],"wp:term":[{"taxonomy":"category","embeddable":true,"href":"https:\/\/quechilero.com\/blog\/wp-json\/wp\/v2\/categories?post=456"},{"taxonomy":"post_tag","embeddable":true,"href":"https:\/\/quechilero.com\/blog\/wp-json\/wp\/v2\/tags?post=456"},{"taxonomy":"series","embeddable":true,"href":"https:\/\/quechilero.com\/blog\/wp-json\/wp\/v2\/series?post=456"}],"curies":[{"name":"wp","href":"https:\/\/api.w.org\/{rel}","templated":true}]}}