{"id":453,"date":"2007-02-13T16:39:30","date_gmt":"2007-02-13T22:39:30","guid":{"rendered":"http:\/\/www.quechilero.com\/blog\/2007\/02\/13\/la-misa-de-los-lopez\/"},"modified":"2007-02-13T16:39:30","modified_gmt":"2007-02-13T22:39:30","slug":"la-misa-de-los-lopez","status":"publish","type":"post","link":"https:\/\/quechilero.com\/blog\/2007\/02\/13\/la-misa-de-los-lopez\/","title":{"rendered":"La Misa de los L\u00f3pez"},"content":{"rendered":"<p>Los padres entran primero, tratando de no hacer ruido, seguidos de sus dos  hijos. Se santiguan, hacen algo parecido a una genuflexi\u00f3n y buscan un sitio por  atr\u00e1s. Unos feligreses tienen que recoger las piernas para que los cuatro puedan  pasar por encima del reclinatorio. Sonrisita complaciente y caras de \u00abperd\u00f3n\u00bb y  \u00abgracias\u00bb. Cuando se sientan, el cura ya va por la segunda lectura.<\/p>\n<p>Durante la homil\u00eda, miran aburridos al sacerdote; luego al ni\u00f1o, que le ha  dado por tocar el bolso de la se\u00f1ora de adelante, y de nuevo al sacerdote, a ver  si acaba. Durante la comuni\u00f3n, el se\u00f1or se sienta, como acostumbra a hacer desde  hace a\u00f1os, y ella va a comulgar, aunque sabe que una visita previa al  confesionario no le ir\u00eda nada mal.<\/p>\n<p>Acaba la misa. Antes de que el cura haya llegado a la sacrist\u00eda, la familia  L\u00f3pez ha salido a toda prisa de la iglesia, como si fuera a estallar una bomba.  \u00abEs que as\u00ed nos ahorramos la cola\u00bb, le explicaron hace unos meses a uno de sus  hijos que le dio por preguntar. Los L\u00f3pez ya han cumplido por esta semana. Hasta  el domingo que viene, en su familia no se volver\u00e1 a o\u00edr hablar de Dios. \u00abPara  eso tienen a las monjas del colegio\u00bb, se justificar\u00eda la se\u00f1ora L\u00f3pez si le  preguntaran.<\/p>\n<p>Pero este domingo, el cura se ha referido en su homil\u00eda a las palabras del  Papa en Alemania. En Munich, Benedicto XVI habl\u00f3 a las muchas \u00abfamilias L\u00f3pez\u00bb  que, tal vez, abundan en nuestras iglesias. Lo ha hecho con gran cari\u00f1o, casi en  tono de s\u00faplica, pero dejando claro cu\u00e1l es el papel de los padres  cat\u00f3licos.<\/p>\n<p>\u00ab\u00a1Queridos padres! Les pido que ayuden a sus hijos a crecer en la fe, les  pido que les acompa\u00f1en en su peregrinaje hacia la Santa Comuni\u00f3n, en su viaje  hacia Jes\u00fas y con Jes\u00fas. \u00a1Por favor, vayan con sus hijos a la iglesia! (&#8230;)  Ver\u00e1n que no es tiempo perdido; al contrario, es lo que puede mantener a su  familia verdaderamente unida y centrada. (&#8230;) Y, por favor, recen juntos en  casa tambi\u00e9n, en las comidas y antes de acostarse\u00bb.<\/p>\n<p>Los L\u00f3pez no han salido hoy a trompicones de la parroquia. Se han quedado  unos segundos rezando. Tal vez, esta semana, en casa de los L\u00f3pez se hable por  primera vez de Dios.<\/p>\n<p><strong><em>Alex Navajas<\/em><\/strong><\/p>\n","protected":false},"excerpt":{"rendered":"<p>Los padres entran primero, tratando de no hacer ruido, seguidos de sus dos hijos. Se santiguan, hacen algo parecido a una genuflexi\u00f3n y buscan un sitio por atr\u00e1s. Unos feligreses tienen que recoger las piernas para que los cuatro puedan pasar por encima del reclinatorio. Sonrisita complaciente y caras de \u00abperd\u00f3n\u00bb y \u00abgracias\u00bb. Cuando se &#8230; <a title=\"La Misa de los L\u00f3pez\" class=\"read-more\" href=\"https:\/\/quechilero.com\/blog\/2007\/02\/13\/la-misa-de-los-lopez\/\" aria-label=\"Leer m\u00e1s sobre La Misa de los L\u00f3pez\">Leer m\u00e1s<\/a><\/p>\n","protected":false},"author":1,"featured_media":0,"comment_status":"open","ping_status":"open","sticky":false,"template":"","format":"standard","meta":{"advanced_seo_description":"","jetpack_seo_html_title":"","jetpack_seo_noindex":false,"jetpack_seo_schema_type":"","episode_type":"","audio_file":"","podmotor_file_id":"","podmotor_episode_id":"","cover_image":"","cover_image_id":"","duration":"","filesize":"","filesize_raw":"","date_recorded":"","explicit":"","block":"","_jetpack_newsletter_access":"","_jetpack_dont_email_post_to_subs":false,"_jetpack_newsletter_tier_id":0,"_jetpack_memberships_contains_paywalled_content":false,"_jetpack_feature_clip_id":0,"_jetpack_memberships_contains_paid_content":false,"footnotes":"","jetpack_publicize_message":"","jetpack_publicize_feature_enabled":true,"jetpack_social_post_already_shared":false,"jetpack_social_options":{"image_generator_settings":{"template":"highway","default_image_id":0,"font":"","enabled":false},"version":2},"jetpack_post_was_ever_published":false},"categories":[2],"tags":[94,67,51,74,81,42,5,41],"series":[],"class_list":["post-453","post","type-post","status-publish","format-standard","hentry","category-limones","tag-comunion","tag-crecer","tag-dios","tag-jesus","tag-lectura","tag-palabra","tag-tiempo","tag-verdad"],"episode_featured_image":false,"episode_player_image":"https:\/\/i0.wp.com\/quechilero.com\/blog\/imagenes\/podcast.png?fit=1831%2C1831&ssl=1","download_link":"","player_link":"","audio_player":false,"episode_data":{"playerMode":"dark","subscribeUrls":{"amazon":{"key":"amazon","url":"","label":"Amazon","class":"amazon","icon":"amazon.png"},"apple_podcasts":{"key":"apple_podcasts","url":"","label":"Apple Podcasts","class":"apple_podcasts","icon":"apple-podcasts.png"},"castbox":{"key":"castbox","url":"","label":"CastBox","class":"castbox","icon":"castbox.png"},"deezer":{"key":"deezer","url":"","label":"Deezer","class":"deezer","icon":"deezer.png"},"google_podcasts":{"key":"google_podcasts","url":"","label":"Google Podcasts","class":"google_podcasts","icon":"google-podcasts.png"},"listen_notes":{"key":"listen_notes","url":"","label":"Listen Notes","class":"listen_notes","icon":"listen-notes.png"},"pandora":{"key":"pandora","url":"","label":"Pandora","class":"pandora","icon":"pandora.png"},"podbean":{"key":"podbean","url":"","label":"Podbean","class":"podbean","icon":"podbean.png"},"podcast_republic":{"key":"podcast_republic","url":"","label":"Podcast Republic","class":"podcast_republic","icon":"podcast-republic.png"},"rss":{"key":"rss","url":"","label":"RSS","class":"rss","icon":"rss.png"},"spotify":{"key":"spotify","url":"","label":"Spotify","class":"spotify","icon":"spotify.png"},"stitcher":{"key":"stitcher","url":"","label":"Stitcher","class":"stitcher","icon":"stitcher.png"},"tunein":{"key":"tunein","url":"","label":"TuneIn","class":"tunein","icon":"tunein.png"},"youtube":{"key":"youtube","url":"","label":"YouTube","class":"youtube","icon":"youtube.png"},"iheartradio":{"key":"iheartradio","url":"","label":"iHeartRadio","class":"iheartradio","icon":"iheartradio.png"},"ivoox":{"key":"ivoox","url":"","label":"iVoox","class":"ivoox","icon":"ivoox.png"}},"rssFeedUrl":"https:\/\/quechilero.com\/blog\/feed\/podcast\/si-la-vida-nos-da-limones","embedCode":"<blockquote class=\"wp-embedded-content\" data-secret=\"p5BkEY2ufa\"><a href=\"https:\/\/quechilero.com\/blog\/2007\/02\/13\/la-misa-de-los-lopez\/\">La Misa de los L\u00f3pez<\/a><\/blockquote><iframe sandbox=\"allow-scripts\" security=\"restricted\" src=\"https:\/\/quechilero.com\/blog\/2007\/02\/13\/la-misa-de-los-lopez\/embed\/#?secret=p5BkEY2ufa\" width=\"500\" height=\"350\" title=\"\u00abLa Misa de los L\u00f3pez\u00bb \u2014 Si la Vida nos da Limones...\" data-secret=\"p5BkEY2ufa\" frameborder=\"0\" marginwidth=\"0\" marginheight=\"0\" scrolling=\"no\" class=\"wp-embedded-content\"><\/iframe><script>\n\/*! This file is auto-generated *\/\n!function(d,l){\"use strict\";l.querySelector&&d.addEventListener&&\"undefined\"!=typeof URL&&(d.wp=d.wp||{},d.wp.receiveEmbedMessage||(d.wp.receiveEmbedMessage=function(e){var t=e.data;if((t||t.secret||t.message||t.value)&&!\/[^a-zA-Z0-9]\/.test(t.secret)){for(var s,r,n,a=l.querySelectorAll('iframe[data-secret=\"'+t.secret+'\"]'),o=l.querySelectorAll('blockquote[data-secret=\"'+t.secret+'\"]'),c=new RegExp(\"^https?:$\",\"i\"),i=0;i<o.length;i++)o[i].style.display=\"none\";for(i=0;i<a.length;i++)s=a[i],e.source===s.contentWindow&&(s.removeAttribute(\"style\"),\"height\"===t.message?(1e3<(r=parseInt(t.value,10))?r=1e3:~~r<200&&(r=200),s.height=r):\"link\"===t.message&&(r=new URL(s.getAttribute(\"src\")),n=new URL(t.value),c.test(n.protocol))&&n.host===r.host&&l.activeElement===s&&(d.top.location.href=t.value))}},d.addEventListener(\"message\",d.wp.receiveEmbedMessage,!1),l.addEventListener(\"DOMContentLoaded\",function(){for(var e,t,s=l.querySelectorAll(\"iframe.wp-embedded-content\"),r=0;r<s.length;r++)(t=(e=s[r]).getAttribute(\"data-secret\"))||(t=Math.random().toString(36).substring(2,12),e.src+=\"#?secret=\"+t,e.setAttribute(\"data-secret\",t)),e.contentWindow.postMessage({message:\"ready\",secret:t},\"*\")},!1)))}(window,document);\n\/\/# sourceURL=https:\/\/quechilero.com\/blog\/wp-includes\/js\/wp-embed.min.js\n<\/script>\n"},"jetpack_publicize_connections":[],"jetpack_shortlink":"https:\/\/wp.me\/pDKli-7j","jetpack_sharing_enabled":true,"jetpack-related-posts":[{"id":7578,"url":"https:\/\/quechilero.com\/blog\/2011\/03\/10\/reflexiones-de-cuaresma-dia-2\/","url_meta":{"origin":453,"position":0},"title":"Reflexiones de Cuaresma d\u00eda 2","author":"Pepe Barrascout Ortiz","date":"10 marzo 2011","format":false,"excerpt":"Oraci\u00f3n inicial Se\u00f1or m\u00edo, Jesucristo, creo firmemente que est\u00e1s aqu\u00ed; en estos pocos minutos de oraci\u00f3n que empiezo ahora quiero pedirte y agradecerte. Pedirte\u00a0la gracia de darme m\u00e1s cuenta de que T\u00fa vives, me escuchas y me amas; tanto, que has querido morir libremente por m\u00ed en la cruz y\u2026","rel":"","context":"En \u00abLimones por mano\u00bb","block_context":{"text":"Limones por mano","link":"https:\/\/quechilero.com\/blog\/category\/limones-por-mano\/"},"img":{"alt_text":"","src":"","width":0,"height":0},"classes":[]},{"id":12553,"url":"https:\/\/quechilero.com\/blog\/2012\/02\/24\/te-habla-a-ti-el-sacerdote\/","url_meta":{"origin":453,"position":1},"title":"\u00bfTe habla a ti el Sacerdote?","author":"Pepe Barrascout Ortiz","date":"24 febrero 2012","format":false,"excerpt":"Despu\u00e9s de mucho tiempo una se\u00f1ora volvi\u00f3 a ir a misa con su hijita. Por causa de su trabajo no pod\u00eda asistir a las misas matinales; por eso fue en la noche. El Sacerdote habl\u00f3 en esa ocasi\u00f3n acerca de la negligencia de muchos en cu\u00e1nto al cumplimiento de sus\u2026","rel":"","context":"En \u00abLimones\u00bb","block_context":{"text":"Limones","link":"https:\/\/quechilero.com\/blog\/category\/limones\/"},"img":{"alt_text":"","src":"","width":0,"height":0},"classes":[]},{"id":16816,"url":"https:\/\/quechilero.com\/blog\/2013\/07\/11\/comunion-alimento-del-alma\/","url_meta":{"origin":453,"position":2},"title":"Comuni\u00f3n, alimento del alma","author":"Pepe Barrascout Ortiz","date":"11 julio 2013","format":false,"excerpt":"Me he preguntado muchas veces: \u00bfPor qu\u00e9 los hombres, cuando van a un banquete, saben disfrutar del comer y del beber y, en cambio, cuando van a una iglesia, se aburren soberanamente? \u00bfSer\u00e1 m\u00e1s importante alimentar el cuerpo que alimentar el alma? El hombre es cuerpo y alma. El cuerpo\u2026","rel":"","context":"En \u00abLimones\u00bb","block_context":{"text":"Limones","link":"https:\/\/quechilero.com\/blog\/category\/limones\/"},"img":{"alt_text":"","src":"","width":0,"height":0},"classes":[]},{"id":18071,"url":"https:\/\/quechilero.com\/blog\/2014\/07\/30\/la-armonia\/","url_meta":{"origin":453,"position":3},"title":"La armon\u00eda","author":"Pepe Barrascout Ortiz","date":"30 julio 2014","format":false,"excerpt":"El Esp\u00edritu Santo, aparentemente, crea desorden en el Iglesia, porque produce diversidad de carismas, de dones; sin embargo, bajo su acci\u00f3n, todo esto es una gran riqueza, porque el Esp\u00edritu Santo es el Esp\u00edritu de unidad, que no significa uniformidad, sino reconducir todo a la armon\u00eda. En la Iglesia, la\u2026","rel":"","context":"En \u00abLimones\u00bb","block_context":{"text":"Limones","link":"https:\/\/quechilero.com\/blog\/category\/limones\/"},"img":{"alt_text":"","src":"","width":0,"height":0},"classes":[]},{"id":7605,"url":"https:\/\/quechilero.com\/blog\/2011\/04\/06\/reflexiones-de-cuaresma-dia-29\/","url_meta":{"origin":453,"position":4},"title":"Reflexiones de Cuaresma d\u00eda 29","author":"Pepe Barrascout Ortiz","date":"6 abril 2011","format":false,"excerpt":"Oraci\u00f3n inicial Se\u00f1or m\u00edo, Jesucristo, creo firmemente que est\u00e1s aqu\u00ed; en estos pocos minutos de oraci\u00f3n que empiezo ahora quiero pedirte y agradecerte. Pedirte\u00a0la gracia de darme m\u00e1s cuenta de que T\u00fa vives, me escuchas y me amas; tanto, que has querido morir libremente por m\u00ed en la cruz y\u2026","rel":"","context":"En \u00abLimones por mano\u00bb","block_context":{"text":"Limones por mano","link":"https:\/\/quechilero.com\/blog\/category\/limones-por-mano\/"},"img":{"alt_text":"","src":"","width":0,"height":0},"classes":[]},{"id":8136,"url":"https:\/\/quechilero.com\/blog\/2011\/04\/22\/jesus-nazareno-nuestra-senora-de-concepcion\/","url_meta":{"origin":453,"position":5},"title":"Jes\u00fas Nazareno, Nuestra Se\u00f1ora de Concepci\u00f3n","author":"Pepe Barrascout Ortiz","date":"22 abril 2011","format":false,"excerpt":"Viernes Santo, Viernes Santo,Viernes Santo\u00a0en aquel dia iba la virgen Maria en busca de su hijo amado.\u00a0Al volver de una esquina con una mujer se ha encontrado -Se\u00f1ora, \u00bfha visto usted a mi hijo amado? -Si se\u00f1ora que lo he visto, por aqui ha pasado,\u00a0con el peso de la cruz\u2026","rel":"","context":"En \u00abLimones\u00bb","block_context":{"text":"Limones","link":"https:\/\/quechilero.com\/blog\/category\/limones\/"},"img":{"alt_text":"","src":"","width":0,"height":0},"classes":[]}],"jetpack_featured_media_url":"","_links":{"self":[{"href":"https:\/\/quechilero.com\/blog\/wp-json\/wp\/v2\/posts\/453","targetHints":{"allow":["GET"]}}],"collection":[{"href":"https:\/\/quechilero.com\/blog\/wp-json\/wp\/v2\/posts"}],"about":[{"href":"https:\/\/quechilero.com\/blog\/wp-json\/wp\/v2\/types\/post"}],"author":[{"embeddable":true,"href":"https:\/\/quechilero.com\/blog\/wp-json\/wp\/v2\/users\/1"}],"replies":[{"embeddable":true,"href":"https:\/\/quechilero.com\/blog\/wp-json\/wp\/v2\/comments?post=453"}],"version-history":[{"count":0,"href":"https:\/\/quechilero.com\/blog\/wp-json\/wp\/v2\/posts\/453\/revisions"}],"wp:attachment":[{"href":"https:\/\/quechilero.com\/blog\/wp-json\/wp\/v2\/media?parent=453"}],"wp:term":[{"taxonomy":"category","embeddable":true,"href":"https:\/\/quechilero.com\/blog\/wp-json\/wp\/v2\/categories?post=453"},{"taxonomy":"post_tag","embeddable":true,"href":"https:\/\/quechilero.com\/blog\/wp-json\/wp\/v2\/tags?post=453"},{"taxonomy":"series","embeddable":true,"href":"https:\/\/quechilero.com\/blog\/wp-json\/wp\/v2\/series?post=453"}],"curies":[{"name":"wp","href":"https:\/\/api.w.org\/{rel}","templated":true}]}}