{"id":4510,"date":"2010-04-03T08:00:03","date_gmt":"2010-04-03T14:00:03","guid":{"rendered":"http:\/\/quechilero.com\/blog\/?p=4510"},"modified":"2010-04-03T08:00:03","modified_gmt":"2010-04-03T14:00:03","slug":"alfombrar-toda-la-tierra","status":"publish","type":"post","link":"https:\/\/quechilero.com\/blog\/2010\/04\/03\/alfombrar-toda-la-tierra\/","title":{"rendered":"Alfombrar toda la tierra"},"content":{"rendered":"<p>A un disc\u00edpulo que siempre estaba quej\u00e1ndose de los dem\u00e1s le dijo el Maestro:<\/p>\n<p><em>&#8211; \u00abSi es paz lo que buscas, trata de cambiarte a ti mismo, no a los dem\u00e1s. Es m\u00e1s f\u00e1cil calzarse unas zapatillas que alfombrar toda la tierra.\u00bb<\/em><\/p>\n<p><strong><em>Anthony de Mello<\/em><\/strong><\/p>\n","protected":false},"excerpt":{"rendered":"<p>A un disc\u00edpulo que siempre estaba quej\u00e1ndose de los dem\u00e1s le dijo el Maestro: &#8211; \u00abSi es paz lo que buscas, trata de cambiarte a ti mismo, no a los dem\u00e1s. Es m\u00e1s f\u00e1cil calzarse unas zapatillas que alfombrar toda la tierra.\u00bb Anthony de Mello<\/p>\n","protected":false},"author":1,"featured_media":0,"comment_status":"open","ping_status":"open","sticky":false,"template":"","format":"standard","meta":{"advanced_seo_description":"","jetpack_seo_html_title":"","jetpack_seo_noindex":false,"jetpack_seo_schema_type":"","episode_type":"","audio_file":"","podmotor_file_id":"","podmotor_episode_id":"","cover_image":"","cover_image_id":"","duration":"","filesize":"","filesize_raw":"","date_recorded":"","explicit":"","block":"","_jetpack_newsletter_access":"","_jetpack_dont_email_post_to_subs":false,"_jetpack_newsletter_tier_id":0,"_jetpack_memberships_contains_paywalled_content":false,"_jetpack_feature_clip_id":0,"_jetpack_memberships_contains_paid_content":false,"footnotes":"","jetpack_publicize_message":"","jetpack_publicize_feature_enabled":true,"jetpack_social_post_already_shared":false,"jetpack_social_options":{"image_generator_settings":{"template":"highway","default_image_id":0,"font":"","enabled":false},"version":2},"jetpack_post_was_ever_published":false},"categories":[2],"tags":[40],"series":[],"class_list":["post-4510","post","type-post","status-publish","format-standard","hentry","category-limones","tag-paz"],"episode_featured_image":false,"episode_player_image":"https:\/\/i0.wp.com\/quechilero.com\/blog\/imagenes\/podcast.png?fit=1831%2C1831&ssl=1","download_link":"","player_link":"","audio_player":false,"episode_data":{"playerMode":"dark","subscribeUrls":{"amazon":{"key":"amazon","url":"","label":"Amazon","class":"amazon","icon":"amazon.png"},"apple_podcasts":{"key":"apple_podcasts","url":"","label":"Apple Podcasts","class":"apple_podcasts","icon":"apple-podcasts.png"},"castbox":{"key":"castbox","url":"","label":"CastBox","class":"castbox","icon":"castbox.png"},"deezer":{"key":"deezer","url":"","label":"Deezer","class":"deezer","icon":"deezer.png"},"google_podcasts":{"key":"google_podcasts","url":"","label":"Google Podcasts","class":"google_podcasts","icon":"google-podcasts.png"},"listen_notes":{"key":"listen_notes","url":"","label":"Listen Notes","class":"listen_notes","icon":"listen-notes.png"},"pandora":{"key":"pandora","url":"","label":"Pandora","class":"pandora","icon":"pandora.png"},"podbean":{"key":"podbean","url":"","label":"Podbean","class":"podbean","icon":"podbean.png"},"podcast_republic":{"key":"podcast_republic","url":"","label":"Podcast Republic","class":"podcast_republic","icon":"podcast-republic.png"},"rss":{"key":"rss","url":"","label":"RSS","class":"rss","icon":"rss.png"},"spotify":{"key":"spotify","url":"","label":"Spotify","class":"spotify","icon":"spotify.png"},"stitcher":{"key":"stitcher","url":"","label":"Stitcher","class":"stitcher","icon":"stitcher.png"},"tunein":{"key":"tunein","url":"","label":"TuneIn","class":"tunein","icon":"tunein.png"},"youtube":{"key":"youtube","url":"","label":"YouTube","class":"youtube","icon":"youtube.png"},"iheartradio":{"key":"iheartradio","url":"","label":"iHeartRadio","class":"iheartradio","icon":"iheartradio.png"},"ivoox":{"key":"ivoox","url":"","label":"iVoox","class":"ivoox","icon":"ivoox.png"}},"rssFeedUrl":"https:\/\/quechilero.com\/blog\/feed\/podcast\/si-la-vida-nos-da-limones","embedCode":"<blockquote class=\"wp-embedded-content\" data-secret=\"oqicLe5l8C\"><a href=\"https:\/\/quechilero.com\/blog\/2010\/04\/03\/alfombrar-toda-la-tierra\/\">Alfombrar toda la tierra<\/a><\/blockquote><iframe sandbox=\"allow-scripts\" security=\"restricted\" src=\"https:\/\/quechilero.com\/blog\/2010\/04\/03\/alfombrar-toda-la-tierra\/embed\/#?secret=oqicLe5l8C\" width=\"500\" height=\"350\" title=\"\u00abAlfombrar toda la tierra\u00bb \u2014 Si la Vida nos da Limones...\" data-secret=\"oqicLe5l8C\" frameborder=\"0\" marginwidth=\"0\" marginheight=\"0\" scrolling=\"no\" class=\"wp-embedded-content\"><\/iframe><script>\n\/*! This file is auto-generated *\/\n!function(d,l){\"use strict\";l.querySelector&&d.addEventListener&&\"undefined\"!=typeof URL&&(d.wp=d.wp||{},d.wp.receiveEmbedMessage||(d.wp.receiveEmbedMessage=function(e){var t=e.data;if((t||t.secret||t.message||t.value)&&!\/[^a-zA-Z0-9]\/.test(t.secret)){for(var s,r,n,a=l.querySelectorAll('iframe[data-secret=\"'+t.secret+'\"]'),o=l.querySelectorAll('blockquote[data-secret=\"'+t.secret+'\"]'),c=new RegExp(\"^https?:$\",\"i\"),i=0;i<o.length;i++)o[i].style.display=\"none\";for(i=0;i<a.length;i++)s=a[i],e.source===s.contentWindow&&(s.removeAttribute(\"style\"),\"height\"===t.message?(1e3<(r=parseInt(t.value,10))?r=1e3:~~r<200&&(r=200),s.height=r):\"link\"===t.message&&(r=new URL(s.getAttribute(\"src\")),n=new URL(t.value),c.test(n.protocol))&&n.host===r.host&&l.activeElement===s&&(d.top.location.href=t.value))}},d.addEventListener(\"message\",d.wp.receiveEmbedMessage,!1),l.addEventListener(\"DOMContentLoaded\",function(){for(var e,t,s=l.querySelectorAll(\"iframe.wp-embedded-content\"),r=0;r<s.length;r++)(t=(e=s[r]).getAttribute(\"data-secret\"))||(t=Math.random().toString(36).substring(2,12),e.src+=\"#?secret=\"+t,e.setAttribute(\"data-secret\",t)),e.contentWindow.postMessage({message:\"ready\",secret:t},\"*\")},!1)))}(window,document);\n\/\/# sourceURL=https:\/\/quechilero.com\/blog\/wp-includes\/js\/wp-embed.min.js\n<\/script>\n"},"jetpack_publicize_connections":[],"jetpack_shortlink":"https:\/\/wp.me\/pDKli-1aK","jetpack_sharing_enabled":true,"jetpack-related-posts":[{"id":550,"url":"https:\/\/quechilero.com\/blog\/2007\/05\/17\/es-usted-rico\/","url_meta":{"origin":4510,"position":0},"title":"\u00bfEs usted rico?","author":"Pepe Barrascout Ortiz","date":"17 mayo 2007","format":false,"excerpt":"Era domingo, ser\u00edan las dos de la tarde, hac\u00eda mucho fr\u00edo y estaba lloviznando, ya no ven\u00eda nadie al comercio. Entonces con mi se\u00f1ora decidimos cerrar, as\u00ed ella terminaba el estofado que estaba haciendo. Lo que pasa es que con el almac\u00e9n siempre los domingos comemos tarde. Yo me fui\u2026","rel":"","context":"En \u00abLimones\u00bb","block_context":{"text":"Limones","link":"https:\/\/quechilero.com\/blog\/category\/limones\/"},"img":{"alt_text":"","src":"","width":0,"height":0},"classes":[]},{"id":830,"url":"https:\/\/quechilero.com\/blog\/2008\/01\/08\/es-usted-rico-2\/","url_meta":{"origin":4510,"position":1},"title":"\u00bfEs usted rico?","author":"Pepe Barrascout Ortiz","date":"8 enero 2008","format":false,"excerpt":"Era domingo, ser\u00edan las dos de la tarde, hac\u00eda mucho fr\u00edo y estaba lloviznando, ya no ven\u00eda nadie al comercio. Entonces con mi se\u00f1ora decidimos cerrar, as\u00ed ella terminaba el estofado que estaba haciendo. Lo que pasa es que con el almac\u00e9n siempre los domingos comemos tarde. Yo me fui\u2026","rel":"","context":"En \u00abLimones\u00bb","block_context":{"text":"Limones","link":"https:\/\/quechilero.com\/blog\/category\/limones\/"},"img":{"alt_text":"","src":"","width":0,"height":0},"classes":[]},{"id":11493,"url":"https:\/\/quechilero.com\/blog\/2012\/01\/07\/de-la-parada\/","url_meta":{"origin":4510,"position":2},"title":"De la parada","author":"Pepe Barrascout Ortiz","date":"7 enero 2012","format":false,"excerpt":"No se olvide que a veces es preciso parar. O los pies quedar\u00e1n heridos, la mente se distraer\u00e1, y el cansancio empobrece la B\u00fasqueda. La tradici\u00f3n acad\u00e9mica tiene un \"A\u00f1o Sab\u00e1tico\"; a cada siete a\u00f1os de trabajo, el profesor pasa un a\u00f1o lejos de la Universidad. Al salir de la\u2026","rel":"","context":"En \u00abLimones\u00bb","block_context":{"text":"Limones","link":"https:\/\/quechilero.com\/blog\/category\/limones\/"},"img":{"alt_text":"","src":"","width":0,"height":0},"classes":[]},{"id":982,"url":"https:\/\/quechilero.com\/blog\/2008\/06\/05\/valle-de-la-muerte\/","url_meta":{"origin":4510,"position":3},"title":"Valle de la Muerte","author":"Pepe Barrascout Ortiz","date":"5 junio 2008","format":false,"excerpt":"En California hay un sitio conocido con el nombre de Valle de la Muerte. Es uno de los lugares m\u00e1s calurosos del planeta. Tanto que el 10 de julio del a\u00f1o 1913 se registr\u00f3 all\u00ed una temperatura de 56.7 grados cent\u00edgrados, la segunda m\u00e1s c\u00e1lida que se ha medido despu\u00e9s\u2026","rel":"","context":"En \u00abLimones\u00bb","block_context":{"text":"Limones","link":"https:\/\/quechilero.com\/blog\/category\/limones\/"},"img":{"alt_text":"","src":"","width":0,"height":0},"classes":[]},{"id":7016,"url":"https:\/\/quechilero.com\/blog\/2011\/06\/18\/literatura-popular-del-wc-15\/","url_meta":{"origin":4510,"position":4},"title":"Literatura popular del WC","author":"Pepe Barrascout Ortiz","date":"18 junio 2011","format":false,"excerpt":"No toilet paper and a hairy ass. It was like cleaning peanut butter out of shag carpeting with a fork. Traducci\u00f3n libre: No hay\u00a0papel\u00a0higi\u00e9nico\u00a0y un\u00a0trasero peludo.\u00a0Es\u00a0como\u00a0limpiar de\u00a0mantequilla de man\u00ed una alfombra de peluche, con un tenedor. *** Lee otros textos de Literatura Popular del WC","rel":"","context":"En \u00abLimones por mano\u00bb","block_context":{"text":"Limones por mano","link":"https:\/\/quechilero.com\/blog\/category\/limones-por-mano\/"},"img":{"alt_text":"","src":"","width":0,"height":0},"classes":[]},{"id":16517,"url":"https:\/\/quechilero.com\/blog\/2013\/03\/29\/semana-santa-en-guatemala\/","url_meta":{"origin":4510,"position":5},"title":"Semana Santa en Guatemala","author":"Pepe Barrascout Ortiz","date":"29 marzo 2013","format":false,"excerpt":"La\u00a0Semana Santa en Guatemala, es una mezcla de colores, olores, sonidos y sabores, donde la tradici\u00f3n, el sincretismo y la fe, conviven en estrecha y perfecta armon\u00eda. Es una \u00e9poca del a\u00f1o que se vive al m\u00e1ximo, en todo su esplendor y con un total abolengo. Sin temor a equivocarme,\u2026","rel":"","context":"En \u00abLimones\u00bb","block_context":{"text":"Limones","link":"https:\/\/quechilero.com\/blog\/category\/limones\/"},"img":{"alt_text":"","src":"","width":0,"height":0},"classes":[]}],"jetpack_featured_media_url":"","_links":{"self":[{"href":"https:\/\/quechilero.com\/blog\/wp-json\/wp\/v2\/posts\/4510","targetHints":{"allow":["GET"]}}],"collection":[{"href":"https:\/\/quechilero.com\/blog\/wp-json\/wp\/v2\/posts"}],"about":[{"href":"https:\/\/quechilero.com\/blog\/wp-json\/wp\/v2\/types\/post"}],"author":[{"embeddable":true,"href":"https:\/\/quechilero.com\/blog\/wp-json\/wp\/v2\/users\/1"}],"replies":[{"embeddable":true,"href":"https:\/\/quechilero.com\/blog\/wp-json\/wp\/v2\/comments?post=4510"}],"version-history":[{"count":0,"href":"https:\/\/quechilero.com\/blog\/wp-json\/wp\/v2\/posts\/4510\/revisions"}],"wp:attachment":[{"href":"https:\/\/quechilero.com\/blog\/wp-json\/wp\/v2\/media?parent=4510"}],"wp:term":[{"taxonomy":"category","embeddable":true,"href":"https:\/\/quechilero.com\/blog\/wp-json\/wp\/v2\/categories?post=4510"},{"taxonomy":"post_tag","embeddable":true,"href":"https:\/\/quechilero.com\/blog\/wp-json\/wp\/v2\/tags?post=4510"},{"taxonomy":"series","embeddable":true,"href":"https:\/\/quechilero.com\/blog\/wp-json\/wp\/v2\/series?post=4510"}],"curies":[{"name":"wp","href":"https:\/\/api.w.org\/{rel}","templated":true}]}}