{"id":4500,"date":"2010-03-27T08:00:03","date_gmt":"2010-03-27T14:00:03","guid":{"rendered":"http:\/\/quechilero.com\/blog\/?p=4500"},"modified":"2010-03-27T08:00:03","modified_gmt":"2010-03-27T14:00:03","slug":"donde-esta-el-paraguas","status":"publish","type":"post","link":"https:\/\/quechilero.com\/blog\/2010\/03\/27\/donde-esta-el-paraguas\/","title":{"rendered":"\u00bfD\u00f3nde est\u00e1 el paraguas?"},"content":{"rendered":"<p>Al cabo de diez a\u00f1os de aprendizaje, Zenno cre\u00eda que ya pod\u00eda ser elevado a la categor\u00eda de maestro Zen. Un d\u00eda lluvioso, fue a visitar al famoso profesor Nan-in.<\/p>\n<p>Al entrar en la casa de Nan-in, \u00e9ste pregunt\u00f3:<\/p>\n<p>&#8211; <em>\u00ab\u00bfHas dejado tu paraguas y tus zapatos del lado de afuera?\u00bb<\/em><\/p>\n<p>&#8211; <em>\u00abPor supuesto\u00bb<\/em>, respondi\u00f3 Zenno. <em>\u00abEs lo que manda la buena educaci\u00f3n. Actuar\u00eda de la misma manera en cualquier lugar.\u00bb<\/em><\/p>\n<p>&#8211; <em>\u00abEntonces dime, \u00bfpusiste el paraguas a la derecha o a la izquierda de tus zapatos?\u00bb<\/em><\/p>\n<p>&#8211; <em>\u00abNo tengo la menor idea, maestro.\u00bb<\/em><\/p>\n<p>&#8211; <em>\u00abEl budismo Zen es el arte de tener conciencia total sobre lo que hacemos\u00bb<\/em>, dijo Nan-in. <em>\u00abLa falta de atenci\u00f3n a los peque\u00f1os detalles puede destruir por completo la vida de un hombre. Un padre que sale corriendo de la casa puede olvidar un pu\u00f1al al alcance de su hijo peque\u00f1o. Un samurai que no mira todos los d\u00edas su espada, terminar\u00e1 por encontrarla oxidada cuando m\u00e1s necesite de ella. Un joven que olvida llevarle flores a su amada va a terminar por perderla.\u00bb<\/em><\/p>\n<p>Y Zenno comprendi\u00f3 que aunque conociera bien las t\u00e9cnicas Zen del mundo espiritual, hab\u00eda olvidado aplicarlas en el mundo de los hombres.<\/p>\n","protected":false},"excerpt":{"rendered":"<p>Al cabo de diez a\u00f1os de aprendizaje, Zenno cre\u00eda que ya pod\u00eda ser elevado a la categor\u00eda de maestro Zen. Un d\u00eda lluvioso, fue a visitar al famoso profesor Nan-in. Al entrar en la casa de Nan-in, \u00e9ste pregunt\u00f3: &#8211; \u00ab\u00bfHas dejado tu paraguas y tus zapatos del lado de afuera?\u00bb &#8211; \u00abPor supuesto\u00bb, respondi\u00f3 &#8230; <a title=\"\u00bfD\u00f3nde est\u00e1 el paraguas?\" class=\"read-more\" href=\"https:\/\/quechilero.com\/blog\/2010\/03\/27\/donde-esta-el-paraguas\/\" aria-label=\"Leer m\u00e1s sobre \u00bfD\u00f3nde est\u00e1 el paraguas?\">Leer m\u00e1s<\/a><\/p>\n","protected":false},"author":1,"featured_media":0,"comment_status":"open","ping_status":"open","sticky":false,"template":"","format":"standard","meta":{"advanced_seo_description":"","jetpack_seo_html_title":"","jetpack_seo_noindex":false,"jetpack_seo_schema_type":"","episode_type":"","audio_file":"","podmotor_file_id":"","podmotor_episode_id":"","cover_image":"","cover_image_id":"","duration":"","filesize":"","filesize_raw":"","date_recorded":"","explicit":"","block":"","_jetpack_newsletter_access":"","_jetpack_dont_email_post_to_subs":false,"_jetpack_newsletter_tier_id":0,"_jetpack_memberships_contains_paywalled_content":false,"_jetpack_feature_clip_id":0,"_jetpack_memberships_contains_paid_content":false,"footnotes":"","jetpack_publicize_message":"","jetpack_publicize_feature_enabled":true,"jetpack_social_post_already_shared":false,"jetpack_social_options":{"image_generator_settings":{"template":"highway","default_image_id":0,"font":"","enabled":false},"version":2},"jetpack_post_was_ever_published":false},"categories":[2],"tags":[88,18,9,24],"series":[],"class_list":["post-4500","post","type-post","status-publish","format-standard","hentry","category-limones","tag-flores","tag-hombre","tag-idea","tag-vida"],"episode_featured_image":false,"episode_player_image":"https:\/\/i0.wp.com\/quechilero.com\/blog\/imagenes\/podcast.png?fit=1831%2C1831&ssl=1","download_link":"","player_link":"","audio_player":false,"episode_data":{"playerMode":"dark","subscribeUrls":{"amazon":{"key":"amazon","url":"","label":"Amazon","class":"amazon","icon":"amazon.png"},"apple_podcasts":{"key":"apple_podcasts","url":"","label":"Apple Podcasts","class":"apple_podcasts","icon":"apple-podcasts.png"},"castbox":{"key":"castbox","url":"","label":"CastBox","class":"castbox","icon":"castbox.png"},"deezer":{"key":"deezer","url":"","label":"Deezer","class":"deezer","icon":"deezer.png"},"google_podcasts":{"key":"google_podcasts","url":"","label":"Google Podcasts","class":"google_podcasts","icon":"google-podcasts.png"},"listen_notes":{"key":"listen_notes","url":"","label":"Listen Notes","class":"listen_notes","icon":"listen-notes.png"},"pandora":{"key":"pandora","url":"","label":"Pandora","class":"pandora","icon":"pandora.png"},"podbean":{"key":"podbean","url":"","label":"Podbean","class":"podbean","icon":"podbean.png"},"podcast_republic":{"key":"podcast_republic","url":"","label":"Podcast Republic","class":"podcast_republic","icon":"podcast-republic.png"},"rss":{"key":"rss","url":"","label":"RSS","class":"rss","icon":"rss.png"},"spotify":{"key":"spotify","url":"","label":"Spotify","class":"spotify","icon":"spotify.png"},"stitcher":{"key":"stitcher","url":"","label":"Stitcher","class":"stitcher","icon":"stitcher.png"},"tunein":{"key":"tunein","url":"","label":"TuneIn","class":"tunein","icon":"tunein.png"},"youtube":{"key":"youtube","url":"","label":"YouTube","class":"youtube","icon":"youtube.png"},"iheartradio":{"key":"iheartradio","url":"","label":"iHeartRadio","class":"iheartradio","icon":"iheartradio.png"},"ivoox":{"key":"ivoox","url":"","label":"iVoox","class":"ivoox","icon":"ivoox.png"}},"rssFeedUrl":"https:\/\/quechilero.com\/blog\/feed\/podcast\/si-la-vida-nos-da-limones","embedCode":"<blockquote class=\"wp-embedded-content\" data-secret=\"OaavksGXDz\"><a href=\"https:\/\/quechilero.com\/blog\/2010\/03\/27\/donde-esta-el-paraguas\/\">\u00bfD\u00f3nde est\u00e1 el paraguas?<\/a><\/blockquote><iframe sandbox=\"allow-scripts\" security=\"restricted\" src=\"https:\/\/quechilero.com\/blog\/2010\/03\/27\/donde-esta-el-paraguas\/embed\/#?secret=OaavksGXDz\" width=\"500\" height=\"350\" title=\"\u00ab\u00bfD\u00f3nde est\u00e1 el paraguas?\u00bb \u2014 Si la Vida nos da Limones...\" data-secret=\"OaavksGXDz\" frameborder=\"0\" marginwidth=\"0\" marginheight=\"0\" scrolling=\"no\" class=\"wp-embedded-content\"><\/iframe><script>\n\/*! This file is auto-generated *\/\n!function(d,l){\"use strict\";l.querySelector&&d.addEventListener&&\"undefined\"!=typeof URL&&(d.wp=d.wp||{},d.wp.receiveEmbedMessage||(d.wp.receiveEmbedMessage=function(e){var t=e.data;if((t||t.secret||t.message||t.value)&&!\/[^a-zA-Z0-9]\/.test(t.secret)){for(var s,r,n,a=l.querySelectorAll('iframe[data-secret=\"'+t.secret+'\"]'),o=l.querySelectorAll('blockquote[data-secret=\"'+t.secret+'\"]'),c=new RegExp(\"^https?:$\",\"i\"),i=0;i<o.length;i++)o[i].style.display=\"none\";for(i=0;i<a.length;i++)s=a[i],e.source===s.contentWindow&&(s.removeAttribute(\"style\"),\"height\"===t.message?(1e3<(r=parseInt(t.value,10))?r=1e3:~~r<200&&(r=200),s.height=r):\"link\"===t.message&&(r=new URL(s.getAttribute(\"src\")),n=new URL(t.value),c.test(n.protocol))&&n.host===r.host&&l.activeElement===s&&(d.top.location.href=t.value))}},d.addEventListener(\"message\",d.wp.receiveEmbedMessage,!1),l.addEventListener(\"DOMContentLoaded\",function(){for(var e,t,s=l.querySelectorAll(\"iframe.wp-embedded-content\"),r=0;r<s.length;r++)(t=(e=s[r]).getAttribute(\"data-secret\"))||(t=Math.random().toString(36).substring(2,12),e.src+=\"#?secret=\"+t,e.setAttribute(\"data-secret\",t)),e.contentWindow.postMessage({message:\"ready\",secret:t},\"*\")},!1)))}(window,document);\n\/\/# sourceURL=https:\/\/quechilero.com\/blog\/wp-includes\/js\/wp-embed.min.js\n<\/script>\n"},"jetpack_publicize_connections":[],"jetpack_shortlink":"https:\/\/wp.me\/pDKli-1aA","jetpack_sharing_enabled":true,"jetpack-related-posts":[{"id":2640,"url":"https:\/\/quechilero.com\/blog\/2009\/04\/12\/la-hoja-que-no-queria-agua\/","url_meta":{"origin":4500,"position":0},"title":"La hoja que no quer\u00eda agua","author":"Pepe Barrascout Ortiz","date":"12 abril 2009","format":false,"excerpt":"\u00c9rase una vez un \u00e1rbol muy joven, del que se esperaba que, cuando fuera mayor, diera hermosos y buenos frutos. Este \u00e1rbol ten\u00eda cuatro hojas, cuatro bonitas hojas, verdes y resplandecientes. Un d\u00eda, las cuatro hojas tuvieron una reuni\u00f3n de grupo. Una de ellas, la que estaba m\u00e1s arriba en\u2026","rel":"","context":"En \u00abLimones\u00bb","block_context":{"text":"Limones","link":"https:\/\/quechilero.com\/blog\/category\/limones\/"},"img":{"alt_text":"","src":"","width":0,"height":0},"classes":[]},{"id":9546,"url":"https:\/\/quechilero.com\/blog\/2011\/06\/25\/dia-del-maestro\/","url_meta":{"origin":4500,"position":1},"title":"D\u00eda del Maestro","author":"Pepe Barrascout Ortiz","date":"25 junio 2011","format":false,"excerpt":"Como un homenaje a mis colegas maestros, comparto estos art\u00edculos, que a lo largo de cinco a\u00f1os, he publicado en Si la vida nos da limones..., pero solo a aquellos que con \u00e1nimo y energ\u00eda, vocaci\u00f3n y entrega, d\u00eda a d\u00eda, asisten puntuales a la cita que tienen con la\u2026","rel":"","context":"En \u00abLimones\u00bb","block_context":{"text":"Limones","link":"https:\/\/quechilero.com\/blog\/category\/limones\/"},"img":{"alt_text":"","src":"","width":0,"height":0},"classes":[]},{"id":4508,"url":"https:\/\/quechilero.com\/blog\/2010\/04\/02\/la-taza-vacia\/","url_meta":{"origin":4500,"position":2},"title":"La taza vac\u00eda","author":"Pepe Barrascout Ortiz","date":"2 abril 2010","format":false,"excerpt":"Seg\u00fan una vieja leyenda, un famoso guerrero va de visita a la casa de un maestro Zen. Al llegar se presenta a \u00e9ste, cont\u00e1ndole de todos los t\u00edtulos y aprendizajes que ha obtenido en a\u00f1os de sacrificados y largos estudios. Despu\u00e9s de tan sesuda presentaci\u00f3n, le explica que ha venido\u2026","rel":"","context":"En \u00abLimones\u00bb","block_context":{"text":"Limones","link":"https:\/\/quechilero.com\/blog\/category\/limones\/"},"img":{"alt_text":"","src":"","width":0,"height":0},"classes":[]},{"id":4253,"url":"https:\/\/quechilero.com\/blog\/2010\/01\/29\/la-luna-no-se-puede-robar\/","url_meta":{"origin":4500,"position":3},"title":"La luna no se puede robar","author":"Pepe Barrascout Ortiz","date":"29 enero 2010","format":false,"excerpt":"Ryokan, un maestro Zen, viv\u00eda de la forma m\u00e1s sencilla posible en una peque\u00f1a choza al pie de una monta\u00f1a. Cierto d\u00eda, por la tarde, estando \u00e9l ausente, un ladr\u00f3n se introdujo en el interior de la caba\u00f1a, solo para descubrir que no hab\u00eda all\u00ed nada que pudiese ser robado.\u2026","rel":"","context":"En \u00abLimones\u00bb","block_context":{"text":"Limones","link":"https:\/\/quechilero.com\/blog\/category\/limones\/"},"img":{"alt_text":"","src":"","width":0,"height":0},"classes":[]},{"id":18037,"url":"https:\/\/quechilero.com\/blog\/2014\/08\/01\/hibernacion-en-ubuntu-kubuntu-xubuntu\/","url_meta":{"origin":4500,"position":4},"title":"Hibernaci\u00f3n en Ubuntu + Kubuntu + Xubuntu","author":"Pepe Barrascout Ortiz","date":"1 agosto 2014","format":false,"excerpt":"Desde hace algunas versiones, la familia de Ubuntu que incluye entre otros a Kubuntu y Xubuntu, ya no trae por defecto la opci\u00f3n de hibernaci\u00f3n. Principalmente porque alguno que otro hardware no lo soporta. Sin embargo podemos verificar si nuestro equipo puede hibernar y activarlo. Para esto tendremos que hacer\u2026","rel":"","context":"En \u00abLimones\u00bb","block_context":{"text":"Limones","link":"https:\/\/quechilero.com\/blog\/category\/limones\/"},"img":{"alt_text":"","src":"","width":0,"height":0},"classes":[]},{"id":24173,"url":"https:\/\/quechilero.com\/blog\/2012\/03\/18\/podcast-las-6-de-la-manana-episodio-522\/","url_meta":{"origin":4500,"position":5},"title":"Podcast: Las 6 de la ma\u00f1ana, episodio 522","author":"Pepe Barrascout Ortiz","date":"18 marzo 2012","format":false,"excerpt":"Bienvenidos al quingent\u00e9simo vig\u00e9simo segundo episodio de\u00a0\u201cLas \u00a06 de la ma\u00f1ana\u201d, un podcast que trae 6 canciones, para que iniciemos el d\u00eda, de forma positiva y con \u00e1nimo. El listado para hoy es: Artista \/ Tema 01- Terron Rebel Sound-13 - Ti Erre Esse 02- Terron Rebel Sound-07 - Tele\u2026","rel":"","context":"En \u00abLas 6 de la ma\u00f1ana\u00bb","block_context":{"text":"Las 6 de la ma\u00f1ana","link":"https:\/\/quechilero.com\/blog\/category\/podcast\/las-6-de-la-manana\/"},"img":{"alt_text":"","src":"https:\/\/i0.wp.com\/quechilero.com\/blog\/imagenes\/las6am.jpg?fit=620%2C350&ssl=1&resize=350%2C200","width":350,"height":200,"srcset":"https:\/\/i0.wp.com\/quechilero.com\/blog\/imagenes\/las6am.jpg?fit=620%2C350&ssl=1&resize=350%2C200 1x, https:\/\/i0.wp.com\/quechilero.com\/blog\/imagenes\/las6am.jpg?fit=620%2C350&ssl=1&resize=525%2C300 1.5x"},"classes":[]}],"jetpack_featured_media_url":"","_links":{"self":[{"href":"https:\/\/quechilero.com\/blog\/wp-json\/wp\/v2\/posts\/4500","targetHints":{"allow":["GET"]}}],"collection":[{"href":"https:\/\/quechilero.com\/blog\/wp-json\/wp\/v2\/posts"}],"about":[{"href":"https:\/\/quechilero.com\/blog\/wp-json\/wp\/v2\/types\/post"}],"author":[{"embeddable":true,"href":"https:\/\/quechilero.com\/blog\/wp-json\/wp\/v2\/users\/1"}],"replies":[{"embeddable":true,"href":"https:\/\/quechilero.com\/blog\/wp-json\/wp\/v2\/comments?post=4500"}],"version-history":[{"count":0,"href":"https:\/\/quechilero.com\/blog\/wp-json\/wp\/v2\/posts\/4500\/revisions"}],"wp:attachment":[{"href":"https:\/\/quechilero.com\/blog\/wp-json\/wp\/v2\/media?parent=4500"}],"wp:term":[{"taxonomy":"category","embeddable":true,"href":"https:\/\/quechilero.com\/blog\/wp-json\/wp\/v2\/categories?post=4500"},{"taxonomy":"post_tag","embeddable":true,"href":"https:\/\/quechilero.com\/blog\/wp-json\/wp\/v2\/tags?post=4500"},{"taxonomy":"series","embeddable":true,"href":"https:\/\/quechilero.com\/blog\/wp-json\/wp\/v2\/series?post=4500"}],"curies":[{"name":"wp","href":"https:\/\/api.w.org\/{rel}","templated":true}]}}