{"id":4498,"date":"2010-03-26T08:00:19","date_gmt":"2010-03-26T14:00:19","guid":{"rendered":"http:\/\/quechilero.com\/blog\/?p=4498"},"modified":"2010-03-26T08:00:19","modified_gmt":"2010-03-26T14:00:19","slug":"los-enemigos-mejor-de-cerca","status":"publish","type":"post","link":"https:\/\/quechilero.com\/blog\/2010\/03\/26\/los-enemigos-mejor-de-cerca\/","title":{"rendered":"Los enemigos mejor de cerca"},"content":{"rendered":"<p>Dij\u00e9ronle a Filipo, rey de Macedonia, que un vasallo suyo hablaba mal de \u00e9l. Y los cortesanos que tal denuncia formularon aconsejaron al monarca que, por lo menos, le desterrase del reino.<\/p>\n<p>Negose Filipo a tomar tal medida contra el maldiciente, y cuando, extra\u00f1ados, le preguntaron la causa, respondi\u00f3: <em>\u00abPorque cuanto m\u00e1s se aleje de donde yo estuviese, ser\u00e1n m\u00e1s los que le oigan.\u00bb<\/em><\/p>\n","protected":false},"excerpt":{"rendered":"<p>Dij\u00e9ronle a Filipo, rey de Macedonia, que un vasallo suyo hablaba mal de \u00e9l. Y los cortesanos que tal denuncia formularon aconsejaron al monarca que, por lo menos, le desterrase del reino. Negose Filipo a tomar tal medida contra el maldiciente, y cuando, extra\u00f1ados, le preguntaron la causa, respondi\u00f3: \u00abPorque cuanto m\u00e1s se aleje de &#8230; <a title=\"Los enemigos mejor de cerca\" class=\"read-more\" href=\"https:\/\/quechilero.com\/blog\/2010\/03\/26\/los-enemigos-mejor-de-cerca\/\" aria-label=\"Leer m\u00e1s sobre Los enemigos mejor de cerca\">Leer m\u00e1s<\/a><\/p>\n","protected":false},"author":1,"featured_media":0,"comment_status":"open","ping_status":"open","sticky":false,"template":"","format":"standard","meta":{"advanced_seo_description":"","jetpack_seo_html_title":"","jetpack_seo_noindex":false,"jetpack_seo_schema_type":"","episode_type":"","audio_file":"","podmotor_file_id":"","podmotor_episode_id":"","cover_image":"","cover_image_id":"","duration":"","filesize":"","filesize_raw":"","date_recorded":"","explicit":"","block":"","_jetpack_newsletter_access":"","_jetpack_dont_email_post_to_subs":false,"_jetpack_newsletter_tier_id":0,"_jetpack_memberships_contains_paywalled_content":false,"_jetpack_feature_clip_id":0,"_jetpack_memberships_contains_paid_content":false,"footnotes":"","jetpack_publicize_message":"","jetpack_publicize_feature_enabled":true,"jetpack_social_post_already_shared":false,"jetpack_social_options":{"image_generator_settings":{"template":"highway","default_image_id":0,"font":"","enabled":false},"version":2},"jetpack_post_was_ever_published":false},"categories":[2],"tags":[],"series":[],"class_list":["post-4498","post","type-post","status-publish","format-standard","hentry","category-limones"],"episode_featured_image":false,"episode_player_image":"https:\/\/i0.wp.com\/quechilero.com\/blog\/imagenes\/podcast.png?fit=1831%2C1831&ssl=1","download_link":"","player_link":"","audio_player":false,"episode_data":{"playerMode":"dark","subscribeUrls":{"amazon":{"key":"amazon","url":"","label":"Amazon","class":"amazon","icon":"amazon.png"},"apple_podcasts":{"key":"apple_podcasts","url":"","label":"Apple Podcasts","class":"apple_podcasts","icon":"apple-podcasts.png"},"castbox":{"key":"castbox","url":"","label":"CastBox","class":"castbox","icon":"castbox.png"},"deezer":{"key":"deezer","url":"","label":"Deezer","class":"deezer","icon":"deezer.png"},"google_podcasts":{"key":"google_podcasts","url":"","label":"Google Podcasts","class":"google_podcasts","icon":"google-podcasts.png"},"listen_notes":{"key":"listen_notes","url":"","label":"Listen Notes","class":"listen_notes","icon":"listen-notes.png"},"pandora":{"key":"pandora","url":"","label":"Pandora","class":"pandora","icon":"pandora.png"},"podbean":{"key":"podbean","url":"","label":"Podbean","class":"podbean","icon":"podbean.png"},"podcast_republic":{"key":"podcast_republic","url":"","label":"Podcast Republic","class":"podcast_republic","icon":"podcast-republic.png"},"rss":{"key":"rss","url":"","label":"RSS","class":"rss","icon":"rss.png"},"spotify":{"key":"spotify","url":"","label":"Spotify","class":"spotify","icon":"spotify.png"},"stitcher":{"key":"stitcher","url":"","label":"Stitcher","class":"stitcher","icon":"stitcher.png"},"tunein":{"key":"tunein","url":"","label":"TuneIn","class":"tunein","icon":"tunein.png"},"youtube":{"key":"youtube","url":"","label":"YouTube","class":"youtube","icon":"youtube.png"},"iheartradio":{"key":"iheartradio","url":"","label":"iHeartRadio","class":"iheartradio","icon":"iheartradio.png"},"ivoox":{"key":"ivoox","url":"","label":"iVoox","class":"ivoox","icon":"ivoox.png"}},"rssFeedUrl":"https:\/\/quechilero.com\/blog\/feed\/podcast\/si-la-vida-nos-da-limones","embedCode":"<blockquote class=\"wp-embedded-content\" data-secret=\"PAzIMRzU7N\"><a href=\"https:\/\/quechilero.com\/blog\/2010\/03\/26\/los-enemigos-mejor-de-cerca\/\">Los enemigos mejor de cerca<\/a><\/blockquote><iframe sandbox=\"allow-scripts\" security=\"restricted\" src=\"https:\/\/quechilero.com\/blog\/2010\/03\/26\/los-enemigos-mejor-de-cerca\/embed\/#?secret=PAzIMRzU7N\" width=\"500\" height=\"350\" title=\"\u00abLos enemigos mejor de cerca\u00bb \u2014 Si la Vida nos da Limones...\" data-secret=\"PAzIMRzU7N\" frameborder=\"0\" marginwidth=\"0\" marginheight=\"0\" scrolling=\"no\" class=\"wp-embedded-content\"><\/iframe><script>\n\/*! This file is auto-generated *\/\n!function(d,l){\"use strict\";l.querySelector&&d.addEventListener&&\"undefined\"!=typeof URL&&(d.wp=d.wp||{},d.wp.receiveEmbedMessage||(d.wp.receiveEmbedMessage=function(e){var t=e.data;if((t||t.secret||t.message||t.value)&&!\/[^a-zA-Z0-9]\/.test(t.secret)){for(var s,r,n,a=l.querySelectorAll('iframe[data-secret=\"'+t.secret+'\"]'),o=l.querySelectorAll('blockquote[data-secret=\"'+t.secret+'\"]'),c=new RegExp(\"^https?:$\",\"i\"),i=0;i<o.length;i++)o[i].style.display=\"none\";for(i=0;i<a.length;i++)s=a[i],e.source===s.contentWindow&&(s.removeAttribute(\"style\"),\"height\"===t.message?(1e3<(r=parseInt(t.value,10))?r=1e3:~~r<200&&(r=200),s.height=r):\"link\"===t.message&&(r=new URL(s.getAttribute(\"src\")),n=new URL(t.value),c.test(n.protocol))&&n.host===r.host&&l.activeElement===s&&(d.top.location.href=t.value))}},d.addEventListener(\"message\",d.wp.receiveEmbedMessage,!1),l.addEventListener(\"DOMContentLoaded\",function(){for(var e,t,s=l.querySelectorAll(\"iframe.wp-embedded-content\"),r=0;r<s.length;r++)(t=(e=s[r]).getAttribute(\"data-secret\"))||(t=Math.random().toString(36).substring(2,12),e.src+=\"#?secret=\"+t,e.setAttribute(\"data-secret\",t)),e.contentWindow.postMessage({message:\"ready\",secret:t},\"*\")},!1)))}(window,document);\n\/\/# sourceURL=https:\/\/quechilero.com\/blog\/wp-includes\/js\/wp-embed.min.js\n<\/script>\n"},"jetpack_publicize_connections":[],"jetpack_shortlink":"https:\/\/wp.me\/pDKli-1ay","jetpack_sharing_enabled":true,"jetpack-related-posts":[{"id":5299,"url":"https:\/\/quechilero.com\/blog\/2010\/08\/08\/alejandro-y-aristoteles\/","url_meta":{"origin":4498,"position":0},"title":"Alejandro y Arist\u00f3teles","author":"Pepe Barrascout Ortiz","date":"8 agosto 2010","format":false,"excerpt":"Pregunt\u00e1ronle en cierta ocasi\u00f3n a Alejandro Magno por qu\u00e9 a su maestro Arist\u00f3teles le mostraba, al parecer, m\u00e1s estima y agradecimiento que a su mismo padre, el rey Filipo. Alejandro contest\u00f3: \"Porque Filipo, al darme la vida, me hizo bajar del cielo a la tierra; mientras que Arist\u00f3teles, al instruirme,\u2026","rel":"","context":"En \u00abLimones\u00bb","block_context":{"text":"Limones","link":"https:\/\/quechilero.com\/blog\/category\/limones\/"},"img":{"alt_text":"","src":"","width":0,"height":0},"classes":[]},{"id":2441,"url":"https:\/\/quechilero.com\/blog\/2009\/03\/22\/alejandro-magno\/","url_meta":{"origin":4498,"position":1},"title":"Alejandro Magno","author":"Pepe Barrascout Ortiz","date":"22 marzo 2009","format":false,"excerpt":"El mejor retrato de Alejandro Magno nos lo proporciona Plutarco con la an\u00e9cdota del ind\u00f3mito caballo Buc\u00e9falo cuya compra ofrecen a Filipo de Macedonia, el padre de Alejandro. El caballo no permite que se le acerque jinete alguno; es tan rebelde que Filipo est\u00e1 a punto de renunciar definitivamente, cuando\u2026","rel":"","context":"En \u00abLimones\u00bb","block_context":{"text":"Limones","link":"https:\/\/quechilero.com\/blog\/category\/limones\/"},"img":{"alt_text":"","src":"","width":0,"height":0},"classes":[]},{"id":6527,"url":"https:\/\/quechilero.com\/blog\/2010\/12\/17\/estampas-navidenas-praga\/","url_meta":{"origin":4498,"position":2},"title":"Estampas Navide\u00f1as: Praga","author":"Pepe Barrascout Ortiz","date":"17 diciembre 2010","format":false,"excerpt":"\u00bfY lo que comemos en la v\u00edspera de Navidad?: El men\u00fa de Navidad variar\u00e1 de pa\u00eds a pa\u00eds, de regi\u00f3n a regi\u00f3n. En Praga es el pescado, en este caso una carpa, engalanar\u00e1 alguna mesa festiva. Imagen: \u00a9 Filip Singer\/EPA","rel":"","context":"En \u00abLimones por mano\u00bb","block_context":{"text":"Limones por mano","link":"https:\/\/quechilero.com\/blog\/category\/limones-por-mano\/"},"img":{"alt_text":"","src":"","width":0,"height":0},"classes":[]},{"id":877,"url":"https:\/\/quechilero.com\/blog\/2008\/02\/22\/cuaresma-evangelio-22-feb-08\/","url_meta":{"origin":4498,"position":3},"title":"Cuaresma &#8211; Evangelio 22 feb 08","author":"Pepe Barrascout Ortiz","date":"22 febrero 2008","format":false,"excerpt":"Evangelio seg\u00fan San Mateo 16,13-19. Al llegar a la regi\u00f3n de Cesarea de Filipo, Jes\u00fas pregunt\u00f3 a sus disc\u00edpulos: \"\u00bfQu\u00e9 dice la gente sobre el Hijo del hombre? \u00bfQui\u00e9n dicen que es?\". Ellos le respondieron: \"Unos dicen que es Juan el Bautista; otros, El\u00edas; y otros, Jerem\u00edas o alguno de\u2026","rel":"","context":"En \u00abLimones\u00bb","block_context":{"text":"Limones","link":"https:\/\/quechilero.com\/blog\/category\/limones\/"},"img":{"alt_text":"","src":"","width":0,"height":0},"classes":[]},{"id":3088,"url":"https:\/\/quechilero.com\/blog\/2009\/08\/02\/en-busca-de-ser-feliz\/","url_meta":{"origin":4498,"position":4},"title":"En busca de ser feliz","author":"Pepe Barrascout Ortiz","date":"2 agosto 2009","format":false,"excerpt":"En una f\u00e1brica hab\u00eda un grupo de operarios que eran infelices. Su sueldo era bueno, sus horas de trabajo eran las adecuadas, las condiciones de trabajo eran excelentes. Estos operarios admit\u00edan todo eso; no obstante su descontento era marcado. La gerencia estaba perpleja y preocupada. Finalmente, se llam\u00f3 a un\u2026","rel":"","context":"En \u00abLimones\u00bb","block_context":{"text":"Limones","link":"https:\/\/quechilero.com\/blog\/category\/limones\/"},"img":{"alt_text":"","src":"","width":0,"height":0},"classes":[]},{"id":334,"url":"https:\/\/quechilero.com\/blog\/2006\/12\/03\/para-pensar-en-nuestras-prioridades\/","url_meta":{"origin":4498,"position":5},"title":"Para pensar en nuestras prioridades&#8230;","author":"Pepe Barrascout Ortiz","date":"3 diciembre 2006","format":false,"excerpt":"Me pregunto \u00bfqu\u00e9 suceder\u00eda si trat\u00e1ramos nuestra Biblia como tratamos nuestros tel\u00e9fonos celulares? \u00bfQu\u00e9 tal si lo llev\u00e1ramos en nuestras carteras o bolsillos? \u00bfQu\u00e9 tal si nos regres\u00e1ramos a traerla cuando la dejamos olvidada? \u00bfQu\u00e9 tal si la hoje\u00e1ramos varias veces al d\u00eda? \u00bfQu\u00e9 tal si la utiliz\u00e1ramos para recibir\u2026","rel":"","context":"En \u00abLimones\u00bb","block_context":{"text":"Limones","link":"https:\/\/quechilero.com\/blog\/category\/limones\/"},"img":{"alt_text":"","src":"","width":0,"height":0},"classes":[]}],"jetpack_featured_media_url":"","_links":{"self":[{"href":"https:\/\/quechilero.com\/blog\/wp-json\/wp\/v2\/posts\/4498","targetHints":{"allow":["GET"]}}],"collection":[{"href":"https:\/\/quechilero.com\/blog\/wp-json\/wp\/v2\/posts"}],"about":[{"href":"https:\/\/quechilero.com\/blog\/wp-json\/wp\/v2\/types\/post"}],"author":[{"embeddable":true,"href":"https:\/\/quechilero.com\/blog\/wp-json\/wp\/v2\/users\/1"}],"replies":[{"embeddable":true,"href":"https:\/\/quechilero.com\/blog\/wp-json\/wp\/v2\/comments?post=4498"}],"version-history":[{"count":0,"href":"https:\/\/quechilero.com\/blog\/wp-json\/wp\/v2\/posts\/4498\/revisions"}],"wp:attachment":[{"href":"https:\/\/quechilero.com\/blog\/wp-json\/wp\/v2\/media?parent=4498"}],"wp:term":[{"taxonomy":"category","embeddable":true,"href":"https:\/\/quechilero.com\/blog\/wp-json\/wp\/v2\/categories?post=4498"},{"taxonomy":"post_tag","embeddable":true,"href":"https:\/\/quechilero.com\/blog\/wp-json\/wp\/v2\/tags?post=4498"},{"taxonomy":"series","embeddable":true,"href":"https:\/\/quechilero.com\/blog\/wp-json\/wp\/v2\/series?post=4498"}],"curies":[{"name":"wp","href":"https:\/\/api.w.org\/{rel}","templated":true}]}}