{"id":4424,"date":"2010-02-10T08:30:16","date_gmt":"2010-02-10T14:30:16","guid":{"rendered":"http:\/\/quechilero.com\/blog\/?p=4424"},"modified":"2010-02-10T08:30:16","modified_gmt":"2010-02-10T14:30:16","slug":"la-vuelta-a-guatemala-en-80-podcasts","status":"publish","type":"post","link":"https:\/\/quechilero.com\/blog\/2010\/02\/10\/la-vuelta-a-guatemala-en-80-podcasts\/","title":{"rendered":"La Vuelta a Guatemala en 80 podcasts"},"content":{"rendered":"<p><img data-recalc-dims=\"1\" loading=\"lazy\" decoding=\"async\" class=\"alignnone\" src=\"https:\/\/i0.wp.com\/i392.photobucket.com\/albums\/pp7\/pepejaguar\/podcast\/capitulo0.png?resize=560%2C250\" alt=\"\" width=\"560\" height=\"250\" \/><\/p>\n<p>Desde hace alg\u00fan tiempo, he sido seguidor de varios <em>podcasts<\/em>, he preferido los relacionados con <em>tecnolog\u00eda, viajes, reflexiones, noticias, opini\u00f3n,<\/em> pero realmente escucho casi cualquiera que encuentro, en espa\u00f1ol o portugu\u00e9s. Lamentablemente, son muy pocos los que se realizan en espa\u00f1ol y de estos, son muchos menos, los que se producen en latinoam\u00e9rica. La mayor\u00eda de la producci\u00f3n de podcasts en nuestro idioma, se realizan en Espa\u00f1a, donde est\u00e1 bastante desarrollado y la comunidad que est\u00e1 detr\u00e1s, es muy fuerte.<\/p>\n<p>De esta afici\u00f3n a escuchar <em>podcasts<\/em>, surge la idea de crear <strong>\u00abLa Vuelta a Guatemala en 80 podcasts\u00bb<\/strong>, parafraseando el t\u00edtulo de la obra de <em>Julio Verne<\/em>. La idea es crear una especie de <em>audio gu\u00eda casera<\/em>, que sirva de auxiliar tur\u00edstico. Esta audio gu\u00eda, se publica de <em>forma no profesional<\/em>, es decir, sin grandes efectos de edici\u00f3n, ni efectos especiales, sino mas bien, grabada y editada de forma rudimentaria, haciendo un <em>recorrido auditivo<\/em> por Guatemala.<\/p>\n<p><strong>La Vuelta a Guatemala en 80 podcasts<\/strong>, es una serie de 80 audios, que se pueden descargar en formato mp3, para ser escuchados en cualquier reproductor. Se habla sobre igual n\u00famero de <em>lugares tur\u00edsticos<\/em> de Guatemala. Al decir\u00a0<em>vuelta<\/em>, se pretende que el recorrido virtual sea consecutivo, es decir, que los <em>lugares a visitar,<\/em> formar\u00e1n parte de un circuito. Cada <em>cap\u00edtulo<\/em>, tiene una duraci\u00f3n aproximada de mas o menos 15 minutos, con mas de 20 horas de audio en total.<\/p>\n<p>En la medida de lo posible, ser\u00e1n publicados dos <em>podcasts<\/em> por semana <em>(mi\u00e9rcoles y viernes)<\/em>, el audio ser\u00e1 acompa\u00f1ado de un mapa, enlaces de inter\u00e9s, datos \u00fatiles y de ser posible, algunas fotograf\u00edas.<\/p>\n<p>Los dejo con el <strong>Cap\u00edtulo 0: Introducci\u00f3n<\/strong><\/p>\n<p>[powerpress]<\/p>\n<p>[xmlgm {http:\/\/maps.google.com\/maps\/ms?ie=UTF8&amp;hl=es&amp;t=h&amp;vps=1&amp;jsv=202c&amp;msa=0&amp;output=nl&amp;msid=100737456278896372746.00047ef6e842b42d8c025}]<\/p>\n<p><strong>Set de fotos<\/strong><\/p>\n<p><object classid=\"clsid:d27cdb6e-ae6d-11cf-96b8-444553540000\" width=\"560\" height=\"420\" codebase=\"http:\/\/download.macromedia.com\/pub\/shockwave\/cabs\/flash\/swflash.cab#version=6,0,40,0\"><param name=\"flashvars\" value=\"offsite=true&amp;lang=es-us&amp;page_show_url=%2Fsearch%2Fshow%2F%3Fq%3Dpalacio%2Bnacional%2Bguatemala&amp;page_show_back_url=%2Fsearch%2F%3Fq%3Dpalacio%2Bnacional%2Bguatemala&amp;method=flickr.photos.search&amp;api_params_str=&amp;api_text=palacio+nacional+guatemala&amp;api_tag_mode=bool&amp;api_media=all&amp;api_sort=relevance&amp;jump_to=&amp;start_index=0\" \/><param name=\"allowFullScreen\" value=\"true\" \/><param name=\"src\" value=\"http:\/\/www.flickr.com\/apps\/slideshow\/show.swf?v=71649\" \/><param name=\"allowfullscreen\" value=\"true\" \/><\/object><\/p>\n<p>Para estar actualizado, se pueden suscribir con este\u00a0<a title=\"La Vuelta a Guatemala en 80 podcasts\" href=\"http:\/\/feeds.feedburner.com\/silavidanosdalimonespodcast\" target=\"_blank\">Feed RSS<\/a><\/p>\n","protected":false},"excerpt":{"rendered":"<p>Desde hace alg\u00fan tiempo, he sido seguidor de varios podcasts, he preferido los relacionados con tecnolog\u00eda, viajes, reflexiones, noticias, opini\u00f3n, pero realmente escucho casi cualquiera que encuentro, en espa\u00f1ol o portugu\u00e9s. Lamentablemente, son muy pocos los que se realizan en espa\u00f1ol y de estos, son muchos menos, los que se producen en latinoam\u00e9rica. La mayor\u00eda &#8230; <a title=\"La Vuelta a Guatemala en 80 podcasts\" class=\"read-more\" href=\"https:\/\/quechilero.com\/blog\/2010\/02\/10\/la-vuelta-a-guatemala-en-80-podcasts\/\" aria-label=\"Leer m\u00e1s sobre La Vuelta a Guatemala en 80 podcasts\">Leer m\u00e1s<\/a><\/p>\n","protected":false},"author":1,"featured_media":0,"comment_status":"open","ping_status":"open","sticky":false,"template":"","format":"standard","meta":{"advanced_seo_description":"","jetpack_seo_html_title":"","jetpack_seo_noindex":false,"jetpack_seo_schema_type":"","episode_type":"","audio_file":"http:\/\/blip.tv\/file\/get\/Pepejaguar-Capitulo0Introduccin407.mp3\n10922741\naudio\/mpeg\na:1:{s:8:\"duration\";s:7:\"0:11:23\";}","podmotor_file_id":"","podmotor_episode_id":"","cover_image":"","cover_image_id":"","duration":"","filesize":"6.84k","filesize_raw":"7008","date_recorded":"","explicit":"","block":"","_jetpack_newsletter_access":"","_jetpack_dont_email_post_to_subs":false,"_jetpack_newsletter_tier_id":0,"_jetpack_memberships_contains_paywalled_content":false,"_jetpack_feature_clip_id":0,"_jetpack_memberships_contains_paid_content":false,"footnotes":"","jetpack_publicize_message":"","jetpack_publicize_feature_enabled":true,"jetpack_social_post_already_shared":false,"jetpack_social_options":{"image_generator_settings":{"template":"highway","default_image_id":0,"font":"","enabled":false},"version":2},"jetpack_post_was_ever_published":false},"categories":[2,111],"tags":[70,51,32,8,10,9,122,47,68,101,55,5,24],"series":[146],"class_list":["post-4424","post","type-post","status-publish","format-standard","hentry","category-limones","category-podcast","tag-descarga","tag-dios","tag-especial","tag-fotografia","tag-guatemala","tag-idea","tag-limones","tag-mapa","tag-mp3","tag-podcast-2","tag-tecnologia","tag-tiempo","tag-vida","series-si-la-vida-nos-da-limones"],"episode_featured_image":false,"episode_player_image":"https:\/\/i0.wp.com\/quechilero.com\/blog\/imagenes\/podcast.png?fit=1831%2C1831&ssl=1","download_link":"https:\/\/quechilero.com\/blog\/podcast-download\/4424\/la-vuelta-a-guatemala-en-80-podcasts.mp3","player_link":"https:\/\/quechilero.com\/blog\/podcast-player\/4424\/la-vuelta-a-guatemala-en-80-podcasts.mp3","audio_player":null,"episode_data":{"playerMode":"dark","subscribeUrls":{"amazon":{"key":"amazon","url":"","label":"Amazon","class":"amazon","icon":"amazon.png"},"apple_podcasts":{"key":"apple_podcasts","url":"","label":"Apple Podcasts","class":"apple_podcasts","icon":"apple-podcasts.png"},"castbox":{"key":"castbox","url":"","label":"CastBox","class":"castbox","icon":"castbox.png"},"deezer":{"key":"deezer","url":"","label":"Deezer","class":"deezer","icon":"deezer.png"},"google_podcasts":{"key":"google_podcasts","url":"","label":"Google Podcasts","class":"google_podcasts","icon":"google-podcasts.png"},"listen_notes":{"key":"listen_notes","url":"","label":"Listen Notes","class":"listen_notes","icon":"listen-notes.png"},"pandora":{"key":"pandora","url":"","label":"Pandora","class":"pandora","icon":"pandora.png"},"podbean":{"key":"podbean","url":"","label":"Podbean","class":"podbean","icon":"podbean.png"},"podcast_republic":{"key":"podcast_republic","url":"","label":"Podcast Republic","class":"podcast_republic","icon":"podcast-republic.png"},"rss":{"key":"rss","url":"","label":"RSS","class":"rss","icon":"rss.png"},"spotify":{"key":"spotify","url":"","label":"Spotify","class":"spotify","icon":"spotify.png"},"stitcher":{"key":"stitcher","url":"","label":"Stitcher","class":"stitcher","icon":"stitcher.png"},"tunein":{"key":"tunein","url":"","label":"TuneIn","class":"tunein","icon":"tunein.png"},"youtube":{"key":"youtube","url":"","label":"YouTube","class":"youtube","icon":"youtube.png"},"iheartradio":{"key":"iheartradio","url":"","label":"iHeartRadio","class":"iheartradio","icon":"iheartradio.png"},"ivoox":{"key":"ivoox","url":"","label":"iVoox","class":"ivoox","icon":"ivoox.png"}},"rssFeedUrl":"https:\/\/quechilero.com\/blog\/feed\/podcast\/si-la-vida-nos-da-limones","embedCode":"<blockquote class=\"wp-embedded-content\" data-secret=\"dcoerojkDl\"><a href=\"https:\/\/quechilero.com\/blog\/2010\/02\/10\/la-vuelta-a-guatemala-en-80-podcasts\/\">La Vuelta a Guatemala en 80 podcasts<\/a><\/blockquote><iframe sandbox=\"allow-scripts\" security=\"restricted\" src=\"https:\/\/quechilero.com\/blog\/2010\/02\/10\/la-vuelta-a-guatemala-en-80-podcasts\/embed\/#?secret=dcoerojkDl\" width=\"500\" height=\"350\" title=\"\u00abLa Vuelta a Guatemala en 80 podcasts\u00bb \u2014 Si la Vida nos da Limones...\" data-secret=\"dcoerojkDl\" frameborder=\"0\" marginwidth=\"0\" marginheight=\"0\" scrolling=\"no\" class=\"wp-embedded-content\"><\/iframe><script>\n\/*! This file is auto-generated *\/\n!function(d,l){\"use strict\";l.querySelector&&d.addEventListener&&\"undefined\"!=typeof URL&&(d.wp=d.wp||{},d.wp.receiveEmbedMessage||(d.wp.receiveEmbedMessage=function(e){var t=e.data;if((t||t.secret||t.message||t.value)&&!\/[^a-zA-Z0-9]\/.test(t.secret)){for(var s,r,n,a=l.querySelectorAll('iframe[data-secret=\"'+t.secret+'\"]'),o=l.querySelectorAll('blockquote[data-secret=\"'+t.secret+'\"]'),c=new RegExp(\"^https?:$\",\"i\"),i=0;i<o.length;i++)o[i].style.display=\"none\";for(i=0;i<a.length;i++)s=a[i],e.source===s.contentWindow&&(s.removeAttribute(\"style\"),\"height\"===t.message?(1e3<(r=parseInt(t.value,10))?r=1e3:~~r<200&&(r=200),s.height=r):\"link\"===t.message&&(r=new URL(s.getAttribute(\"src\")),n=new URL(t.value),c.test(n.protocol))&&n.host===r.host&&l.activeElement===s&&(d.top.location.href=t.value))}},d.addEventListener(\"message\",d.wp.receiveEmbedMessage,!1),l.addEventListener(\"DOMContentLoaded\",function(){for(var e,t,s=l.querySelectorAll(\"iframe.wp-embedded-content\"),r=0;r<s.length;r++)(t=(e=s[r]).getAttribute(\"data-secret\"))||(t=Math.random().toString(36).substring(2,12),e.src+=\"#?secret=\"+t,e.setAttribute(\"data-secret\",t)),e.contentWindow.postMessage({message:\"ready\",secret:t},\"*\")},!1)))}(window,document);\n\/\/# sourceURL=https:\/\/quechilero.com\/blog\/wp-includes\/js\/wp-embed.min.js\n<\/script>\n"},"jetpack_publicize_connections":[],"jetpack_shortlink":"https:\/\/wp.me\/pDKli-19m","jetpack_sharing_enabled":true,"jetpack-related-posts":[{"id":4474,"url":"https:\/\/quechilero.com\/blog\/2010\/02\/12\/la-vuelta-a-guatemala-en-80-podcasts-amatitlan\/","url_meta":{"origin":4424,"position":0},"title":"La Vuelta a Guatemala en 80 podcasts: Amatitl\u00e1n","author":"Pepe Barrascout Ortiz","date":"12 febrero 2010","format":false,"excerpt":"Iniciando nuestro recorrido, el cual empezamos en el kil\u00f3metro cero, nos lleva a un poco mas de 25 kil\u00f3metros de la Ciudad de Guatemala, y llegamos a Amatitl\u00e1n. En el primer cap\u00edtulo de La Vuelta a Guatemala en 80 podcasts, conocemos el municipio y el lago de Amatitl\u00e1n. Con datos\u2026","rel":"","context":"En \u00abLimones\u00bb","block_context":{"text":"Limones","link":"https:\/\/quechilero.com\/blog\/category\/limones\/"},"img":{"alt_text":"","src":"https:\/\/i0.wp.com\/i392.photobucket.com\/albums\/pp7\/pepejaguar\/podcast\/capitulo1.png?resize=350%2C200","width":350,"height":200,"srcset":"https:\/\/i0.wp.com\/i392.photobucket.com\/albums\/pp7\/pepejaguar\/podcast\/capitulo1.png?resize=350%2C200 1x, https:\/\/i0.wp.com\/i392.photobucket.com\/albums\/pp7\/pepejaguar\/podcast\/capitulo1.png?resize=525%2C300 1.5x"},"classes":[]},{"id":2915,"url":"https:\/\/quechilero.com\/blog\/2009\/06\/24\/guatemala-radios-en-linea\/","url_meta":{"origin":4424,"position":1},"title":"Guatemala: Radios en linea","author":"Pepe Barrascout Ortiz","date":"24 junio 2009","format":false,"excerpt":"En Guatemala los servicios de radio en l\u00ednea, a\u00fan son muy pocos, solo algunas de las principales, estaciones de radio, transmiten por internet, no tanto para dar un valor agregado a sus servicios, a sus clientes, a sus usuarios, o a sus mismas empresas, sino que mas bien por estar\u2026","rel":"","context":"En \u00abLimones\u00bb","block_context":{"text":"Limones","link":"https:\/\/quechilero.com\/blog\/category\/limones\/"},"img":{"alt_text":"","src":"https:\/\/i0.wp.com\/i392.photobucket.com\/albums\/pp7\/pepejaguar\/blog\/10.png?resize=350%2C200","width":350,"height":200},"classes":[]},{"id":30954,"url":"https:\/\/quechilero.com\/blog\/2023\/03\/18\/el-parqueo\/","url_meta":{"origin":4424,"position":2},"title":"El parqueo","author":"Pepe Barrascout Ortiz","date":"18 marzo 2023","format":false,"excerpt":"Hola amigos, este extenso episodio trata sobre el parqueo del gimnasio y en d\u00f3nde me gusta estacionar. Generalmente prefiero los podcasts que son cortos, no m\u00e1s de diez minutos. Pero hoy el recorrido fue un poco m\u00e1s largo de lo habitual y pues con el tiempo extra, empec\u00e9 a hablar\u2026","rel":"","context":"En \u00abDaily Gym\u00bb","block_context":{"text":"Daily Gym","link":"https:\/\/quechilero.com\/blog\/category\/podcast\/daily-gym\/"},"img":{"alt_text":"Daily Gym Podcast","src":"https:\/\/i0.wp.com\/quechilero.com\/blog\/imagenes\/DailyGym.jpg?fit=1200%2C675&ssl=1&resize=350%2C200","width":350,"height":200,"srcset":"https:\/\/i0.wp.com\/quechilero.com\/blog\/imagenes\/DailyGym.jpg?fit=1200%2C675&ssl=1&resize=350%2C200 1x, https:\/\/i0.wp.com\/quechilero.com\/blog\/imagenes\/DailyGym.jpg?fit=1200%2C675&ssl=1&resize=525%2C300 1.5x, https:\/\/i0.wp.com\/quechilero.com\/blog\/imagenes\/DailyGym.jpg?fit=1200%2C675&ssl=1&resize=700%2C400 2x, https:\/\/i0.wp.com\/quechilero.com\/blog\/imagenes\/DailyGym.jpg?fit=1200%2C675&ssl=1&resize=1050%2C600 3x"},"classes":[]},{"id":4766,"url":"https:\/\/quechilero.com\/blog\/2010\/05\/17\/podcasting\/","url_meta":{"origin":4424,"position":3},"title":"Podcasting","author":"Pepe Barrascout Ortiz","date":"17 mayo 2010","format":false,"excerpt":"Si los videos en Youtube o en otro sitio para compartir, han estado tirando por el suelo la televisi\u00f3n tradicional, en la que uno ya no est\u00e1 supeditado a horarios de programaci\u00f3n, en donde uno puede ver lo que se quiere, en el momento en que se desea. Pues lo\u2026","rel":"","context":"En \u00abLimones\u00bb","block_context":{"text":"Limones","link":"https:\/\/quechilero.com\/blog\/category\/limones\/"},"img":{"alt_text":"","src":"","width":0,"height":0},"classes":[]},{"id":11934,"url":"https:\/\/quechilero.com\/blog\/2012\/01\/29\/libertad-de-expresion-en-guatemala\/","url_meta":{"origin":4424,"position":4},"title":"Libertad de Expresi\u00f3n en Guatemala","author":"Pepe Barrascout Ortiz","date":"29 enero 2012","format":false,"excerpt":"Recientemente, el Alcalde \u00c1lvaro Arz\u00fa, public\u00f3 en su cuenta personal de twitter, la siguiente frase: Expresarnos en Twitter y Facebook como lo hacemos hoy hubiera sido impensable antes de la Firma de la Paz. Claro que esto es suponiendo, que en esa \u00e9poca hubieran existido Twitter y Facebook, \u00fanicamente como\u2026","rel":"","context":"En \u00abLimones\u00bb","block_context":{"text":"Limones","link":"https:\/\/quechilero.com\/blog\/category\/limones\/"},"img":{"alt_text":"","src":"https:\/\/i0.wp.com\/i392.photobucket.com\/albums\/pp7\/pepejaguar\/blog\/arzu.png?resize=350%2C200","width":350,"height":200,"srcset":"https:\/\/i0.wp.com\/i392.photobucket.com\/albums\/pp7\/pepejaguar\/blog\/arzu.png?resize=350%2C200 1x, https:\/\/i0.wp.com\/i392.photobucket.com\/albums\/pp7\/pepejaguar\/blog\/arzu.png?resize=525%2C300 1.5x"},"classes":[]},{"id":27456,"url":"https:\/\/quechilero.com\/blog\/2010\/10\/14\/podcast-las-6-de-la-manana-episodio-01\/","url_meta":{"origin":4424,"position":5},"title":"Podcast: Las 6 de la ma\u00f1ana, episodio 01","author":"Pepe Barrascout Ortiz","date":"14 octubre 2010","format":false,"excerpt":"Bienvenidos al primer episodio de \"Las \u00a06 de la ma\u00f1ana\", un podcast que trae 6 canciones, para que iniciemos el d\u00eda, de forma positiva y con \u00e1nimo. El listado para hoy es: 01 - Spatial Unity - Better Way to Fall 02 - TenPenny Joke - She 03 - TenPenny\u2026","rel":"","context":"En \u00abLas 6 de la ma\u00f1ana\u00bb","block_context":{"text":"Las 6 de la ma\u00f1ana","link":"https:\/\/quechilero.com\/blog\/category\/podcast\/las-6-de-la-manana\/"},"img":{"alt_text":"","src":"https:\/\/i0.wp.com\/quechilero.com\/blog\/imagenes\/las6am.jpg?fit=620%2C350&ssl=1&resize=350%2C200","width":350,"height":200,"srcset":"https:\/\/i0.wp.com\/quechilero.com\/blog\/imagenes\/las6am.jpg?fit=620%2C350&ssl=1&resize=350%2C200 1x, https:\/\/i0.wp.com\/quechilero.com\/blog\/imagenes\/las6am.jpg?fit=620%2C350&ssl=1&resize=525%2C300 1.5x"},"classes":[]}],"jetpack_featured_media_url":"","_links":{"self":[{"href":"https:\/\/quechilero.com\/blog\/wp-json\/wp\/v2\/posts\/4424","targetHints":{"allow":["GET"]}}],"collection":[{"href":"https:\/\/quechilero.com\/blog\/wp-json\/wp\/v2\/posts"}],"about":[{"href":"https:\/\/quechilero.com\/blog\/wp-json\/wp\/v2\/types\/post"}],"author":[{"embeddable":true,"href":"https:\/\/quechilero.com\/blog\/wp-json\/wp\/v2\/users\/1"}],"replies":[{"embeddable":true,"href":"https:\/\/quechilero.com\/blog\/wp-json\/wp\/v2\/comments?post=4424"}],"version-history":[{"count":0,"href":"https:\/\/quechilero.com\/blog\/wp-json\/wp\/v2\/posts\/4424\/revisions"}],"wp:attachment":[{"href":"https:\/\/quechilero.com\/blog\/wp-json\/wp\/v2\/media?parent=4424"}],"wp:term":[{"taxonomy":"category","embeddable":true,"href":"https:\/\/quechilero.com\/blog\/wp-json\/wp\/v2\/categories?post=4424"},{"taxonomy":"post_tag","embeddable":true,"href":"https:\/\/quechilero.com\/blog\/wp-json\/wp\/v2\/tags?post=4424"},{"taxonomy":"series","embeddable":true,"href":"https:\/\/quechilero.com\/blog\/wp-json\/wp\/v2\/series?post=4424"}],"curies":[{"name":"wp","href":"https:\/\/api.w.org\/{rel}","templated":true}]}}