{"id":4395,"date":"2010-03-15T08:00:30","date_gmt":"2010-03-15T14:00:30","guid":{"rendered":"http:\/\/quechilero.com\/blog\/?p=4395"},"modified":"2010-03-15T08:00:30","modified_gmt":"2010-03-15T14:00:30","slug":"cada-uno-tiene-su-lugar","status":"publish","type":"post","link":"https:\/\/quechilero.com\/blog\/2010\/03\/15\/cada-uno-tiene-su-lugar\/","title":{"rendered":"Cada uno tiene su lugar"},"content":{"rendered":"<p>Le preguntaron a Rab\u00ed Abraham Yaacov de Sadagora:<\/p>\n<p><em>&#8211; \u00abNuestros sabios dicen: &#8216;Y no hay una cosa que no tenga su lugar.&#8217; Y as\u00ed el hombre tambi\u00e9n tiene su lugar. \u00bfPor qu\u00e9 entonces, la gente a veces se siente tan apretada?\u00bb<\/em><\/p>\n<p>Replic\u00f3:<\/p>\n<p><em>&#8211; \u00abPorque cada uno quiere ocupar el lugar de otro.\u00bb<\/em><\/p>\n<p><strong><em>Del libro \u00abCuentos Jas\u00eddicos\u00bb, de Martin Buber<\/em><\/strong><\/p>\n","protected":false},"excerpt":{"rendered":"<p>Le preguntaron a Rab\u00ed Abraham Yaacov de Sadagora: &#8211; \u00abNuestros sabios dicen: &#8216;Y no hay una cosa que no tenga su lugar.&#8217; Y as\u00ed el hombre tambi\u00e9n tiene su lugar. \u00bfPor qu\u00e9 entonces, la gente a veces se siente tan apretada?\u00bb Replic\u00f3: &#8211; \u00abPorque cada uno quiere ocupar el lugar de otro.\u00bb Del libro \u00abCuentos &#8230; <a title=\"Cada uno tiene su lugar\" class=\"read-more\" href=\"https:\/\/quechilero.com\/blog\/2010\/03\/15\/cada-uno-tiene-su-lugar\/\" aria-label=\"Leer m\u00e1s sobre Cada uno tiene su lugar\">Leer m\u00e1s<\/a><\/p>\n","protected":false},"author":1,"featured_media":0,"comment_status":"open","ping_status":"open","sticky":false,"template":"","format":"standard","meta":{"advanced_seo_description":"","jetpack_seo_html_title":"","jetpack_seo_noindex":false,"jetpack_seo_schema_type":"","episode_type":"","audio_file":"","podmotor_file_id":"","podmotor_episode_id":"","cover_image":"","cover_image_id":"","duration":"","filesize":"","filesize_raw":"","date_recorded":"","explicit":"","block":"","_jetpack_newsletter_access":"","_jetpack_dont_email_post_to_subs":false,"_jetpack_newsletter_tier_id":0,"_jetpack_memberships_contains_paywalled_content":false,"_jetpack_feature_clip_id":0,"_jetpack_memberships_contains_paid_content":false,"footnotes":"","jetpack_publicize_message":"","jetpack_publicize_feature_enabled":true,"jetpack_social_post_already_shared":false,"jetpack_social_options":{"image_generator_settings":{"template":"highway","default_image_id":0,"font":"","enabled":false},"version":2},"jetpack_post_was_ever_published":false},"categories":[2],"tags":[18,72],"series":[],"class_list":["post-4395","post","type-post","status-publish","format-standard","hentry","category-limones","tag-hombre","tag-libro"],"episode_featured_image":false,"episode_player_image":"https:\/\/i0.wp.com\/quechilero.com\/blog\/imagenes\/podcast.png?fit=1831%2C1831&ssl=1","download_link":"","player_link":"","audio_player":false,"episode_data":{"playerMode":"dark","subscribeUrls":{"amazon":{"key":"amazon","url":"","label":"Amazon","class":"amazon","icon":"amazon.png"},"apple_podcasts":{"key":"apple_podcasts","url":"","label":"Apple Podcasts","class":"apple_podcasts","icon":"apple-podcasts.png"},"castbox":{"key":"castbox","url":"","label":"CastBox","class":"castbox","icon":"castbox.png"},"deezer":{"key":"deezer","url":"","label":"Deezer","class":"deezer","icon":"deezer.png"},"google_podcasts":{"key":"google_podcasts","url":"","label":"Google Podcasts","class":"google_podcasts","icon":"google-podcasts.png"},"listen_notes":{"key":"listen_notes","url":"","label":"Listen Notes","class":"listen_notes","icon":"listen-notes.png"},"pandora":{"key":"pandora","url":"","label":"Pandora","class":"pandora","icon":"pandora.png"},"podbean":{"key":"podbean","url":"","label":"Podbean","class":"podbean","icon":"podbean.png"},"podcast_republic":{"key":"podcast_republic","url":"","label":"Podcast Republic","class":"podcast_republic","icon":"podcast-republic.png"},"rss":{"key":"rss","url":"","label":"RSS","class":"rss","icon":"rss.png"},"spotify":{"key":"spotify","url":"","label":"Spotify","class":"spotify","icon":"spotify.png"},"stitcher":{"key":"stitcher","url":"","label":"Stitcher","class":"stitcher","icon":"stitcher.png"},"tunein":{"key":"tunein","url":"","label":"TuneIn","class":"tunein","icon":"tunein.png"},"youtube":{"key":"youtube","url":"","label":"YouTube","class":"youtube","icon":"youtube.png"},"iheartradio":{"key":"iheartradio","url":"","label":"iHeartRadio","class":"iheartradio","icon":"iheartradio.png"},"ivoox":{"key":"ivoox","url":"","label":"iVoox","class":"ivoox","icon":"ivoox.png"}},"rssFeedUrl":"https:\/\/quechilero.com\/blog\/feed\/podcast\/si-la-vida-nos-da-limones","embedCode":"<blockquote class=\"wp-embedded-content\" data-secret=\"x1Yx77GIo4\"><a href=\"https:\/\/quechilero.com\/blog\/2010\/03\/15\/cada-uno-tiene-su-lugar\/\">Cada uno tiene su lugar<\/a><\/blockquote><iframe sandbox=\"allow-scripts\" security=\"restricted\" src=\"https:\/\/quechilero.com\/blog\/2010\/03\/15\/cada-uno-tiene-su-lugar\/embed\/#?secret=x1Yx77GIo4\" width=\"500\" height=\"350\" title=\"\u00abCada uno tiene su lugar\u00bb \u2014 Si la Vida nos da Limones...\" data-secret=\"x1Yx77GIo4\" frameborder=\"0\" marginwidth=\"0\" marginheight=\"0\" scrolling=\"no\" class=\"wp-embedded-content\"><\/iframe><script>\n\/*! This file is auto-generated *\/\n!function(d,l){\"use strict\";l.querySelector&&d.addEventListener&&\"undefined\"!=typeof URL&&(d.wp=d.wp||{},d.wp.receiveEmbedMessage||(d.wp.receiveEmbedMessage=function(e){var t=e.data;if((t||t.secret||t.message||t.value)&&!\/[^a-zA-Z0-9]\/.test(t.secret)){for(var s,r,n,a=l.querySelectorAll('iframe[data-secret=\"'+t.secret+'\"]'),o=l.querySelectorAll('blockquote[data-secret=\"'+t.secret+'\"]'),c=new RegExp(\"^https?:$\",\"i\"),i=0;i<o.length;i++)o[i].style.display=\"none\";for(i=0;i<a.length;i++)s=a[i],e.source===s.contentWindow&&(s.removeAttribute(\"style\"),\"height\"===t.message?(1e3<(r=parseInt(t.value,10))?r=1e3:~~r<200&&(r=200),s.height=r):\"link\"===t.message&&(r=new URL(s.getAttribute(\"src\")),n=new URL(t.value),c.test(n.protocol))&&n.host===r.host&&l.activeElement===s&&(d.top.location.href=t.value))}},d.addEventListener(\"message\",d.wp.receiveEmbedMessage,!1),l.addEventListener(\"DOMContentLoaded\",function(){for(var e,t,s=l.querySelectorAll(\"iframe.wp-embedded-content\"),r=0;r<s.length;r++)(t=(e=s[r]).getAttribute(\"data-secret\"))||(t=Math.random().toString(36).substring(2,12),e.src+=\"#?secret=\"+t,e.setAttribute(\"data-secret\",t)),e.contentWindow.postMessage({message:\"ready\",secret:t},\"*\")},!1)))}(window,document);\n\/\/# sourceURL=https:\/\/quechilero.com\/blog\/wp-includes\/js\/wp-embed.min.js\n<\/script>\n"},"jetpack_publicize_connections":[],"jetpack_shortlink":"https:\/\/wp.me\/pDKli-18T","jetpack_sharing_enabled":true,"jetpack-related-posts":[{"id":19826,"url":"https:\/\/quechilero.com\/blog\/2015\/02\/13\/la-lagartija-en-el-pozo\/","url_meta":{"origin":4395,"position":0},"title":"La lagartija en el pozo","author":"Pepe Barrascout Ortiz","date":"13 febrero 2015","format":false,"excerpt":"En cierta ocasi\u00f3n, dos hombres se encontraban d\u00e1ndole mantenimiento a un pozo en las afueras del pueblo. Uno de ellos ten\u00eda que meterse para sacar las cubetas de lodo y basura, con la finalidad de que del pozo vertiera agua limpia. De pronto, aquel hombre que trabajaba con esmero dentro\u2026","rel":"","context":"En \u00abLimones\u00bb","block_context":{"text":"Limones","link":"https:\/\/quechilero.com\/blog\/category\/limones\/"},"img":{"alt_text":"","src":"","width":0,"height":0},"classes":[]},{"id":4605,"url":"https:\/\/quechilero.com\/blog\/2010\/04\/02\/mensaje-del-santo-padre-para-la-cuaresma-2010\/","url_meta":{"origin":4395,"position":1},"title":"Mensaje del Santo Padre para la Cuaresma 2010","author":"Pepe Barrascout Ortiz","date":"2 abril 2010","format":false,"excerpt":"\"La justicia de Dios se ha manifestado por la fe en Jesucristo\" Mensaje del Santo Padre para la Cuaresma 2010 Se ha publicado hoy el Mensaje de Benedicto XVI para la Cuaresma 2010. El texto, fechado el 30 de octubre de 2009, lleva por t\u00edtulo la siguiente afirmaci\u00f3n de San\u2026","rel":"","context":"En \u00abLimones\u00bb","block_context":{"text":"Limones","link":"https:\/\/quechilero.com\/blog\/category\/limones\/"},"img":{"alt_text":"","src":"","width":0,"height":0},"classes":[]},{"id":4405,"url":"https:\/\/quechilero.com\/blog\/2010\/03\/17\/del-perderse\/","url_meta":{"origin":4395,"position":2},"title":"Del perderse","author":"Pepe Barrascout Ortiz","date":"17 marzo 2010","format":false,"excerpt":"Marcelo, marido de una productora de televisi\u00f3n, estaba perdido en Los \u00c1ngeles, California. Durante horas vag\u00f3 sin rumbo, y, ya tarde en la noche, termin\u00f3 entrando en un \u00e1rea peligrosa. Percibiendo el ambiente a su alrededor, se puso nervioso y resolvi\u00f3 tocar el timbre de una casa con luz encendida.\u2026","rel":"","context":"En \u00abLimones\u00bb","block_context":{"text":"Limones","link":"https:\/\/quechilero.com\/blog\/category\/limones\/"},"img":{"alt_text":"","src":"","width":0,"height":0},"classes":[]},{"id":7527,"url":"https:\/\/quechilero.com\/blog\/2011\/08\/04\/la-risa-del-payaso\/","url_meta":{"origin":4395,"position":3},"title":"La risa del payaso","author":"Pepe Barrascout Ortiz","date":"4 agosto 2011","format":false,"excerpt":"Hubo una vez un hombre muy sabio que con su sabidur\u00eda quiso guiar a todos hacia la verdad. Pero la gente no le hac\u00eda caso. \"Es un sabio alejado de nuestra realidad\", dec\u00edan. \u00c9l ten\u00eda en sus manos la llave del conocimiento, pero nadie quer\u00eda tomarla; por eso estaba muy\u2026","rel":"","context":"En \u00abLimones\u00bb","block_context":{"text":"Limones","link":"https:\/\/quechilero.com\/blog\/category\/limones\/"},"img":{"alt_text":"","src":"","width":0,"height":0},"classes":[]},{"id":21513,"url":"https:\/\/quechilero.com\/blog\/2015\/08\/29\/vuelta-en-u\/","url_meta":{"origin":4395,"position":4},"title":"Vuelta en U","author":"Pepe Barrascout Ortiz","date":"29 agosto 2015","format":false,"excerpt":"Una vez hace unos meses, me toc\u00f3 ir a un lugar alejado de mi ciudad, donde el camino era tan estrecho que apenas pod\u00edan pasar dos autos, y a un lado del camino hab\u00eda una monta\u00f1a y al otro un precipicio de unos 40 metros de altura. Pregunt\u00e9 a un\u2026","rel":"","context":"En \u00abLimones\u00bb","block_context":{"text":"Limones","link":"https:\/\/quechilero.com\/blog\/category\/limones\/"},"img":{"alt_text":"","src":"","width":0,"height":0},"classes":[]},{"id":19657,"url":"https:\/\/quechilero.com\/blog\/2015\/01\/16\/un-cuento-arabe\/","url_meta":{"origin":4395,"position":5},"title":"Un cuento \u00e1rabe","author":"Pepe Barrascout Ortiz","date":"16 enero 2015","format":false,"excerpt":"A un oasis llega un joven, toma agua, se asea y pregunta a un viejecito que se encuentra descansando: \"\u00bfQu\u00e9 clase de personas hay aqu\u00ed?\" El anciano le pregunta: \"\u00bfQu\u00e9 clase de gente hab\u00eda en el lugar de donde t\u00fa vienes?\" \"Oh, un grupo de ego\u00edstas y malvados.\" -replic\u00f3 el\u2026","rel":"","context":"En \u00abLimones\u00bb","block_context":{"text":"Limones","link":"https:\/\/quechilero.com\/blog\/category\/limones\/"},"img":{"alt_text":"","src":"","width":0,"height":0},"classes":[]}],"jetpack_featured_media_url":"","_links":{"self":[{"href":"https:\/\/quechilero.com\/blog\/wp-json\/wp\/v2\/posts\/4395","targetHints":{"allow":["GET"]}}],"collection":[{"href":"https:\/\/quechilero.com\/blog\/wp-json\/wp\/v2\/posts"}],"about":[{"href":"https:\/\/quechilero.com\/blog\/wp-json\/wp\/v2\/types\/post"}],"author":[{"embeddable":true,"href":"https:\/\/quechilero.com\/blog\/wp-json\/wp\/v2\/users\/1"}],"replies":[{"embeddable":true,"href":"https:\/\/quechilero.com\/blog\/wp-json\/wp\/v2\/comments?post=4395"}],"version-history":[{"count":0,"href":"https:\/\/quechilero.com\/blog\/wp-json\/wp\/v2\/posts\/4395\/revisions"}],"wp:attachment":[{"href":"https:\/\/quechilero.com\/blog\/wp-json\/wp\/v2\/media?parent=4395"}],"wp:term":[{"taxonomy":"category","embeddable":true,"href":"https:\/\/quechilero.com\/blog\/wp-json\/wp\/v2\/categories?post=4395"},{"taxonomy":"post_tag","embeddable":true,"href":"https:\/\/quechilero.com\/blog\/wp-json\/wp\/v2\/tags?post=4395"},{"taxonomy":"series","embeddable":true,"href":"https:\/\/quechilero.com\/blog\/wp-json\/wp\/v2\/series?post=4395"}],"curies":[{"name":"wp","href":"https:\/\/api.w.org\/{rel}","templated":true}]}}