{"id":4393,"date":"2010-03-14T08:00:25","date_gmt":"2010-03-14T14:00:25","guid":{"rendered":"http:\/\/quechilero.com\/blog\/?p=4393"},"modified":"2010-03-14T08:00:25","modified_gmt":"2010-03-14T14:00:25","slug":"musica-para-sordos","status":"publish","type":"post","link":"https:\/\/quechilero.com\/blog\/2010\/03\/14\/musica-para-sordos\/","title":{"rendered":"M\u00fasica para sordos"},"content":{"rendered":"<p>Yo antes estaba completamente sordo, y ve\u00eda a la gente de pie, y dando toda clase de vueltas. Lo llamaban baile. A m\u00ed me parec\u00eda absurdo&#8230;<\/p>\n<p>Hasta que un d\u00eda o\u00ed la m\u00fasica. Entonces comprend\u00ed lo hermosa que era la danza<\/p>\n<p><strong><em>Del libro \u00abEl canto del p\u00e1jaro\u00bb, de Anthony de Mello<\/em><\/strong><\/p>\n","protected":false},"excerpt":{"rendered":"<p>Yo antes estaba completamente sordo, y ve\u00eda a la gente de pie, y dando toda clase de vueltas. Lo llamaban baile. A m\u00ed me parec\u00eda absurdo&#8230; Hasta que un d\u00eda o\u00ed la m\u00fasica. Entonces comprend\u00ed lo hermosa que era la danza Del libro \u00abEl canto del p\u00e1jaro\u00bb, de Anthony de Mello<\/p>\n","protected":false},"author":1,"featured_media":0,"comment_status":"open","ping_status":"open","sticky":false,"template":"","format":"standard","meta":{"advanced_seo_description":"","jetpack_seo_html_title":"","jetpack_seo_noindex":false,"jetpack_seo_schema_type":"","episode_type":"","audio_file":"","podmotor_file_id":"","podmotor_episode_id":"","cover_image":"","cover_image_id":"","duration":"","filesize":"","filesize_raw":"","date_recorded":"","explicit":"","block":"","_jetpack_newsletter_access":"","_jetpack_dont_email_post_to_subs":false,"_jetpack_newsletter_tier_id":0,"_jetpack_memberships_contains_paywalled_content":false,"_jetpack_feature_clip_id":0,"_jetpack_memberships_contains_paid_content":false,"footnotes":"","jetpack_publicize_message":"","jetpack_publicize_feature_enabled":true,"jetpack_social_post_already_shared":false,"jetpack_social_options":{"image_generator_settings":{"template":"highway","default_image_id":0,"font":"","enabled":false},"version":2},"jetpack_post_was_ever_published":false},"categories":[2],"tags":[72],"series":[],"class_list":["post-4393","post","type-post","status-publish","format-standard","hentry","category-limones","tag-libro"],"episode_featured_image":false,"episode_player_image":"https:\/\/i0.wp.com\/quechilero.com\/blog\/imagenes\/podcast.png?fit=1831%2C1831&ssl=1","download_link":"","player_link":"","audio_player":false,"episode_data":{"playerMode":"dark","subscribeUrls":{"amazon":{"key":"amazon","url":"","label":"Amazon","class":"amazon","icon":"amazon.png"},"apple_podcasts":{"key":"apple_podcasts","url":"","label":"Apple Podcasts","class":"apple_podcasts","icon":"apple-podcasts.png"},"castbox":{"key":"castbox","url":"","label":"CastBox","class":"castbox","icon":"castbox.png"},"deezer":{"key":"deezer","url":"","label":"Deezer","class":"deezer","icon":"deezer.png"},"google_podcasts":{"key":"google_podcasts","url":"","label":"Google Podcasts","class":"google_podcasts","icon":"google-podcasts.png"},"listen_notes":{"key":"listen_notes","url":"","label":"Listen Notes","class":"listen_notes","icon":"listen-notes.png"},"pandora":{"key":"pandora","url":"","label":"Pandora","class":"pandora","icon":"pandora.png"},"podbean":{"key":"podbean","url":"","label":"Podbean","class":"podbean","icon":"podbean.png"},"podcast_republic":{"key":"podcast_republic","url":"","label":"Podcast Republic","class":"podcast_republic","icon":"podcast-republic.png"},"rss":{"key":"rss","url":"","label":"RSS","class":"rss","icon":"rss.png"},"spotify":{"key":"spotify","url":"","label":"Spotify","class":"spotify","icon":"spotify.png"},"stitcher":{"key":"stitcher","url":"","label":"Stitcher","class":"stitcher","icon":"stitcher.png"},"tunein":{"key":"tunein","url":"","label":"TuneIn","class":"tunein","icon":"tunein.png"},"youtube":{"key":"youtube","url":"","label":"YouTube","class":"youtube","icon":"youtube.png"},"iheartradio":{"key":"iheartradio","url":"","label":"iHeartRadio","class":"iheartradio","icon":"iheartradio.png"},"ivoox":{"key":"ivoox","url":"","label":"iVoox","class":"ivoox","icon":"ivoox.png"}},"rssFeedUrl":"https:\/\/quechilero.com\/blog\/feed\/podcast\/si-la-vida-nos-da-limones","embedCode":"<blockquote class=\"wp-embedded-content\" data-secret=\"O5HS2mTJWk\"><a href=\"https:\/\/quechilero.com\/blog\/2010\/03\/14\/musica-para-sordos\/\">M\u00fasica para sordos<\/a><\/blockquote><iframe sandbox=\"allow-scripts\" security=\"restricted\" src=\"https:\/\/quechilero.com\/blog\/2010\/03\/14\/musica-para-sordos\/embed\/#?secret=O5HS2mTJWk\" width=\"500\" height=\"350\" title=\"\u00abM\u00fasica para sordos\u00bb \u2014 Si la Vida nos da Limones...\" data-secret=\"O5HS2mTJWk\" frameborder=\"0\" marginwidth=\"0\" marginheight=\"0\" scrolling=\"no\" class=\"wp-embedded-content\"><\/iframe><script>\n\/*! This file is auto-generated *\/\n!function(d,l){\"use strict\";l.querySelector&&d.addEventListener&&\"undefined\"!=typeof URL&&(d.wp=d.wp||{},d.wp.receiveEmbedMessage||(d.wp.receiveEmbedMessage=function(e){var t=e.data;if((t||t.secret||t.message||t.value)&&!\/[^a-zA-Z0-9]\/.test(t.secret)){for(var s,r,n,a=l.querySelectorAll('iframe[data-secret=\"'+t.secret+'\"]'),o=l.querySelectorAll('blockquote[data-secret=\"'+t.secret+'\"]'),c=new RegExp(\"^https?:$\",\"i\"),i=0;i<o.length;i++)o[i].style.display=\"none\";for(i=0;i<a.length;i++)s=a[i],e.source===s.contentWindow&&(s.removeAttribute(\"style\"),\"height\"===t.message?(1e3<(r=parseInt(t.value,10))?r=1e3:~~r<200&&(r=200),s.height=r):\"link\"===t.message&&(r=new URL(s.getAttribute(\"src\")),n=new URL(t.value),c.test(n.protocol))&&n.host===r.host&&l.activeElement===s&&(d.top.location.href=t.value))}},d.addEventListener(\"message\",d.wp.receiveEmbedMessage,!1),l.addEventListener(\"DOMContentLoaded\",function(){for(var e,t,s=l.querySelectorAll(\"iframe.wp-embedded-content\"),r=0;r<s.length;r++)(t=(e=s[r]).getAttribute(\"data-secret\"))||(t=Math.random().toString(36).substring(2,12),e.src+=\"#?secret=\"+t,e.setAttribute(\"data-secret\",t)),e.contentWindow.postMessage({message:\"ready\",secret:t},\"*\")},!1)))}(window,document);\n\/\/# sourceURL=https:\/\/quechilero.com\/blog\/wp-includes\/js\/wp-embed.min.js\n<\/script>\n"},"jetpack_publicize_connections":[],"jetpack_shortlink":"https:\/\/wp.me\/pDKli-18R","jetpack_sharing_enabled":true,"jetpack-related-posts":[{"id":4514,"url":"https:\/\/quechilero.com\/blog\/2010\/04\/07\/los-males-de-un-sordo\/","url_meta":{"origin":4393,"position":0},"title":"Los males de un sordo","author":"Pepe Barrascout Ortiz","date":"7 abril 2010","format":false,"excerpt":"Un sordo asiste a un recital de Kreisler en el Carnegie, y sucede que ese sordo es un hombre muy tonto. Se sienta en medio de la platea y, por supuesto, no escucha un solo sonido. Como eso le molesta, cambia su entrada por una butaca en el primer palco.\u2026","rel":"","context":"En \u00abLimones\u00bb","block_context":{"text":"Limones","link":"https:\/\/quechilero.com\/blog\/category\/limones\/"},"img":{"alt_text":"","src":"","width":0,"height":0},"classes":[]},{"id":2026,"url":"https:\/\/quechilero.com\/blog\/2009\/01\/25\/el-apostol\/","url_meta":{"origin":4393,"position":1},"title":"El ap\u00f3stol","author":"Pepe Barrascout Ortiz","date":"25 enero 2009","format":false,"excerpt":"Cierto atardecer, despu\u00e9s de predicar a las multitudes que se acercaban para o\u00edrme, vino a m\u00ed un joven entusiasta que quer\u00eda recibir algo m\u00e1s de mis sabias ense\u00f1anzas. Y yo, que me sent\u00eda con el Don de la Verdad, inici\u00e9 un ampuloso discurso con el que predije que hasta los\u2026","rel":"","context":"En \u00abLimones\u00bb","block_context":{"text":"Limones","link":"https:\/\/quechilero.com\/blog\/category\/limones\/"},"img":{"alt_text":"","src":"","width":0,"height":0},"classes":[]},{"id":176,"url":"https:\/\/quechilero.com\/blog\/2006\/08\/25\/genio-sordo\/","url_meta":{"origin":4393,"position":2},"title":"Genio sordo","author":"Pepe Barrascout Ortiz","date":"25 agosto 2006","format":false,"excerpt":"Un hombre entra en un bar con una boya bajo el brazo y una bolsa de pl\u00e1stico en la mano. Se dirige al camarero y le pide una copa. El camarero curioso le pregunta: Oiga, \u00bfMe permite preguntarle que hace con esa boya? Es que paseando por la playa me\u2026","rel":"","context":"En \u00abLimones\u00bb","block_context":{"text":"Limones","link":"https:\/\/quechilero.com\/blog\/category\/limones\/"},"img":{"alt_text":"","src":"","width":0,"height":0},"classes":[]},{"id":21425,"url":"https:\/\/quechilero.com\/blog\/2015\/08\/01\/por-que-2\/","url_meta":{"origin":4393,"position":3},"title":"\u00bfPor qu\u00e9?","author":"Pepe Barrascout Ortiz","date":"1 agosto 2015","format":false,"excerpt":"Una persona que visitaba una escuela para sordos escribi\u00f3 en la pizarra unas preguntas para los alumnos. Entre ellas escribi\u00f3 la siguiente: \"\u00bfPor qu\u00e9 ser\u00e1 que Dios me ha hecho a mi capaz de o\u00edr y hablar y los ha hecho sordos a Ustedes?\" Esta terrible pregunta afect\u00f3 a los\u2026","rel":"","context":"En \u00abLimones\u00bb","block_context":{"text":"Limones","link":"https:\/\/quechilero.com\/blog\/category\/limones\/"},"img":{"alt_text":"","src":"","width":0,"height":0},"classes":[]},{"id":6212,"url":"https:\/\/quechilero.com\/blog\/2010\/12\/15\/por-que\/","url_meta":{"origin":4393,"position":4},"title":"\u00bfPor qu\u00e9?","author":"Pepe Barrascout Ortiz","date":"15 diciembre 2010","format":false,"excerpt":"Una persona que visitaba una escuela para sordos escribi\u00f3 en la pizarra unas preguntas para los alumnos. Entre ellas escribi\u00f3 la siguiente: \"\u00bfPor qu\u00e9 ser\u00e1 que Dios me ha hecho a mi capaz de o\u00edr y hablar y los ha hecho sordos a Ustedes?\" Esta terrible pregunta afect\u00f3 a los\u2026","rel":"","context":"En \u00abLimones\u00bb","block_context":{"text":"Limones","link":"https:\/\/quechilero.com\/blog\/category\/limones\/"},"img":{"alt_text":"","src":"","width":0,"height":0},"classes":[]},{"id":15222,"url":"https:\/\/quechilero.com\/blog\/2012\/11\/25\/triunfo-interior\/","url_meta":{"origin":4393,"position":5},"title":"Triunfo interior","author":"Pepe Barrascout Ortiz","date":"25 noviembre 2012","format":false,"excerpt":"Un joven que iba en silla de ruedas entr\u00f3 a la biblioteca, acompa\u00f1ado de su maestra. \u00c9sta me pregunt\u00f3 si yo, como bibliotecario, podr\u00eda recomendarle al muchacho alg\u00fan libro acerca de personas que hubieran superado un impedimento f\u00edsico. - \u00c9l sufri\u00f3 un accidente automovil\u00edstico hace un a\u00f1o y los m\u00e9dicos\u2026","rel":"","context":"En \u00abLimones\u00bb","block_context":{"text":"Limones","link":"https:\/\/quechilero.com\/blog\/category\/limones\/"},"img":{"alt_text":"","src":"","width":0,"height":0},"classes":[]}],"jetpack_featured_media_url":"","_links":{"self":[{"href":"https:\/\/quechilero.com\/blog\/wp-json\/wp\/v2\/posts\/4393","targetHints":{"allow":["GET"]}}],"collection":[{"href":"https:\/\/quechilero.com\/blog\/wp-json\/wp\/v2\/posts"}],"about":[{"href":"https:\/\/quechilero.com\/blog\/wp-json\/wp\/v2\/types\/post"}],"author":[{"embeddable":true,"href":"https:\/\/quechilero.com\/blog\/wp-json\/wp\/v2\/users\/1"}],"replies":[{"embeddable":true,"href":"https:\/\/quechilero.com\/blog\/wp-json\/wp\/v2\/comments?post=4393"}],"version-history":[{"count":0,"href":"https:\/\/quechilero.com\/blog\/wp-json\/wp\/v2\/posts\/4393\/revisions"}],"wp:attachment":[{"href":"https:\/\/quechilero.com\/blog\/wp-json\/wp\/v2\/media?parent=4393"}],"wp:term":[{"taxonomy":"category","embeddable":true,"href":"https:\/\/quechilero.com\/blog\/wp-json\/wp\/v2\/categories?post=4393"},{"taxonomy":"post_tag","embeddable":true,"href":"https:\/\/quechilero.com\/blog\/wp-json\/wp\/v2\/tags?post=4393"},{"taxonomy":"series","embeddable":true,"href":"https:\/\/quechilero.com\/blog\/wp-json\/wp\/v2\/series?post=4393"}],"curies":[{"name":"wp","href":"https:\/\/api.w.org\/{rel}","templated":true}]}}