{"id":4388,"date":"2010-03-12T08:00:20","date_gmt":"2010-03-12T14:00:20","guid":{"rendered":"http:\/\/quechilero.com\/blog\/?p=4388"},"modified":"2010-03-12T08:00:20","modified_gmt":"2010-03-12T14:00:20","slug":"aprender-de-lo-moderno","status":"publish","type":"post","link":"https:\/\/quechilero.com\/blog\/2010\/03\/12\/aprender-de-lo-moderno\/","title":{"rendered":"Aprender de lo moderno"},"content":{"rendered":"<p>Cuentan que el Rab\u00ed de Sadagora dijo una vez a sus jasidim:<\/p>\n<p>&#8211; \u00abCada cosa puede ense\u00f1arnos algo, y no s\u00f3lo lo que ha creado Dios. Lo que hizo el hombre tambi\u00e9n puede ense\u00f1arnos.\u00bb<\/p>\n<p>&#8211; \u00ab\u00bfQu\u00e9 podemos aprender del tren?\u00bb, pregunt\u00f3 dubitativamente un jasid.<\/p>\n<p>&#8211; \u00abQue a causa de un segundo podemos perderlo todo.\u00bb<\/p>\n<p>&#8211; \u00ab\u00bfY del tel\u00e9grafo?\u00bb<\/p>\n<p>&#8211; \u00abQue cada palabra se cuenta y se cobra.\u00bb<\/p>\n<p>&#8211; \u00ab\u00bfY del tel\u00e9fono?\u00bb<\/p>\n<p>&#8211; \u00abQue lo que decimos aqu\u00ed se oye all\u00e1.\u00bb<\/p>\n<p><strong><em>Del libro \u00abCuentos Jas\u00eddicos\u00bb, de Martin Buber<\/em><\/strong><\/p>\n","protected":false},"excerpt":{"rendered":"<p>Cuentan que el Rab\u00ed de Sadagora dijo una vez a sus jasidim: &#8211; \u00abCada cosa puede ense\u00f1arnos algo, y no s\u00f3lo lo que ha creado Dios. Lo que hizo el hombre tambi\u00e9n puede ense\u00f1arnos.\u00bb &#8211; \u00ab\u00bfQu\u00e9 podemos aprender del tren?\u00bb, pregunt\u00f3 dubitativamente un jasid. &#8211; \u00abQue a causa de un segundo podemos perderlo todo.\u00bb &#8211; &#8230; <a title=\"Aprender de lo moderno\" class=\"read-more\" href=\"https:\/\/quechilero.com\/blog\/2010\/03\/12\/aprender-de-lo-moderno\/\" aria-label=\"Leer m\u00e1s sobre Aprender de lo moderno\">Leer m\u00e1s<\/a><\/p>\n","protected":false},"author":1,"featured_media":0,"comment_status":"open","ping_status":"open","sticky":false,"template":"","format":"standard","meta":{"advanced_seo_description":"","jetpack_seo_html_title":"","jetpack_seo_noindex":false,"jetpack_seo_schema_type":"","episode_type":"","audio_file":"","podmotor_file_id":"","podmotor_episode_id":"","cover_image":"","cover_image_id":"","duration":"","filesize":"","filesize_raw":"","date_recorded":"","explicit":"","block":"","_jetpack_newsletter_access":"","_jetpack_dont_email_post_to_subs":false,"_jetpack_newsletter_tier_id":0,"_jetpack_memberships_contains_paywalled_content":false,"_jetpack_feature_clip_id":0,"_jetpack_memberships_contains_paid_content":false,"footnotes":"","jetpack_publicize_message":"","jetpack_publicize_feature_enabled":true,"jetpack_social_post_already_shared":false,"jetpack_social_options":{"image_generator_settings":{"template":"highway","default_image_id":0,"font":"","enabled":false},"version":2},"jetpack_post_was_ever_published":false},"categories":[2],"tags":[29,51,18,72,42],"series":[],"class_list":["post-4388","post","type-post","status-publish","format-standard","hentry","category-limones","tag-aprender","tag-dios","tag-hombre","tag-libro","tag-palabra"],"episode_featured_image":false,"episode_player_image":"https:\/\/i0.wp.com\/quechilero.com\/blog\/imagenes\/podcast.png?fit=1831%2C1831&ssl=1","download_link":"","player_link":"","audio_player":false,"episode_data":{"playerMode":"dark","subscribeUrls":{"amazon":{"key":"amazon","url":"","label":"Amazon","class":"amazon","icon":"amazon.png"},"apple_podcasts":{"key":"apple_podcasts","url":"","label":"Apple Podcasts","class":"apple_podcasts","icon":"apple-podcasts.png"},"castbox":{"key":"castbox","url":"","label":"CastBox","class":"castbox","icon":"castbox.png"},"deezer":{"key":"deezer","url":"","label":"Deezer","class":"deezer","icon":"deezer.png"},"google_podcasts":{"key":"google_podcasts","url":"","label":"Google Podcasts","class":"google_podcasts","icon":"google-podcasts.png"},"listen_notes":{"key":"listen_notes","url":"","label":"Listen Notes","class":"listen_notes","icon":"listen-notes.png"},"pandora":{"key":"pandora","url":"","label":"Pandora","class":"pandora","icon":"pandora.png"},"podbean":{"key":"podbean","url":"","label":"Podbean","class":"podbean","icon":"podbean.png"},"podcast_republic":{"key":"podcast_republic","url":"","label":"Podcast Republic","class":"podcast_republic","icon":"podcast-republic.png"},"rss":{"key":"rss","url":"","label":"RSS","class":"rss","icon":"rss.png"},"spotify":{"key":"spotify","url":"","label":"Spotify","class":"spotify","icon":"spotify.png"},"stitcher":{"key":"stitcher","url":"","label":"Stitcher","class":"stitcher","icon":"stitcher.png"},"tunein":{"key":"tunein","url":"","label":"TuneIn","class":"tunein","icon":"tunein.png"},"youtube":{"key":"youtube","url":"","label":"YouTube","class":"youtube","icon":"youtube.png"},"iheartradio":{"key":"iheartradio","url":"","label":"iHeartRadio","class":"iheartradio","icon":"iheartradio.png"},"ivoox":{"key":"ivoox","url":"","label":"iVoox","class":"ivoox","icon":"ivoox.png"}},"rssFeedUrl":"https:\/\/quechilero.com\/blog\/feed\/podcast\/si-la-vida-nos-da-limones","embedCode":"<blockquote class=\"wp-embedded-content\" data-secret=\"IX4AKXMk9R\"><a href=\"https:\/\/quechilero.com\/blog\/2010\/03\/12\/aprender-de-lo-moderno\/\">Aprender de lo moderno<\/a><\/blockquote><iframe sandbox=\"allow-scripts\" security=\"restricted\" src=\"https:\/\/quechilero.com\/blog\/2010\/03\/12\/aprender-de-lo-moderno\/embed\/#?secret=IX4AKXMk9R\" width=\"500\" height=\"350\" title=\"\u00abAprender de lo moderno\u00bb \u2014 Si la Vida nos da Limones...\" data-secret=\"IX4AKXMk9R\" frameborder=\"0\" marginwidth=\"0\" marginheight=\"0\" scrolling=\"no\" class=\"wp-embedded-content\"><\/iframe><script>\n\/*! This file is auto-generated *\/\n!function(d,l){\"use strict\";l.querySelector&&d.addEventListener&&\"undefined\"!=typeof URL&&(d.wp=d.wp||{},d.wp.receiveEmbedMessage||(d.wp.receiveEmbedMessage=function(e){var t=e.data;if((t||t.secret||t.message||t.value)&&!\/[^a-zA-Z0-9]\/.test(t.secret)){for(var s,r,n,a=l.querySelectorAll('iframe[data-secret=\"'+t.secret+'\"]'),o=l.querySelectorAll('blockquote[data-secret=\"'+t.secret+'\"]'),c=new RegExp(\"^https?:$\",\"i\"),i=0;i<o.length;i++)o[i].style.display=\"none\";for(i=0;i<a.length;i++)s=a[i],e.source===s.contentWindow&&(s.removeAttribute(\"style\"),\"height\"===t.message?(1e3<(r=parseInt(t.value,10))?r=1e3:~~r<200&&(r=200),s.height=r):\"link\"===t.message&&(r=new URL(s.getAttribute(\"src\")),n=new URL(t.value),c.test(n.protocol))&&n.host===r.host&&l.activeElement===s&&(d.top.location.href=t.value))}},d.addEventListener(\"message\",d.wp.receiveEmbedMessage,!1),l.addEventListener(\"DOMContentLoaded\",function(){for(var e,t,s=l.querySelectorAll(\"iframe.wp-embedded-content\"),r=0;r<s.length;r++)(t=(e=s[r]).getAttribute(\"data-secret\"))||(t=Math.random().toString(36).substring(2,12),e.src+=\"#?secret=\"+t,e.setAttribute(\"data-secret\",t)),e.contentWindow.postMessage({message:\"ready\",secret:t},\"*\")},!1)))}(window,document);\n\/\/# sourceURL=https:\/\/quechilero.com\/blog\/wp-includes\/js\/wp-embed.min.js\n<\/script>\n"},"jetpack_publicize_connections":[],"jetpack_shortlink":"https:\/\/wp.me\/pDKli-18M","jetpack_sharing_enabled":true,"jetpack-related-posts":[{"id":16874,"url":"https:\/\/quechilero.com\/blog\/2013\/08\/08\/mirar-y-aprender\/","url_meta":{"origin":4388,"position":0},"title":"Mirar y aprender","author":"Pepe Barrascout Ortiz","date":"8 agosto 2013","format":false,"excerpt":"Mientras un \u00e1rbitro estaba parado detr\u00e1s de la base durante un partido de softbol femenino, oy\u00f3 que la madre de una jugadora empez\u00f3 a cantar: \"\u00a1Queremos un nuevo \u00e1rbitro! \u00a1Queremos un nuevo \u00e1rbitro!\". Al momento, otros padres se unieron al coro. El \u00e1rbitro sonri\u00f3, se dio vuelta hacia la multitud\u2026","rel":"","context":"En \u00abLimones\u00bb","block_context":{"text":"Limones","link":"https:\/\/quechilero.com\/blog\/category\/limones\/"},"img":{"alt_text":"","src":"","width":0,"height":0},"classes":[]},{"id":2016,"url":"https:\/\/quechilero.com\/blog\/2008\/12\/18\/hay-milagros-que-no-son-suficientes\/","url_meta":{"origin":4388,"position":1},"title":"Hay milagros que no son suficientes","author":"Pepe Barrascout Ortiz","date":"18 diciembre 2008","format":false,"excerpt":"Se trataba de un buen hombre, un jud\u00edo muy piadoso, organizado y meticuloso. Era apegado a sus tradiciones. A su hijo, siguiendo la costumbre hebrea, le ped\u00eda que siempre llevara sobre su cabeza el kip\u00e1, un peque\u00f1o sombrero que se centra sobre el remolino. Un d\u00eda, al llegar a su\u2026","rel":"","context":"En \u00abLimones\u00bb","block_context":{"text":"Limones","link":"https:\/\/quechilero.com\/blog\/category\/limones\/"},"img":{"alt_text":"","src":"","width":0,"height":0},"classes":[]},{"id":20061,"url":"https:\/\/quechilero.com\/blog\/2015\/04\/21\/manos-atadas\/","url_meta":{"origin":4388,"position":2},"title":"Manos atadas","author":"Pepe Barrascout Ortiz","date":"21 abril 2015","format":false,"excerpt":"Cuenta la historia, que hab\u00eda una vez un hombre normal, un hombre como cualquiera de nosotros. Un hombre con cualidades, virtudes y defectos. Un hombre como t\u00fa y como yo. Una noche, repentinamente llamaron a su puerta y cuando abri\u00f3, se encontr\u00f3 con un grupo de personas que hab\u00edan venido\u2026","rel":"","context":"En \u00abLimones\u00bb","block_context":{"text":"Limones","link":"https:\/\/quechilero.com\/blog\/category\/limones\/"},"img":{"alt_text":"","src":"","width":0,"height":0},"classes":[]},{"id":896,"url":"https:\/\/quechilero.com\/blog\/2008\/03\/12\/cuaresma-evangelio-12-mar-08\/","url_meta":{"origin":4388,"position":3},"title":"Cuaresma &#8211; Evangelio 12 mar 08","author":"Pepe Barrascout Ortiz","date":"12 marzo 2008","format":false,"excerpt":"Evangelio seg\u00fan San Juan 8,31-42. Jes\u00fas dijo a aquellos jud\u00edos que hab\u00edan cre\u00eddo en \u00c9l: \"Si ustedes permanecen fieles a mi palabra, ser\u00e1n verdaderamente mis disc\u00edpulos: conocer\u00e1n la verdad y la verdad los har\u00e1 libres\". Ellos le respondieron: \"Somos descendientes de Abraham y jam\u00e1s hemos sido esclavos de nadie. \u00bfC\u00f3mo\u2026","rel":"","context":"En \u00abLimones\u00bb","block_context":{"text":"Limones","link":"https:\/\/quechilero.com\/blog\/category\/limones\/"},"img":{"alt_text":"","src":"","width":0,"height":0},"classes":[]},{"id":4605,"url":"https:\/\/quechilero.com\/blog\/2010\/04\/02\/mensaje-del-santo-padre-para-la-cuaresma-2010\/","url_meta":{"origin":4388,"position":4},"title":"Mensaje del Santo Padre para la Cuaresma 2010","author":"Pepe Barrascout Ortiz","date":"2 abril 2010","format":false,"excerpt":"\"La justicia de Dios se ha manifestado por la fe en Jesucristo\" Mensaje del Santo Padre para la Cuaresma 2010 Se ha publicado hoy el Mensaje de Benedicto XVI para la Cuaresma 2010. El texto, fechado el 30 de octubre de 2009, lleva por t\u00edtulo la siguiente afirmaci\u00f3n de San\u2026","rel":"","context":"En \u00abLimones\u00bb","block_context":{"text":"Limones","link":"https:\/\/quechilero.com\/blog\/category\/limones\/"},"img":{"alt_text":"","src":"","width":0,"height":0},"classes":[]},{"id":19814,"url":"https:\/\/quechilero.com\/blog\/2015\/02\/07\/maria-eres-mi-madre-y-mi-maestra\/","url_meta":{"origin":4388,"position":5},"title":"Mar\u00eda, eres mi madre y mi maestra","author":"Pepe Barrascout Ortiz","date":"7 febrero 2015","format":false,"excerpt":"\u00a1Oh, Mar\u00eda, no s\u00f3lo eres mi madre, sino tambi\u00e9n mi maestra, y quiero ser una obra maestra en tus manos! Alfarera divina, estoy ante ti como un cantarillo roto, pero con mi mismo barro puedes hacer otro a tu gusto. \u00a1Hazlo! Toma mi barro, el barro de mis dificultades, de\u2026","rel":"","context":"En \u00abLimones\u00bb","block_context":{"text":"Limones","link":"https:\/\/quechilero.com\/blog\/category\/limones\/"},"img":{"alt_text":"","src":"","width":0,"height":0},"classes":[]}],"jetpack_featured_media_url":"","_links":{"self":[{"href":"https:\/\/quechilero.com\/blog\/wp-json\/wp\/v2\/posts\/4388","targetHints":{"allow":["GET"]}}],"collection":[{"href":"https:\/\/quechilero.com\/blog\/wp-json\/wp\/v2\/posts"}],"about":[{"href":"https:\/\/quechilero.com\/blog\/wp-json\/wp\/v2\/types\/post"}],"author":[{"embeddable":true,"href":"https:\/\/quechilero.com\/blog\/wp-json\/wp\/v2\/users\/1"}],"replies":[{"embeddable":true,"href":"https:\/\/quechilero.com\/blog\/wp-json\/wp\/v2\/comments?post=4388"}],"version-history":[{"count":0,"href":"https:\/\/quechilero.com\/blog\/wp-json\/wp\/v2\/posts\/4388\/revisions"}],"wp:attachment":[{"href":"https:\/\/quechilero.com\/blog\/wp-json\/wp\/v2\/media?parent=4388"}],"wp:term":[{"taxonomy":"category","embeddable":true,"href":"https:\/\/quechilero.com\/blog\/wp-json\/wp\/v2\/categories?post=4388"},{"taxonomy":"post_tag","embeddable":true,"href":"https:\/\/quechilero.com\/blog\/wp-json\/wp\/v2\/tags?post=4388"},{"taxonomy":"series","embeddable":true,"href":"https:\/\/quechilero.com\/blog\/wp-json\/wp\/v2\/series?post=4388"}],"curies":[{"name":"wp","href":"https:\/\/api.w.org\/{rel}","templated":true}]}}