{"id":4380,"date":"2010-03-06T08:00:03","date_gmt":"2010-03-06T14:00:03","guid":{"rendered":"http:\/\/quechilero.com\/blog\/?p=4380"},"modified":"2010-03-06T08:00:03","modified_gmt":"2010-03-06T14:00:03","slug":"face-a-book","status":"publish","type":"post","link":"https:\/\/quechilero.com\/blog\/2010\/03\/06\/face-a-book\/","title":{"rendered":"Face a book"},"content":{"rendered":"<p>Hoy es un buen momento para dejar a un lado <em>la vida digital<\/em>, agarrar un libro y disfrutar de una buena lectura. En lo personal me gusta el poderme sentar, acompa\u00f1ado de una bebida refrescante y dedicar un buen tiempo a la lectura de alg\u00fan libro.<\/p>\n<p>Acaso hay alguien que no se aburra de estar horas y horas tras una pantalla y <em>viviendo una vida digital<\/em>.<\/p>\n<p><em>Face a book<\/em> es una campa\u00f1a publicitaria que tiene como objetivo promover la lectura.<\/p>\n<p><a href=\"http:\/\/s392.photobucket.com\/albums\/pp7\/pepejaguar\/blog\/?action=view&amp;current=tzometfaceabook.jpg\"><img data-recalc-dims=\"1\" decoding=\"async\" class=\"alignnone\" src=\"https:\/\/i0.wp.com\/i392.photobucket.com\/albums\/pp7\/pepejaguar\/blog\/tzometfaceabook.jpg?w=560\" alt=\"\"  \/><\/a><\/p>\n<p>La imagen la vi en <a title=\"Face a book\" href=\"http:\/\/www.eblog.com.ar\/5309\/face-a-book\/\" target=\"_blank\">eBlog<\/a> y <a title=\"Face a book\" href=\"http:\/\/adsoftheworld.com\/media\/print\/tzomet_sfarim_bookstore_faceabook?size=_original\" target=\"_blank\">Ads of the world<\/a><\/p>\n","protected":false},"excerpt":{"rendered":"<p>Hoy es un buen momento para dejar a un lado la vida digital, agarrar un libro y disfrutar de una buena lectura. En lo personal me gusta el poderme sentar, acompa\u00f1ado de una bebida refrescante y dedicar un buen tiempo a la lectura de alg\u00fan libro. Acaso hay alguien que no se aburra de estar &#8230; <a title=\"Face a book\" class=\"read-more\" href=\"https:\/\/quechilero.com\/blog\/2010\/03\/06\/face-a-book\/\" aria-label=\"Leer m\u00e1s sobre Face a book\">Leer m\u00e1s<\/a><\/p>\n","protected":false},"author":1,"featured_media":0,"comment_status":"open","ping_status":"open","sticky":false,"template":"","format":"standard","meta":{"advanced_seo_description":"","jetpack_seo_html_title":"","jetpack_seo_noindex":false,"jetpack_seo_schema_type":"","episode_type":"","audio_file":"","podmotor_file_id":"","podmotor_episode_id":"","cover_image":"","cover_image_id":"","duration":"","filesize":"","filesize_raw":"","date_recorded":"","explicit":"","block":"","_jetpack_newsletter_access":"","_jetpack_dont_email_post_to_subs":false,"_jetpack_newsletter_tier_id":0,"_jetpack_memberships_contains_paywalled_content":false,"_jetpack_feature_clip_id":0,"_jetpack_memberships_contains_paid_content":false,"footnotes":"","jetpack_publicize_message":"","jetpack_publicize_feature_enabled":true,"jetpack_social_post_already_shared":false,"jetpack_social_options":{"image_generator_settings":{"template":"highway","default_image_id":0,"font":"","enabled":false},"version":2},"jetpack_post_was_ever_published":false},"categories":[2],"tags":[4,81,72,5,24],"series":[],"class_list":["post-4380","post","type-post","status-publish","format-standard","hentry","category-limones","tag-blog","tag-lectura","tag-libro","tag-tiempo","tag-vida"],"episode_featured_image":false,"episode_player_image":"https:\/\/i0.wp.com\/quechilero.com\/blog\/imagenes\/podcast.png?fit=1831%2C1831&ssl=1","download_link":"","player_link":"","audio_player":false,"episode_data":{"playerMode":"dark","subscribeUrls":{"amazon":{"key":"amazon","url":"","label":"Amazon","class":"amazon","icon":"amazon.png"},"apple_podcasts":{"key":"apple_podcasts","url":"","label":"Apple Podcasts","class":"apple_podcasts","icon":"apple-podcasts.png"},"castbox":{"key":"castbox","url":"","label":"CastBox","class":"castbox","icon":"castbox.png"},"deezer":{"key":"deezer","url":"","label":"Deezer","class":"deezer","icon":"deezer.png"},"google_podcasts":{"key":"google_podcasts","url":"","label":"Google Podcasts","class":"google_podcasts","icon":"google-podcasts.png"},"listen_notes":{"key":"listen_notes","url":"","label":"Listen Notes","class":"listen_notes","icon":"listen-notes.png"},"pandora":{"key":"pandora","url":"","label":"Pandora","class":"pandora","icon":"pandora.png"},"podbean":{"key":"podbean","url":"","label":"Podbean","class":"podbean","icon":"podbean.png"},"podcast_republic":{"key":"podcast_republic","url":"","label":"Podcast Republic","class":"podcast_republic","icon":"podcast-republic.png"},"rss":{"key":"rss","url":"","label":"RSS","class":"rss","icon":"rss.png"},"spotify":{"key":"spotify","url":"","label":"Spotify","class":"spotify","icon":"spotify.png"},"stitcher":{"key":"stitcher","url":"","label":"Stitcher","class":"stitcher","icon":"stitcher.png"},"tunein":{"key":"tunein","url":"","label":"TuneIn","class":"tunein","icon":"tunein.png"},"youtube":{"key":"youtube","url":"","label":"YouTube","class":"youtube","icon":"youtube.png"},"iheartradio":{"key":"iheartradio","url":"","label":"iHeartRadio","class":"iheartradio","icon":"iheartradio.png"},"ivoox":{"key":"ivoox","url":"","label":"iVoox","class":"ivoox","icon":"ivoox.png"}},"rssFeedUrl":"https:\/\/quechilero.com\/blog\/feed\/podcast\/si-la-vida-nos-da-limones","embedCode":"<blockquote class=\"wp-embedded-content\" data-secret=\"isxbjVP3K0\"><a href=\"https:\/\/quechilero.com\/blog\/2010\/03\/06\/face-a-book\/\">Face a book<\/a><\/blockquote><iframe sandbox=\"allow-scripts\" security=\"restricted\" src=\"https:\/\/quechilero.com\/blog\/2010\/03\/06\/face-a-book\/embed\/#?secret=isxbjVP3K0\" width=\"500\" height=\"350\" title=\"\u00abFace a book\u00bb \u2014 Si la Vida nos da Limones...\" data-secret=\"isxbjVP3K0\" frameborder=\"0\" marginwidth=\"0\" marginheight=\"0\" scrolling=\"no\" class=\"wp-embedded-content\"><\/iframe><script>\n\/*! This file is auto-generated *\/\n!function(d,l){\"use strict\";l.querySelector&&d.addEventListener&&\"undefined\"!=typeof URL&&(d.wp=d.wp||{},d.wp.receiveEmbedMessage||(d.wp.receiveEmbedMessage=function(e){var t=e.data;if((t||t.secret||t.message||t.value)&&!\/[^a-zA-Z0-9]\/.test(t.secret)){for(var s,r,n,a=l.querySelectorAll('iframe[data-secret=\"'+t.secret+'\"]'),o=l.querySelectorAll('blockquote[data-secret=\"'+t.secret+'\"]'),c=new RegExp(\"^https?:$\",\"i\"),i=0;i<o.length;i++)o[i].style.display=\"none\";for(i=0;i<a.length;i++)s=a[i],e.source===s.contentWindow&&(s.removeAttribute(\"style\"),\"height\"===t.message?(1e3<(r=parseInt(t.value,10))?r=1e3:~~r<200&&(r=200),s.height=r):\"link\"===t.message&&(r=new URL(s.getAttribute(\"src\")),n=new URL(t.value),c.test(n.protocol))&&n.host===r.host&&l.activeElement===s&&(d.top.location.href=t.value))}},d.addEventListener(\"message\",d.wp.receiveEmbedMessage,!1),l.addEventListener(\"DOMContentLoaded\",function(){for(var e,t,s=l.querySelectorAll(\"iframe.wp-embedded-content\"),r=0;r<s.length;r++)(t=(e=s[r]).getAttribute(\"data-secret\"))||(t=Math.random().toString(36).substring(2,12),e.src+=\"#?secret=\"+t,e.setAttribute(\"data-secret\",t)),e.contentWindow.postMessage({message:\"ready\",secret:t},\"*\")},!1)))}(window,document);\n\/\/# sourceURL=https:\/\/quechilero.com\/blog\/wp-includes\/js\/wp-embed.min.js\n<\/script>\n"},"jetpack_publicize_connections":[],"jetpack_shortlink":"https:\/\/wp.me\/pDKli-18E","jetpack_sharing_enabled":true,"jetpack-related-posts":[{"id":245,"url":"https:\/\/quechilero.com\/blog\/2006\/09\/16\/club-de-lectura\/","url_meta":{"origin":4380,"position":0},"title":"Club de Lectura","author":"Pepe Barrascout Ortiz","date":"16 septiembre 2006","format":false,"excerpt":"En la edici\u00f3n digital de Siglo XXI, encuentro una muy buena noticia y es que desde hace alg\u00fan tiempo, contamos en Guatemala con varios clubs de lectura los cuales tienen como objetivo principal, el motivar a las personas a desarrollar este h\u00e1bito. Lo interesante es ver como varias instituciones educativas\u2026","rel":"","context":"En \u00abLimones\u00bb","block_context":{"text":"Limones","link":"https:\/\/quechilero.com\/blog\/category\/limones\/"},"img":{"alt_text":"","src":"","width":0,"height":0},"classes":[]},{"id":9893,"url":"https:\/\/quechilero.com\/blog\/2011\/08\/03\/maraton-de-blogs-una-hoja-de-papel-3\/","url_meta":{"origin":4380,"position":1},"title":"Marat\u00f3n de Blogs: Una Hoja de Papel","author":"Pepe Barrascout Ortiz","date":"3 agosto 2011","format":false,"excerpt":"Una Hoja de Papel es el blog que Sakis Gonz\u00e1lez\u00a0utiliza para compartir sus opiniones sobre una gran variedad de temas. Con su lema \"Las buenas ideas se escriben\", encontramos una muy buena cantidad de art\u00edculos principalmente de reflexi\u00f3n, que ponen a pensar a lector, con un mensaje positivo, dejan al\u2026","rel":"","context":"En \u00abBlogs de Guatemala\u00bb","block_context":{"text":"Blogs de Guatemala","link":"https:\/\/quechilero.com\/blog\/category\/blogs-de-guatemala\/"},"img":{"alt_text":"","src":"https:\/\/i0.wp.com\/i392.photobucket.com\/albums\/pp7\/pepejaguar\/maraton\/una-hoja-de-papel.jpg?resize=350%2C200","width":350,"height":200,"srcset":"https:\/\/i0.wp.com\/i392.photobucket.com\/albums\/pp7\/pepejaguar\/maraton\/una-hoja-de-papel.jpg?resize=350%2C200 1x, https:\/\/i0.wp.com\/i392.photobucket.com\/albums\/pp7\/pepejaguar\/maraton\/una-hoja-de-papel.jpg?resize=525%2C300 1.5x"},"classes":[]},{"id":12021,"url":"https:\/\/quechilero.com\/blog\/2012\/01\/05\/el-reto-de-los-25-libros-2012\/","url_meta":{"origin":4380,"position":2},"title":"El reto de los 25 libros &#8211; 2012","author":"Pepe Barrascout Ortiz","date":"5 enero 2012","format":false,"excerpt":"Desde hace alg\u00fan tiempo, un grupo de entusiastas lectores, lanzan el reto llamado de los 25 libros\u00a0junto a otro con nombre similar, el de los 50 libros. B\u00e1sicamente consiste en leer la cantidad elegida, 25 \u00f3 50, a lo largo del a\u00f1o, en el primer caso, debiera de leerse un\u2026","rel":"","context":"En \u00abLimones por mano\u00bb","block_context":{"text":"Limones por mano","link":"https:\/\/quechilero.com\/blog\/category\/limones-por-mano\/"},"img":{"alt_text":"","src":"","width":0,"height":0},"classes":[]},{"id":1367,"url":"https:\/\/quechilero.com\/blog\/2008\/10\/15\/lo-que-leen-las-edecanes\/","url_meta":{"origin":4380,"position":3},"title":"Lo que leen las edecanes.","author":"Pepe Barrascout Ortiz","date":"15 octubre 2008","format":false,"excerpt":"Un bonito rostro o una buena figura, no es sin\u00f3nimo de falta de cultura, inteligencia o educaci\u00f3n. En M\u00e9xico se llev\u00f3 a cabo la Feria Internacional del Libro, y las edecanes que participaron en la actividad fueron entrevistadas, siendo estas sus respuestas. \u00bfNotaron la tendencia en cuanto al tema que\u2026","rel":"","context":"En \u00abLimones\u00bb","block_context":{"text":"Limones","link":"https:\/\/quechilero.com\/blog\/category\/limones\/"},"img":{"alt_text":"","src":"","width":0,"height":0},"classes":[]},{"id":3384,"url":"https:\/\/quechilero.com\/blog\/2009\/07\/30\/lo-bueno-lo-malo-lo-feo-de-la-feria-del-libro\/","url_meta":{"origin":4380,"position":4},"title":"Lo bueno, lo malo, lo feo de la feria del libro","author":"Pepe Barrascout Ortiz","date":"30 julio 2009","format":false,"excerpt":"La lectura es algo que siempre me ha apasionado desde peque\u00f1o, as\u00ed que cuando se anuncia una feria del libro, me hace sentir sumamente emocionado. Este a\u00f1o se organiz\u00f3 la Feria Internacional del Libro en Guatemala durante esta semana y sin perder tiempo, aprovechando que estar\u00eda en Guatemala el s\u00e1bado\u2026","rel":"","context":"En \u00abLimones\u00bb","block_context":{"text":"Limones","link":"https:\/\/quechilero.com\/blog\/category\/limones\/"},"img":{"alt_text":"","src":"https:\/\/i0.wp.com\/i392.photobucket.com\/albums\/pp7\/pepejaguar\/blog\/Cartel_Feria_del_Libro.jpg?resize=350%2C200","width":350,"height":200},"classes":[]},{"id":5345,"url":"https:\/\/quechilero.com\/blog\/2010\/08\/27\/maraton-de-blogs-el-ultimo-de-paz-2\/","url_meta":{"origin":4380,"position":5},"title":"Marat\u00f3n de Blogs: El \u00daltimo de Paz","author":"Pepe Barrascout Ortiz","date":"27 agosto 2010","format":false,"excerpt":"El \u00faltimo De Paz, es un blog personal, en el que su autor comparte, con sus lectores, las actividades que mas lo apasionan, sus pensamientos y sus opiniones, sobre los temas que le parecen interesantes. Seg\u00fan su propia definici\u00f3n, se considera como aprendiz en el oficio de vivir feliz. Con\u2026","rel":"","context":"En \u00abBlogs de Guatemala\u00bb","block_context":{"text":"Blogs de Guatemala","link":"https:\/\/quechilero.com\/blog\/category\/blogs-de-guatemala\/"},"img":{"alt_text":"","src":"https:\/\/i0.wp.com\/i392.photobucket.com\/albums\/pp7\/pepejaguar\/maraton\/elultimodepaz.png?resize=350%2C200","width":350,"height":200,"srcset":"https:\/\/i0.wp.com\/i392.photobucket.com\/albums\/pp7\/pepejaguar\/maraton\/elultimodepaz.png?resize=350%2C200 1x, https:\/\/i0.wp.com\/i392.photobucket.com\/albums\/pp7\/pepejaguar\/maraton\/elultimodepaz.png?resize=525%2C300 1.5x"},"classes":[]}],"jetpack_featured_media_url":"","_links":{"self":[{"href":"https:\/\/quechilero.com\/blog\/wp-json\/wp\/v2\/posts\/4380","targetHints":{"allow":["GET"]}}],"collection":[{"href":"https:\/\/quechilero.com\/blog\/wp-json\/wp\/v2\/posts"}],"about":[{"href":"https:\/\/quechilero.com\/blog\/wp-json\/wp\/v2\/types\/post"}],"author":[{"embeddable":true,"href":"https:\/\/quechilero.com\/blog\/wp-json\/wp\/v2\/users\/1"}],"replies":[{"embeddable":true,"href":"https:\/\/quechilero.com\/blog\/wp-json\/wp\/v2\/comments?post=4380"}],"version-history":[{"count":0,"href":"https:\/\/quechilero.com\/blog\/wp-json\/wp\/v2\/posts\/4380\/revisions"}],"wp:attachment":[{"href":"https:\/\/quechilero.com\/blog\/wp-json\/wp\/v2\/media?parent=4380"}],"wp:term":[{"taxonomy":"category","embeddable":true,"href":"https:\/\/quechilero.com\/blog\/wp-json\/wp\/v2\/categories?post=4380"},{"taxonomy":"post_tag","embeddable":true,"href":"https:\/\/quechilero.com\/blog\/wp-json\/wp\/v2\/tags?post=4380"},{"taxonomy":"series","embeddable":true,"href":"https:\/\/quechilero.com\/blog\/wp-json\/wp\/v2\/series?post=4380"}],"curies":[{"name":"wp","href":"https:\/\/api.w.org\/{rel}","templated":true}]}}