{"id":4357,"date":"2010-03-01T08:00:45","date_gmt":"2010-03-01T14:00:45","guid":{"rendered":"http:\/\/quechilero.com\/blog\/?p=4357"},"modified":"2010-03-01T08:00:45","modified_gmt":"2010-03-01T14:00:45","slug":"orad-mucho","status":"publish","type":"post","link":"https:\/\/quechilero.com\/blog\/2010\/03\/01\/orad-mucho\/","title":{"rendered":"Orad mucho"},"content":{"rendered":"<p>Al pregunt\u00e1rsele en cierta ocasi\u00f3n al Padre Arrupe (+1991) c\u00f3mo se las arreglaba para encontrar tiempo para los ejercicios espirituales diarios (oraci\u00f3n personal, examen de conciencia, etc.) en medio de tanto ajetreo, contest\u00f3: <em>\u00abEs simplemente un problema de prioridades.\u00bb<\/em><\/p>\n<p><em>&#8211; Os dir\u00e9 una cosa. No la olvid\u00e9is<\/em> -dijo en 1981 en una charla a los jesuitas tailandeses de Bangkok, dedicados a los refugiados- <em>\u00a1Orad! \u00a1Orad mucho! Estos problemas no se resuelven con esfuerzo humano. \u00a1Estoy dici\u00e9ndoos cosas que quiero recalcar, un mensaje, mi canto de cisne para toda la Compa\u00f1\u00eda de Jes\u00fas! Tenemos muchas reuniones y encuentros, pero no oramos bastante.<\/em><\/p>\n","protected":false},"excerpt":{"rendered":"<p>Al pregunt\u00e1rsele en cierta ocasi\u00f3n al Padre Arrupe (+1991) c\u00f3mo se las arreglaba para encontrar tiempo para los ejercicios espirituales diarios (oraci\u00f3n personal, examen de conciencia, etc.) en medio de tanto ajetreo, contest\u00f3: \u00abEs simplemente un problema de prioridades.\u00bb &#8211; Os dir\u00e9 una cosa. No la olvid\u00e9is -dijo en 1981 en una charla a los &#8230; <a title=\"Orad mucho\" class=\"read-more\" href=\"https:\/\/quechilero.com\/blog\/2010\/03\/01\/orad-mucho\/\" aria-label=\"Leer m\u00e1s sobre Orad mucho\">Leer m\u00e1s<\/a><\/p>\n","protected":false},"author":1,"featured_media":0,"comment_status":"open","ping_status":"open","sticky":false,"template":"","format":"standard","meta":{"advanced_seo_description":"","jetpack_seo_html_title":"","jetpack_seo_noindex":false,"jetpack_seo_schema_type":"","episode_type":"","audio_file":"","podmotor_file_id":"","podmotor_episode_id":"","cover_image":"","cover_image_id":"","duration":"","filesize":"","filesize_raw":"","date_recorded":"","explicit":"","block":"","_jetpack_newsletter_access":"","_jetpack_dont_email_post_to_subs":false,"_jetpack_newsletter_tier_id":0,"_jetpack_memberships_contains_paywalled_content":false,"_jetpack_feature_clip_id":0,"_jetpack_memberships_contains_paid_content":false,"footnotes":"","jetpack_publicize_message":"","jetpack_publicize_feature_enabled":true,"jetpack_social_post_already_shared":false,"jetpack_social_options":{"image_generator_settings":{"template":"highway","default_image_id":0,"font":"","enabled":false},"version":2},"jetpack_post_was_ever_published":false},"categories":[2],"tags":[12,49,74,86,21,58,5],"series":[],"class_list":["post-4357","post","type-post","status-publish","format-standard","hentry","category-limones","tag-cosas","tag-esfuerzo","tag-jesus","tag-oracion","tag-problema","tag-regla","tag-tiempo"],"episode_featured_image":false,"episode_player_image":"https:\/\/i0.wp.com\/quechilero.com\/blog\/imagenes\/podcast.png?fit=1831%2C1831&ssl=1","download_link":"","player_link":"","audio_player":false,"episode_data":{"playerMode":"dark","subscribeUrls":{"amazon":{"key":"amazon","url":"","label":"Amazon","class":"amazon","icon":"amazon.png"},"apple_podcasts":{"key":"apple_podcasts","url":"","label":"Apple Podcasts","class":"apple_podcasts","icon":"apple-podcasts.png"},"castbox":{"key":"castbox","url":"","label":"CastBox","class":"castbox","icon":"castbox.png"},"deezer":{"key":"deezer","url":"","label":"Deezer","class":"deezer","icon":"deezer.png"},"google_podcasts":{"key":"google_podcasts","url":"","label":"Google Podcasts","class":"google_podcasts","icon":"google-podcasts.png"},"listen_notes":{"key":"listen_notes","url":"","label":"Listen Notes","class":"listen_notes","icon":"listen-notes.png"},"pandora":{"key":"pandora","url":"","label":"Pandora","class":"pandora","icon":"pandora.png"},"podbean":{"key":"podbean","url":"","label":"Podbean","class":"podbean","icon":"podbean.png"},"podcast_republic":{"key":"podcast_republic","url":"","label":"Podcast Republic","class":"podcast_republic","icon":"podcast-republic.png"},"rss":{"key":"rss","url":"","label":"RSS","class":"rss","icon":"rss.png"},"spotify":{"key":"spotify","url":"","label":"Spotify","class":"spotify","icon":"spotify.png"},"stitcher":{"key":"stitcher","url":"","label":"Stitcher","class":"stitcher","icon":"stitcher.png"},"tunein":{"key":"tunein","url":"","label":"TuneIn","class":"tunein","icon":"tunein.png"},"youtube":{"key":"youtube","url":"","label":"YouTube","class":"youtube","icon":"youtube.png"},"iheartradio":{"key":"iheartradio","url":"","label":"iHeartRadio","class":"iheartradio","icon":"iheartradio.png"},"ivoox":{"key":"ivoox","url":"","label":"iVoox","class":"ivoox","icon":"ivoox.png"}},"rssFeedUrl":"https:\/\/quechilero.com\/blog\/feed\/podcast\/si-la-vida-nos-da-limones","embedCode":"<blockquote class=\"wp-embedded-content\" data-secret=\"iZAVei5Mot\"><a href=\"https:\/\/quechilero.com\/blog\/2010\/03\/01\/orad-mucho\/\">Orad mucho<\/a><\/blockquote><iframe sandbox=\"allow-scripts\" security=\"restricted\" src=\"https:\/\/quechilero.com\/blog\/2010\/03\/01\/orad-mucho\/embed\/#?secret=iZAVei5Mot\" width=\"500\" height=\"350\" title=\"\u00abOrad mucho\u00bb \u2014 Si la Vida nos da Limones...\" data-secret=\"iZAVei5Mot\" frameborder=\"0\" marginwidth=\"0\" marginheight=\"0\" scrolling=\"no\" class=\"wp-embedded-content\"><\/iframe><script>\n\/*! This file is auto-generated *\/\n!function(d,l){\"use strict\";l.querySelector&&d.addEventListener&&\"undefined\"!=typeof URL&&(d.wp=d.wp||{},d.wp.receiveEmbedMessage||(d.wp.receiveEmbedMessage=function(e){var t=e.data;if((t||t.secret||t.message||t.value)&&!\/[^a-zA-Z0-9]\/.test(t.secret)){for(var s,r,n,a=l.querySelectorAll('iframe[data-secret=\"'+t.secret+'\"]'),o=l.querySelectorAll('blockquote[data-secret=\"'+t.secret+'\"]'),c=new RegExp(\"^https?:$\",\"i\"),i=0;i<o.length;i++)o[i].style.display=\"none\";for(i=0;i<a.length;i++)s=a[i],e.source===s.contentWindow&&(s.removeAttribute(\"style\"),\"height\"===t.message?(1e3<(r=parseInt(t.value,10))?r=1e3:~~r<200&&(r=200),s.height=r):\"link\"===t.message&&(r=new URL(s.getAttribute(\"src\")),n=new URL(t.value),c.test(n.protocol))&&n.host===r.host&&l.activeElement===s&&(d.top.location.href=t.value))}},d.addEventListener(\"message\",d.wp.receiveEmbedMessage,!1),l.addEventListener(\"DOMContentLoaded\",function(){for(var e,t,s=l.querySelectorAll(\"iframe.wp-embedded-content\"),r=0;r<s.length;r++)(t=(e=s[r]).getAttribute(\"data-secret\"))||(t=Math.random().toString(36).substring(2,12),e.src+=\"#?secret=\"+t,e.setAttribute(\"data-secret\",t)),e.contentWindow.postMessage({message:\"ready\",secret:t},\"*\")},!1)))}(window,document);\n\/\/# sourceURL=https:\/\/quechilero.com\/blog\/wp-includes\/js\/wp-embed.min.js\n<\/script>\n"},"jetpack_publicize_connections":[],"jetpack_shortlink":"https:\/\/wp.me\/pDKli-18h","jetpack_sharing_enabled":true,"jetpack-related-posts":[{"id":13233,"url":"https:\/\/quechilero.com\/blog\/2012\/04\/24\/principios-importantes-de-la-oracion\/","url_meta":{"origin":4357,"position":0},"title":"Principios importantes de la Oraci\u00f3n","author":"Pepe Barrascout Ortiz","date":"24 abril 2012","format":false,"excerpt":"Si tienes un problema muy agobiante, una necesidad muy grande en tu vida; tal vez el problema es que monopolizas toda la pl\u00e1tica con Dios y no le est\u00e1s escuchando a \u00c9l para nada. \u00a1Deja de hablar tanto y toma tiempo para escuchar! Escucha la Palabra de Dios. Qu\u00e9date en\u2026","rel":"","context":"En \u00abLimones\u00bb","block_context":{"text":"Limones","link":"https:\/\/quechilero.com\/blog\/category\/limones\/"},"img":{"alt_text":"","src":"","width":0,"height":0},"classes":[]},{"id":3191,"url":"https:\/\/quechilero.com\/blog\/2009\/08\/19\/ora-trabaja-y-no-descanses\/","url_meta":{"origin":4357,"position":1},"title":"Ora, trabaja y no descanses","author":"Pepe Barrascout Ortiz","date":"19 agosto 2009","format":false,"excerpt":"El d\u00eda 30 de enero de 1948, fue asesinado Gandhi. Cuando cay\u00f3 bajo las balas sus \u00faltimas palabras fueron: \"\u00a1Oh Dios! \u00a1Oh Dios!\" En la ma\u00f1ana de aquel mismo d\u00eda, Gandhi or\u00f3 con la plegaria de este antiguo himno gujarati: \"Ya te sientas fatigado o no, \u00a1Oh hombre!, no descanses;\u2026","rel":"","context":"En \u00abLimones\u00bb","block_context":{"text":"Limones","link":"https:\/\/quechilero.com\/blog\/category\/limones\/"},"img":{"alt_text":"","src":"","width":0,"height":0},"classes":[]},{"id":19952,"url":"https:\/\/quechilero.com\/blog\/2015\/04\/05\/el-silencio-de-dios-siempre-habla-muy-fuerte\/","url_meta":{"origin":4357,"position":2},"title":"El Silencio de Dios siempre habla muy fuerte","author":"Pepe Barrascout Ortiz","date":"5 abril 2015","format":false,"excerpt":"A veces pensamos que Dios nos dice que no puede atendernos, nos pone en espera. Eso le pas\u00f3 a una mujer cananea que dijo: \"Se\u00f1or hijo de David ten misericordia de m\u00ed\", y Jes\u00fas no le respondi\u00f3. Ella sigui\u00f3 diciendo: \"Porque tengo una hija endemoniada\" y parec\u00eda que Jes\u00fas no\u2026","rel":"","context":"En \u00abLimones\u00bb","block_context":{"text":"Limones","link":"https:\/\/quechilero.com\/blog\/category\/limones\/"},"img":{"alt_text":"","src":"","width":0,"height":0},"classes":[]},{"id":7587,"url":"https:\/\/quechilero.com\/blog\/2011\/03\/19\/reflexiones-de-cuaresma-dia-11\/","url_meta":{"origin":4357,"position":3},"title":"Reflexiones de Cuaresma d\u00eda 11","author":"Pepe Barrascout Ortiz","date":"19 marzo 2011","format":false,"excerpt":"Oraci\u00f3n inicial Se\u00f1or m\u00edo, Jesucristo, creo firmemente que est\u00e1s aqu\u00ed; en estos pocos minutos de oraci\u00f3n que empiezo ahora quiero pedirte y agradecerte. Pedirte\u00a0la gracia de darme m\u00e1s cuenta de que T\u00fa vives, me escuchas y me amas; tanto, que has querido morir libremente por m\u00ed en la cruz y\u2026","rel":"","context":"En \u00abLimones por mano\u00bb","block_context":{"text":"Limones por mano","link":"https:\/\/quechilero.com\/blog\/category\/limones-por-mano\/"},"img":{"alt_text":"","src":"","width":0,"height":0},"classes":[]},{"id":17578,"url":"https:\/\/quechilero.com\/blog\/2013\/12\/15\/el-asiento-vacio\/","url_meta":{"origin":4357,"position":4},"title":"El asiento vac\u00edo","author":"Pepe Barrascout Ortiz","date":"15 diciembre 2013","format":false,"excerpt":"El asiento vac\u00edo habla con elocuencia. A pesar de que su mensaje no es agradable, todos lo pueden o\u00edr. Al predicador el asiento vac\u00edo le dice: \"Tu serm\u00f3n no vale.\" Al que visita la iglesia, le advierte: \"Ya ves, vamos perdiendo terreno.\" Al nuevo que busca una iglesia donde asistir:\u2026","rel":"","context":"En \u00abLimones\u00bb","block_context":{"text":"Limones","link":"https:\/\/quechilero.com\/blog\/category\/limones\/"},"img":{"alt_text":"","src":"","width":0,"height":0},"classes":[]},{"id":27329,"url":"https:\/\/quechilero.com\/blog\/2010\/10\/01\/el-santo-rosario-misterios-dolorosos\/","url_meta":{"origin":4357,"position":5},"title":"El Santo Rosario: Misterios Dolorosos","author":"Pepe Barrascout Ortiz","date":"1 octubre 2010","format":false,"excerpt":"Los Misterios Dolorosos los rezamos los Martes y Viernes. \u00a0 En el nombre del Padre, y del Hijo, y del Esp\u00edritu Santo. Am\u00e9n. Dios m\u00edo, ven en mi auxilio. Se\u00f1or, date prisa en socorrerme. Gloria al Padre, Gloria al Hijo y Gloria al Esp\u00edritu Santo, Am\u00e9n. Primer Misterio Doloroso. La\u2026","rel":"","context":"En \u00abEl Santo Rosario\u00bb","block_context":{"text":"El Santo Rosario","link":"https:\/\/quechilero.com\/blog\/category\/podcast\/el-santo-rosario\/"},"img":{"alt_text":"Misterios Dolorosos","src":"https:\/\/i0.wp.com\/i392.photobucket.com\/albums\/pp7\/pepejaguar\/blog\/Misterios-Dolorosos_zps89480d5f.jpg?resize=350%2C200","width":350,"height":200,"srcset":"https:\/\/i0.wp.com\/i392.photobucket.com\/albums\/pp7\/pepejaguar\/blog\/Misterios-Dolorosos_zps89480d5f.jpg?resize=350%2C200 1x, https:\/\/i0.wp.com\/i392.photobucket.com\/albums\/pp7\/pepejaguar\/blog\/Misterios-Dolorosos_zps89480d5f.jpg?resize=525%2C300 1.5x"},"classes":[]}],"jetpack_featured_media_url":"","_links":{"self":[{"href":"https:\/\/quechilero.com\/blog\/wp-json\/wp\/v2\/posts\/4357","targetHints":{"allow":["GET"]}}],"collection":[{"href":"https:\/\/quechilero.com\/blog\/wp-json\/wp\/v2\/posts"}],"about":[{"href":"https:\/\/quechilero.com\/blog\/wp-json\/wp\/v2\/types\/post"}],"author":[{"embeddable":true,"href":"https:\/\/quechilero.com\/blog\/wp-json\/wp\/v2\/users\/1"}],"replies":[{"embeddable":true,"href":"https:\/\/quechilero.com\/blog\/wp-json\/wp\/v2\/comments?post=4357"}],"version-history":[{"count":0,"href":"https:\/\/quechilero.com\/blog\/wp-json\/wp\/v2\/posts\/4357\/revisions"}],"wp:attachment":[{"href":"https:\/\/quechilero.com\/blog\/wp-json\/wp\/v2\/media?parent=4357"}],"wp:term":[{"taxonomy":"category","embeddable":true,"href":"https:\/\/quechilero.com\/blog\/wp-json\/wp\/v2\/categories?post=4357"},{"taxonomy":"post_tag","embeddable":true,"href":"https:\/\/quechilero.com\/blog\/wp-json\/wp\/v2\/tags?post=4357"},{"taxonomy":"series","embeddable":true,"href":"https:\/\/quechilero.com\/blog\/wp-json\/wp\/v2\/series?post=4357"}],"curies":[{"name":"wp","href":"https:\/\/api.w.org\/{rel}","templated":true}]}}